{"id":1948,"date":"2006-04-01T21:27:28","date_gmt":"2006-04-01T21:27:28","guid":{"rendered":"http:\/\/blogs.thesocialmedia.com\/leblogmoto\/2006\/04\/01\/honda-dn01-pour\/"},"modified":"2012-07-11T14:19:01","modified_gmt":"2012-07-11T14:19:01","slug":"honda-dn01-pour","status":"publish","type":"post","link":"https:\/\/blogs.thesocialmedia.com\/leblogmoto\/2006\/04\/01\/honda-dn01-pour\/","title":{"rendered":"HONDA DN-01: En route pour 2007"},"content":{"rendered":"<p><a href=\"http:\/\/blogs.thesocialmedia.com\/leblogmoto\/files\/2012\/07\/12028894.jpg\"><\/a><a href=\"http:\/\/clabedan.typepad.com\/.shared\/image.html?\/photos\/uncategorized\/honda_1_1.jpg\"><img loading=\"lazy\" decoding=\"async\" height=\"332\" alt=\"Honda_1_1\" src=\"http:\/\/www.leblogmoto.com\/images\/honda_1_1.jpg\" width=\"250\"  \/><\/a>La <a href=\"http:\/\/www.leblogmoto.com\/2005\/10\/honda_dn01.html\">DN-01<\/a> va-t-elle r\u00e9volutionner le march\u00e9 ou conna\u00eetra-t-elle une carri\u00e8re m\u00e9t\u00e9orique ?<\/p>\n<p>Ce qui est certain en tous cas, c&rsquo;est que <strong>HONDA<\/strong> la lancera bel et bien dans les concessions en <strong>2007<\/strong>. Voil\u00e0 le <a href=\"http:\/\/www.leblogmoto.com\/2006\/01\/pacific_coast_l.html\">type de challenge<\/a> qu&rsquo;adore relever le premier constructeur mondial.<\/p>\n<p>Car l&rsquo;enjeu est, mine de rien, \u00e9norme. Ce deux roues sera-t-il la synth\u00e8se de deux mondes qui \u00e9voluent en parall\u00e8le, soit celui de la <strong>moto<\/strong> et celui du gros <strong>scooter<\/strong>? S&rsquo;il r\u00e9ussit la gageure de devenir le point de rencontre entre ces deux cultures, autant dire qu&rsquo;il fera figure de R\u00e9volution. Mais le risque aussi, dans ce genre d&rsquo;entreprise, est de ne satisfaire personne et se retrouver le bec dans l&rsquo;eau&#8230;&nbsp; &nbsp;<\/p>\n<p><a href=\"http:\/\/clabedan.typepad.com\/.shared\/image.html?\/photos\/uncategorized\/41877384.jpg\"><img loading=\"lazy\" decoding=\"async\" height=\"175\" alt=\"41877384\" src=\"http:\/\/www.leblogmoto.com\/images\/41877384.jpg\" width=\"250\"  \/><\/a>Rappelons de quoi est fait cette machine. D&rsquo;un moteur de moto, sur base de <a href=\"http:\/\/www.leblogmoto.com\/2006\/01\/honda_deauville.html\">DEAUVILLE<\/a>, <strong>680<\/strong> cm3 et <strong>65<\/strong> ch. Une philosophie de conduite aussi proche que possible de la moto. Mais ce n&rsquo;est pas tout \u00e0 fait une moto. Sa plastique la rapproche du gros scooter dont elle emprunte le mode de <strong>transmission automatique<\/strong>.<\/p>\n<p>Voil\u00e0 le noeud gordien \u00e0 trancher. Mais il s&rsquo;est s\u00e9rieusement ramolli depuis que la vague scooter a d\u00e9ferl\u00e9 sur le march\u00e9. La vente de ces engins est <a href=\"http:\/\/clabedan.typepad.com\/.shared\/image.html?\/photos\/uncategorized\/12028894_1.jpg\"><img loading=\"lazy\" decoding=\"async\" height=\"187\" alt=\"12028894_1\" src=\"http:\/\/www.leblogmoto.com\/images\/12028894_1.jpg\" width=\"250\"  \/><\/a> cons\u00e9quente et leur qualit\u00e9 dynamique est \u00e9tonnante. Il faut en avoir essay\u00e9 un pour, si ce n&rsquo;est se poser de r\u00e9elles questions, \u00e0 tous le moins revoir s\u00e9rieusement les pr\u00e9jug\u00e9s que l&rsquo;on pouvait entretenir \u00e0 son \u00e9gard. Sans pour autant renier ses origines, certes, mais en comprenant les raisons de son succ\u00e8s.<\/p>\n<p>La <strong>DN-01<\/strong> se veut le meilleur des deux mondes et attirer \u00e0 elle les ind\u00e9cis. Rien que pour \u00e7a, sa sortie sera un petit \u00e9v\u00e9nement et son \u00e9volution un indicateur fort sur ce qui anime le march\u00e9. On aurait aim\u00e9 savoir les tarifs \u00e0 la suite de la nouvelle de la commercialisation. Car, eux aussi, d\u00e9cident du succ\u00e8s, ou non, de ce genre d&rsquo;initiative.&nbsp; &nbsp;<\/p>\n<p>SOURCE: <a href=\"http:\/\/www.motorcyclenews.com\">www.motorcyclenews.com<\/a> <\/p>\n","protected":false},"excerpt":{"rendered":"<p>La DN-01 va-t-elle r\u00e9volutionner le march\u00e9 ou conna\u00eetra-t-elle une carri\u00e8re m\u00e9t\u00e9orique ? Ce qui est certain en tous cas, c&rsquo;est que HONDA la lancera bel et bien dans les concessions en 2007. Voil\u00e0 le type de challenge qu&rsquo;adore relever le premier constructeur mondial. Car l&rsquo;enjeu est, mine de rien, \u00e9norme. Ce deux roues sera-t-il la [&hellip;]<\/p>\n","protected":false},"author":336,"featured_media":0,"comment_status":"open","ping_status":"open","sticky":false,"template":"","format":"standard","meta":{"footnotes":""},"categories":[3,14],"tags":[],"class_list":["post-1948","post","type-post","status-publish","format-standard","hentry","category-actualite","category-honda"],"yoast_head":"<!-- This site is optimized with the Yoast SEO plugin v26.0 - https:\/\/yoast.com\/wordpress\/plugins\/seo\/ -->\n<title>HONDA DN-01: En route pour 2007 - leblogmoto.com<\/title>\n<meta name=\"robots\" content=\"index, follow, max-snippet:-1, max-image-preview:large, max-video-preview:-1\" \/>\n<link rel=\"canonical\" href=\"https:\/\/blogs.thesocialmedia.com\/leblogmoto\/2006\/04\/01\/honda-dn01-pour\/\" \/>\n<meta name=\"twitter:card\" content=\"summary_large_image\" \/>\n<meta name=\"twitter:title\" content=\"HONDA DN-01: En route pour 2007 - leblogmoto.com\" \/>\n<meta name=\"twitter:description\" content=\"La DN-01 va-t-elle r\u00e9volutionner le march\u00e9 ou conna\u00eetra-t-elle une carri\u00e8re m\u00e9t\u00e9orique ? Ce qui est certain en tous cas, c&rsquo;est que HONDA la lancera bel et bien dans les concessions en 2007. Voil\u00e0 le type de challenge qu&rsquo;adore relever le premier constructeur mondial. Car l&rsquo;enjeu est, mine de rien, \u00e9norme. Ce deux roues sera-t-il la [&hellip;]\" \/>\n<meta name=\"twitter:image\" content=\"http:\/\/www.leblogmoto.com\/images\/honda_1_1.jpg\" \/>\n<meta name=\"twitter:label1\" content=\"\u00c9crit par\" \/>\n\t<meta name=\"twitter:data1\" content=\"andre leconde\" \/>\n\t<meta name=\"twitter:label2\" content=\"Dur\u00e9e de lecture estim\u00e9e\" \/>\n\t<meta name=\"twitter:data2\" content=\"2 minutes\" \/>\n<script type=\"application\/ld+json\" class=\"yoast-schema-graph\">{\"@context\":\"https:\/\/schema.org\",\"@graph\":[{\"@type\":\"WebPage\",\"@id\":\"https:\/\/blogs.thesocialmedia.com\/leblogmoto\/2006\/04\/01\/honda-dn01-pour\/\",\"url\":\"https:\/\/blogs.thesocialmedia.com\/leblogmoto\/2006\/04\/01\/honda-dn01-pour\/\",\"name\":\"HONDA DN-01: En route pour 2007 - leblogmoto.com\",\"isPartOf\":{\"@id\":\"https:\/\/blogs.thesocialmedia.com\/leblogmoto\/#website\"},\"primaryImageOfPage\":{\"@id\":\"https:\/\/blogs.thesocialmedia.com\/leblogmoto\/2006\/04\/01\/honda-dn01-pour\/#primaryimage\"},\"image\":{\"@id\":\"https:\/\/blogs.thesocialmedia.com\/leblogmoto\/2006\/04\/01\/honda-dn01-pour\/#primaryimage\"},\"thumbnailUrl\":\"http:\/\/www.leblogmoto.com\/images\/honda_1_1.jpg\",\"datePublished\":\"2006-04-01T21:27:28+00:00\",\"dateModified\":\"2012-07-11T14:19:01+00:00\",\"author\":{\"@id\":\"https:\/\/blogs.thesocialmedia.com\/leblogmoto\/#\/schema\/person\/1a1dcfc7cec206573105eb4af91155c2\"},\"breadcrumb\":{\"@id\":\"https:\/\/blogs.thesocialmedia.com\/leblogmoto\/2006\/04\/01\/honda-dn01-pour\/#breadcrumb\"},\"inLanguage\":\"fr-FR\",\"potentialAction\":[{\"@type\":\"ReadAction\",\"target\":[\"https:\/\/blogs.thesocialmedia.com\/leblogmoto\/2006\/04\/01\/honda-dn01-pour\/\"]}]},{\"@type\":\"ImageObject\",\"inLanguage\":\"fr-FR\",\"@id\":\"https:\/\/blogs.thesocialmedia.com\/leblogmoto\/2006\/04\/01\/honda-dn01-pour\/#primaryimage\",\"url\":\"http:\/\/www.leblogmoto.com\/images\/honda_1_1.jpg\",\"contentUrl\":\"http:\/\/www.leblogmoto.com\/images\/honda_1_1.jpg\"},{\"@type\":\"BreadcrumbList\",\"@id\":\"https:\/\/blogs.thesocialmedia.com\/leblogmoto\/2006\/04\/01\/honda-dn01-pour\/#breadcrumb\",\"itemListElement\":[{\"@type\":\"ListItem\",\"position\":1,\"name\":\"Accueil\",\"item\":\"https:\/\/blogs.thesocialmedia.com\/leblogmoto\/\"},{\"@type\":\"ListItem\",\"position\":2,\"name\":\"HONDA DN-01: En route pour 2007\"}]},{\"@type\":\"WebSite\",\"@id\":\"https:\/\/blogs.thesocialmedia.com\/leblogmoto\/#website\",\"url\":\"https:\/\/blogs.thesocialmedia.com\/leblogmoto\/\",\"name\":\"leblogmoto\",\"description\":\"Toute l&#039;actualit\u00e9 des 2 roues\",\"potentialAction\":[{\"@type\":\"SearchAction\",\"target\":{\"@type\":\"EntryPoint\",\"urlTemplate\":\"https:\/\/blogs.thesocialmedia.com\/leblogmoto\/?s={search_term_string}\"},\"query-input\":{\"@type\":\"PropertyValueSpecification\",\"valueRequired\":true,\"valueName\":\"search_term_string\"}}],\"inLanguage\":\"fr-FR\"},{\"@type\":\"Person\",\"@id\":\"https:\/\/blogs.thesocialmedia.com\/leblogmoto\/#\/schema\/person\/1a1dcfc7cec206573105eb4af91155c2\",\"name\":\"andre leconde\",\"image\":{\"@type\":\"ImageObject\",\"inLanguage\":\"fr-FR\",\"@id\":\"https:\/\/blogs.thesocialmedia.com\/leblogmoto\/#\/schema\/person\/image\/\",\"url\":\"https:\/\/secure.gravatar.com\/avatar\/?s=96&d=mm&r=g\",\"contentUrl\":\"https:\/\/secure.gravatar.com\/avatar\/?s=96&d=mm&r=g\",\"caption\":\"andre leconde\"},\"url\":\"https:\/\/blogs.thesocialmedia.com\/leblogmoto\/author\/andre-leconde\/\"}]}<\/script>\n<!-- \/ Yoast SEO plugin. -->","yoast_head_json":{"title":"HONDA DN-01: En route pour 2007 - leblogmoto.com","robots":{"index":"index","follow":"follow","max-snippet":"max-snippet:-1","max-image-preview":"max-image-preview:large","max-video-preview":"max-video-preview:-1"},"canonical":"https:\/\/blogs.thesocialmedia.com\/leblogmoto\/2006\/04\/01\/honda-dn01-pour\/","twitter_card":"summary_large_image","twitter_title":"HONDA DN-01: En route pour 2007 - leblogmoto.com","twitter_description":"La DN-01 va-t-elle r\u00e9volutionner le march\u00e9 ou conna\u00eetra-t-elle une carri\u00e8re m\u00e9t\u00e9orique ? Ce qui est certain en tous cas, c&rsquo;est que HONDA la lancera bel et bien dans les concessions en 2007. Voil\u00e0 le type de challenge qu&rsquo;adore relever le premier constructeur mondial. Car l&rsquo;enjeu est, mine de rien, \u00e9norme. Ce deux roues sera-t-il la [&hellip;]","twitter_image":"http:\/\/www.leblogmoto.com\/images\/honda_1_1.jpg","twitter_misc":{"\u00c9crit par":"andre leconde","Dur\u00e9e de lecture estim\u00e9e":"2 minutes"},"schema":{"@context":"https:\/\/schema.org","@graph":[{"@type":"WebPage","@id":"https:\/\/blogs.thesocialmedia.com\/leblogmoto\/2006\/04\/01\/honda-dn01-pour\/","url":"https:\/\/blogs.thesocialmedia.com\/leblogmoto\/2006\/04\/01\/honda-dn01-pour\/","name":"HONDA DN-01: En route pour 2007 - leblogmoto.com","isPartOf":{"@id":"https:\/\/blogs.thesocialmedia.com\/leblogmoto\/#website"},"primaryImageOfPage":{"@id":"https:\/\/blogs.thesocialmedia.com\/leblogmoto\/2006\/04\/01\/honda-dn01-pour\/#primaryimage"},"image":{"@id":"https:\/\/blogs.thesocialmedia.com\/leblogmoto\/2006\/04\/01\/honda-dn01-pour\/#primaryimage"},"thumbnailUrl":"http:\/\/www.leblogmoto.com\/images\/honda_1_1.jpg","datePublished":"2006-04-01T21:27:28+00:00","dateModified":"2012-07-11T14:19:01+00:00","author":{"@id":"https:\/\/blogs.thesocialmedia.com\/leblogmoto\/#\/schema\/person\/1a1dcfc7cec206573105eb4af91155c2"},"breadcrumb":{"@id":"https:\/\/blogs.thesocialmedia.com\/leblogmoto\/2006\/04\/01\/honda-dn01-pour\/#breadcrumb"},"inLanguage":"fr-FR","potentialAction":[{"@type":"ReadAction","target":["https:\/\/blogs.thesocialmedia.com\/leblogmoto\/2006\/04\/01\/honda-dn01-pour\/"]}]},{"@type":"ImageObject","inLanguage":"fr-FR","@id":"https:\/\/blogs.thesocialmedia.com\/leblogmoto\/2006\/04\/01\/honda-dn01-pour\/#primaryimage","url":"http:\/\/www.leblogmoto.com\/images\/honda_1_1.jpg","contentUrl":"http:\/\/www.leblogmoto.com\/images\/honda_1_1.jpg"},{"@type":"BreadcrumbList","@id":"https:\/\/blogs.thesocialmedia.com\/leblogmoto\/2006\/04\/01\/honda-dn01-pour\/#breadcrumb","itemListElement":[{"@type":"ListItem","position":1,"name":"Accueil","item":"https:\/\/blogs.thesocialmedia.com\/leblogmoto\/"},{"@type":"ListItem","position":2,"name":"HONDA DN-01: En route pour 2007"}]},{"@type":"WebSite","@id":"https:\/\/blogs.thesocialmedia.com\/leblogmoto\/#website","url":"https:\/\/blogs.thesocialmedia.com\/leblogmoto\/","name":"leblogmoto","description":"Toute l&#039;actualit\u00e9 des 2 roues","potentialAction":[{"@type":"SearchAction","target":{"@type":"EntryPoint","urlTemplate":"https:\/\/blogs.thesocialmedia.com\/leblogmoto\/?s={search_term_string}"},"query-input":{"@type":"PropertyValueSpecification","valueRequired":true,"valueName":"search_term_string"}}],"inLanguage":"fr-FR"},{"@type":"Person","@id":"https:\/\/blogs.thesocialmedia.com\/leblogmoto\/#\/schema\/person\/1a1dcfc7cec206573105eb4af91155c2","name":"andre leconde","image":{"@type":"ImageObject","inLanguage":"fr-FR","@id":"https:\/\/blogs.thesocialmedia.com\/leblogmoto\/#\/schema\/person\/image\/","url":"https:\/\/secure.gravatar.com\/avatar\/?s=96&d=mm&r=g","contentUrl":"https:\/\/secure.gravatar.com\/avatar\/?s=96&d=mm&r=g","caption":"andre leconde"},"url":"https:\/\/blogs.thesocialmedia.com\/leblogmoto\/author\/andre-leconde\/"}]}},"_links":{"self":[{"href":"https:\/\/blogs.thesocialmedia.com\/leblogmoto\/wp-json\/wp\/v2\/posts\/1948","targetHints":{"allow":["GET"]}}],"collection":[{"href":"https:\/\/blogs.thesocialmedia.com\/leblogmoto\/wp-json\/wp\/v2\/posts"}],"about":[{"href":"https:\/\/blogs.thesocialmedia.com\/leblogmoto\/wp-json\/wp\/v2\/types\/post"}],"author":[{"embeddable":true,"href":"https:\/\/blogs.thesocialmedia.com\/leblogmoto\/wp-json\/wp\/v2\/users\/336"}],"replies":[{"embeddable":true,"href":"https:\/\/blogs.thesocialmedia.com\/leblogmoto\/wp-json\/wp\/v2\/comments?post=1948"}],"version-history":[{"count":2,"href":"https:\/\/blogs.thesocialmedia.com\/leblogmoto\/wp-json\/wp\/v2\/posts\/1948\/revisions"}],"predecessor-version":[{"id":7254,"href":"https:\/\/blogs.thesocialmedia.com\/leblogmoto\/wp-json\/wp\/v2\/posts\/1948\/revisions\/7254"}],"wp:attachment":[{"href":"https:\/\/blogs.thesocialmedia.com\/leblogmoto\/wp-json\/wp\/v2\/media?parent=1948"}],"wp:term":[{"taxonomy":"category","embeddable":true,"href":"https:\/\/blogs.thesocialmedia.com\/leblogmoto\/wp-json\/wp\/v2\/categories?post=1948"},{"taxonomy":"post_tag","embeddable":true,"href":"https:\/\/blogs.thesocialmedia.com\/leblogmoto\/wp-json\/wp\/v2\/tags?post=1948"}],"curies":[{"name":"wp","href":"https:\/\/api.w.org\/{rel}","templated":true}]}}