{"id":195,"date":"2009-04-05T21:55:20","date_gmt":"2009-04-05T21:55:20","guid":{"rendered":"http:\/\/blogs.thesocialmedia.com\/leblogmoto\/2009\/04\/05\/wsbk-valence-haga-et-la-fierte-retrouvee-deux-fois-plutot-quune\/"},"modified":"2012-07-11T17:17:35","modified_gmt":"2012-07-11T17:17:35","slug":"wsbk-valence-haga-et-la-fierte-retrouvee-deux-fois-plutot-quune","status":"publish","type":"post","link":"https:\/\/blogs.thesocialmedia.com\/leblogmoto\/2009\/04\/05\/wsbk-valence-haga-et-la-fierte-retrouvee-deux-fois-plutot-quune\/","title":{"rendered":"WSBK Valence &#8211; Haga et la fiert\u00e9 retrouv\u00e9e. Deux fois plut\u00f4t qu&rsquo;une"},"content":{"rendered":"<p><a href=\"http:\/\/blogs.thesocialmedia.com\/leblogmoto\/files\/2012\/07\/6a00d83451b18369e201156ef024ac970c-popup.png\"><img decoding=\"async\" alt=\"Val1\" class=\"at-xid-6a00d83451b18369e201156ef024ac970c \" src=\"http:\/\/blogs.thesocialmedia.com\/leblogmoto\/files\/2012\/07\/6a00d83451b18369e201156ef024ac970c-500wi.jpg\" style=\"width: 470px\" \/><\/a> <\/p>\n<p>Rien ne sert de courir, il faut partir \u00e0 point, voil\u00e0 bien un populaire adage que le pilote Yamaha Ben Spies devra m\u00e9diter, car son inconsistance en ce d\u00e9but de saison lui co\u00fbte d\u00e9j\u00e0 un retard de 40 points sur son principal adversaire \u00e0 la course au titre, Noriyuki Haga. Avec 3 victoires chacun, les deux plus s\u00e9rieux pr\u00e9tendants au titre 2009 se d\u00e9marquent dans la consistance de l&#039;un par rapport \u00e0 l&#039;autre. Les deuxi\u00e8mes places \u00e0 r\u00e9p\u00e9tition du pilote Ducati lui assurent d\u00e9j\u00e0 un petit coussin que son exp\u00e9rience doit rendre encore plus confortable.<\/p>\n<p> Dans la premi\u00e8re manche, le d\u00e9tenteur de la Superpole ratait son d\u00e9part pour se retrouver rapidement cinqui\u00e8me derri\u00e8re un <a href=\"http:\/\/fr.wikipedia.org\/wiki\/R%C3%A9gis_Laconi\">Laconi<\/a> ravit de s&#039;engager dans le premier virage en t\u00eate. T\u00eate qu&#039;il ne gardera pas bien longtemps puisque Haga la lui reprit vite fait, imit\u00e9 par <a href=\"http:\/\/www.max-neukirchner.de\/en\">Neukirchner<\/a> sur sa Suzuki quelques courbes plus loin.<br \/>Haga qui avait laiss\u00e9 Neukirchner s&#039;amuser devant pour un tour repris son bien au troisi\u00e8me pour ne plus regarder derri\u00e8re. Pendant ce temps, Spies remontait lentement, se faisant Laconi au 6e et mettant de la pression sur Neukirchner. Un peu trop sans doute, puisqu&#039;au 10e, il enverra valser sa R1 hors piste, sans trop de mal pour le pilote, mais un peu plus pour la machine, une premi\u00e8re en plus de 3 ans pour le Texan qui ne pourra terminer sa course.<br \/>Le dernier tour verra une chaude lutte \u00e0 quatre pour les deux places disponibles sur le podium, voyant un Fabrizio tout faire pour ne pas c\u00e9der sa deuxi\u00e8me place, donnant ainsi un doubl\u00e9 \u00e0 l&#039;\u00e9quipe <a href=\"http:\/\/www.ducati.com\/racing\/00_home_racing\/sbk\/index.jhtml\">Ducati Xerox<\/a>, Neukirchner terminant troisi\u00e8me tout juste devant R\u00e9gis Laconi.<\/p>\n<p>La deuxi\u00e8me manche verra encore un mauvais d\u00e9part pour Spies, cabrant trop sa Yamaha, mais cette fois-ci, Haga ne fit gu\u00e8re mieux et les deux adversaires se retrouvaient rapidement 4e et 5e. Ils remont\u00e8rent donc vers la t\u00eate, laissant derri\u00e8re eux Laconi, Fabrizio et Neukirchner, jouant litt\u00e9ralement du coude entre eux deux ce faisant. Mais Haga avait une course parfaite sous le guidon et Spies bien que jamais bien loin ne fut pas vraiment une menace pour le restant de la course. Et si Haga et Spies n&#039;avaient qu&#039;eux m\u00eame \u00e0 surveiller, ce n&#039;\u00e9tait pas aussi simple derri\u00e8re, car la bataille faisait rage entre Fabrizio et Laconi pour la troisi\u00e8me place, podium que l&#039;Italien soutirera au fran\u00e7ais par une fraction de seconde.<br \/>Max Neukirchner qui avait bien fait dans la premi\u00e8re manche f\u00fbt \u00e0 la peine terminant 7e. L&#039;autre Max, Biaggi pour ne pas le nommer, sur l&#039;Aprilia RSV4, terminera 8e dans les deux manches. Les BMW de Corser et Xaus, que je voyais, en d\u00e9but de saison, en milieu de peloton semblent vouloir me donner raison, voyant Ruben Xaus terminer 13e dans la premi\u00e8re manche alors que Troy Corser abandonnait d\u00e8s le deuxi\u00e8me tour, et terminant 15e et 16e dans la deuxi\u00e8me manche.<\/p>\n<p><a href=\"http:\/\/clabedan.typepad.com\/.a\/6a00d83451b18369e201156ef03371970c-popup\"><img decoding=\"async\" alt=\"Val2\" class=\"at-xid-6a00d83451b18369e201156ef03371970c\" src=\"http:\/\/blogs.thesocialmedia.com\/leblogmoto\/files\/2012\/07\/6a00d83451b18369e201156ef03371970c-500wi.jpg\" style=\"width: 470px\" \/><\/a> <br \/>Haga prenant les devants<\/p>\n<p><a href=\"http:\/\/blogs.thesocialmedia.com\/leblogmoto\/files\/2012\/07\/6a00d83451b18369e201156ef0329b970c-popup.png\"><img decoding=\"async\" alt=\"Val3\" class=\"at-xid-6a00d83451b18369e201156ef0329b970c \" src=\"http:\/\/blogs.thesocialmedia.com\/leblogmoto\/files\/2012\/07\/6a00d83451b18369e201156ef0329b970c-500wi.jpg\" style=\"width: 470px\" \/><\/a> <br \/>Max Neukirchner<\/p>\n<p><a href=\"http:\/\/blogs.thesocialmedia.com\/leblogmoto\/files\/2012\/07\/6a00d83451b18369e201156fe7dd44970b-popup.png\"><img decoding=\"async\" alt=\"Val4\" class=\"at-xid-6a00d83451b18369e201156fe7dd44970b \" src=\"http:\/\/blogs.thesocialmedia.com\/leblogmoto\/files\/2012\/07\/6a00d83451b18369e201156fe7dd44970b-500wi.jpg\" style=\"width: 470px\" \/><\/a> <br \/>R\u00e9gis Laconi<\/p>\n<p><a href=\"http:\/\/blogs.thesocialmedia.com\/leblogmoto\/files\/2012\/07\/6a00d83451b18369e201156ef03093970c-popup.png\"><img decoding=\"async\" alt=\"Val5\" class=\"at-xid-6a00d83451b18369e201156ef03093970c \" src=\"http:\/\/blogs.thesocialmedia.com\/leblogmoto\/files\/2012\/07\/6a00d83451b18369e201156ef03093970c-500wi.jpg\" style=\"width: 470px\" \/><\/a> <br \/>Ben Spies<\/p>\n<p><a href=\"http:\/\/blogs.thesocialmedia.com\/leblogmoto\/files\/2012\/07\/6a00d83451b18369e201156ef03022970c-popup.png\"><img decoding=\"async\" alt=\"Val6\" class=\"at-xid-6a00d83451b18369e201156ef03022970c \" src=\"http:\/\/blogs.thesocialmedia.com\/leblogmoto\/files\/2012\/07\/6a00d83451b18369e201156ef03022970c-500wi.jpg\" style=\"width: 470px\" \/><\/a> <br \/>Haga victorieux<\/p>\n<p><a href=\"http:\/\/blogs.thesocialmedia.com\/leblogmoto\/files\/2012\/07\/6a00d83451b18369e201156ef02fba970c-popup.png\"><img decoding=\"async\" alt=\"Val7\" class=\"at-xid-6a00d83451b18369e201156ef02fba970c \" src=\"http:\/\/blogs.thesocialmedia.com\/leblogmoto\/files\/2012\/07\/6a00d83451b18369e201156ef02fba970c-500wi.jpg\" style=\"width: 470px\" \/><\/a> <br \/>Ben Spies, d\u00e9j\u00e0 en pri\u00e8res?<\/p>\n<p>Classement pilotes<\/p>\n<p>1-&#160; <strong>Noriyuki Haga<\/strong> Ducati Xerox &#8211; <strong>135<\/strong><br \/>2-&#160; <strong>Ben Spies<\/strong> Yamaha WSB &#8211; <strong>95<\/strong><br \/>3-&#160; <strong>Max Neukirchner<\/strong> Suzuki Alstare Brux &#8211; <strong>65<\/strong><br \/>4-&#160; <strong>Michel Fabrizio<\/strong> Ducati Xerox &#8211; <strong>60<\/strong><br \/>5-&#160; <strong>Leon Haslam<\/strong> Stiggy Honda &#8211; <strong>58<\/strong><br \/>6-&#160; <strong>R\u00e9gis Laconi<\/strong> DFX Ducati &#8211; <strong>56<\/strong><br \/>7-&#160; <strong>Max Biaggi<\/strong> Aprilia &#8211; <strong>54<\/strong><br \/>8-&#160; <strong>Tom Sykes<\/strong> Yamaha WSB &#8211; <strong>47<\/strong><br \/>9-&#160; <strong>Yukio Kagayama<\/strong> Suzuki Alstare Brux &#8211; <strong>35<\/strong><br \/>10-&#160; <strong>Jonathan Rea<\/strong> Ten Kate Honda &#8211; <strong>33<\/strong><br \/>11-&#160; <strong>Ryuichi Kiyonari<\/strong> Ten Kate Honda &#8211; <strong>32<\/strong><br \/>12-&#160; <strong>Carlos Checa<\/strong> Ten Kate Honda &#8211; <strong>31<\/strong><br \/>13-&#160; <strong>Shinya Nakano<\/strong> Aprilia &#8211; <strong>27<\/strong><br \/>14-&#160; <strong>Shane Byrne<\/strong> Sterilgarda Ducati &#8211; <strong>26<\/strong><br \/>15-&#160; <strong>Troy Corse<\/strong>r BMW Alpha &#8211; <strong>23<\/strong><br \/>16-&#160; <strong>Jakub Smrz<\/strong> Guandalini Ducati &#8211; <strong>18<\/strong><br \/>17-&#160; <strong>Ruben Xaus<\/strong> BMW Alpha &#8211; <strong>17<\/strong><br \/>18-&#160; <strong>Roberto Rolfo<\/strong> Stiggy Honda &#8211; <strong>9<\/strong><br \/>19-&#160; <strong>Broc Parkes<\/strong> Kawasaki WSB &#8211; <strong>8<\/strong><br \/>20-&#160; <strong>Tommy Hill<\/strong> Althea Honda &#8211; <strong>6<\/strong><br \/>21-&#160; <strong>Roberto Rolfo<\/strong> Stiggy Honda &#8211; <strong>3<\/strong><br \/>22-&#160; <strong>Makoto Tamada<\/strong> Kawasaki WSB &#8211; <strong>2<\/strong><\/p>\n<p>Classement constructeurs<\/p>\n<p>1-&#160; Ducati &#8211; <strong>135<\/strong><br \/>2-&#160; Yamaha &#8211; <strong>110<\/strong><br \/>3-&#160; Honda &#8211; <strong>73<\/strong><br \/>4-&#160; Suzuki &#8211; <strong>65<\/strong><br \/>5-&#160; Aprilia &#8211; <strong>57<\/strong><br \/>6-&#160; BMW &#8211; <strong>31<\/strong><br \/>7-&#160; Kawasaki &#8211; <strong>8<\/strong><\/p>\n","protected":false},"excerpt":{"rendered":"<p>Rien ne sert de courir, il faut partir \u00e0 point, voil\u00e0 bien un populaire adage que le pilote Yamaha Ben Spies devra m\u00e9diter, car son inconsistance en ce d\u00e9but de saison lui co\u00fbte d\u00e9j\u00e0 un retard de 40 points sur son principal adversaire \u00e0 la course au titre, Noriyuki Haga. Avec 3 victoires chacun, les [&hellip;]<\/p>\n","protected":false},"author":325,"featured_media":13177,"comment_status":"open","ping_status":"open","sticky":false,"template":"","format":"standard","meta":{"footnotes":""},"categories":[3,41,51,43,44],"tags":[],"class_list":["post-195","post","type-post","status-publish","format-standard","has-post-thumbnail","hentry","category-actualite","category-ducati","category-suzuki","category-wsbk","category-yamaha"],"yoast_head":"<!-- This site is optimized with the Yoast SEO plugin v26.0 - https:\/\/yoast.com\/wordpress\/plugins\/seo\/ -->\n<title>WSBK Valence - Haga et la fiert\u00e9 retrouv\u00e9e. Deux fois plut\u00f4t qu&#039;une - leblogmoto.com<\/title>\n<meta name=\"robots\" content=\"index, follow, max-snippet:-1, max-image-preview:large, max-video-preview:-1\" \/>\n<link rel=\"canonical\" href=\"https:\/\/blogs.thesocialmedia.com\/leblogmoto\/2009\/04\/05\/wsbk-valence-haga-et-la-fierte-retrouvee-deux-fois-plutot-quune\/\" \/>\n<meta name=\"twitter:card\" content=\"summary_large_image\" \/>\n<meta name=\"twitter:title\" content=\"WSBK Valence - Haga et la fiert\u00e9 retrouv\u00e9e. Deux fois plut\u00f4t qu&#039;une - leblogmoto.com\" \/>\n<meta name=\"twitter:description\" content=\"Rien ne sert de courir, il faut partir \u00e0 point, voil\u00e0 bien un populaire adage que le pilote Yamaha Ben Spies devra m\u00e9diter, car son inconsistance en ce d\u00e9but de saison lui co\u00fbte d\u00e9j\u00e0 un retard de 40 points sur son principal adversaire \u00e0 la course au titre, Noriyuki Haga. Avec 3 victoires chacun, les [&hellip;]\" \/>\n<meta name=\"twitter:image\" content=\"https:\/\/blogs.thesocialmedia.com\/leblogmoto\/files\/2012\/07\/6a00d83451b18369e201156ef024ac970c-500wi.jpg\" \/>\n<meta name=\"twitter:label1\" content=\"\u00c9crit par\" \/>\n\t<meta name=\"twitter:data1\" content=\"jacques lesage\" \/>\n\t<meta name=\"twitter:label2\" content=\"Dur\u00e9e de lecture estim\u00e9e\" \/>\n\t<meta name=\"twitter:data2\" content=\"4 minutes\" \/>\n<script type=\"application\/ld+json\" class=\"yoast-schema-graph\">{\"@context\":\"https:\/\/schema.org\",\"@graph\":[{\"@type\":\"WebPage\",\"@id\":\"https:\/\/blogs.thesocialmedia.com\/leblogmoto\/2009\/04\/05\/wsbk-valence-haga-et-la-fierte-retrouvee-deux-fois-plutot-quune\/\",\"url\":\"https:\/\/blogs.thesocialmedia.com\/leblogmoto\/2009\/04\/05\/wsbk-valence-haga-et-la-fierte-retrouvee-deux-fois-plutot-quune\/\",\"name\":\"WSBK Valence - Haga et la fiert\u00e9 retrouv\u00e9e. Deux fois plut\u00f4t qu'une - leblogmoto.com\",\"isPartOf\":{\"@id\":\"https:\/\/blogs.thesocialmedia.com\/leblogmoto\/#website\"},\"primaryImageOfPage\":{\"@id\":\"https:\/\/blogs.thesocialmedia.com\/leblogmoto\/2009\/04\/05\/wsbk-valence-haga-et-la-fierte-retrouvee-deux-fois-plutot-quune\/#primaryimage\"},\"image\":{\"@id\":\"https:\/\/blogs.thesocialmedia.com\/leblogmoto\/2009\/04\/05\/wsbk-valence-haga-et-la-fierte-retrouvee-deux-fois-plutot-quune\/#primaryimage\"},\"thumbnailUrl\":\"https:\/\/blogs.thesocialmedia.com\/leblogmoto\/files\/2012\/07\/6a00d83451b18369e201156ef024ac970c-500wi.jpg\",\"datePublished\":\"2009-04-05T21:55:20+00:00\",\"dateModified\":\"2012-07-11T17:17:35+00:00\",\"author\":{\"@id\":\"https:\/\/blogs.thesocialmedia.com\/leblogmoto\/#\/schema\/person\/e82a0ca8a9a63d031586097a3ed58526\"},\"breadcrumb\":{\"@id\":\"https:\/\/blogs.thesocialmedia.com\/leblogmoto\/2009\/04\/05\/wsbk-valence-haga-et-la-fierte-retrouvee-deux-fois-plutot-quune\/#breadcrumb\"},\"inLanguage\":\"fr-FR\",\"potentialAction\":[{\"@type\":\"ReadAction\",\"target\":[\"https:\/\/blogs.thesocialmedia.com\/leblogmoto\/2009\/04\/05\/wsbk-valence-haga-et-la-fierte-retrouvee-deux-fois-plutot-quune\/\"]}]},{\"@type\":\"ImageObject\",\"inLanguage\":\"fr-FR\",\"@id\":\"https:\/\/blogs.thesocialmedia.com\/leblogmoto\/2009\/04\/05\/wsbk-valence-haga-et-la-fierte-retrouvee-deux-fois-plutot-quune\/#primaryimage\",\"url\":\"https:\/\/blogs.thesocialmedia.com\/leblogmoto\/files\/2012\/07\/6a00d83451b18369e201156ef024ac970c-500wi.jpg\",\"contentUrl\":\"https:\/\/blogs.thesocialmedia.com\/leblogmoto\/files\/2012\/07\/6a00d83451b18369e201156ef024ac970c-500wi.jpg\",\"width\":\"500\",\"height\":\"333\"},{\"@type\":\"BreadcrumbList\",\"@id\":\"https:\/\/blogs.thesocialmedia.com\/leblogmoto\/2009\/04\/05\/wsbk-valence-haga-et-la-fierte-retrouvee-deux-fois-plutot-quune\/#breadcrumb\",\"itemListElement\":[{\"@type\":\"ListItem\",\"position\":1,\"name\":\"Accueil\",\"item\":\"https:\/\/blogs.thesocialmedia.com\/leblogmoto\/\"},{\"@type\":\"ListItem\",\"position\":2,\"name\":\"WSBK Valence &#8211; Haga et la fiert\u00e9 retrouv\u00e9e. Deux fois plut\u00f4t qu&rsquo;une\"}]},{\"@type\":\"WebSite\",\"@id\":\"https:\/\/blogs.thesocialmedia.com\/leblogmoto\/#website\",\"url\":\"https:\/\/blogs.thesocialmedia.com\/leblogmoto\/\",\"name\":\"leblogmoto\",\"description\":\"Toute l&#039;actualit\u00e9 des 2 roues\",\"potentialAction\":[{\"@type\":\"SearchAction\",\"target\":{\"@type\":\"EntryPoint\",\"urlTemplate\":\"https:\/\/blogs.thesocialmedia.com\/leblogmoto\/?s={search_term_string}\"},\"query-input\":{\"@type\":\"PropertyValueSpecification\",\"valueRequired\":true,\"valueName\":\"search_term_string\"}}],\"inLanguage\":\"fr-FR\"},{\"@type\":\"Person\",\"@id\":\"https:\/\/blogs.thesocialmedia.com\/leblogmoto\/#\/schema\/person\/e82a0ca8a9a63d031586097a3ed58526\",\"name\":\"jacques lesage\",\"image\":{\"@type\":\"ImageObject\",\"inLanguage\":\"fr-FR\",\"@id\":\"https:\/\/blogs.thesocialmedia.com\/leblogmoto\/#\/schema\/person\/image\/\",\"url\":\"https:\/\/secure.gravatar.com\/avatar\/?s=96&d=mm&r=g\",\"contentUrl\":\"https:\/\/secure.gravatar.com\/avatar\/?s=96&d=mm&r=g\",\"caption\":\"jacques lesage\"},\"url\":\"https:\/\/blogs.thesocialmedia.com\/leblogmoto\/author\/jacques-lesage\/\"}]}<\/script>\n<!-- \/ Yoast SEO plugin. -->","yoast_head_json":{"title":"WSBK Valence - Haga et la fiert\u00e9 retrouv\u00e9e. Deux fois plut\u00f4t qu'une - leblogmoto.com","robots":{"index":"index","follow":"follow","max-snippet":"max-snippet:-1","max-image-preview":"max-image-preview:large","max-video-preview":"max-video-preview:-1"},"canonical":"https:\/\/blogs.thesocialmedia.com\/leblogmoto\/2009\/04\/05\/wsbk-valence-haga-et-la-fierte-retrouvee-deux-fois-plutot-quune\/","twitter_card":"summary_large_image","twitter_title":"WSBK Valence - Haga et la fiert\u00e9 retrouv\u00e9e. Deux fois plut\u00f4t qu'une - leblogmoto.com","twitter_description":"Rien ne sert de courir, il faut partir \u00e0 point, voil\u00e0 bien un populaire adage que le pilote Yamaha Ben Spies devra m\u00e9diter, car son inconsistance en ce d\u00e9but de saison lui co\u00fbte d\u00e9j\u00e0 un retard de 40 points sur son principal adversaire \u00e0 la course au titre, Noriyuki Haga. Avec 3 victoires chacun, les [&hellip;]","twitter_image":"https:\/\/blogs.thesocialmedia.com\/leblogmoto\/files\/2012\/07\/6a00d83451b18369e201156ef024ac970c-500wi.jpg","twitter_misc":{"\u00c9crit par":"jacques lesage","Dur\u00e9e de lecture estim\u00e9e":"4 minutes"},"schema":{"@context":"https:\/\/schema.org","@graph":[{"@type":"WebPage","@id":"https:\/\/blogs.thesocialmedia.com\/leblogmoto\/2009\/04\/05\/wsbk-valence-haga-et-la-fierte-retrouvee-deux-fois-plutot-quune\/","url":"https:\/\/blogs.thesocialmedia.com\/leblogmoto\/2009\/04\/05\/wsbk-valence-haga-et-la-fierte-retrouvee-deux-fois-plutot-quune\/","name":"WSBK Valence - Haga et la fiert\u00e9 retrouv\u00e9e. Deux fois plut\u00f4t qu'une - leblogmoto.com","isPartOf":{"@id":"https:\/\/blogs.thesocialmedia.com\/leblogmoto\/#website"},"primaryImageOfPage":{"@id":"https:\/\/blogs.thesocialmedia.com\/leblogmoto\/2009\/04\/05\/wsbk-valence-haga-et-la-fierte-retrouvee-deux-fois-plutot-quune\/#primaryimage"},"image":{"@id":"https:\/\/blogs.thesocialmedia.com\/leblogmoto\/2009\/04\/05\/wsbk-valence-haga-et-la-fierte-retrouvee-deux-fois-plutot-quune\/#primaryimage"},"thumbnailUrl":"https:\/\/blogs.thesocialmedia.com\/leblogmoto\/files\/2012\/07\/6a00d83451b18369e201156ef024ac970c-500wi.jpg","datePublished":"2009-04-05T21:55:20+00:00","dateModified":"2012-07-11T17:17:35+00:00","author":{"@id":"https:\/\/blogs.thesocialmedia.com\/leblogmoto\/#\/schema\/person\/e82a0ca8a9a63d031586097a3ed58526"},"breadcrumb":{"@id":"https:\/\/blogs.thesocialmedia.com\/leblogmoto\/2009\/04\/05\/wsbk-valence-haga-et-la-fierte-retrouvee-deux-fois-plutot-quune\/#breadcrumb"},"inLanguage":"fr-FR","potentialAction":[{"@type":"ReadAction","target":["https:\/\/blogs.thesocialmedia.com\/leblogmoto\/2009\/04\/05\/wsbk-valence-haga-et-la-fierte-retrouvee-deux-fois-plutot-quune\/"]}]},{"@type":"ImageObject","inLanguage":"fr-FR","@id":"https:\/\/blogs.thesocialmedia.com\/leblogmoto\/2009\/04\/05\/wsbk-valence-haga-et-la-fierte-retrouvee-deux-fois-plutot-quune\/#primaryimage","url":"https:\/\/blogs.thesocialmedia.com\/leblogmoto\/files\/2012\/07\/6a00d83451b18369e201156ef024ac970c-500wi.jpg","contentUrl":"https:\/\/blogs.thesocialmedia.com\/leblogmoto\/files\/2012\/07\/6a00d83451b18369e201156ef024ac970c-500wi.jpg","width":"500","height":"333"},{"@type":"BreadcrumbList","@id":"https:\/\/blogs.thesocialmedia.com\/leblogmoto\/2009\/04\/05\/wsbk-valence-haga-et-la-fierte-retrouvee-deux-fois-plutot-quune\/#breadcrumb","itemListElement":[{"@type":"ListItem","position":1,"name":"Accueil","item":"https:\/\/blogs.thesocialmedia.com\/leblogmoto\/"},{"@type":"ListItem","position":2,"name":"WSBK Valence &#8211; Haga et la fiert\u00e9 retrouv\u00e9e. Deux fois plut\u00f4t qu&rsquo;une"}]},{"@type":"WebSite","@id":"https:\/\/blogs.thesocialmedia.com\/leblogmoto\/#website","url":"https:\/\/blogs.thesocialmedia.com\/leblogmoto\/","name":"leblogmoto","description":"Toute l&#039;actualit\u00e9 des 2 roues","potentialAction":[{"@type":"SearchAction","target":{"@type":"EntryPoint","urlTemplate":"https:\/\/blogs.thesocialmedia.com\/leblogmoto\/?s={search_term_string}"},"query-input":{"@type":"PropertyValueSpecification","valueRequired":true,"valueName":"search_term_string"}}],"inLanguage":"fr-FR"},{"@type":"Person","@id":"https:\/\/blogs.thesocialmedia.com\/leblogmoto\/#\/schema\/person\/e82a0ca8a9a63d031586097a3ed58526","name":"jacques lesage","image":{"@type":"ImageObject","inLanguage":"fr-FR","@id":"https:\/\/blogs.thesocialmedia.com\/leblogmoto\/#\/schema\/person\/image\/","url":"https:\/\/secure.gravatar.com\/avatar\/?s=96&d=mm&r=g","contentUrl":"https:\/\/secure.gravatar.com\/avatar\/?s=96&d=mm&r=g","caption":"jacques lesage"},"url":"https:\/\/blogs.thesocialmedia.com\/leblogmoto\/author\/jacques-lesage\/"}]}},"_links":{"self":[{"href":"https:\/\/blogs.thesocialmedia.com\/leblogmoto\/wp-json\/wp\/v2\/posts\/195","targetHints":{"allow":["GET"]}}],"collection":[{"href":"https:\/\/blogs.thesocialmedia.com\/leblogmoto\/wp-json\/wp\/v2\/posts"}],"about":[{"href":"https:\/\/blogs.thesocialmedia.com\/leblogmoto\/wp-json\/wp\/v2\/types\/post"}],"author":[{"embeddable":true,"href":"https:\/\/blogs.thesocialmedia.com\/leblogmoto\/wp-json\/wp\/v2\/users\/325"}],"replies":[{"embeddable":true,"href":"https:\/\/blogs.thesocialmedia.com\/leblogmoto\/wp-json\/wp\/v2\/comments?post=195"}],"version-history":[{"count":2,"href":"https:\/\/blogs.thesocialmedia.com\/leblogmoto\/wp-json\/wp\/v2\/posts\/195\/revisions"}],"predecessor-version":[{"id":13190,"href":"https:\/\/blogs.thesocialmedia.com\/leblogmoto\/wp-json\/wp\/v2\/posts\/195\/revisions\/13190"}],"wp:featuredmedia":[{"embeddable":true,"href":"https:\/\/blogs.thesocialmedia.com\/leblogmoto\/wp-json\/wp\/v2\/media\/13177"}],"wp:attachment":[{"href":"https:\/\/blogs.thesocialmedia.com\/leblogmoto\/wp-json\/wp\/v2\/media?parent=195"}],"wp:term":[{"taxonomy":"category","embeddable":true,"href":"https:\/\/blogs.thesocialmedia.com\/leblogmoto\/wp-json\/wp\/v2\/categories?post=195"},{"taxonomy":"post_tag","embeddable":true,"href":"https:\/\/blogs.thesocialmedia.com\/leblogmoto\/wp-json\/wp\/v2\/tags?post=195"}],"curies":[{"name":"wp","href":"https:\/\/api.w.org\/{rel}","templated":true}]}}