{"id":1950,"date":"2006-04-01T13:02:16","date_gmt":"2006-04-01T13:02:16","guid":{"rendered":"http:\/\/blogs.thesocialmedia.com\/leblogmoto\/2006\/04\/01\/la-dorna-monte\/"},"modified":"2012-07-11T14:18:57","modified_gmt":"2012-07-11T14:18:57","slug":"la-dorna-monte","status":"publish","type":"post","link":"https:\/\/blogs.thesocialmedia.com\/leblogmoto\/2006\/04\/01\/la-dorna-monte\/","title":{"rendered":"La DORNA monte sa garderie: III La RED BULL MotoGP Rookies Cup"},"content":{"rendered":"<p><a href=\"http:\/\/blogs.thesocialmedia.com\/leblogmoto\/files\/2012\/07\/29092003104728973_g.jpg\"><img loading=\"lazy\" decoding=\"async\" height=\"166\" alt=\"29092003104728973_g\" src=\"http:\/\/www.leblogmoto.com\/images\/29092003104728973_g.jpg\" width=\"250\"  \/><\/a>Si vous avez entre <strong>13 et 16<\/strong> ans, un argent de poche donn\u00e9 au compte gouttes mais de l&rsquo;ambition et de la volont\u00e9 \u00e0 revendre, sachez que vous pouvez <a href=\"http:\/\/www.leblogmoto.com\/2006\/03\/la_dorna_monte__1.html\">devenir pilote moto en Grand Prix<\/a>.<\/p>\n<p>Pour cette ann\u00e9e <strong>2006<\/strong>, un effectif de <strong>cent<\/strong> pr\u00e9-pub\u00e8res seront en effet attendus sur trois sites europ\u00e9ens pour y \u00eatre jaug\u00e9 afin d&rsquo;en sortir une <strong>vingtaine<\/strong> qui participera, en <strong>2007<\/strong>, \u00e0 la &quot;<strong>RED BULL MotoGP Rookies Cup<\/strong>&quot; qui ouvrira, \u00e0 ses meilleurs repr\u00e9sentants, les portes de la f\u00e9licit\u00e9&#8230;&nbsp; &nbsp;<\/p>\n<p><a href=\"http:\/\/clabedan.typepad.com\/.shared\/image.html?\/photos\/uncategorized\/30062004174539ex_g.jpg\"><img loading=\"lazy\" decoding=\"async\" height=\"166\" alt=\"30062004174539ex_g\" src=\"http:\/\/www.leblogmoto.com\/images\/30062004174539ex_g.jpg\" width=\"250\"  \/><\/a>Les selections se feront au <strong>SACHSENRING<\/strong>, <strong>DONINGTON<\/strong> PARK et <strong>VALENCIA<\/strong>, sous les regards s\u00e9v\u00e8res <strong><a href=\"http:\/\/www.leblogmoto.com\/2006\/03\/la_dorna_monte_.html\">d&rsquo;Alberto PUIG<\/a><\/strong> et d&rsquo;<a href=\"http:\/\/www.leblogmoto.com\/2006\/03\/la_dorna_monte_.html\">Harald BARTOL<\/a>.<\/p>\n<p>Les <strong>vingt <\/strong>s\u00e9lectionn\u00e9s participeront ensuite d\u00e8s 2007 \u00e0 une coupe qui suivra le cirque du MotoGP et qui fera sa course, programm\u00e9e au meeting. Et que les meilleurs se fassent rep\u00e8rer pour, enfin, int\u00e9grer le <strong>Junior team KTM<\/strong> en mondial 125. Un sacr\u00e9 challenge et une belle r\u00e9compense au bout du chemin.<\/p>\n<p><a href=\"http:\/\/clabedan.typepad.com\/.shared\/image.html?\/photos\/uncategorized\/24082003122949909_g.jpg\"><img loading=\"lazy\" decoding=\"async\" height=\"166\" alt=\"24082003122949909_g\" src=\"http:\/\/www.leblogmoto.com\/images\/24082003122949909_g.jpg\" width=\"250\"  \/><\/a>La <strong>DORNA<\/strong>, <strong>KTM<\/strong> et <strong>RED BULL<\/strong>, ont donc mis en place une jolie fili\u00e8re, ouverte \u00e0 tous les bambins du globe qui auront le loisir de d\u00e9velopper leurs capacit\u00e9s et s&rsquo;affirmer uniquement par leur talent. Celui, ou celle, qui sortira en t\u00eate de ce programme sera, \u00e0 n&rsquo;en pas douter redoutable.<\/p>\n<p>ROSSI et les autres n&rsquo;ont pas fini de se faire des cheveux blancs, bien avant l&rsquo;\u00e2ge !&nbsp; <\/p>\n<p>FIN.&nbsp; &nbsp;&nbsp; <\/p>\n","protected":false},"excerpt":{"rendered":"<p>Si vous avez entre 13 et 16 ans, un argent de poche donn\u00e9 au compte gouttes mais de l&rsquo;ambition et de la volont\u00e9 \u00e0 revendre, sachez que vous pouvez devenir pilote moto en Grand Prix. Pour cette ann\u00e9e 2006, un effectif de cent pr\u00e9-pub\u00e8res seront en effet attendus sur trois sites europ\u00e9ens pour y \u00eatre [&hellip;]<\/p>\n","protected":false},"author":336,"featured_media":0,"comment_status":"open","ping_status":"open","sticky":false,"template":"","format":"standard","meta":{"footnotes":""},"categories":[3,22,32],"tags":[],"class_list":["post-1950","post","type-post","status-publish","format-standard","hentry","category-actualite","category-motogp","category-sport-moto"],"yoast_head":"<!-- This site is optimized with the Yoast SEO plugin v26.0 - https:\/\/yoast.com\/wordpress\/plugins\/seo\/ -->\n<title>La DORNA monte sa garderie: III La RED BULL MotoGP Rookies Cup - leblogmoto.com<\/title>\n<meta name=\"robots\" content=\"index, follow, max-snippet:-1, max-image-preview:large, max-video-preview:-1\" \/>\n<link rel=\"canonical\" href=\"https:\/\/blogs.thesocialmedia.com\/leblogmoto\/2006\/04\/01\/la-dorna-monte\/\" \/>\n<meta name=\"twitter:card\" content=\"summary_large_image\" \/>\n<meta name=\"twitter:title\" content=\"La DORNA monte sa garderie: III La RED BULL MotoGP Rookies Cup - leblogmoto.com\" \/>\n<meta name=\"twitter:description\" content=\"Si vous avez entre 13 et 16 ans, un argent de poche donn\u00e9 au compte gouttes mais de l&rsquo;ambition et de la volont\u00e9 \u00e0 revendre, sachez que vous pouvez devenir pilote moto en Grand Prix. Pour cette ann\u00e9e 2006, un effectif de cent pr\u00e9-pub\u00e8res seront en effet attendus sur trois sites europ\u00e9ens pour y \u00eatre [&hellip;]\" \/>\n<meta name=\"twitter:image\" content=\"http:\/\/www.leblogmoto.com\/images\/29092003104728973_g.jpg\" \/>\n<meta name=\"twitter:label1\" content=\"\u00c9crit par\" \/>\n\t<meta name=\"twitter:data1\" content=\"andre leconde\" \/>\n\t<meta name=\"twitter:label2\" content=\"Dur\u00e9e de lecture estim\u00e9e\" \/>\n\t<meta name=\"twitter:data2\" content=\"1 minute\" \/>\n<script type=\"application\/ld+json\" class=\"yoast-schema-graph\">{\"@context\":\"https:\/\/schema.org\",\"@graph\":[{\"@type\":\"WebPage\",\"@id\":\"https:\/\/blogs.thesocialmedia.com\/leblogmoto\/2006\/04\/01\/la-dorna-monte\/\",\"url\":\"https:\/\/blogs.thesocialmedia.com\/leblogmoto\/2006\/04\/01\/la-dorna-monte\/\",\"name\":\"La DORNA monte sa garderie: III La RED BULL MotoGP Rookies Cup - leblogmoto.com\",\"isPartOf\":{\"@id\":\"https:\/\/blogs.thesocialmedia.com\/leblogmoto\/#website\"},\"primaryImageOfPage\":{\"@id\":\"https:\/\/blogs.thesocialmedia.com\/leblogmoto\/2006\/04\/01\/la-dorna-monte\/#primaryimage\"},\"image\":{\"@id\":\"https:\/\/blogs.thesocialmedia.com\/leblogmoto\/2006\/04\/01\/la-dorna-monte\/#primaryimage\"},\"thumbnailUrl\":\"http:\/\/www.leblogmoto.com\/images\/29092003104728973_g.jpg\",\"datePublished\":\"2006-04-01T13:02:16+00:00\",\"dateModified\":\"2012-07-11T14:18:57+00:00\",\"author\":{\"@id\":\"https:\/\/blogs.thesocialmedia.com\/leblogmoto\/#\/schema\/person\/1a1dcfc7cec206573105eb4af91155c2\"},\"breadcrumb\":{\"@id\":\"https:\/\/blogs.thesocialmedia.com\/leblogmoto\/2006\/04\/01\/la-dorna-monte\/#breadcrumb\"},\"inLanguage\":\"fr-FR\",\"potentialAction\":[{\"@type\":\"ReadAction\",\"target\":[\"https:\/\/blogs.thesocialmedia.com\/leblogmoto\/2006\/04\/01\/la-dorna-monte\/\"]}]},{\"@type\":\"ImageObject\",\"inLanguage\":\"fr-FR\",\"@id\":\"https:\/\/blogs.thesocialmedia.com\/leblogmoto\/2006\/04\/01\/la-dorna-monte\/#primaryimage\",\"url\":\"http:\/\/www.leblogmoto.com\/images\/29092003104728973_g.jpg\",\"contentUrl\":\"http:\/\/www.leblogmoto.com\/images\/29092003104728973_g.jpg\"},{\"@type\":\"BreadcrumbList\",\"@id\":\"https:\/\/blogs.thesocialmedia.com\/leblogmoto\/2006\/04\/01\/la-dorna-monte\/#breadcrumb\",\"itemListElement\":[{\"@type\":\"ListItem\",\"position\":1,\"name\":\"Accueil\",\"item\":\"https:\/\/blogs.thesocialmedia.com\/leblogmoto\/\"},{\"@type\":\"ListItem\",\"position\":2,\"name\":\"La DORNA monte sa garderie: III La RED BULL MotoGP Rookies Cup\"}]},{\"@type\":\"WebSite\",\"@id\":\"https:\/\/blogs.thesocialmedia.com\/leblogmoto\/#website\",\"url\":\"https:\/\/blogs.thesocialmedia.com\/leblogmoto\/\",\"name\":\"leblogmoto\",\"description\":\"Toute l&#039;actualit\u00e9 des 2 roues\",\"potentialAction\":[{\"@type\":\"SearchAction\",\"target\":{\"@type\":\"EntryPoint\",\"urlTemplate\":\"https:\/\/blogs.thesocialmedia.com\/leblogmoto\/?s={search_term_string}\"},\"query-input\":{\"@type\":\"PropertyValueSpecification\",\"valueRequired\":true,\"valueName\":\"search_term_string\"}}],\"inLanguage\":\"fr-FR\"},{\"@type\":\"Person\",\"@id\":\"https:\/\/blogs.thesocialmedia.com\/leblogmoto\/#\/schema\/person\/1a1dcfc7cec206573105eb4af91155c2\",\"name\":\"andre leconde\",\"image\":{\"@type\":\"ImageObject\",\"inLanguage\":\"fr-FR\",\"@id\":\"https:\/\/blogs.thesocialmedia.com\/leblogmoto\/#\/schema\/person\/image\/\",\"url\":\"https:\/\/secure.gravatar.com\/avatar\/?s=96&d=mm&r=g\",\"contentUrl\":\"https:\/\/secure.gravatar.com\/avatar\/?s=96&d=mm&r=g\",\"caption\":\"andre leconde\"},\"url\":\"https:\/\/blogs.thesocialmedia.com\/leblogmoto\/author\/andre-leconde\/\"}]}<\/script>\n<!-- \/ Yoast SEO plugin. -->","yoast_head_json":{"title":"La DORNA monte sa garderie: III La RED BULL MotoGP Rookies Cup - leblogmoto.com","robots":{"index":"index","follow":"follow","max-snippet":"max-snippet:-1","max-image-preview":"max-image-preview:large","max-video-preview":"max-video-preview:-1"},"canonical":"https:\/\/blogs.thesocialmedia.com\/leblogmoto\/2006\/04\/01\/la-dorna-monte\/","twitter_card":"summary_large_image","twitter_title":"La DORNA monte sa garderie: III La RED BULL MotoGP Rookies Cup - leblogmoto.com","twitter_description":"Si vous avez entre 13 et 16 ans, un argent de poche donn\u00e9 au compte gouttes mais de l&rsquo;ambition et de la volont\u00e9 \u00e0 revendre, sachez que vous pouvez devenir pilote moto en Grand Prix. Pour cette ann\u00e9e 2006, un effectif de cent pr\u00e9-pub\u00e8res seront en effet attendus sur trois sites europ\u00e9ens pour y \u00eatre [&hellip;]","twitter_image":"http:\/\/www.leblogmoto.com\/images\/29092003104728973_g.jpg","twitter_misc":{"\u00c9crit par":"andre leconde","Dur\u00e9e de lecture estim\u00e9e":"1 minute"},"schema":{"@context":"https:\/\/schema.org","@graph":[{"@type":"WebPage","@id":"https:\/\/blogs.thesocialmedia.com\/leblogmoto\/2006\/04\/01\/la-dorna-monte\/","url":"https:\/\/blogs.thesocialmedia.com\/leblogmoto\/2006\/04\/01\/la-dorna-monte\/","name":"La DORNA monte sa garderie: III La RED BULL MotoGP Rookies Cup - leblogmoto.com","isPartOf":{"@id":"https:\/\/blogs.thesocialmedia.com\/leblogmoto\/#website"},"primaryImageOfPage":{"@id":"https:\/\/blogs.thesocialmedia.com\/leblogmoto\/2006\/04\/01\/la-dorna-monte\/#primaryimage"},"image":{"@id":"https:\/\/blogs.thesocialmedia.com\/leblogmoto\/2006\/04\/01\/la-dorna-monte\/#primaryimage"},"thumbnailUrl":"http:\/\/www.leblogmoto.com\/images\/29092003104728973_g.jpg","datePublished":"2006-04-01T13:02:16+00:00","dateModified":"2012-07-11T14:18:57+00:00","author":{"@id":"https:\/\/blogs.thesocialmedia.com\/leblogmoto\/#\/schema\/person\/1a1dcfc7cec206573105eb4af91155c2"},"breadcrumb":{"@id":"https:\/\/blogs.thesocialmedia.com\/leblogmoto\/2006\/04\/01\/la-dorna-monte\/#breadcrumb"},"inLanguage":"fr-FR","potentialAction":[{"@type":"ReadAction","target":["https:\/\/blogs.thesocialmedia.com\/leblogmoto\/2006\/04\/01\/la-dorna-monte\/"]}]},{"@type":"ImageObject","inLanguage":"fr-FR","@id":"https:\/\/blogs.thesocialmedia.com\/leblogmoto\/2006\/04\/01\/la-dorna-monte\/#primaryimage","url":"http:\/\/www.leblogmoto.com\/images\/29092003104728973_g.jpg","contentUrl":"http:\/\/www.leblogmoto.com\/images\/29092003104728973_g.jpg"},{"@type":"BreadcrumbList","@id":"https:\/\/blogs.thesocialmedia.com\/leblogmoto\/2006\/04\/01\/la-dorna-monte\/#breadcrumb","itemListElement":[{"@type":"ListItem","position":1,"name":"Accueil","item":"https:\/\/blogs.thesocialmedia.com\/leblogmoto\/"},{"@type":"ListItem","position":2,"name":"La DORNA monte sa garderie: III La RED BULL MotoGP Rookies Cup"}]},{"@type":"WebSite","@id":"https:\/\/blogs.thesocialmedia.com\/leblogmoto\/#website","url":"https:\/\/blogs.thesocialmedia.com\/leblogmoto\/","name":"leblogmoto","description":"Toute l&#039;actualit\u00e9 des 2 roues","potentialAction":[{"@type":"SearchAction","target":{"@type":"EntryPoint","urlTemplate":"https:\/\/blogs.thesocialmedia.com\/leblogmoto\/?s={search_term_string}"},"query-input":{"@type":"PropertyValueSpecification","valueRequired":true,"valueName":"search_term_string"}}],"inLanguage":"fr-FR"},{"@type":"Person","@id":"https:\/\/blogs.thesocialmedia.com\/leblogmoto\/#\/schema\/person\/1a1dcfc7cec206573105eb4af91155c2","name":"andre leconde","image":{"@type":"ImageObject","inLanguage":"fr-FR","@id":"https:\/\/blogs.thesocialmedia.com\/leblogmoto\/#\/schema\/person\/image\/","url":"https:\/\/secure.gravatar.com\/avatar\/?s=96&d=mm&r=g","contentUrl":"https:\/\/secure.gravatar.com\/avatar\/?s=96&d=mm&r=g","caption":"andre leconde"},"url":"https:\/\/blogs.thesocialmedia.com\/leblogmoto\/author\/andre-leconde\/"}]}},"_links":{"self":[{"href":"https:\/\/blogs.thesocialmedia.com\/leblogmoto\/wp-json\/wp\/v2\/posts\/1950","targetHints":{"allow":["GET"]}}],"collection":[{"href":"https:\/\/blogs.thesocialmedia.com\/leblogmoto\/wp-json\/wp\/v2\/posts"}],"about":[{"href":"https:\/\/blogs.thesocialmedia.com\/leblogmoto\/wp-json\/wp\/v2\/types\/post"}],"author":[{"embeddable":true,"href":"https:\/\/blogs.thesocialmedia.com\/leblogmoto\/wp-json\/wp\/v2\/users\/336"}],"replies":[{"embeddable":true,"href":"https:\/\/blogs.thesocialmedia.com\/leblogmoto\/wp-json\/wp\/v2\/comments?post=1950"}],"version-history":[{"count":2,"href":"https:\/\/blogs.thesocialmedia.com\/leblogmoto\/wp-json\/wp\/v2\/posts\/1950\/revisions"}],"predecessor-version":[{"id":7250,"href":"https:\/\/blogs.thesocialmedia.com\/leblogmoto\/wp-json\/wp\/v2\/posts\/1950\/revisions\/7250"}],"wp:attachment":[{"href":"https:\/\/blogs.thesocialmedia.com\/leblogmoto\/wp-json\/wp\/v2\/media?parent=1950"}],"wp:term":[{"taxonomy":"category","embeddable":true,"href":"https:\/\/blogs.thesocialmedia.com\/leblogmoto\/wp-json\/wp\/v2\/categories?post=1950"},{"taxonomy":"post_tag","embeddable":true,"href":"https:\/\/blogs.thesocialmedia.com\/leblogmoto\/wp-json\/wp\/v2\/tags?post=1950"}],"curies":[{"name":"wp","href":"https:\/\/api.w.org\/{rel}","templated":true}]}}