{"id":1951,"date":"2006-03-31T23:25:51","date_gmt":"2006-03-31T23:25:51","guid":{"rendered":"http:\/\/blogs.thesocialmedia.com\/leblogmoto\/2006\/03\/31\/ducati-hypermot-2\/"},"modified":"2012-07-11T14:18:55","modified_gmt":"2012-07-11T14:18:55","slug":"ducati-hypermot-2","status":"publish","type":"post","link":"https:\/\/blogs.thesocialmedia.com\/leblogmoto\/2006\/03\/31\/ducati-hypermot-2\/","title":{"rendered":"DUCATI Hypermotard: En concession pour le printemps 2007 !"},"content":{"rendered":"<p><a href=\"http:\/\/blogs.thesocialmedia.com\/leblogmoto\/files\/2012\/07\/060214_duc_1.jpg\"><img loading=\"lazy\" decoding=\"async\" height=\"331\" alt=\"060214_duc_1\" src=\"http:\/\/www.leblogmoto.com\/images\/060214_duc_1.jpg\" width=\"250\"  \/><\/a>C&rsquo;est on ne peut plus officiel, puisque c&rsquo;est le boss lui m\u00eame qui l&rsquo;annonce dans <a href=\"http:\/\/www.leblogmoto.com\/2006\/03\/desmoblog_ducat.html\">le blog de la marque<\/a>. La <strong>DUCATI Hypermotard<\/strong> sera bien produite, et elle sera en concession d\u00e8s le <strong>printemps 2007<\/strong>.<\/p>\n<p>On a presque tout du cheminement de la d\u00e9cision du blason quant \u00e0 la mise en production de ce concept d\u00e9j\u00e0 <a href=\"http:\/\/www.leblogmoto.com\/2006\/03\/lhypermotard_de.html\">prim\u00e9<\/a> pour sa plastique. <\/p>\n<p><a href=\"http:\/\/www.leblogmoto.com\/2006\/03\/ducati_cest_le_.html\">Frederico MINOLLI<\/a> joue \u00e0 fond le m\u00e9dia du blog en r\u00e9v\u00e9lant tout ce qui a motiv\u00e9 le conseil d&rsquo;administration pour se jetter \u00e0 l&rsquo;eau. <\/p>\n<p>Et, d&rsquo;abord, l&rsquo;analyse des sondages lanc\u00e9s, o\u00f9 l&rsquo;on d\u00e9couvre que les motards chevauchant la concurrence seraient d&rsquo;ores et d\u00e9j\u00e0 pr\u00eats \u00e0 venir chez DUCATI pour l&rsquo;Hypermotard&#8230;&nbsp; &nbsp;<\/p>\n<p><a href=\"http:\/\/clabedan.typepad.com\/.shared\/image.html?\/photos\/uncategorized\/bordo_417x267_by_brand_1.jpg\"><img loading=\"lazy\" decoding=\"async\" height=\"160\" alt=\"Bordo_417x267_by_brand_1\" src=\"http:\/\/www.leblogmoto.com\/images\/bordo_417x267_by_brand_1.jpg\" width=\"250\"  \/><\/a>Si l&rsquo;on se r\u00e9f\u00e8re au r\u00e9sultat de ce graphique, c&rsquo;est <strong>KTM<\/strong> qui aurait le plus \u00e0 redouter du d\u00e9barquement de l&rsquo;Hypermotard.<\/p>\n<p>Par ailleurs, on apprend que DUCATI a re\u00e7u quelques <strong>18 325<\/strong> r\u00e9ponses de part le Monde \u00e0 son questionnaire pourtant d\u00e9taill\u00e9 et seulement en ligne depuis une semaine. <\/p>\n<p>Par nation, c&rsquo;est bien s\u00fbr l&rsquo;Italie qui arrive en t\u00eate devant les USA et l&rsquo;Allemagne, qui ferme la marche du podium \u00e0 la France. Pour de plus amples d\u00e9tails, rendez-vous sur le blog des rouges, o\u00f9 le patron s&rsquo;enthousiasme de l&rsquo;esprit communautaire exacerb\u00e9 gr\u00e2ce \u00e0 ce moyen. On y trouve toute la chaine de d\u00e9cision, mais pas le tarif prochain de la b\u00eate, qui est \u00e0 l&rsquo;\u00e9tude.<\/p>\n<p>SOURCE: <a href=\"http:\/\/blog.ducati.com\">http:\/\/blog.ducati.com<\/a>&nbsp; &nbsp;<\/p><\/p>\n","protected":false},"excerpt":{"rendered":"<p>C&rsquo;est on ne peut plus officiel, puisque c&rsquo;est le boss lui m\u00eame qui l&rsquo;annonce dans le blog de la marque. La DUCATI Hypermotard sera bien produite, et elle sera en concession d\u00e8s le printemps 2007. On a presque tout du cheminement de la d\u00e9cision du blason quant \u00e0 la mise en production de ce concept [&hellip;]<\/p>\n","protected":false},"author":336,"featured_media":0,"comment_status":"open","ping_status":"open","sticky":false,"template":"","format":"standard","meta":{"footnotes":""},"categories":[3,49,41],"tags":[],"class_list":["post-1951","post","type-post","status-publish","format-standard","hentry","category-actualite","category-actualites-entreprise","category-ducati"],"yoast_head":"<!-- This site is optimized with the Yoast SEO plugin v26.0 - https:\/\/yoast.com\/wordpress\/plugins\/seo\/ -->\n<title>DUCATI Hypermotard: En concession pour le printemps 2007 ! - leblogmoto.com<\/title>\n<meta name=\"robots\" content=\"index, follow, max-snippet:-1, max-image-preview:large, max-video-preview:-1\" \/>\n<link rel=\"canonical\" href=\"https:\/\/blogs.thesocialmedia.com\/leblogmoto\/2006\/03\/31\/ducati-hypermot-2\/\" \/>\n<meta name=\"twitter:card\" content=\"summary_large_image\" \/>\n<meta name=\"twitter:title\" content=\"DUCATI Hypermotard: En concession pour le printemps 2007 ! - leblogmoto.com\" \/>\n<meta name=\"twitter:description\" content=\"C&rsquo;est on ne peut plus officiel, puisque c&rsquo;est le boss lui m\u00eame qui l&rsquo;annonce dans le blog de la marque. La DUCATI Hypermotard sera bien produite, et elle sera en concession d\u00e8s le printemps 2007. On a presque tout du cheminement de la d\u00e9cision du blason quant \u00e0 la mise en production de ce concept [&hellip;]\" \/>\n<meta name=\"twitter:image\" content=\"http:\/\/www.leblogmoto.com\/images\/060214_duc_1.jpg\" \/>\n<meta name=\"twitter:label1\" content=\"\u00c9crit par\" \/>\n\t<meta name=\"twitter:data1\" content=\"andre leconde\" \/>\n\t<meta name=\"twitter:label2\" content=\"Dur\u00e9e de lecture estim\u00e9e\" \/>\n\t<meta name=\"twitter:data2\" content=\"1 minute\" \/>\n<script type=\"application\/ld+json\" class=\"yoast-schema-graph\">{\"@context\":\"https:\/\/schema.org\",\"@graph\":[{\"@type\":\"WebPage\",\"@id\":\"https:\/\/blogs.thesocialmedia.com\/leblogmoto\/2006\/03\/31\/ducati-hypermot-2\/\",\"url\":\"https:\/\/blogs.thesocialmedia.com\/leblogmoto\/2006\/03\/31\/ducati-hypermot-2\/\",\"name\":\"DUCATI Hypermotard: En concession pour le printemps 2007 ! - leblogmoto.com\",\"isPartOf\":{\"@id\":\"https:\/\/blogs.thesocialmedia.com\/leblogmoto\/#website\"},\"primaryImageOfPage\":{\"@id\":\"https:\/\/blogs.thesocialmedia.com\/leblogmoto\/2006\/03\/31\/ducati-hypermot-2\/#primaryimage\"},\"image\":{\"@id\":\"https:\/\/blogs.thesocialmedia.com\/leblogmoto\/2006\/03\/31\/ducati-hypermot-2\/#primaryimage\"},\"thumbnailUrl\":\"http:\/\/www.leblogmoto.com\/images\/060214_duc_1.jpg\",\"datePublished\":\"2006-03-31T23:25:51+00:00\",\"dateModified\":\"2012-07-11T14:18:55+00:00\",\"author\":{\"@id\":\"https:\/\/blogs.thesocialmedia.com\/leblogmoto\/#\/schema\/person\/1a1dcfc7cec206573105eb4af91155c2\"},\"breadcrumb\":{\"@id\":\"https:\/\/blogs.thesocialmedia.com\/leblogmoto\/2006\/03\/31\/ducati-hypermot-2\/#breadcrumb\"},\"inLanguage\":\"fr-FR\",\"potentialAction\":[{\"@type\":\"ReadAction\",\"target\":[\"https:\/\/blogs.thesocialmedia.com\/leblogmoto\/2006\/03\/31\/ducati-hypermot-2\/\"]}]},{\"@type\":\"ImageObject\",\"inLanguage\":\"fr-FR\",\"@id\":\"https:\/\/blogs.thesocialmedia.com\/leblogmoto\/2006\/03\/31\/ducati-hypermot-2\/#primaryimage\",\"url\":\"http:\/\/www.leblogmoto.com\/images\/060214_duc_1.jpg\",\"contentUrl\":\"http:\/\/www.leblogmoto.com\/images\/060214_duc_1.jpg\"},{\"@type\":\"BreadcrumbList\",\"@id\":\"https:\/\/blogs.thesocialmedia.com\/leblogmoto\/2006\/03\/31\/ducati-hypermot-2\/#breadcrumb\",\"itemListElement\":[{\"@type\":\"ListItem\",\"position\":1,\"name\":\"Accueil\",\"item\":\"https:\/\/blogs.thesocialmedia.com\/leblogmoto\/\"},{\"@type\":\"ListItem\",\"position\":2,\"name\":\"DUCATI Hypermotard: En concession pour le printemps 2007 !\"}]},{\"@type\":\"WebSite\",\"@id\":\"https:\/\/blogs.thesocialmedia.com\/leblogmoto\/#website\",\"url\":\"https:\/\/blogs.thesocialmedia.com\/leblogmoto\/\",\"name\":\"leblogmoto\",\"description\":\"Toute l&#039;actualit\u00e9 des 2 roues\",\"potentialAction\":[{\"@type\":\"SearchAction\",\"target\":{\"@type\":\"EntryPoint\",\"urlTemplate\":\"https:\/\/blogs.thesocialmedia.com\/leblogmoto\/?s={search_term_string}\"},\"query-input\":{\"@type\":\"PropertyValueSpecification\",\"valueRequired\":true,\"valueName\":\"search_term_string\"}}],\"inLanguage\":\"fr-FR\"},{\"@type\":\"Person\",\"@id\":\"https:\/\/blogs.thesocialmedia.com\/leblogmoto\/#\/schema\/person\/1a1dcfc7cec206573105eb4af91155c2\",\"name\":\"andre leconde\",\"image\":{\"@type\":\"ImageObject\",\"inLanguage\":\"fr-FR\",\"@id\":\"https:\/\/blogs.thesocialmedia.com\/leblogmoto\/#\/schema\/person\/image\/\",\"url\":\"https:\/\/secure.gravatar.com\/avatar\/?s=96&d=mm&r=g\",\"contentUrl\":\"https:\/\/secure.gravatar.com\/avatar\/?s=96&d=mm&r=g\",\"caption\":\"andre leconde\"},\"url\":\"https:\/\/blogs.thesocialmedia.com\/leblogmoto\/author\/andre-leconde\/\"}]}<\/script>\n<!-- \/ Yoast SEO plugin. -->","yoast_head_json":{"title":"DUCATI Hypermotard: En concession pour le printemps 2007 ! - leblogmoto.com","robots":{"index":"index","follow":"follow","max-snippet":"max-snippet:-1","max-image-preview":"max-image-preview:large","max-video-preview":"max-video-preview:-1"},"canonical":"https:\/\/blogs.thesocialmedia.com\/leblogmoto\/2006\/03\/31\/ducati-hypermot-2\/","twitter_card":"summary_large_image","twitter_title":"DUCATI Hypermotard: En concession pour le printemps 2007 ! - leblogmoto.com","twitter_description":"C&rsquo;est on ne peut plus officiel, puisque c&rsquo;est le boss lui m\u00eame qui l&rsquo;annonce dans le blog de la marque. La DUCATI Hypermotard sera bien produite, et elle sera en concession d\u00e8s le printemps 2007. On a presque tout du cheminement de la d\u00e9cision du blason quant \u00e0 la mise en production de ce concept [&hellip;]","twitter_image":"http:\/\/www.leblogmoto.com\/images\/060214_duc_1.jpg","twitter_misc":{"\u00c9crit par":"andre leconde","Dur\u00e9e de lecture estim\u00e9e":"1 minute"},"schema":{"@context":"https:\/\/schema.org","@graph":[{"@type":"WebPage","@id":"https:\/\/blogs.thesocialmedia.com\/leblogmoto\/2006\/03\/31\/ducati-hypermot-2\/","url":"https:\/\/blogs.thesocialmedia.com\/leblogmoto\/2006\/03\/31\/ducati-hypermot-2\/","name":"DUCATI Hypermotard: En concession pour le printemps 2007 ! - leblogmoto.com","isPartOf":{"@id":"https:\/\/blogs.thesocialmedia.com\/leblogmoto\/#website"},"primaryImageOfPage":{"@id":"https:\/\/blogs.thesocialmedia.com\/leblogmoto\/2006\/03\/31\/ducati-hypermot-2\/#primaryimage"},"image":{"@id":"https:\/\/blogs.thesocialmedia.com\/leblogmoto\/2006\/03\/31\/ducati-hypermot-2\/#primaryimage"},"thumbnailUrl":"http:\/\/www.leblogmoto.com\/images\/060214_duc_1.jpg","datePublished":"2006-03-31T23:25:51+00:00","dateModified":"2012-07-11T14:18:55+00:00","author":{"@id":"https:\/\/blogs.thesocialmedia.com\/leblogmoto\/#\/schema\/person\/1a1dcfc7cec206573105eb4af91155c2"},"breadcrumb":{"@id":"https:\/\/blogs.thesocialmedia.com\/leblogmoto\/2006\/03\/31\/ducati-hypermot-2\/#breadcrumb"},"inLanguage":"fr-FR","potentialAction":[{"@type":"ReadAction","target":["https:\/\/blogs.thesocialmedia.com\/leblogmoto\/2006\/03\/31\/ducati-hypermot-2\/"]}]},{"@type":"ImageObject","inLanguage":"fr-FR","@id":"https:\/\/blogs.thesocialmedia.com\/leblogmoto\/2006\/03\/31\/ducati-hypermot-2\/#primaryimage","url":"http:\/\/www.leblogmoto.com\/images\/060214_duc_1.jpg","contentUrl":"http:\/\/www.leblogmoto.com\/images\/060214_duc_1.jpg"},{"@type":"BreadcrumbList","@id":"https:\/\/blogs.thesocialmedia.com\/leblogmoto\/2006\/03\/31\/ducati-hypermot-2\/#breadcrumb","itemListElement":[{"@type":"ListItem","position":1,"name":"Accueil","item":"https:\/\/blogs.thesocialmedia.com\/leblogmoto\/"},{"@type":"ListItem","position":2,"name":"DUCATI Hypermotard: En concession pour le printemps 2007 !"}]},{"@type":"WebSite","@id":"https:\/\/blogs.thesocialmedia.com\/leblogmoto\/#website","url":"https:\/\/blogs.thesocialmedia.com\/leblogmoto\/","name":"leblogmoto","description":"Toute l&#039;actualit\u00e9 des 2 roues","potentialAction":[{"@type":"SearchAction","target":{"@type":"EntryPoint","urlTemplate":"https:\/\/blogs.thesocialmedia.com\/leblogmoto\/?s={search_term_string}"},"query-input":{"@type":"PropertyValueSpecification","valueRequired":true,"valueName":"search_term_string"}}],"inLanguage":"fr-FR"},{"@type":"Person","@id":"https:\/\/blogs.thesocialmedia.com\/leblogmoto\/#\/schema\/person\/1a1dcfc7cec206573105eb4af91155c2","name":"andre leconde","image":{"@type":"ImageObject","inLanguage":"fr-FR","@id":"https:\/\/blogs.thesocialmedia.com\/leblogmoto\/#\/schema\/person\/image\/","url":"https:\/\/secure.gravatar.com\/avatar\/?s=96&d=mm&r=g","contentUrl":"https:\/\/secure.gravatar.com\/avatar\/?s=96&d=mm&r=g","caption":"andre leconde"},"url":"https:\/\/blogs.thesocialmedia.com\/leblogmoto\/author\/andre-leconde\/"}]}},"_links":{"self":[{"href":"https:\/\/blogs.thesocialmedia.com\/leblogmoto\/wp-json\/wp\/v2\/posts\/1951","targetHints":{"allow":["GET"]}}],"collection":[{"href":"https:\/\/blogs.thesocialmedia.com\/leblogmoto\/wp-json\/wp\/v2\/posts"}],"about":[{"href":"https:\/\/blogs.thesocialmedia.com\/leblogmoto\/wp-json\/wp\/v2\/types\/post"}],"author":[{"embeddable":true,"href":"https:\/\/blogs.thesocialmedia.com\/leblogmoto\/wp-json\/wp\/v2\/users\/336"}],"replies":[{"embeddable":true,"href":"https:\/\/blogs.thesocialmedia.com\/leblogmoto\/wp-json\/wp\/v2\/comments?post=1951"}],"version-history":[{"count":2,"href":"https:\/\/blogs.thesocialmedia.com\/leblogmoto\/wp-json\/wp\/v2\/posts\/1951\/revisions"}],"predecessor-version":[{"id":7248,"href":"https:\/\/blogs.thesocialmedia.com\/leblogmoto\/wp-json\/wp\/v2\/posts\/1951\/revisions\/7248"}],"wp:attachment":[{"href":"https:\/\/blogs.thesocialmedia.com\/leblogmoto\/wp-json\/wp\/v2\/media?parent=1951"}],"wp:term":[{"taxonomy":"category","embeddable":true,"href":"https:\/\/blogs.thesocialmedia.com\/leblogmoto\/wp-json\/wp\/v2\/categories?post=1951"},{"taxonomy":"post_tag","embeddable":true,"href":"https:\/\/blogs.thesocialmedia.com\/leblogmoto\/wp-json\/wp\/v2\/tags?post=1951"}],"curies":[{"name":"wp","href":"https:\/\/api.w.org\/{rel}","templated":true}]}}