{"id":1952,"date":"2006-03-31T22:07:48","date_gmt":"2006-03-31T22:07:48","guid":{"rendered":"http:\/\/blogs.thesocialmedia.com\/leblogmoto\/2006\/03\/31\/la-dorna-monte-1\/"},"modified":"2012-07-11T14:18:53","modified_gmt":"2012-07-11T14:18:53","slug":"la-dorna-monte-1","status":"publish","type":"post","link":"https:\/\/blogs.thesocialmedia.com\/leblogmoto\/2006\/03\/31\/la-dorna-monte-1\/","title":{"rendered":"La DORNA monte sa garderie: II La RED BULL MotoGP Academy"},"content":{"rendered":"<p><a href=\"http:\/\/blogs.thesocialmedia.com\/leblogmoto\/files\/2012\/07\/img_2545v.jpg\"><img loading=\"lazy\" decoding=\"async\" height=\"333\" alt=\"Img_2545v\" src=\"http:\/\/www.leblogmoto.com\/images\/img_2545v.jpg\" width=\"250\"  \/><\/a>Qu&rsquo;on se le dise, la travail d&rsquo;<strong>Umbrella girl<\/strong> est en danger. Les belles \u00e0 la toilette d\u00e9lur\u00e9e risque bien d&rsquo;\u00eatre les victimes collat\u00e9rales d&rsquo;un <a href=\"http:\/\/www.leblogmoto.com\/2006\/03\/la_dorna_monte_.html\">rajeunissement<\/a> brutal du plateau MotoGP, au nom de la pr\u00e9servation des bonnes moeurs de gamins susceptibles d&rsquo;\u00eatre dangereusement d\u00e9rang\u00e9s dans leur concentration d&rsquo;avant course.<\/p>\n<p>Car s&rsquo;ils auront le droit d&rsquo;\u00eatre tendus, c&rsquo;est bien uniquement vers la victoire et non les plaisirs futiles, d&rsquo;autant qu&rsquo;ils se seront donn\u00e9s bien de la peine pour arriver sur cette grille. <\/p>\n<p>Voil\u00e0 ce qui attend, peut \u00eatre, six bambins aux dents longues, issus de la <strong>RED BULL MotoGP Academy<\/strong>, fili\u00e8re de champion mise en place par <strong>DORNA<\/strong>&#8230;&nbsp; &nbsp;<\/p>\n<p><a href=\"http:\/\/clabedan.typepad.com\/.shared\/image.html?\/photos\/uncategorized\/tbl_noticias_fichero_imagenes_3059_1.gif\"><img loading=\"lazy\" decoding=\"async\" height=\"188\" alt=\"Tbl_noticias_fichero_imagenes_3059_1\" src=\"http:\/\/www.leblogmoto.com\/images\/tbl_noticias_fichero_imagenes_3059_1.gif\" width=\"250\"  \/><\/a><a href=\"http:\/\/www.leblogmoto.com\/2006\/03\/vous_avez_aim_l.html\"> Bradley SMITH<\/a> a int\u00e9r\u00eat \u00e0 commencer \u00e0 bien r\u00e9citer sa le\u00e7on, parce que derri\u00e8re, \u00e7a pousse d\u00e9j\u00e0. Six gamins sont pr\u00eats \u00e0 lui faire l&rsquo;int\u00e9rieur et vont int\u00e9grer la <strong>RED BULL MotoGP Academy<\/strong>. Ce centre de formation leur distillera le mental, le physique et l&rsquo;environnement qui leur permettront de tout \u00e9craser sur leur passage.<\/p>\n<p>Les <strong>britanniques<\/strong> sont ici tr\u00e8s bien lotis. A croire que la DORNA tient \u00e0 un successeur de <strong>SHEENE<\/strong>. Pour le passeport passe encore, mais pour ce qui est de l&rsquo;abord de la course et de la vie, Barry se retournerait dans sa <a href=\"http:\/\/clabedan.typepad.com\/.shared\/image.html?\/photos\/uncategorized\/060329_dornagp_1.jpg\"><img loading=\"lazy\" decoding=\"async\" height=\"167\" alt=\"060329_dornagp_1\" src=\"http:\/\/www.leblogmoto.com\/images\/060329_dornagp_1.jpg\" width=\"250\"  \/><\/a> tombe&#8230;<\/p>\n<p><a href=\"http:\/\/clabedan.typepad.com\/.shared\/image.html?\/photos\/uncategorized\/060329_dornagp.jpg\"><\/a>Autre temps, autre moeurs, soit. Voici les ca\u00efds de demain: <strong>Kev COGHLAN<\/strong> qui, \u00e0 17 ans, fait presque figure d&rsquo;anc\u00eatre, <strong>Danny WEBB<\/strong>, 15 ans, et <strong>Scott REDDING<\/strong> 13 ans, pour ce qui est des repr\u00e9sentants de sa gr\u00e2cieuse majest\u00e9. Puis, un jeune teuton, <strong>Jonas FOLGER<\/strong>, 12 ans, un petit nippon, <strong>Takaaki NAKAGAMI<\/strong>, 13 ans et un espagnol pour fermer la marche, <strong>Isaac<\/strong> <strong>VINALES<\/strong>, 12 ans.<\/p>\n<p>Ces six l\u00e0 seront vite mis au parfum des secrets de la course, sous la f\u00e9rule d&rsquo;<strong>Alberto PUIG<\/strong>. Puis ils seront lanc\u00e9s dans le bain du championnat <a href=\"http:\/\/www.leblogmoto.com\/2006\/03\/125_bautista_la.html\">125<\/a> espagnole o\u00f9 il y aura obligation de r\u00e9sultats. <\/p>\n<p>Pas de Fran\u00e7ais retenu pour ce cursus. Mais il leur reste encore une chance: la <strong>MotoGP rookies Cup<\/strong>&#8230;<\/p>\n<p>A suivre&#8230;&nbsp; &nbsp; <\/p>\n","protected":false},"excerpt":{"rendered":"<p>Qu&rsquo;on se le dise, la travail d&rsquo;Umbrella girl est en danger. Les belles \u00e0 la toilette d\u00e9lur\u00e9e risque bien d&rsquo;\u00eatre les victimes collat\u00e9rales d&rsquo;un rajeunissement brutal du plateau MotoGP, au nom de la pr\u00e9servation des bonnes moeurs de gamins susceptibles d&rsquo;\u00eatre dangereusement d\u00e9rang\u00e9s dans leur concentration d&rsquo;avant course. Car s&rsquo;ils auront le droit d&rsquo;\u00eatre tendus, [&hellip;]<\/p>\n","protected":false},"author":336,"featured_media":0,"comment_status":"open","ping_status":"open","sticky":false,"template":"","format":"standard","meta":{"footnotes":""},"categories":[3,22,32],"tags":[],"class_list":["post-1952","post","type-post","status-publish","format-standard","hentry","category-actualite","category-motogp","category-sport-moto"],"yoast_head":"<!-- This site is optimized with the Yoast SEO plugin v26.0 - https:\/\/yoast.com\/wordpress\/plugins\/seo\/ -->\n<title>La DORNA monte sa garderie: II La RED BULL MotoGP Academy - leblogmoto.com<\/title>\n<meta name=\"robots\" content=\"index, follow, max-snippet:-1, max-image-preview:large, max-video-preview:-1\" \/>\n<link rel=\"canonical\" href=\"https:\/\/blogs.thesocialmedia.com\/leblogmoto\/2006\/03\/31\/la-dorna-monte-1\/\" \/>\n<meta name=\"twitter:card\" content=\"summary_large_image\" \/>\n<meta name=\"twitter:title\" content=\"La DORNA monte sa garderie: II La RED BULL MotoGP Academy - leblogmoto.com\" \/>\n<meta name=\"twitter:description\" content=\"Qu&rsquo;on se le dise, la travail d&rsquo;Umbrella girl est en danger. Les belles \u00e0 la toilette d\u00e9lur\u00e9e risque bien d&rsquo;\u00eatre les victimes collat\u00e9rales d&rsquo;un rajeunissement brutal du plateau MotoGP, au nom de la pr\u00e9servation des bonnes moeurs de gamins susceptibles d&rsquo;\u00eatre dangereusement d\u00e9rang\u00e9s dans leur concentration d&rsquo;avant course. Car s&rsquo;ils auront le droit d&rsquo;\u00eatre tendus, [&hellip;]\" \/>\n<meta name=\"twitter:image\" content=\"http:\/\/www.leblogmoto.com\/images\/img_2545v.jpg\" \/>\n<meta name=\"twitter:label1\" content=\"\u00c9crit par\" \/>\n\t<meta name=\"twitter:data1\" content=\"andre leconde\" \/>\n\t<meta name=\"twitter:label2\" content=\"Dur\u00e9e de lecture estim\u00e9e\" \/>\n\t<meta name=\"twitter:data2\" content=\"2 minutes\" \/>\n<script type=\"application\/ld+json\" class=\"yoast-schema-graph\">{\"@context\":\"https:\/\/schema.org\",\"@graph\":[{\"@type\":\"WebPage\",\"@id\":\"https:\/\/blogs.thesocialmedia.com\/leblogmoto\/2006\/03\/31\/la-dorna-monte-1\/\",\"url\":\"https:\/\/blogs.thesocialmedia.com\/leblogmoto\/2006\/03\/31\/la-dorna-monte-1\/\",\"name\":\"La DORNA monte sa garderie: II La RED BULL MotoGP Academy - leblogmoto.com\",\"isPartOf\":{\"@id\":\"https:\/\/blogs.thesocialmedia.com\/leblogmoto\/#website\"},\"primaryImageOfPage\":{\"@id\":\"https:\/\/blogs.thesocialmedia.com\/leblogmoto\/2006\/03\/31\/la-dorna-monte-1\/#primaryimage\"},\"image\":{\"@id\":\"https:\/\/blogs.thesocialmedia.com\/leblogmoto\/2006\/03\/31\/la-dorna-monte-1\/#primaryimage\"},\"thumbnailUrl\":\"http:\/\/www.leblogmoto.com\/images\/img_2545v.jpg\",\"datePublished\":\"2006-03-31T22:07:48+00:00\",\"dateModified\":\"2012-07-11T14:18:53+00:00\",\"author\":{\"@id\":\"https:\/\/blogs.thesocialmedia.com\/leblogmoto\/#\/schema\/person\/1a1dcfc7cec206573105eb4af91155c2\"},\"breadcrumb\":{\"@id\":\"https:\/\/blogs.thesocialmedia.com\/leblogmoto\/2006\/03\/31\/la-dorna-monte-1\/#breadcrumb\"},\"inLanguage\":\"fr-FR\",\"potentialAction\":[{\"@type\":\"ReadAction\",\"target\":[\"https:\/\/blogs.thesocialmedia.com\/leblogmoto\/2006\/03\/31\/la-dorna-monte-1\/\"]}]},{\"@type\":\"ImageObject\",\"inLanguage\":\"fr-FR\",\"@id\":\"https:\/\/blogs.thesocialmedia.com\/leblogmoto\/2006\/03\/31\/la-dorna-monte-1\/#primaryimage\",\"url\":\"http:\/\/www.leblogmoto.com\/images\/img_2545v.jpg\",\"contentUrl\":\"http:\/\/www.leblogmoto.com\/images\/img_2545v.jpg\"},{\"@type\":\"BreadcrumbList\",\"@id\":\"https:\/\/blogs.thesocialmedia.com\/leblogmoto\/2006\/03\/31\/la-dorna-monte-1\/#breadcrumb\",\"itemListElement\":[{\"@type\":\"ListItem\",\"position\":1,\"name\":\"Accueil\",\"item\":\"https:\/\/blogs.thesocialmedia.com\/leblogmoto\/\"},{\"@type\":\"ListItem\",\"position\":2,\"name\":\"La DORNA monte sa garderie: II La RED BULL MotoGP Academy\"}]},{\"@type\":\"WebSite\",\"@id\":\"https:\/\/blogs.thesocialmedia.com\/leblogmoto\/#website\",\"url\":\"https:\/\/blogs.thesocialmedia.com\/leblogmoto\/\",\"name\":\"leblogmoto\",\"description\":\"Toute l&#039;actualit\u00e9 des 2 roues\",\"potentialAction\":[{\"@type\":\"SearchAction\",\"target\":{\"@type\":\"EntryPoint\",\"urlTemplate\":\"https:\/\/blogs.thesocialmedia.com\/leblogmoto\/?s={search_term_string}\"},\"query-input\":{\"@type\":\"PropertyValueSpecification\",\"valueRequired\":true,\"valueName\":\"search_term_string\"}}],\"inLanguage\":\"fr-FR\"},{\"@type\":\"Person\",\"@id\":\"https:\/\/blogs.thesocialmedia.com\/leblogmoto\/#\/schema\/person\/1a1dcfc7cec206573105eb4af91155c2\",\"name\":\"andre leconde\",\"image\":{\"@type\":\"ImageObject\",\"inLanguage\":\"fr-FR\",\"@id\":\"https:\/\/blogs.thesocialmedia.com\/leblogmoto\/#\/schema\/person\/image\/\",\"url\":\"https:\/\/secure.gravatar.com\/avatar\/?s=96&d=mm&r=g\",\"contentUrl\":\"https:\/\/secure.gravatar.com\/avatar\/?s=96&d=mm&r=g\",\"caption\":\"andre leconde\"},\"url\":\"https:\/\/blogs.thesocialmedia.com\/leblogmoto\/author\/andre-leconde\/\"}]}<\/script>\n<!-- \/ Yoast SEO plugin. -->","yoast_head_json":{"title":"La DORNA monte sa garderie: II La RED BULL MotoGP Academy - leblogmoto.com","robots":{"index":"index","follow":"follow","max-snippet":"max-snippet:-1","max-image-preview":"max-image-preview:large","max-video-preview":"max-video-preview:-1"},"canonical":"https:\/\/blogs.thesocialmedia.com\/leblogmoto\/2006\/03\/31\/la-dorna-monte-1\/","twitter_card":"summary_large_image","twitter_title":"La DORNA monte sa garderie: II La RED BULL MotoGP Academy - leblogmoto.com","twitter_description":"Qu&rsquo;on se le dise, la travail d&rsquo;Umbrella girl est en danger. Les belles \u00e0 la toilette d\u00e9lur\u00e9e risque bien d&rsquo;\u00eatre les victimes collat\u00e9rales d&rsquo;un rajeunissement brutal du plateau MotoGP, au nom de la pr\u00e9servation des bonnes moeurs de gamins susceptibles d&rsquo;\u00eatre dangereusement d\u00e9rang\u00e9s dans leur concentration d&rsquo;avant course. Car s&rsquo;ils auront le droit d&rsquo;\u00eatre tendus, [&hellip;]","twitter_image":"http:\/\/www.leblogmoto.com\/images\/img_2545v.jpg","twitter_misc":{"\u00c9crit par":"andre leconde","Dur\u00e9e de lecture estim\u00e9e":"2 minutes"},"schema":{"@context":"https:\/\/schema.org","@graph":[{"@type":"WebPage","@id":"https:\/\/blogs.thesocialmedia.com\/leblogmoto\/2006\/03\/31\/la-dorna-monte-1\/","url":"https:\/\/blogs.thesocialmedia.com\/leblogmoto\/2006\/03\/31\/la-dorna-monte-1\/","name":"La DORNA monte sa garderie: II La RED BULL MotoGP Academy - leblogmoto.com","isPartOf":{"@id":"https:\/\/blogs.thesocialmedia.com\/leblogmoto\/#website"},"primaryImageOfPage":{"@id":"https:\/\/blogs.thesocialmedia.com\/leblogmoto\/2006\/03\/31\/la-dorna-monte-1\/#primaryimage"},"image":{"@id":"https:\/\/blogs.thesocialmedia.com\/leblogmoto\/2006\/03\/31\/la-dorna-monte-1\/#primaryimage"},"thumbnailUrl":"http:\/\/www.leblogmoto.com\/images\/img_2545v.jpg","datePublished":"2006-03-31T22:07:48+00:00","dateModified":"2012-07-11T14:18:53+00:00","author":{"@id":"https:\/\/blogs.thesocialmedia.com\/leblogmoto\/#\/schema\/person\/1a1dcfc7cec206573105eb4af91155c2"},"breadcrumb":{"@id":"https:\/\/blogs.thesocialmedia.com\/leblogmoto\/2006\/03\/31\/la-dorna-monte-1\/#breadcrumb"},"inLanguage":"fr-FR","potentialAction":[{"@type":"ReadAction","target":["https:\/\/blogs.thesocialmedia.com\/leblogmoto\/2006\/03\/31\/la-dorna-monte-1\/"]}]},{"@type":"ImageObject","inLanguage":"fr-FR","@id":"https:\/\/blogs.thesocialmedia.com\/leblogmoto\/2006\/03\/31\/la-dorna-monte-1\/#primaryimage","url":"http:\/\/www.leblogmoto.com\/images\/img_2545v.jpg","contentUrl":"http:\/\/www.leblogmoto.com\/images\/img_2545v.jpg"},{"@type":"BreadcrumbList","@id":"https:\/\/blogs.thesocialmedia.com\/leblogmoto\/2006\/03\/31\/la-dorna-monte-1\/#breadcrumb","itemListElement":[{"@type":"ListItem","position":1,"name":"Accueil","item":"https:\/\/blogs.thesocialmedia.com\/leblogmoto\/"},{"@type":"ListItem","position":2,"name":"La DORNA monte sa garderie: II La RED BULL MotoGP Academy"}]},{"@type":"WebSite","@id":"https:\/\/blogs.thesocialmedia.com\/leblogmoto\/#website","url":"https:\/\/blogs.thesocialmedia.com\/leblogmoto\/","name":"leblogmoto","description":"Toute l&#039;actualit\u00e9 des 2 roues","potentialAction":[{"@type":"SearchAction","target":{"@type":"EntryPoint","urlTemplate":"https:\/\/blogs.thesocialmedia.com\/leblogmoto\/?s={search_term_string}"},"query-input":{"@type":"PropertyValueSpecification","valueRequired":true,"valueName":"search_term_string"}}],"inLanguage":"fr-FR"},{"@type":"Person","@id":"https:\/\/blogs.thesocialmedia.com\/leblogmoto\/#\/schema\/person\/1a1dcfc7cec206573105eb4af91155c2","name":"andre leconde","image":{"@type":"ImageObject","inLanguage":"fr-FR","@id":"https:\/\/blogs.thesocialmedia.com\/leblogmoto\/#\/schema\/person\/image\/","url":"https:\/\/secure.gravatar.com\/avatar\/?s=96&d=mm&r=g","contentUrl":"https:\/\/secure.gravatar.com\/avatar\/?s=96&d=mm&r=g","caption":"andre leconde"},"url":"https:\/\/blogs.thesocialmedia.com\/leblogmoto\/author\/andre-leconde\/"}]}},"_links":{"self":[{"href":"https:\/\/blogs.thesocialmedia.com\/leblogmoto\/wp-json\/wp\/v2\/posts\/1952","targetHints":{"allow":["GET"]}}],"collection":[{"href":"https:\/\/blogs.thesocialmedia.com\/leblogmoto\/wp-json\/wp\/v2\/posts"}],"about":[{"href":"https:\/\/blogs.thesocialmedia.com\/leblogmoto\/wp-json\/wp\/v2\/types\/post"}],"author":[{"embeddable":true,"href":"https:\/\/blogs.thesocialmedia.com\/leblogmoto\/wp-json\/wp\/v2\/users\/336"}],"replies":[{"embeddable":true,"href":"https:\/\/blogs.thesocialmedia.com\/leblogmoto\/wp-json\/wp\/v2\/comments?post=1952"}],"version-history":[{"count":2,"href":"https:\/\/blogs.thesocialmedia.com\/leblogmoto\/wp-json\/wp\/v2\/posts\/1952\/revisions"}],"predecessor-version":[{"id":7246,"href":"https:\/\/blogs.thesocialmedia.com\/leblogmoto\/wp-json\/wp\/v2\/posts\/1952\/revisions\/7246"}],"wp:attachment":[{"href":"https:\/\/blogs.thesocialmedia.com\/leblogmoto\/wp-json\/wp\/v2\/media?parent=1952"}],"wp:term":[{"taxonomy":"category","embeddable":true,"href":"https:\/\/blogs.thesocialmedia.com\/leblogmoto\/wp-json\/wp\/v2\/categories?post=1952"},{"taxonomy":"post_tag","embeddable":true,"href":"https:\/\/blogs.thesocialmedia.com\/leblogmoto\/wp-json\/wp\/v2\/tags?post=1952"}],"curies":[{"name":"wp","href":"https:\/\/api.w.org\/{rel}","templated":true}]}}