{"id":1953,"date":"2006-03-31T21:44:08","date_gmt":"2006-03-31T21:44:08","guid":{"rendered":"http:\/\/blogs.thesocialmedia.com\/leblogmoto\/2006\/03\/31\/la-dorna-monte-2\/"},"modified":"2012-07-11T14:18:51","modified_gmt":"2012-07-11T14:18:51","slug":"la-dorna-monte-2","status":"publish","type":"post","link":"https:\/\/blogs.thesocialmedia.com\/leblogmoto\/2006\/03\/31\/la-dorna-monte-2\/","title":{"rendered":"La DORNA monte sa garderie: I Les partenaires"},"content":{"rendered":"<p><a href=\"http:\/\/blogs.thesocialmedia.com\/leblogmoto\/files\/2012\/07\/sensibilisation_jeune.jpg\"><img loading=\"lazy\" decoding=\"async\" height=\"187\" alt=\"Sensibilisation_jeune\" src=\"http:\/\/www.leblogmoto.com\/images\/sensibilisation_jeune.jpg\" width=\"250\"  \/><\/a>Le monde des GP va-t-il ressembler, \u00e0 moyen terme, \u00e0 un pensionnat pour jouvenceaux m\u00fbris pr\u00e9cocement \u00e0 la lumi\u00e8re crue de la comp\u00e9tition et de ses verdicts chronom\u00e9triques ? <\/p>\n<p>Il semble que les pr\u00e9mices de cette tendance se soient d\u00e9j\u00e0 manifest\u00e9es \u00e0 l&rsquo;aube de cette saison qui s&rsquo;annonce incertaine et passionnante: <a href=\"http:\/\/www.leblogmoto.com\/2006\/03\/pedrosa_dj_outs.html\">PEDROSA<\/a> qui \u00e9choue de peu pour la victoire alors que du haut de ses vingt ans il participait \u00e0 son premier GP dans la cat\u00e9gorie reine, <a href=\"http:\/\/www.leblogmoto.com\/2006\/03\/yamaha_mobilisa.html\">ELIAS<\/a>, quatri\u00e8me suite \u00e0 une remont\u00e9e oblig\u00e9e apr\u00e8s avoir mis le Ma\u00eetre \u00e0 terre au d\u00e9part, <strong>STONER<\/strong>, sixi\u00e8me, se remettant pourtant \u00e0 peine d&rsquo;une vilaine blessure hivernale.<\/p>\n<p>Et pour la <strong>DORNA<\/strong>, \u00e7a ne fait que commencer&#8230;<\/p>\n<p>&nbsp; &nbsp;&nbsp; <\/p>\n<p><a href=\"http:\/\/clabedan.typepad.com\/.shared\/image.html?\/photos\/uncategorized\/kitadhesivosktmredbull.jpg\"><img loading=\"lazy\" decoding=\"async\" height=\"187\" alt=\"Kitadhesivosktmredbull\" src=\"http:\/\/www.leblogmoto.com\/images\/kitadhesivosktmredbull.jpg\" width=\"250\"  \/><\/a>Le point commun des trois cit\u00e9s ? <strong>Alberto PUIG<\/strong>. Lui m\u00eame n&rsquo;aurait rien pu faire seul et la DORNA compte bien p\u00e9renniser le mouvement. <strong>RED BULL<\/strong> et <a href=\"http:\/\/www.leblogmoto.com\/2006\/03\/orange_days_ktm.html\">KTM<\/a> ont dit chiche et se chargeront de donner les moyens d&rsquo;un programme ambitieux.&nbsp; <\/p>\n<p>Le leader de la boisson \u00e9nergisante va financer les biberons de ces petits champions en herbe en soutenant un programme voulu par la DORNA. En substance, il s&rsquo;agira de donner une structure pour que de tr\u00e8s jeunes pilotes se mettent \u00e0 la comp\u00e9tition dans les meilleures conditions et se forgent une mentalit\u00e9 de vainqueur \u00e0 l&rsquo;\u00e2ge de la d\u00e9couverte des sens.<\/p>\n<p><a href=\"http:\/\/clabedan.typepad.com\/.shared\/image.html?\/photos\/uncategorized\/beanieredbull.jpg\"><img loading=\"lazy\" decoding=\"async\" height=\"322\" alt=\"Beanieredbull\" src=\"http:\/\/www.leblogmoto.com\/images\/beanieredbull.jpg\" width=\"250\"  \/><\/a>Les sous trouv\u00e9s, il faut la technique, et c&rsquo;est <strong>KTM<\/strong> qui va s&rsquo;en charger. C&rsquo;est sur ses motos, ses <strong>125<\/strong>, que ces gamins vont se former au pilotage. Avec, pour objectif, int\u00e9grer le<strong> junior team<\/strong> qui est align\u00e9 en mondial de la cylindr\u00e9e.<\/p>\n<p>Cette philosophie n&rsquo;est pas, en soi, une nouveaut\u00e9, puisque <strong>REPSOL<\/strong> et <strong>HONDA<\/strong> en ont fait tout autant&nbsp; en leur temps, avec le succ\u00e8s que l&rsquo;on voit aujourd&rsquo;hui. M\u00e9moire vive de cette d\u00e9marche, <strong>Alberto PUIG<\/strong>, l&rsquo;incontournable, replonge ici pour l&rsquo;occasion.<\/p>\n<p>Les sous, les machines, mais pour quelle fili\u00e8re ? Les gamins sont heureux, il y en a deux: le <strong>MotoGP Academy<\/strong> et la <strong>MotoGP Rookies Cup<\/strong>&#8230;<\/p>\n<p>A suivre&#8230;&nbsp; &nbsp; <\/p>\n","protected":false},"excerpt":{"rendered":"<p>Le monde des GP va-t-il ressembler, \u00e0 moyen terme, \u00e0 un pensionnat pour jouvenceaux m\u00fbris pr\u00e9cocement \u00e0 la lumi\u00e8re crue de la comp\u00e9tition et de ses verdicts chronom\u00e9triques ? Il semble que les pr\u00e9mices de cette tendance se soient d\u00e9j\u00e0 manifest\u00e9es \u00e0 l&rsquo;aube de cette saison qui s&rsquo;annonce incertaine et passionnante: PEDROSA qui \u00e9choue de [&hellip;]<\/p>\n","protected":false},"author":336,"featured_media":0,"comment_status":"open","ping_status":"open","sticky":false,"template":"","format":"standard","meta":{"footnotes":""},"categories":[3,22,32],"tags":[],"class_list":["post-1953","post","type-post","status-publish","format-standard","hentry","category-actualite","category-motogp","category-sport-moto"],"yoast_head":"<!-- This site is optimized with the Yoast SEO plugin v26.0 - https:\/\/yoast.com\/wordpress\/plugins\/seo\/ -->\n<title>La DORNA monte sa garderie: I Les partenaires - leblogmoto.com<\/title>\n<meta name=\"robots\" content=\"index, follow, max-snippet:-1, max-image-preview:large, max-video-preview:-1\" \/>\n<link rel=\"canonical\" href=\"https:\/\/blogs.thesocialmedia.com\/leblogmoto\/2006\/03\/31\/la-dorna-monte-2\/\" \/>\n<meta name=\"twitter:card\" content=\"summary_large_image\" \/>\n<meta name=\"twitter:title\" content=\"La DORNA monte sa garderie: I Les partenaires - leblogmoto.com\" \/>\n<meta name=\"twitter:description\" content=\"Le monde des GP va-t-il ressembler, \u00e0 moyen terme, \u00e0 un pensionnat pour jouvenceaux m\u00fbris pr\u00e9cocement \u00e0 la lumi\u00e8re crue de la comp\u00e9tition et de ses verdicts chronom\u00e9triques ? Il semble que les pr\u00e9mices de cette tendance se soient d\u00e9j\u00e0 manifest\u00e9es \u00e0 l&rsquo;aube de cette saison qui s&rsquo;annonce incertaine et passionnante: PEDROSA qui \u00e9choue de [&hellip;]\" \/>\n<meta name=\"twitter:image\" content=\"http:\/\/www.leblogmoto.com\/images\/sensibilisation_jeune.jpg\" \/>\n<meta name=\"twitter:label1\" content=\"\u00c9crit par\" \/>\n\t<meta name=\"twitter:data1\" content=\"andre leconde\" \/>\n\t<meta name=\"twitter:label2\" content=\"Dur\u00e9e de lecture estim\u00e9e\" \/>\n\t<meta name=\"twitter:data2\" content=\"2 minutes\" \/>\n<script type=\"application\/ld+json\" class=\"yoast-schema-graph\">{\"@context\":\"https:\/\/schema.org\",\"@graph\":[{\"@type\":\"WebPage\",\"@id\":\"https:\/\/blogs.thesocialmedia.com\/leblogmoto\/2006\/03\/31\/la-dorna-monte-2\/\",\"url\":\"https:\/\/blogs.thesocialmedia.com\/leblogmoto\/2006\/03\/31\/la-dorna-monte-2\/\",\"name\":\"La DORNA monte sa garderie: I Les partenaires - leblogmoto.com\",\"isPartOf\":{\"@id\":\"https:\/\/blogs.thesocialmedia.com\/leblogmoto\/#website\"},\"primaryImageOfPage\":{\"@id\":\"https:\/\/blogs.thesocialmedia.com\/leblogmoto\/2006\/03\/31\/la-dorna-monte-2\/#primaryimage\"},\"image\":{\"@id\":\"https:\/\/blogs.thesocialmedia.com\/leblogmoto\/2006\/03\/31\/la-dorna-monte-2\/#primaryimage\"},\"thumbnailUrl\":\"http:\/\/www.leblogmoto.com\/images\/sensibilisation_jeune.jpg\",\"datePublished\":\"2006-03-31T21:44:08+00:00\",\"dateModified\":\"2012-07-11T14:18:51+00:00\",\"author\":{\"@id\":\"https:\/\/blogs.thesocialmedia.com\/leblogmoto\/#\/schema\/person\/1a1dcfc7cec206573105eb4af91155c2\"},\"breadcrumb\":{\"@id\":\"https:\/\/blogs.thesocialmedia.com\/leblogmoto\/2006\/03\/31\/la-dorna-monte-2\/#breadcrumb\"},\"inLanguage\":\"fr-FR\",\"potentialAction\":[{\"@type\":\"ReadAction\",\"target\":[\"https:\/\/blogs.thesocialmedia.com\/leblogmoto\/2006\/03\/31\/la-dorna-monte-2\/\"]}]},{\"@type\":\"ImageObject\",\"inLanguage\":\"fr-FR\",\"@id\":\"https:\/\/blogs.thesocialmedia.com\/leblogmoto\/2006\/03\/31\/la-dorna-monte-2\/#primaryimage\",\"url\":\"http:\/\/www.leblogmoto.com\/images\/sensibilisation_jeune.jpg\",\"contentUrl\":\"http:\/\/www.leblogmoto.com\/images\/sensibilisation_jeune.jpg\"},{\"@type\":\"BreadcrumbList\",\"@id\":\"https:\/\/blogs.thesocialmedia.com\/leblogmoto\/2006\/03\/31\/la-dorna-monte-2\/#breadcrumb\",\"itemListElement\":[{\"@type\":\"ListItem\",\"position\":1,\"name\":\"Accueil\",\"item\":\"https:\/\/blogs.thesocialmedia.com\/leblogmoto\/\"},{\"@type\":\"ListItem\",\"position\":2,\"name\":\"La DORNA monte sa garderie: I Les partenaires\"}]},{\"@type\":\"WebSite\",\"@id\":\"https:\/\/blogs.thesocialmedia.com\/leblogmoto\/#website\",\"url\":\"https:\/\/blogs.thesocialmedia.com\/leblogmoto\/\",\"name\":\"leblogmoto\",\"description\":\"Toute l&#039;actualit\u00e9 des 2 roues\",\"potentialAction\":[{\"@type\":\"SearchAction\",\"target\":{\"@type\":\"EntryPoint\",\"urlTemplate\":\"https:\/\/blogs.thesocialmedia.com\/leblogmoto\/?s={search_term_string}\"},\"query-input\":{\"@type\":\"PropertyValueSpecification\",\"valueRequired\":true,\"valueName\":\"search_term_string\"}}],\"inLanguage\":\"fr-FR\"},{\"@type\":\"Person\",\"@id\":\"https:\/\/blogs.thesocialmedia.com\/leblogmoto\/#\/schema\/person\/1a1dcfc7cec206573105eb4af91155c2\",\"name\":\"andre leconde\",\"image\":{\"@type\":\"ImageObject\",\"inLanguage\":\"fr-FR\",\"@id\":\"https:\/\/blogs.thesocialmedia.com\/leblogmoto\/#\/schema\/person\/image\/\",\"url\":\"https:\/\/secure.gravatar.com\/avatar\/?s=96&d=mm&r=g\",\"contentUrl\":\"https:\/\/secure.gravatar.com\/avatar\/?s=96&d=mm&r=g\",\"caption\":\"andre leconde\"},\"url\":\"https:\/\/blogs.thesocialmedia.com\/leblogmoto\/author\/andre-leconde\/\"}]}<\/script>\n<!-- \/ Yoast SEO plugin. -->","yoast_head_json":{"title":"La DORNA monte sa garderie: I Les partenaires - leblogmoto.com","robots":{"index":"index","follow":"follow","max-snippet":"max-snippet:-1","max-image-preview":"max-image-preview:large","max-video-preview":"max-video-preview:-1"},"canonical":"https:\/\/blogs.thesocialmedia.com\/leblogmoto\/2006\/03\/31\/la-dorna-monte-2\/","twitter_card":"summary_large_image","twitter_title":"La DORNA monte sa garderie: I Les partenaires - leblogmoto.com","twitter_description":"Le monde des GP va-t-il ressembler, \u00e0 moyen terme, \u00e0 un pensionnat pour jouvenceaux m\u00fbris pr\u00e9cocement \u00e0 la lumi\u00e8re crue de la comp\u00e9tition et de ses verdicts chronom\u00e9triques ? Il semble que les pr\u00e9mices de cette tendance se soient d\u00e9j\u00e0 manifest\u00e9es \u00e0 l&rsquo;aube de cette saison qui s&rsquo;annonce incertaine et passionnante: PEDROSA qui \u00e9choue de [&hellip;]","twitter_image":"http:\/\/www.leblogmoto.com\/images\/sensibilisation_jeune.jpg","twitter_misc":{"\u00c9crit par":"andre leconde","Dur\u00e9e de lecture estim\u00e9e":"2 minutes"},"schema":{"@context":"https:\/\/schema.org","@graph":[{"@type":"WebPage","@id":"https:\/\/blogs.thesocialmedia.com\/leblogmoto\/2006\/03\/31\/la-dorna-monte-2\/","url":"https:\/\/blogs.thesocialmedia.com\/leblogmoto\/2006\/03\/31\/la-dorna-monte-2\/","name":"La DORNA monte sa garderie: I Les partenaires - leblogmoto.com","isPartOf":{"@id":"https:\/\/blogs.thesocialmedia.com\/leblogmoto\/#website"},"primaryImageOfPage":{"@id":"https:\/\/blogs.thesocialmedia.com\/leblogmoto\/2006\/03\/31\/la-dorna-monte-2\/#primaryimage"},"image":{"@id":"https:\/\/blogs.thesocialmedia.com\/leblogmoto\/2006\/03\/31\/la-dorna-monte-2\/#primaryimage"},"thumbnailUrl":"http:\/\/www.leblogmoto.com\/images\/sensibilisation_jeune.jpg","datePublished":"2006-03-31T21:44:08+00:00","dateModified":"2012-07-11T14:18:51+00:00","author":{"@id":"https:\/\/blogs.thesocialmedia.com\/leblogmoto\/#\/schema\/person\/1a1dcfc7cec206573105eb4af91155c2"},"breadcrumb":{"@id":"https:\/\/blogs.thesocialmedia.com\/leblogmoto\/2006\/03\/31\/la-dorna-monte-2\/#breadcrumb"},"inLanguage":"fr-FR","potentialAction":[{"@type":"ReadAction","target":["https:\/\/blogs.thesocialmedia.com\/leblogmoto\/2006\/03\/31\/la-dorna-monte-2\/"]}]},{"@type":"ImageObject","inLanguage":"fr-FR","@id":"https:\/\/blogs.thesocialmedia.com\/leblogmoto\/2006\/03\/31\/la-dorna-monte-2\/#primaryimage","url":"http:\/\/www.leblogmoto.com\/images\/sensibilisation_jeune.jpg","contentUrl":"http:\/\/www.leblogmoto.com\/images\/sensibilisation_jeune.jpg"},{"@type":"BreadcrumbList","@id":"https:\/\/blogs.thesocialmedia.com\/leblogmoto\/2006\/03\/31\/la-dorna-monte-2\/#breadcrumb","itemListElement":[{"@type":"ListItem","position":1,"name":"Accueil","item":"https:\/\/blogs.thesocialmedia.com\/leblogmoto\/"},{"@type":"ListItem","position":2,"name":"La DORNA monte sa garderie: I Les partenaires"}]},{"@type":"WebSite","@id":"https:\/\/blogs.thesocialmedia.com\/leblogmoto\/#website","url":"https:\/\/blogs.thesocialmedia.com\/leblogmoto\/","name":"leblogmoto","description":"Toute l&#039;actualit\u00e9 des 2 roues","potentialAction":[{"@type":"SearchAction","target":{"@type":"EntryPoint","urlTemplate":"https:\/\/blogs.thesocialmedia.com\/leblogmoto\/?s={search_term_string}"},"query-input":{"@type":"PropertyValueSpecification","valueRequired":true,"valueName":"search_term_string"}}],"inLanguage":"fr-FR"},{"@type":"Person","@id":"https:\/\/blogs.thesocialmedia.com\/leblogmoto\/#\/schema\/person\/1a1dcfc7cec206573105eb4af91155c2","name":"andre leconde","image":{"@type":"ImageObject","inLanguage":"fr-FR","@id":"https:\/\/blogs.thesocialmedia.com\/leblogmoto\/#\/schema\/person\/image\/","url":"https:\/\/secure.gravatar.com\/avatar\/?s=96&d=mm&r=g","contentUrl":"https:\/\/secure.gravatar.com\/avatar\/?s=96&d=mm&r=g","caption":"andre leconde"},"url":"https:\/\/blogs.thesocialmedia.com\/leblogmoto\/author\/andre-leconde\/"}]}},"_links":{"self":[{"href":"https:\/\/blogs.thesocialmedia.com\/leblogmoto\/wp-json\/wp\/v2\/posts\/1953","targetHints":{"allow":["GET"]}}],"collection":[{"href":"https:\/\/blogs.thesocialmedia.com\/leblogmoto\/wp-json\/wp\/v2\/posts"}],"about":[{"href":"https:\/\/blogs.thesocialmedia.com\/leblogmoto\/wp-json\/wp\/v2\/types\/post"}],"author":[{"embeddable":true,"href":"https:\/\/blogs.thesocialmedia.com\/leblogmoto\/wp-json\/wp\/v2\/users\/336"}],"replies":[{"embeddable":true,"href":"https:\/\/blogs.thesocialmedia.com\/leblogmoto\/wp-json\/wp\/v2\/comments?post=1953"}],"version-history":[{"count":2,"href":"https:\/\/blogs.thesocialmedia.com\/leblogmoto\/wp-json\/wp\/v2\/posts\/1953\/revisions"}],"predecessor-version":[{"id":7244,"href":"https:\/\/blogs.thesocialmedia.com\/leblogmoto\/wp-json\/wp\/v2\/posts\/1953\/revisions\/7244"}],"wp:attachment":[{"href":"https:\/\/blogs.thesocialmedia.com\/leblogmoto\/wp-json\/wp\/v2\/media?parent=1953"}],"wp:term":[{"taxonomy":"category","embeddable":true,"href":"https:\/\/blogs.thesocialmedia.com\/leblogmoto\/wp-json\/wp\/v2\/categories?post=1953"},{"taxonomy":"post_tag","embeddable":true,"href":"https:\/\/blogs.thesocialmedia.com\/leblogmoto\/wp-json\/wp\/v2\/tags?post=1953"}],"curies":[{"name":"wp","href":"https:\/\/api.w.org\/{rel}","templated":true}]}}