{"id":1955,"date":"2006-03-30T22:52:36","date_gmt":"2006-03-30T22:52:36","guid":{"rendered":"http:\/\/blogs.thesocialmedia.com\/leblogmoto\/2006\/03\/30\/ducati-prsente\/"},"modified":"2012-07-11T14:18:47","modified_gmt":"2012-07-11T14:18:47","slug":"ducati-prsente","status":"publish","type":"post","link":"https:\/\/blogs.thesocialmedia.com\/leblogmoto\/2006\/03\/30\/ducati-prsente\/","title":{"rendered":"DUCATI pr\u00e9sente l&rsquo;eau de Bologne"},"content":{"rendered":"<p><a href=\"http:\/\/blogs.thesocialmedia.com\/leblogmoto\/files\/2012\/07\/ducatizegna.jpg\"><img loading=\"lazy\" decoding=\"async\" height=\"427\" alt=\"Ducatizegna\" src=\"http:\/\/www.leblogmoto.com\/images\/ducatizegna.jpg\" width=\"250\"  \/><\/a>Voil\u00e0 ce qui manquait \u00e0 <a href=\"http:\/\/www.leblogmoto.com\/2006\/03\/ducati_cest_le_.html\">DUCATI<\/a> dans sa collection de produits d\u00e9riv\u00e9s.<\/p>\n<p>Ayant bien appris la le\u00e7on <a href=\"http:\/\/www.leblogmoto.com\/2006\/03\/post_2.html\">HARLEY DAVIDSON<\/a>, le constructeur italien a donc d\u00e9cid\u00e9 non seulement d&rsquo;habiller son client de la t\u00eate au pied, ne s&rsquo;est pas modestement content\u00e9 de lui fournir toute la <a href=\"http:\/\/www.leblogmoto.com\/2006\/03\/ducati_aprs_les.html\">bagagerie<\/a> utile \u00e0 ses d\u00e9placements, non, il s&rsquo;est \u00e0 pr\u00e9sent mis en t\u00eate de s&rsquo;occuper de sa <strong>toilette<\/strong>.<\/p>\n<p>En collaboration avec le sp\u00e9cialiste de l&rsquo;effluve et de l&rsquo;ataraxie <strong>Ermenegildo Zegna<\/strong>, voici une bouteille magique renfermant des exhalaisons de sportivit\u00e9, de style et de s\u00e9duction. Si, si, avec une solide m\u00e9thode Cou\u00e9, c&rsquo;est possible.&nbsp; <\/p>\n<p>De quoi faire tomber en pamoison toute la gente f\u00e9minine \u00e0 proximit\u00e9 de l&rsquo;ouverture du cuir renfermant le viril effort d\u00e9ploy\u00e9 sur des kilom\u00e8tres abattus avec sa <a href=\"http:\/\/www.leblogmoto.com\/2006\/03\/sbk_ducati_vers.html\">belle et rutilante<\/a> italienne.<\/p>\n<p>Voil\u00e0 que l&rsquo;amour du blason s&rsquo;invite \u00e0 pr\u00e9sent dans l&rsquo;intimit\u00e9 de celui qui la partage. Seulement voil\u00e0, il y a comme une faute de go\u00fbt ou un message subliminal qui m\u00e9rite d&rsquo;\u00eatre sociologiquement d\u00e9cortiqu\u00e9; la fiole de spray de <strong>100 ml<\/strong> n&rsquo;est propos\u00e9e qu&rsquo;aux m\u00e2les. <\/p>\n<p>SOURCE: <a href=\"http:\/\/www.zzegna-ducati.com\">www.zzegna-ducati.com<\/a> <\/p>\n<p>&nbsp; &nbsp;&nbsp; &nbsp; <\/p><\/p>\n","protected":false},"excerpt":{"rendered":"<p>Voil\u00e0 ce qui manquait \u00e0 DUCATI dans sa collection de produits d\u00e9riv\u00e9s. Ayant bien appris la le\u00e7on HARLEY DAVIDSON, le constructeur italien a donc d\u00e9cid\u00e9 non seulement d&rsquo;habiller son client de la t\u00eate au pied, ne s&rsquo;est pas modestement content\u00e9 de lui fournir toute la bagagerie utile \u00e0 ses d\u00e9placements, non, il s&rsquo;est \u00e0 pr\u00e9sent [&hellip;]<\/p>\n","protected":false},"author":336,"featured_media":0,"comment_status":"open","ping_status":"open","sticky":false,"template":"","format":"standard","meta":{"footnotes":""},"categories":[49,41],"tags":[],"class_list":["post-1955","post","type-post","status-publish","format-standard","hentry","category-actualites-entreprise","category-ducati"],"yoast_head":"<!-- This site is optimized with the Yoast SEO plugin v26.0 - https:\/\/yoast.com\/wordpress\/plugins\/seo\/ -->\n<title>DUCATI pr\u00e9sente l&#039;eau de Bologne - leblogmoto.com<\/title>\n<meta name=\"robots\" content=\"index, follow, max-snippet:-1, max-image-preview:large, max-video-preview:-1\" \/>\n<link rel=\"canonical\" href=\"https:\/\/blogs.thesocialmedia.com\/leblogmoto\/2006\/03\/30\/ducati-prsente\/\" \/>\n<meta name=\"twitter:card\" content=\"summary_large_image\" \/>\n<meta name=\"twitter:title\" content=\"DUCATI pr\u00e9sente l&#039;eau de Bologne - leblogmoto.com\" \/>\n<meta name=\"twitter:description\" content=\"Voil\u00e0 ce qui manquait \u00e0 DUCATI dans sa collection de produits d\u00e9riv\u00e9s. Ayant bien appris la le\u00e7on HARLEY DAVIDSON, le constructeur italien a donc d\u00e9cid\u00e9 non seulement d&rsquo;habiller son client de la t\u00eate au pied, ne s&rsquo;est pas modestement content\u00e9 de lui fournir toute la bagagerie utile \u00e0 ses d\u00e9placements, non, il s&rsquo;est \u00e0 pr\u00e9sent [&hellip;]\" \/>\n<meta name=\"twitter:image\" content=\"http:\/\/www.leblogmoto.com\/images\/ducatizegna.jpg\" \/>\n<meta name=\"twitter:label1\" content=\"\u00c9crit par\" \/>\n\t<meta name=\"twitter:data1\" content=\"andre leconde\" \/>\n\t<meta name=\"twitter:label2\" content=\"Dur\u00e9e de lecture estim\u00e9e\" \/>\n\t<meta name=\"twitter:data2\" content=\"1 minute\" \/>\n<script type=\"application\/ld+json\" class=\"yoast-schema-graph\">{\"@context\":\"https:\/\/schema.org\",\"@graph\":[{\"@type\":\"WebPage\",\"@id\":\"https:\/\/blogs.thesocialmedia.com\/leblogmoto\/2006\/03\/30\/ducati-prsente\/\",\"url\":\"https:\/\/blogs.thesocialmedia.com\/leblogmoto\/2006\/03\/30\/ducati-prsente\/\",\"name\":\"DUCATI pr\u00e9sente l'eau de Bologne - leblogmoto.com\",\"isPartOf\":{\"@id\":\"https:\/\/blogs.thesocialmedia.com\/leblogmoto\/#website\"},\"primaryImageOfPage\":{\"@id\":\"https:\/\/blogs.thesocialmedia.com\/leblogmoto\/2006\/03\/30\/ducati-prsente\/#primaryimage\"},\"image\":{\"@id\":\"https:\/\/blogs.thesocialmedia.com\/leblogmoto\/2006\/03\/30\/ducati-prsente\/#primaryimage\"},\"thumbnailUrl\":\"http:\/\/www.leblogmoto.com\/images\/ducatizegna.jpg\",\"datePublished\":\"2006-03-30T22:52:36+00:00\",\"dateModified\":\"2012-07-11T14:18:47+00:00\",\"author\":{\"@id\":\"https:\/\/blogs.thesocialmedia.com\/leblogmoto\/#\/schema\/person\/1a1dcfc7cec206573105eb4af91155c2\"},\"breadcrumb\":{\"@id\":\"https:\/\/blogs.thesocialmedia.com\/leblogmoto\/2006\/03\/30\/ducati-prsente\/#breadcrumb\"},\"inLanguage\":\"fr-FR\",\"potentialAction\":[{\"@type\":\"ReadAction\",\"target\":[\"https:\/\/blogs.thesocialmedia.com\/leblogmoto\/2006\/03\/30\/ducati-prsente\/\"]}]},{\"@type\":\"ImageObject\",\"inLanguage\":\"fr-FR\",\"@id\":\"https:\/\/blogs.thesocialmedia.com\/leblogmoto\/2006\/03\/30\/ducati-prsente\/#primaryimage\",\"url\":\"http:\/\/www.leblogmoto.com\/images\/ducatizegna.jpg\",\"contentUrl\":\"http:\/\/www.leblogmoto.com\/images\/ducatizegna.jpg\"},{\"@type\":\"BreadcrumbList\",\"@id\":\"https:\/\/blogs.thesocialmedia.com\/leblogmoto\/2006\/03\/30\/ducati-prsente\/#breadcrumb\",\"itemListElement\":[{\"@type\":\"ListItem\",\"position\":1,\"name\":\"Accueil\",\"item\":\"https:\/\/blogs.thesocialmedia.com\/leblogmoto\/\"},{\"@type\":\"ListItem\",\"position\":2,\"name\":\"DUCATI pr\u00e9sente l&rsquo;eau de Bologne\"}]},{\"@type\":\"WebSite\",\"@id\":\"https:\/\/blogs.thesocialmedia.com\/leblogmoto\/#website\",\"url\":\"https:\/\/blogs.thesocialmedia.com\/leblogmoto\/\",\"name\":\"leblogmoto\",\"description\":\"Toute l&#039;actualit\u00e9 des 2 roues\",\"potentialAction\":[{\"@type\":\"SearchAction\",\"target\":{\"@type\":\"EntryPoint\",\"urlTemplate\":\"https:\/\/blogs.thesocialmedia.com\/leblogmoto\/?s={search_term_string}\"},\"query-input\":{\"@type\":\"PropertyValueSpecification\",\"valueRequired\":true,\"valueName\":\"search_term_string\"}}],\"inLanguage\":\"fr-FR\"},{\"@type\":\"Person\",\"@id\":\"https:\/\/blogs.thesocialmedia.com\/leblogmoto\/#\/schema\/person\/1a1dcfc7cec206573105eb4af91155c2\",\"name\":\"andre leconde\",\"image\":{\"@type\":\"ImageObject\",\"inLanguage\":\"fr-FR\",\"@id\":\"https:\/\/blogs.thesocialmedia.com\/leblogmoto\/#\/schema\/person\/image\/\",\"url\":\"https:\/\/secure.gravatar.com\/avatar\/?s=96&d=mm&r=g\",\"contentUrl\":\"https:\/\/secure.gravatar.com\/avatar\/?s=96&d=mm&r=g\",\"caption\":\"andre leconde\"},\"url\":\"https:\/\/blogs.thesocialmedia.com\/leblogmoto\/author\/andre-leconde\/\"}]}<\/script>\n<!-- \/ Yoast SEO plugin. -->","yoast_head_json":{"title":"DUCATI pr\u00e9sente l'eau de Bologne - leblogmoto.com","robots":{"index":"index","follow":"follow","max-snippet":"max-snippet:-1","max-image-preview":"max-image-preview:large","max-video-preview":"max-video-preview:-1"},"canonical":"https:\/\/blogs.thesocialmedia.com\/leblogmoto\/2006\/03\/30\/ducati-prsente\/","twitter_card":"summary_large_image","twitter_title":"DUCATI pr\u00e9sente l'eau de Bologne - leblogmoto.com","twitter_description":"Voil\u00e0 ce qui manquait \u00e0 DUCATI dans sa collection de produits d\u00e9riv\u00e9s. Ayant bien appris la le\u00e7on HARLEY DAVIDSON, le constructeur italien a donc d\u00e9cid\u00e9 non seulement d&rsquo;habiller son client de la t\u00eate au pied, ne s&rsquo;est pas modestement content\u00e9 de lui fournir toute la bagagerie utile \u00e0 ses d\u00e9placements, non, il s&rsquo;est \u00e0 pr\u00e9sent [&hellip;]","twitter_image":"http:\/\/www.leblogmoto.com\/images\/ducatizegna.jpg","twitter_misc":{"\u00c9crit par":"andre leconde","Dur\u00e9e de lecture estim\u00e9e":"1 minute"},"schema":{"@context":"https:\/\/schema.org","@graph":[{"@type":"WebPage","@id":"https:\/\/blogs.thesocialmedia.com\/leblogmoto\/2006\/03\/30\/ducati-prsente\/","url":"https:\/\/blogs.thesocialmedia.com\/leblogmoto\/2006\/03\/30\/ducati-prsente\/","name":"DUCATI pr\u00e9sente l'eau de Bologne - leblogmoto.com","isPartOf":{"@id":"https:\/\/blogs.thesocialmedia.com\/leblogmoto\/#website"},"primaryImageOfPage":{"@id":"https:\/\/blogs.thesocialmedia.com\/leblogmoto\/2006\/03\/30\/ducati-prsente\/#primaryimage"},"image":{"@id":"https:\/\/blogs.thesocialmedia.com\/leblogmoto\/2006\/03\/30\/ducati-prsente\/#primaryimage"},"thumbnailUrl":"http:\/\/www.leblogmoto.com\/images\/ducatizegna.jpg","datePublished":"2006-03-30T22:52:36+00:00","dateModified":"2012-07-11T14:18:47+00:00","author":{"@id":"https:\/\/blogs.thesocialmedia.com\/leblogmoto\/#\/schema\/person\/1a1dcfc7cec206573105eb4af91155c2"},"breadcrumb":{"@id":"https:\/\/blogs.thesocialmedia.com\/leblogmoto\/2006\/03\/30\/ducati-prsente\/#breadcrumb"},"inLanguage":"fr-FR","potentialAction":[{"@type":"ReadAction","target":["https:\/\/blogs.thesocialmedia.com\/leblogmoto\/2006\/03\/30\/ducati-prsente\/"]}]},{"@type":"ImageObject","inLanguage":"fr-FR","@id":"https:\/\/blogs.thesocialmedia.com\/leblogmoto\/2006\/03\/30\/ducati-prsente\/#primaryimage","url":"http:\/\/www.leblogmoto.com\/images\/ducatizegna.jpg","contentUrl":"http:\/\/www.leblogmoto.com\/images\/ducatizegna.jpg"},{"@type":"BreadcrumbList","@id":"https:\/\/blogs.thesocialmedia.com\/leblogmoto\/2006\/03\/30\/ducati-prsente\/#breadcrumb","itemListElement":[{"@type":"ListItem","position":1,"name":"Accueil","item":"https:\/\/blogs.thesocialmedia.com\/leblogmoto\/"},{"@type":"ListItem","position":2,"name":"DUCATI pr\u00e9sente l&rsquo;eau de Bologne"}]},{"@type":"WebSite","@id":"https:\/\/blogs.thesocialmedia.com\/leblogmoto\/#website","url":"https:\/\/blogs.thesocialmedia.com\/leblogmoto\/","name":"leblogmoto","description":"Toute l&#039;actualit\u00e9 des 2 roues","potentialAction":[{"@type":"SearchAction","target":{"@type":"EntryPoint","urlTemplate":"https:\/\/blogs.thesocialmedia.com\/leblogmoto\/?s={search_term_string}"},"query-input":{"@type":"PropertyValueSpecification","valueRequired":true,"valueName":"search_term_string"}}],"inLanguage":"fr-FR"},{"@type":"Person","@id":"https:\/\/blogs.thesocialmedia.com\/leblogmoto\/#\/schema\/person\/1a1dcfc7cec206573105eb4af91155c2","name":"andre leconde","image":{"@type":"ImageObject","inLanguage":"fr-FR","@id":"https:\/\/blogs.thesocialmedia.com\/leblogmoto\/#\/schema\/person\/image\/","url":"https:\/\/secure.gravatar.com\/avatar\/?s=96&d=mm&r=g","contentUrl":"https:\/\/secure.gravatar.com\/avatar\/?s=96&d=mm&r=g","caption":"andre leconde"},"url":"https:\/\/blogs.thesocialmedia.com\/leblogmoto\/author\/andre-leconde\/"}]}},"_links":{"self":[{"href":"https:\/\/blogs.thesocialmedia.com\/leblogmoto\/wp-json\/wp\/v2\/posts\/1955","targetHints":{"allow":["GET"]}}],"collection":[{"href":"https:\/\/blogs.thesocialmedia.com\/leblogmoto\/wp-json\/wp\/v2\/posts"}],"about":[{"href":"https:\/\/blogs.thesocialmedia.com\/leblogmoto\/wp-json\/wp\/v2\/types\/post"}],"author":[{"embeddable":true,"href":"https:\/\/blogs.thesocialmedia.com\/leblogmoto\/wp-json\/wp\/v2\/users\/336"}],"replies":[{"embeddable":true,"href":"https:\/\/blogs.thesocialmedia.com\/leblogmoto\/wp-json\/wp\/v2\/comments?post=1955"}],"version-history":[{"count":2,"href":"https:\/\/blogs.thesocialmedia.com\/leblogmoto\/wp-json\/wp\/v2\/posts\/1955\/revisions"}],"predecessor-version":[{"id":7240,"href":"https:\/\/blogs.thesocialmedia.com\/leblogmoto\/wp-json\/wp\/v2\/posts\/1955\/revisions\/7240"}],"wp:attachment":[{"href":"https:\/\/blogs.thesocialmedia.com\/leblogmoto\/wp-json\/wp\/v2\/media?parent=1955"}],"wp:term":[{"taxonomy":"category","embeddable":true,"href":"https:\/\/blogs.thesocialmedia.com\/leblogmoto\/wp-json\/wp\/v2\/categories?post=1955"},{"taxonomy":"post_tag","embeddable":true,"href":"https:\/\/blogs.thesocialmedia.com\/leblogmoto\/wp-json\/wp\/v2\/tags?post=1955"}],"curies":[{"name":"wp","href":"https:\/\/api.w.org\/{rel}","templated":true}]}}