{"id":1956,"date":"2006-03-29T21:21:52","date_gmt":"2006-03-29T21:21:52","guid":{"rendered":"http:\/\/blogs.thesocialmedia.com\/leblogmoto\/2006\/03\/29\/sbk-valencia-te\/"},"modified":"2012-07-11T14:18:46","modified_gmt":"2012-07-11T14:18:46","slug":"sbk-valencia-te","status":"publish","type":"post","link":"https:\/\/blogs.thesocialmedia.com\/leblogmoto\/2006\/03\/29\/sbk-valencia-te\/","title":{"rendered":"SBK Valencia Test: BAYLISS et CHARPENTIER dominent"},"content":{"rendered":"<p><a href=\"http:\/\/blogs.thesocialmedia.com\/leblogmoto\/files\/2012\/07\/060329_ducsbkjpg.jpg\"><img loading=\"lazy\" decoding=\"async\" height=\"167\" alt=\"060329_ducsbkjpg\" src=\"http:\/\/www.leblogmoto.com\/images\/060329_ducsbkjpg.jpg\" width=\"250\"  \/><\/a>Le plateau SBK est revenu fouler le sol du Vieux Continent pour des tests \u00e0 <strong>Valencia<\/strong>. Un p\u00e9riple qui va le mener ensuite pour des essais \u00e0 Misano les 12 et 13 Avril, avant de reprendre le cours du championnat, sur le circuit ib\u00e8rique le <strong>23 Avril<\/strong> .<\/p>\n<p>Ces \u00e9valuations ont confirm\u00e9 la grande forme de <a href=\"http:\/\/www.leblogmoto.com\/2006\/03\/sbk_ducati_vers.html\">DUCATI<\/a> en g\u00e9n\u00e9ral et de <strong>BAYLISS<\/strong> en particulier, cette fois suivi par un <strong>XAUS<\/strong> apparemment retrouv\u00e9. <strong>LANZI<\/strong> n&rsquo;est pas loin alors que <strong>CORSER<\/strong> a pris pas loin d&rsquo;une seconde au chrono. <\/p>\n<p>Aucun souci pour <a href=\"http:\/\/www.leblogmoto.com\/2006\/03\/sbk_phillip_isl.html\">CHARPENTIER<\/a> qui \u00e9crase sa discipline. Une consolation pour <strong>HONDA Ten Kate<\/strong> qui a souffert dans la cat\u00e9gorie reine&#8230; <\/p>\n<p>&nbsp; &nbsp;<\/p>\n<p><a href=\"http:\/\/clabedan.typepad.com\/.shared\/image.html?\/photos\/uncategorized\/060329_tenkate.jpg\"><img loading=\"lazy\" decoding=\"async\" height=\"168\" alt=\"060329_tenkate\" src=\"http:\/\/www.leblogmoto.com\/images\/060329_tenkate.jpg\" width=\"250\"  \/><\/a>Non seulement les temps n&rsquo;ont pas \u00e9t\u00e9 impressionnants, mais, en plus, les chutes ont \u00e9t\u00e9 de mise pour <strong>TOSELAND<\/strong> et surtout <strong>MUGGERIDGE<\/strong>, touch\u00e9 aux vert\u00e8bres. Il devra porter un corset pendant deux mois, de quoi remettre en cause sa campagne europ\u00e9enne.<\/p>\n<p>La surprise a \u00e9t\u00e9 de voit la constance de <strong>MARTIN<\/strong>, cinqui\u00e8me chrono absolu avec sa <strong>Foggy<\/strong> PETRONAS. C\u00f4t\u00e9 <strong>KAWA<\/strong>, c&rsquo;est <strong>NIETO<\/strong> qui a port\u00e9 les couleurs vertes au plus haut du classement, avec la septi\u00e8me position, alors que <a href=\"http:\/\/www.leblogmoto.com\/2006\/02\/psg1_kawa_la_no.html\">LACONI<\/a> est toujours loin: 17\u00e8me. Inqui\u00e8tant. Pour ce qui est de <strong>BARROS<\/strong>, il a sign\u00e9 un onzi\u00e8me temps absolu alors que le dernier <a href=\"http:\/\/www.leblogmoto.com\/2006\/01\/superbike_terre.html\">transfuge du MotoGP<\/a>, <strong>ROLFO<\/strong> est un modeste 21\u00e8me. <\/p>\n<p>La satisfaction, enfin, vient de <a href=\"http:\/\/www.leblogmoto.com\/2005\/12\/foret_simplante.html\">FORET<\/a>, treizi\u00e8me performance. Il prend ses marques et se paye le luxe de devancer <strong>TOSELAND<\/strong> en tournant dans les chronos de <strong>KAGAYAMA<\/strong>. Ces progr\u00e8s seront \u00e0 confirmer avant de reprendre le collier le 23 Avril.<\/p>\n<p>SOURCE: <a href=\"http:\/\/www.superbike.it\">www.superbike.it<\/a>&nbsp; &nbsp; <\/p>\n","protected":false},"excerpt":{"rendered":"<p>Le plateau SBK est revenu fouler le sol du Vieux Continent pour des tests \u00e0 Valencia. Un p\u00e9riple qui va le mener ensuite pour des essais \u00e0 Misano les 12 et 13 Avril, avant de reprendre le cours du championnat, sur le circuit ib\u00e8rique le 23 Avril . Ces \u00e9valuations ont confirm\u00e9 la grande forme [&hellip;]<\/p>\n","protected":false},"author":336,"featured_media":0,"comment_status":"open","ping_status":"open","sticky":false,"template":"","format":"standard","meta":{"footnotes":""},"categories":[32,46],"tags":[],"class_list":["post-1956","post","type-post","status-publish","format-standard","hentry","category-sport-moto","category-superbike"],"yoast_head":"<!-- This site is optimized with the Yoast SEO plugin v26.0 - https:\/\/yoast.com\/wordpress\/plugins\/seo\/ -->\n<title>SBK Valencia Test: BAYLISS et CHARPENTIER dominent - leblogmoto.com<\/title>\n<meta name=\"robots\" content=\"index, follow, max-snippet:-1, max-image-preview:large, max-video-preview:-1\" \/>\n<link rel=\"canonical\" href=\"https:\/\/blogs.thesocialmedia.com\/leblogmoto\/2006\/03\/29\/sbk-valencia-te\/\" \/>\n<meta name=\"twitter:card\" content=\"summary_large_image\" \/>\n<meta name=\"twitter:title\" content=\"SBK Valencia Test: BAYLISS et CHARPENTIER dominent - leblogmoto.com\" \/>\n<meta name=\"twitter:description\" content=\"Le plateau SBK est revenu fouler le sol du Vieux Continent pour des tests \u00e0 Valencia. Un p\u00e9riple qui va le mener ensuite pour des essais \u00e0 Misano les 12 et 13 Avril, avant de reprendre le cours du championnat, sur le circuit ib\u00e8rique le 23 Avril . Ces \u00e9valuations ont confirm\u00e9 la grande forme [&hellip;]\" \/>\n<meta name=\"twitter:image\" content=\"http:\/\/www.leblogmoto.com\/images\/060329_ducsbkjpg.jpg\" \/>\n<meta name=\"twitter:label1\" content=\"\u00c9crit par\" \/>\n\t<meta name=\"twitter:data1\" content=\"andre leconde\" \/>\n\t<meta name=\"twitter:label2\" content=\"Dur\u00e9e de lecture estim\u00e9e\" \/>\n\t<meta name=\"twitter:data2\" content=\"1 minute\" \/>\n<script type=\"application\/ld+json\" class=\"yoast-schema-graph\">{\"@context\":\"https:\/\/schema.org\",\"@graph\":[{\"@type\":\"WebPage\",\"@id\":\"https:\/\/blogs.thesocialmedia.com\/leblogmoto\/2006\/03\/29\/sbk-valencia-te\/\",\"url\":\"https:\/\/blogs.thesocialmedia.com\/leblogmoto\/2006\/03\/29\/sbk-valencia-te\/\",\"name\":\"SBK Valencia Test: BAYLISS et CHARPENTIER dominent - leblogmoto.com\",\"isPartOf\":{\"@id\":\"https:\/\/blogs.thesocialmedia.com\/leblogmoto\/#website\"},\"primaryImageOfPage\":{\"@id\":\"https:\/\/blogs.thesocialmedia.com\/leblogmoto\/2006\/03\/29\/sbk-valencia-te\/#primaryimage\"},\"image\":{\"@id\":\"https:\/\/blogs.thesocialmedia.com\/leblogmoto\/2006\/03\/29\/sbk-valencia-te\/#primaryimage\"},\"thumbnailUrl\":\"http:\/\/www.leblogmoto.com\/images\/060329_ducsbkjpg.jpg\",\"datePublished\":\"2006-03-29T21:21:52+00:00\",\"dateModified\":\"2012-07-11T14:18:46+00:00\",\"author\":{\"@id\":\"https:\/\/blogs.thesocialmedia.com\/leblogmoto\/#\/schema\/person\/1a1dcfc7cec206573105eb4af91155c2\"},\"breadcrumb\":{\"@id\":\"https:\/\/blogs.thesocialmedia.com\/leblogmoto\/2006\/03\/29\/sbk-valencia-te\/#breadcrumb\"},\"inLanguage\":\"fr-FR\",\"potentialAction\":[{\"@type\":\"ReadAction\",\"target\":[\"https:\/\/blogs.thesocialmedia.com\/leblogmoto\/2006\/03\/29\/sbk-valencia-te\/\"]}]},{\"@type\":\"ImageObject\",\"inLanguage\":\"fr-FR\",\"@id\":\"https:\/\/blogs.thesocialmedia.com\/leblogmoto\/2006\/03\/29\/sbk-valencia-te\/#primaryimage\",\"url\":\"http:\/\/www.leblogmoto.com\/images\/060329_ducsbkjpg.jpg\",\"contentUrl\":\"http:\/\/www.leblogmoto.com\/images\/060329_ducsbkjpg.jpg\"},{\"@type\":\"BreadcrumbList\",\"@id\":\"https:\/\/blogs.thesocialmedia.com\/leblogmoto\/2006\/03\/29\/sbk-valencia-te\/#breadcrumb\",\"itemListElement\":[{\"@type\":\"ListItem\",\"position\":1,\"name\":\"Accueil\",\"item\":\"https:\/\/blogs.thesocialmedia.com\/leblogmoto\/\"},{\"@type\":\"ListItem\",\"position\":2,\"name\":\"SBK Valencia Test: BAYLISS et CHARPENTIER dominent\"}]},{\"@type\":\"WebSite\",\"@id\":\"https:\/\/blogs.thesocialmedia.com\/leblogmoto\/#website\",\"url\":\"https:\/\/blogs.thesocialmedia.com\/leblogmoto\/\",\"name\":\"leblogmoto\",\"description\":\"Toute l&#039;actualit\u00e9 des 2 roues\",\"potentialAction\":[{\"@type\":\"SearchAction\",\"target\":{\"@type\":\"EntryPoint\",\"urlTemplate\":\"https:\/\/blogs.thesocialmedia.com\/leblogmoto\/?s={search_term_string}\"},\"query-input\":{\"@type\":\"PropertyValueSpecification\",\"valueRequired\":true,\"valueName\":\"search_term_string\"}}],\"inLanguage\":\"fr-FR\"},{\"@type\":\"Person\",\"@id\":\"https:\/\/blogs.thesocialmedia.com\/leblogmoto\/#\/schema\/person\/1a1dcfc7cec206573105eb4af91155c2\",\"name\":\"andre leconde\",\"image\":{\"@type\":\"ImageObject\",\"inLanguage\":\"fr-FR\",\"@id\":\"https:\/\/blogs.thesocialmedia.com\/leblogmoto\/#\/schema\/person\/image\/\",\"url\":\"https:\/\/secure.gravatar.com\/avatar\/?s=96&d=mm&r=g\",\"contentUrl\":\"https:\/\/secure.gravatar.com\/avatar\/?s=96&d=mm&r=g\",\"caption\":\"andre leconde\"},\"url\":\"https:\/\/blogs.thesocialmedia.com\/leblogmoto\/author\/andre-leconde\/\"}]}<\/script>\n<!-- \/ Yoast SEO plugin. -->","yoast_head_json":{"title":"SBK Valencia Test: BAYLISS et CHARPENTIER dominent - leblogmoto.com","robots":{"index":"index","follow":"follow","max-snippet":"max-snippet:-1","max-image-preview":"max-image-preview:large","max-video-preview":"max-video-preview:-1"},"canonical":"https:\/\/blogs.thesocialmedia.com\/leblogmoto\/2006\/03\/29\/sbk-valencia-te\/","twitter_card":"summary_large_image","twitter_title":"SBK Valencia Test: BAYLISS et CHARPENTIER dominent - leblogmoto.com","twitter_description":"Le plateau SBK est revenu fouler le sol du Vieux Continent pour des tests \u00e0 Valencia. Un p\u00e9riple qui va le mener ensuite pour des essais \u00e0 Misano les 12 et 13 Avril, avant de reprendre le cours du championnat, sur le circuit ib\u00e8rique le 23 Avril . Ces \u00e9valuations ont confirm\u00e9 la grande forme [&hellip;]","twitter_image":"http:\/\/www.leblogmoto.com\/images\/060329_ducsbkjpg.jpg","twitter_misc":{"\u00c9crit par":"andre leconde","Dur\u00e9e de lecture estim\u00e9e":"1 minute"},"schema":{"@context":"https:\/\/schema.org","@graph":[{"@type":"WebPage","@id":"https:\/\/blogs.thesocialmedia.com\/leblogmoto\/2006\/03\/29\/sbk-valencia-te\/","url":"https:\/\/blogs.thesocialmedia.com\/leblogmoto\/2006\/03\/29\/sbk-valencia-te\/","name":"SBK Valencia Test: BAYLISS et CHARPENTIER dominent - leblogmoto.com","isPartOf":{"@id":"https:\/\/blogs.thesocialmedia.com\/leblogmoto\/#website"},"primaryImageOfPage":{"@id":"https:\/\/blogs.thesocialmedia.com\/leblogmoto\/2006\/03\/29\/sbk-valencia-te\/#primaryimage"},"image":{"@id":"https:\/\/blogs.thesocialmedia.com\/leblogmoto\/2006\/03\/29\/sbk-valencia-te\/#primaryimage"},"thumbnailUrl":"http:\/\/www.leblogmoto.com\/images\/060329_ducsbkjpg.jpg","datePublished":"2006-03-29T21:21:52+00:00","dateModified":"2012-07-11T14:18:46+00:00","author":{"@id":"https:\/\/blogs.thesocialmedia.com\/leblogmoto\/#\/schema\/person\/1a1dcfc7cec206573105eb4af91155c2"},"breadcrumb":{"@id":"https:\/\/blogs.thesocialmedia.com\/leblogmoto\/2006\/03\/29\/sbk-valencia-te\/#breadcrumb"},"inLanguage":"fr-FR","potentialAction":[{"@type":"ReadAction","target":["https:\/\/blogs.thesocialmedia.com\/leblogmoto\/2006\/03\/29\/sbk-valencia-te\/"]}]},{"@type":"ImageObject","inLanguage":"fr-FR","@id":"https:\/\/blogs.thesocialmedia.com\/leblogmoto\/2006\/03\/29\/sbk-valencia-te\/#primaryimage","url":"http:\/\/www.leblogmoto.com\/images\/060329_ducsbkjpg.jpg","contentUrl":"http:\/\/www.leblogmoto.com\/images\/060329_ducsbkjpg.jpg"},{"@type":"BreadcrumbList","@id":"https:\/\/blogs.thesocialmedia.com\/leblogmoto\/2006\/03\/29\/sbk-valencia-te\/#breadcrumb","itemListElement":[{"@type":"ListItem","position":1,"name":"Accueil","item":"https:\/\/blogs.thesocialmedia.com\/leblogmoto\/"},{"@type":"ListItem","position":2,"name":"SBK Valencia Test: BAYLISS et CHARPENTIER dominent"}]},{"@type":"WebSite","@id":"https:\/\/blogs.thesocialmedia.com\/leblogmoto\/#website","url":"https:\/\/blogs.thesocialmedia.com\/leblogmoto\/","name":"leblogmoto","description":"Toute l&#039;actualit\u00e9 des 2 roues","potentialAction":[{"@type":"SearchAction","target":{"@type":"EntryPoint","urlTemplate":"https:\/\/blogs.thesocialmedia.com\/leblogmoto\/?s={search_term_string}"},"query-input":{"@type":"PropertyValueSpecification","valueRequired":true,"valueName":"search_term_string"}}],"inLanguage":"fr-FR"},{"@type":"Person","@id":"https:\/\/blogs.thesocialmedia.com\/leblogmoto\/#\/schema\/person\/1a1dcfc7cec206573105eb4af91155c2","name":"andre leconde","image":{"@type":"ImageObject","inLanguage":"fr-FR","@id":"https:\/\/blogs.thesocialmedia.com\/leblogmoto\/#\/schema\/person\/image\/","url":"https:\/\/secure.gravatar.com\/avatar\/?s=96&d=mm&r=g","contentUrl":"https:\/\/secure.gravatar.com\/avatar\/?s=96&d=mm&r=g","caption":"andre leconde"},"url":"https:\/\/blogs.thesocialmedia.com\/leblogmoto\/author\/andre-leconde\/"}]}},"_links":{"self":[{"href":"https:\/\/blogs.thesocialmedia.com\/leblogmoto\/wp-json\/wp\/v2\/posts\/1956","targetHints":{"allow":["GET"]}}],"collection":[{"href":"https:\/\/blogs.thesocialmedia.com\/leblogmoto\/wp-json\/wp\/v2\/posts"}],"about":[{"href":"https:\/\/blogs.thesocialmedia.com\/leblogmoto\/wp-json\/wp\/v2\/types\/post"}],"author":[{"embeddable":true,"href":"https:\/\/blogs.thesocialmedia.com\/leblogmoto\/wp-json\/wp\/v2\/users\/336"}],"replies":[{"embeddable":true,"href":"https:\/\/blogs.thesocialmedia.com\/leblogmoto\/wp-json\/wp\/v2\/comments?post=1956"}],"version-history":[{"count":2,"href":"https:\/\/blogs.thesocialmedia.com\/leblogmoto\/wp-json\/wp\/v2\/posts\/1956\/revisions"}],"predecessor-version":[{"id":7238,"href":"https:\/\/blogs.thesocialmedia.com\/leblogmoto\/wp-json\/wp\/v2\/posts\/1956\/revisions\/7238"}],"wp:attachment":[{"href":"https:\/\/blogs.thesocialmedia.com\/leblogmoto\/wp-json\/wp\/v2\/media?parent=1956"}],"wp:term":[{"taxonomy":"category","embeddable":true,"href":"https:\/\/blogs.thesocialmedia.com\/leblogmoto\/wp-json\/wp\/v2\/categories?post=1956"},{"taxonomy":"post_tag","embeddable":true,"href":"https:\/\/blogs.thesocialmedia.com\/leblogmoto\/wp-json\/wp\/v2\/tags?post=1956"}],"curies":[{"name":"wp","href":"https:\/\/api.w.org\/{rel}","templated":true}]}}