{"id":1957,"date":"2006-03-29T19:36:04","date_gmt":"2006-03-29T19:36:04","guid":{"rendered":"http:\/\/blogs.thesocialmedia.com\/leblogmoto\/2006\/03\/29\/invitation-coin\/"},"modified":"2012-07-11T14:18:44","modified_gmt":"2012-07-11T14:18:44","slug":"invitation-coin","status":"publish","type":"post","link":"https:\/\/blogs.thesocialmedia.com\/leblogmoto\/2006\/03\/29\/invitation-coin\/","title":{"rendered":"Invitation \u00e0 coincer la \u00ab\u00a0Buell\u00a0\u00bb"},"content":{"rendered":"<p><a href=\"http:\/\/blogs.thesocialmedia.com\/leblogmoto\/files\/2012\/07\/buell.jpg\"><img loading=\"lazy\" decoding=\"async\" height=\"220\" alt=\"Buell\" src=\"http:\/\/www.leblogmoto.com\/images\/buell.jpg\" width=\"250\"  \/><\/a>Ce week-end va \u00eatre charg\u00e9 puisque apr\u00e8s avoir \u00e9pluch\u00e9 les oranges de <a href=\"http:\/\/www.leblogmoto.com\/2006\/03\/orange_days_ktm.html\">KTM<\/a>, il vous faudra vous pr\u00e9cipiter chez le trublion d<a href=\"http:\/\/www.leblogmoto.com\/2006\/03\/post_2.html\">&lsquo;HARLEY<\/a> pour y coincer la <strong>Buell<\/strong>.<\/p>\n<p>La marque am\u00e9ricaine ne sacrifie donc pas \u00e0 la tradition printani\u00e8re d&rsquo;ouvrir ses portes. Essais de la gamme sera \u00e9videmment possible, \u00e0 condition d&rsquo;avoir pr\u00e9alablement r\u00e9serv\u00e9 au <strong>0810 427 539<\/strong>.<\/p>\n<p><strong>Ligthning<\/strong>, <strong>Firebolt<\/strong>, et autres <strong>Ulysse<\/strong> vous attendent donc et sont pr\u00eates \u00e0 vous faire partager sans pr\u00e9liminaires leurs l\u00e9gendaires tr\u00e9mulations. Atmosph\u00e8re conviviale, mais aussi sportive revendiqu\u00e9e par un blason \u00e0 la personnalit\u00e9 affirm\u00e9e. <\/p>\n<p>Celle qui suit, en revanche, n&rsquo;y sera pas&#8230;<\/p>\n<\/p>\n<p><a href=\"http:\/\/clabedan.typepad.com\/.shared\/image.html?\/photos\/uncategorized\/buellcruiser.jpg\"><img loading=\"lazy\" decoding=\"async\" height=\"128\" alt=\"Buellcruiser\" src=\"http:\/\/www.leblogmoto.com\/images\/buellcruiser.jpg\" width=\"250\"  \/><\/a>Voil\u00e0, paradoxalement, une concurrente d&rsquo;<a href=\"http:\/\/www.leblogmoto.com\/2006\/03\/harley_dbarque_.html\">HARLEY<\/a>, sur base de <strong>XB9 S Lightning<\/strong>.<\/p>\n<p>R\u00e9alisation personnelle, \u00e0 vendre sur <a href=\"http:\/\/cgi.ebay.com\/ebaymotors\/ws\/eBayISAPI.dll?ViewItem&amp;item=4626203668\">ebay<\/a>. Si le coeur vous en dit, pour en remontrer \u00e0 la <a href=\"http:\/\/www.leblogmoto.com\/2005\/08\/harleydavidson__3.html\">V-Rod<\/a> voil\u00e0 ce qu&rsquo;il faut.<\/p>\n<p>Oui, d\u00e9cid\u00e9ment,<a href=\"http:\/\/www.leblogmoto.com\/2006\/01\/buell_firebolt_.html\"> BUELL<\/a> est une marque \u00e0 nulle autre pareil.<\/p>\n<p>SOURCE: <a href=\"http:\/\/www.buell.com\">www.buell.com<\/a>&nbsp; &nbsp;<\/p>\n","protected":false},"excerpt":{"rendered":"<p>Ce week-end va \u00eatre charg\u00e9 puisque apr\u00e8s avoir \u00e9pluch\u00e9 les oranges de KTM, il vous faudra vous pr\u00e9cipiter chez le trublion d&lsquo;HARLEY pour y coincer la Buell. La marque am\u00e9ricaine ne sacrifie donc pas \u00e0 la tradition printani\u00e8re d&rsquo;ouvrir ses portes. Essais de la gamme sera \u00e9videmment possible, \u00e0 condition d&rsquo;avoir pr\u00e9alablement r\u00e9serv\u00e9 au 0810 [&hellip;]<\/p>\n","protected":false},"author":336,"featured_media":0,"comment_status":"open","ping_status":"open","sticky":false,"template":"","format":"standard","meta":{"footnotes":""},"categories":[3,47],"tags":[],"class_list":["post-1957","post","type-post","status-publish","format-standard","hentry","category-actualite","category-buell"],"yoast_head":"<!-- This site is optimized with the Yoast SEO plugin v26.0 - https:\/\/yoast.com\/wordpress\/plugins\/seo\/ -->\n<title>Invitation \u00e0 coincer la &quot;Buell&quot; - leblogmoto.com<\/title>\n<meta name=\"robots\" content=\"index, follow, max-snippet:-1, max-image-preview:large, max-video-preview:-1\" \/>\n<link rel=\"canonical\" href=\"https:\/\/blogs.thesocialmedia.com\/leblogmoto\/2006\/03\/29\/invitation-coin\/\" \/>\n<meta name=\"twitter:card\" content=\"summary_large_image\" \/>\n<meta name=\"twitter:title\" content=\"Invitation \u00e0 coincer la &quot;Buell&quot; - leblogmoto.com\" \/>\n<meta name=\"twitter:description\" content=\"Ce week-end va \u00eatre charg\u00e9 puisque apr\u00e8s avoir \u00e9pluch\u00e9 les oranges de KTM, il vous faudra vous pr\u00e9cipiter chez le trublion d&lsquo;HARLEY pour y coincer la Buell. La marque am\u00e9ricaine ne sacrifie donc pas \u00e0 la tradition printani\u00e8re d&rsquo;ouvrir ses portes. Essais de la gamme sera \u00e9videmment possible, \u00e0 condition d&rsquo;avoir pr\u00e9alablement r\u00e9serv\u00e9 au 0810 [&hellip;]\" \/>\n<meta name=\"twitter:image\" content=\"http:\/\/www.leblogmoto.com\/images\/buell.jpg\" \/>\n<meta name=\"twitter:label1\" content=\"\u00c9crit par\" \/>\n\t<meta name=\"twitter:data1\" content=\"andre leconde\" \/>\n\t<meta name=\"twitter:label2\" content=\"Dur\u00e9e de lecture estim\u00e9e\" \/>\n\t<meta name=\"twitter:data2\" content=\"1 minute\" \/>\n<script type=\"application\/ld+json\" class=\"yoast-schema-graph\">{\"@context\":\"https:\/\/schema.org\",\"@graph\":[{\"@type\":\"WebPage\",\"@id\":\"https:\/\/blogs.thesocialmedia.com\/leblogmoto\/2006\/03\/29\/invitation-coin\/\",\"url\":\"https:\/\/blogs.thesocialmedia.com\/leblogmoto\/2006\/03\/29\/invitation-coin\/\",\"name\":\"Invitation \u00e0 coincer la \\\"Buell\\\" - leblogmoto.com\",\"isPartOf\":{\"@id\":\"https:\/\/blogs.thesocialmedia.com\/leblogmoto\/#website\"},\"primaryImageOfPage\":{\"@id\":\"https:\/\/blogs.thesocialmedia.com\/leblogmoto\/2006\/03\/29\/invitation-coin\/#primaryimage\"},\"image\":{\"@id\":\"https:\/\/blogs.thesocialmedia.com\/leblogmoto\/2006\/03\/29\/invitation-coin\/#primaryimage\"},\"thumbnailUrl\":\"http:\/\/www.leblogmoto.com\/images\/buell.jpg\",\"datePublished\":\"2006-03-29T19:36:04+00:00\",\"dateModified\":\"2012-07-11T14:18:44+00:00\",\"author\":{\"@id\":\"https:\/\/blogs.thesocialmedia.com\/leblogmoto\/#\/schema\/person\/1a1dcfc7cec206573105eb4af91155c2\"},\"breadcrumb\":{\"@id\":\"https:\/\/blogs.thesocialmedia.com\/leblogmoto\/2006\/03\/29\/invitation-coin\/#breadcrumb\"},\"inLanguage\":\"fr-FR\",\"potentialAction\":[{\"@type\":\"ReadAction\",\"target\":[\"https:\/\/blogs.thesocialmedia.com\/leblogmoto\/2006\/03\/29\/invitation-coin\/\"]}]},{\"@type\":\"ImageObject\",\"inLanguage\":\"fr-FR\",\"@id\":\"https:\/\/blogs.thesocialmedia.com\/leblogmoto\/2006\/03\/29\/invitation-coin\/#primaryimage\",\"url\":\"http:\/\/www.leblogmoto.com\/images\/buell.jpg\",\"contentUrl\":\"http:\/\/www.leblogmoto.com\/images\/buell.jpg\"},{\"@type\":\"BreadcrumbList\",\"@id\":\"https:\/\/blogs.thesocialmedia.com\/leblogmoto\/2006\/03\/29\/invitation-coin\/#breadcrumb\",\"itemListElement\":[{\"@type\":\"ListItem\",\"position\":1,\"name\":\"Accueil\",\"item\":\"https:\/\/blogs.thesocialmedia.com\/leblogmoto\/\"},{\"@type\":\"ListItem\",\"position\":2,\"name\":\"Invitation \u00e0 coincer la \u00ab\u00a0Buell\u00a0\u00bb\"}]},{\"@type\":\"WebSite\",\"@id\":\"https:\/\/blogs.thesocialmedia.com\/leblogmoto\/#website\",\"url\":\"https:\/\/blogs.thesocialmedia.com\/leblogmoto\/\",\"name\":\"leblogmoto\",\"description\":\"Toute l&#039;actualit\u00e9 des 2 roues\",\"potentialAction\":[{\"@type\":\"SearchAction\",\"target\":{\"@type\":\"EntryPoint\",\"urlTemplate\":\"https:\/\/blogs.thesocialmedia.com\/leblogmoto\/?s={search_term_string}\"},\"query-input\":{\"@type\":\"PropertyValueSpecification\",\"valueRequired\":true,\"valueName\":\"search_term_string\"}}],\"inLanguage\":\"fr-FR\"},{\"@type\":\"Person\",\"@id\":\"https:\/\/blogs.thesocialmedia.com\/leblogmoto\/#\/schema\/person\/1a1dcfc7cec206573105eb4af91155c2\",\"name\":\"andre leconde\",\"image\":{\"@type\":\"ImageObject\",\"inLanguage\":\"fr-FR\",\"@id\":\"https:\/\/blogs.thesocialmedia.com\/leblogmoto\/#\/schema\/person\/image\/\",\"url\":\"https:\/\/secure.gravatar.com\/avatar\/?s=96&d=mm&r=g\",\"contentUrl\":\"https:\/\/secure.gravatar.com\/avatar\/?s=96&d=mm&r=g\",\"caption\":\"andre leconde\"},\"url\":\"https:\/\/blogs.thesocialmedia.com\/leblogmoto\/author\/andre-leconde\/\"}]}<\/script>\n<!-- \/ Yoast SEO plugin. -->","yoast_head_json":{"title":"Invitation \u00e0 coincer la \"Buell\" - leblogmoto.com","robots":{"index":"index","follow":"follow","max-snippet":"max-snippet:-1","max-image-preview":"max-image-preview:large","max-video-preview":"max-video-preview:-1"},"canonical":"https:\/\/blogs.thesocialmedia.com\/leblogmoto\/2006\/03\/29\/invitation-coin\/","twitter_card":"summary_large_image","twitter_title":"Invitation \u00e0 coincer la \"Buell\" - leblogmoto.com","twitter_description":"Ce week-end va \u00eatre charg\u00e9 puisque apr\u00e8s avoir \u00e9pluch\u00e9 les oranges de KTM, il vous faudra vous pr\u00e9cipiter chez le trublion d&lsquo;HARLEY pour y coincer la Buell. La marque am\u00e9ricaine ne sacrifie donc pas \u00e0 la tradition printani\u00e8re d&rsquo;ouvrir ses portes. Essais de la gamme sera \u00e9videmment possible, \u00e0 condition d&rsquo;avoir pr\u00e9alablement r\u00e9serv\u00e9 au 0810 [&hellip;]","twitter_image":"http:\/\/www.leblogmoto.com\/images\/buell.jpg","twitter_misc":{"\u00c9crit par":"andre leconde","Dur\u00e9e de lecture estim\u00e9e":"1 minute"},"schema":{"@context":"https:\/\/schema.org","@graph":[{"@type":"WebPage","@id":"https:\/\/blogs.thesocialmedia.com\/leblogmoto\/2006\/03\/29\/invitation-coin\/","url":"https:\/\/blogs.thesocialmedia.com\/leblogmoto\/2006\/03\/29\/invitation-coin\/","name":"Invitation \u00e0 coincer la \"Buell\" - leblogmoto.com","isPartOf":{"@id":"https:\/\/blogs.thesocialmedia.com\/leblogmoto\/#website"},"primaryImageOfPage":{"@id":"https:\/\/blogs.thesocialmedia.com\/leblogmoto\/2006\/03\/29\/invitation-coin\/#primaryimage"},"image":{"@id":"https:\/\/blogs.thesocialmedia.com\/leblogmoto\/2006\/03\/29\/invitation-coin\/#primaryimage"},"thumbnailUrl":"http:\/\/www.leblogmoto.com\/images\/buell.jpg","datePublished":"2006-03-29T19:36:04+00:00","dateModified":"2012-07-11T14:18:44+00:00","author":{"@id":"https:\/\/blogs.thesocialmedia.com\/leblogmoto\/#\/schema\/person\/1a1dcfc7cec206573105eb4af91155c2"},"breadcrumb":{"@id":"https:\/\/blogs.thesocialmedia.com\/leblogmoto\/2006\/03\/29\/invitation-coin\/#breadcrumb"},"inLanguage":"fr-FR","potentialAction":[{"@type":"ReadAction","target":["https:\/\/blogs.thesocialmedia.com\/leblogmoto\/2006\/03\/29\/invitation-coin\/"]}]},{"@type":"ImageObject","inLanguage":"fr-FR","@id":"https:\/\/blogs.thesocialmedia.com\/leblogmoto\/2006\/03\/29\/invitation-coin\/#primaryimage","url":"http:\/\/www.leblogmoto.com\/images\/buell.jpg","contentUrl":"http:\/\/www.leblogmoto.com\/images\/buell.jpg"},{"@type":"BreadcrumbList","@id":"https:\/\/blogs.thesocialmedia.com\/leblogmoto\/2006\/03\/29\/invitation-coin\/#breadcrumb","itemListElement":[{"@type":"ListItem","position":1,"name":"Accueil","item":"https:\/\/blogs.thesocialmedia.com\/leblogmoto\/"},{"@type":"ListItem","position":2,"name":"Invitation \u00e0 coincer la \u00ab\u00a0Buell\u00a0\u00bb"}]},{"@type":"WebSite","@id":"https:\/\/blogs.thesocialmedia.com\/leblogmoto\/#website","url":"https:\/\/blogs.thesocialmedia.com\/leblogmoto\/","name":"leblogmoto","description":"Toute l&#039;actualit\u00e9 des 2 roues","potentialAction":[{"@type":"SearchAction","target":{"@type":"EntryPoint","urlTemplate":"https:\/\/blogs.thesocialmedia.com\/leblogmoto\/?s={search_term_string}"},"query-input":{"@type":"PropertyValueSpecification","valueRequired":true,"valueName":"search_term_string"}}],"inLanguage":"fr-FR"},{"@type":"Person","@id":"https:\/\/blogs.thesocialmedia.com\/leblogmoto\/#\/schema\/person\/1a1dcfc7cec206573105eb4af91155c2","name":"andre leconde","image":{"@type":"ImageObject","inLanguage":"fr-FR","@id":"https:\/\/blogs.thesocialmedia.com\/leblogmoto\/#\/schema\/person\/image\/","url":"https:\/\/secure.gravatar.com\/avatar\/?s=96&d=mm&r=g","contentUrl":"https:\/\/secure.gravatar.com\/avatar\/?s=96&d=mm&r=g","caption":"andre leconde"},"url":"https:\/\/blogs.thesocialmedia.com\/leblogmoto\/author\/andre-leconde\/"}]}},"_links":{"self":[{"href":"https:\/\/blogs.thesocialmedia.com\/leblogmoto\/wp-json\/wp\/v2\/posts\/1957","targetHints":{"allow":["GET"]}}],"collection":[{"href":"https:\/\/blogs.thesocialmedia.com\/leblogmoto\/wp-json\/wp\/v2\/posts"}],"about":[{"href":"https:\/\/blogs.thesocialmedia.com\/leblogmoto\/wp-json\/wp\/v2\/types\/post"}],"author":[{"embeddable":true,"href":"https:\/\/blogs.thesocialmedia.com\/leblogmoto\/wp-json\/wp\/v2\/users\/336"}],"replies":[{"embeddable":true,"href":"https:\/\/blogs.thesocialmedia.com\/leblogmoto\/wp-json\/wp\/v2\/comments?post=1957"}],"version-history":[{"count":2,"href":"https:\/\/blogs.thesocialmedia.com\/leblogmoto\/wp-json\/wp\/v2\/posts\/1957\/revisions"}],"predecessor-version":[{"id":7236,"href":"https:\/\/blogs.thesocialmedia.com\/leblogmoto\/wp-json\/wp\/v2\/posts\/1957\/revisions\/7236"}],"wp:attachment":[{"href":"https:\/\/blogs.thesocialmedia.com\/leblogmoto\/wp-json\/wp\/v2\/media?parent=1957"}],"wp:term":[{"taxonomy":"category","embeddable":true,"href":"https:\/\/blogs.thesocialmedia.com\/leblogmoto\/wp-json\/wp\/v2\/categories?post=1957"},{"taxonomy":"post_tag","embeddable":true,"href":"https:\/\/blogs.thesocialmedia.com\/leblogmoto\/wp-json\/wp\/v2\/tags?post=1957"}],"curies":[{"name":"wp","href":"https:\/\/api.w.org\/{rel}","templated":true}]}}