{"id":1958,"date":"2006-03-29T14:33:23","date_gmt":"2006-03-29T14:33:23","guid":{"rendered":"http:\/\/blogs.thesocialmedia.com\/leblogmoto\/2006\/03\/29\/2013-anne-zro-d\/"},"modified":"2012-07-11T14:18:42","modified_gmt":"2012-07-11T14:18:42","slug":"2013-anne-zro-d","status":"publish","type":"post","link":"https:\/\/blogs.thesocialmedia.com\/leblogmoto\/2006\/03\/29\/2013-anne-zro-d\/","title":{"rendered":"2013, ann\u00e9e z\u00e9ro du nouveau permis"},"content":{"rendered":"<p><a href=\"http:\/\/blogs.thesocialmedia.com\/leblogmoto\/files\/2012\/07\/permisdeconduire_1.gif\"><img loading=\"lazy\" decoding=\"async\" height=\"158\" alt=\"Permisdeconduire_1\" src=\"http:\/\/www.leblogmoto.com\/images\/permisdeconduire_1.gif\" width=\"250\"  \/><\/a>Notre <strong>carton rose<\/strong> ne vaudra pas tripette \u00e0 l&rsquo;or\u00e9e de la saison <strong>2013<\/strong>. A cette \u00e9ch\u00e9ance, le permis de conduire europ\u00e9en entamera son odyss\u00e9e, et avec lui, les nouvelles r\u00e8gles de fond.<\/p>\n<p>Car le prochain s\u00e9same ne se contentera pas d&rsquo;un toilettage de sa forme. D&rsquo;un calibre de carte de cr\u00e9dit, il pr\u00e9sentera, comme ce dernier, des \u00e9ch\u00e9ances qui seront autant d&rsquo;\u00e9tapes pour \u00e9voluer vers les hautes puissances.<\/p>\n<p>Enfin, \u00e7a, c&rsquo;est que pour les <a href=\"http:\/\/www.leblogmoto.com\/2005\/12\/lhomo_motardicu.html\">motards<\/a>&#8230; <\/p>\n<p><a href=\"http:\/\/clabedan.typepad.com\/.shared\/image.html?\/photos\/uncategorized\/permis_de_conduire_1.jpg\"><img loading=\"lazy\" decoding=\"async\" height=\"411\" alt=\"Permis_de_conduire_1\" src=\"http:\/\/www.leblogmoto.com\/images\/permis_de_conduire_1.jpg\" width=\"250\"  \/><\/a>Nonobstant <a href=\"http:\/\/www.leblogauto.com\/2006\/03\/le_permis_europ.html\">les r\u00e8gles communes<\/a> qui s&rsquo;appliqueront \u00e0 tous les types de conducteur, un menu sp\u00e9cial est r\u00e9serv\u00e9 au motocycliste.<\/p>\n<p>Ainsi, les nouvelle r\u00e8gles pr\u00e9voient l&rsquo;instauration d&rsquo;un permis de conduire pour les <a href=\"http:\/\/www.leblogmoto.com\/2005\/10\/mondial_2005_es.html\">cyclomoteurs<\/a> et introduisent le principe d&rsquo;un <strong>acc\u00e8s progressif \u00e0 la conduite de motos plus grosses et plus puissantes<\/strong>. L&rsquo;acc\u00e8s direct \u00e0 cette cat\u00e9gorie ne sera possible qu&rsquo;\u00e0 partir de <strong>24 ans<\/strong> et apr\u00e8s la r\u00e9ussite d&rsquo;un <strong>examen th\u00e9orique et d&rsquo;un examen pratique<\/strong>.<\/p>\n<p>N\u00e9anmoins, les personnes qui voudront conduire ces motos <strong>avant<\/strong> cet \u00e2ge, devront justifier d&rsquo;au moins deux ans d&rsquo;exp\u00e9rience de conduite de mod\u00e8les plus l\u00e9gers.<\/p>\n<p>Dans le principe, rien \u00e0 dire, les notions d&rsquo;exp\u00e9rience et de responsabilit\u00e9 sur lesquelles se basent la d\u00e9marche constituant l&rsquo;avers et le revers du motard retaill\u00e9. Il est simplement dommage de constater que ces bons principes ne soient <strong>appliqu\u00e9s qu&rsquo;aux deux roues<\/strong>. Parce qu&rsquo;on n&rsquo;est pas plus malin \u00e0 bord d&rsquo;une caisse puissante, \u00e0 peine le permis en poche. <\/p>\n<p>Il ne nous reste donc plus qu&rsquo;\u00e0 \u00eatre prudent, \u00e0 la crois\u00e9e de ce genre l\u00e0. Ce qui se passe d&rsquo;ailleurs d\u00e9j\u00e0.&nbsp; &nbsp;<\/p>\n<p>&nbsp; <\/p>\n","protected":false},"excerpt":{"rendered":"<p>Notre carton rose ne vaudra pas tripette \u00e0 l&rsquo;or\u00e9e de la saison 2013. A cette \u00e9ch\u00e9ance, le permis de conduire europ\u00e9en entamera son odyss\u00e9e, et avec lui, les nouvelles r\u00e8gles de fond. Car le prochain s\u00e9same ne se contentera pas d&rsquo;un toilettage de sa forme. D&rsquo;un calibre de carte de cr\u00e9dit, il pr\u00e9sentera, comme ce [&hellip;]<\/p>\n","protected":false},"author":336,"featured_media":0,"comment_status":"open","ping_status":"open","sticky":false,"template":"","format":"standard","meta":{"footnotes":""},"categories":[3,27],"tags":[],"class_list":["post-1958","post","type-post","status-publish","format-standard","hentry","category-actualite","category-securite"],"yoast_head":"<!-- This site is optimized with the Yoast SEO plugin v26.0 - https:\/\/yoast.com\/wordpress\/plugins\/seo\/ -->\n<title>2013, ann\u00e9e z\u00e9ro du nouveau permis - leblogmoto.com<\/title>\n<meta name=\"robots\" content=\"index, follow, max-snippet:-1, max-image-preview:large, max-video-preview:-1\" \/>\n<link rel=\"canonical\" href=\"https:\/\/blogs.thesocialmedia.com\/leblogmoto\/2006\/03\/29\/2013-anne-zro-d\/\" \/>\n<meta name=\"twitter:card\" content=\"summary_large_image\" \/>\n<meta name=\"twitter:title\" content=\"2013, ann\u00e9e z\u00e9ro du nouveau permis - leblogmoto.com\" \/>\n<meta name=\"twitter:description\" content=\"Notre carton rose ne vaudra pas tripette \u00e0 l&rsquo;or\u00e9e de la saison 2013. A cette \u00e9ch\u00e9ance, le permis de conduire europ\u00e9en entamera son odyss\u00e9e, et avec lui, les nouvelles r\u00e8gles de fond. Car le prochain s\u00e9same ne se contentera pas d&rsquo;un toilettage de sa forme. D&rsquo;un calibre de carte de cr\u00e9dit, il pr\u00e9sentera, comme ce [&hellip;]\" \/>\n<meta name=\"twitter:image\" content=\"http:\/\/www.leblogmoto.com\/images\/permisdeconduire_1.gif\" \/>\n<meta name=\"twitter:label1\" content=\"\u00c9crit par\" \/>\n\t<meta name=\"twitter:data1\" content=\"andre leconde\" \/>\n\t<meta name=\"twitter:label2\" content=\"Dur\u00e9e de lecture estim\u00e9e\" \/>\n\t<meta name=\"twitter:data2\" content=\"1 minute\" \/>\n<script type=\"application\/ld+json\" class=\"yoast-schema-graph\">{\"@context\":\"https:\/\/schema.org\",\"@graph\":[{\"@type\":\"WebPage\",\"@id\":\"https:\/\/blogs.thesocialmedia.com\/leblogmoto\/2006\/03\/29\/2013-anne-zro-d\/\",\"url\":\"https:\/\/blogs.thesocialmedia.com\/leblogmoto\/2006\/03\/29\/2013-anne-zro-d\/\",\"name\":\"2013, ann\u00e9e z\u00e9ro du nouveau permis - leblogmoto.com\",\"isPartOf\":{\"@id\":\"https:\/\/blogs.thesocialmedia.com\/leblogmoto\/#website\"},\"primaryImageOfPage\":{\"@id\":\"https:\/\/blogs.thesocialmedia.com\/leblogmoto\/2006\/03\/29\/2013-anne-zro-d\/#primaryimage\"},\"image\":{\"@id\":\"https:\/\/blogs.thesocialmedia.com\/leblogmoto\/2006\/03\/29\/2013-anne-zro-d\/#primaryimage\"},\"thumbnailUrl\":\"http:\/\/www.leblogmoto.com\/images\/permisdeconduire_1.gif\",\"datePublished\":\"2006-03-29T14:33:23+00:00\",\"dateModified\":\"2012-07-11T14:18:42+00:00\",\"author\":{\"@id\":\"https:\/\/blogs.thesocialmedia.com\/leblogmoto\/#\/schema\/person\/1a1dcfc7cec206573105eb4af91155c2\"},\"breadcrumb\":{\"@id\":\"https:\/\/blogs.thesocialmedia.com\/leblogmoto\/2006\/03\/29\/2013-anne-zro-d\/#breadcrumb\"},\"inLanguage\":\"fr-FR\",\"potentialAction\":[{\"@type\":\"ReadAction\",\"target\":[\"https:\/\/blogs.thesocialmedia.com\/leblogmoto\/2006\/03\/29\/2013-anne-zro-d\/\"]}]},{\"@type\":\"ImageObject\",\"inLanguage\":\"fr-FR\",\"@id\":\"https:\/\/blogs.thesocialmedia.com\/leblogmoto\/2006\/03\/29\/2013-anne-zro-d\/#primaryimage\",\"url\":\"http:\/\/www.leblogmoto.com\/images\/permisdeconduire_1.gif\",\"contentUrl\":\"http:\/\/www.leblogmoto.com\/images\/permisdeconduire_1.gif\"},{\"@type\":\"BreadcrumbList\",\"@id\":\"https:\/\/blogs.thesocialmedia.com\/leblogmoto\/2006\/03\/29\/2013-anne-zro-d\/#breadcrumb\",\"itemListElement\":[{\"@type\":\"ListItem\",\"position\":1,\"name\":\"Accueil\",\"item\":\"https:\/\/blogs.thesocialmedia.com\/leblogmoto\/\"},{\"@type\":\"ListItem\",\"position\":2,\"name\":\"2013, ann\u00e9e z\u00e9ro du nouveau permis\"}]},{\"@type\":\"WebSite\",\"@id\":\"https:\/\/blogs.thesocialmedia.com\/leblogmoto\/#website\",\"url\":\"https:\/\/blogs.thesocialmedia.com\/leblogmoto\/\",\"name\":\"leblogmoto\",\"description\":\"Toute l&#039;actualit\u00e9 des 2 roues\",\"potentialAction\":[{\"@type\":\"SearchAction\",\"target\":{\"@type\":\"EntryPoint\",\"urlTemplate\":\"https:\/\/blogs.thesocialmedia.com\/leblogmoto\/?s={search_term_string}\"},\"query-input\":{\"@type\":\"PropertyValueSpecification\",\"valueRequired\":true,\"valueName\":\"search_term_string\"}}],\"inLanguage\":\"fr-FR\"},{\"@type\":\"Person\",\"@id\":\"https:\/\/blogs.thesocialmedia.com\/leblogmoto\/#\/schema\/person\/1a1dcfc7cec206573105eb4af91155c2\",\"name\":\"andre leconde\",\"image\":{\"@type\":\"ImageObject\",\"inLanguage\":\"fr-FR\",\"@id\":\"https:\/\/blogs.thesocialmedia.com\/leblogmoto\/#\/schema\/person\/image\/\",\"url\":\"https:\/\/secure.gravatar.com\/avatar\/?s=96&d=mm&r=g\",\"contentUrl\":\"https:\/\/secure.gravatar.com\/avatar\/?s=96&d=mm&r=g\",\"caption\":\"andre leconde\"},\"url\":\"https:\/\/blogs.thesocialmedia.com\/leblogmoto\/author\/andre-leconde\/\"}]}<\/script>\n<!-- \/ Yoast SEO plugin. -->","yoast_head_json":{"title":"2013, ann\u00e9e z\u00e9ro du nouveau permis - leblogmoto.com","robots":{"index":"index","follow":"follow","max-snippet":"max-snippet:-1","max-image-preview":"max-image-preview:large","max-video-preview":"max-video-preview:-1"},"canonical":"https:\/\/blogs.thesocialmedia.com\/leblogmoto\/2006\/03\/29\/2013-anne-zro-d\/","twitter_card":"summary_large_image","twitter_title":"2013, ann\u00e9e z\u00e9ro du nouveau permis - leblogmoto.com","twitter_description":"Notre carton rose ne vaudra pas tripette \u00e0 l&rsquo;or\u00e9e de la saison 2013. A cette \u00e9ch\u00e9ance, le permis de conduire europ\u00e9en entamera son odyss\u00e9e, et avec lui, les nouvelles r\u00e8gles de fond. Car le prochain s\u00e9same ne se contentera pas d&rsquo;un toilettage de sa forme. D&rsquo;un calibre de carte de cr\u00e9dit, il pr\u00e9sentera, comme ce [&hellip;]","twitter_image":"http:\/\/www.leblogmoto.com\/images\/permisdeconduire_1.gif","twitter_misc":{"\u00c9crit par":"andre leconde","Dur\u00e9e de lecture estim\u00e9e":"1 minute"},"schema":{"@context":"https:\/\/schema.org","@graph":[{"@type":"WebPage","@id":"https:\/\/blogs.thesocialmedia.com\/leblogmoto\/2006\/03\/29\/2013-anne-zro-d\/","url":"https:\/\/blogs.thesocialmedia.com\/leblogmoto\/2006\/03\/29\/2013-anne-zro-d\/","name":"2013, ann\u00e9e z\u00e9ro du nouveau permis - leblogmoto.com","isPartOf":{"@id":"https:\/\/blogs.thesocialmedia.com\/leblogmoto\/#website"},"primaryImageOfPage":{"@id":"https:\/\/blogs.thesocialmedia.com\/leblogmoto\/2006\/03\/29\/2013-anne-zro-d\/#primaryimage"},"image":{"@id":"https:\/\/blogs.thesocialmedia.com\/leblogmoto\/2006\/03\/29\/2013-anne-zro-d\/#primaryimage"},"thumbnailUrl":"http:\/\/www.leblogmoto.com\/images\/permisdeconduire_1.gif","datePublished":"2006-03-29T14:33:23+00:00","dateModified":"2012-07-11T14:18:42+00:00","author":{"@id":"https:\/\/blogs.thesocialmedia.com\/leblogmoto\/#\/schema\/person\/1a1dcfc7cec206573105eb4af91155c2"},"breadcrumb":{"@id":"https:\/\/blogs.thesocialmedia.com\/leblogmoto\/2006\/03\/29\/2013-anne-zro-d\/#breadcrumb"},"inLanguage":"fr-FR","potentialAction":[{"@type":"ReadAction","target":["https:\/\/blogs.thesocialmedia.com\/leblogmoto\/2006\/03\/29\/2013-anne-zro-d\/"]}]},{"@type":"ImageObject","inLanguage":"fr-FR","@id":"https:\/\/blogs.thesocialmedia.com\/leblogmoto\/2006\/03\/29\/2013-anne-zro-d\/#primaryimage","url":"http:\/\/www.leblogmoto.com\/images\/permisdeconduire_1.gif","contentUrl":"http:\/\/www.leblogmoto.com\/images\/permisdeconduire_1.gif"},{"@type":"BreadcrumbList","@id":"https:\/\/blogs.thesocialmedia.com\/leblogmoto\/2006\/03\/29\/2013-anne-zro-d\/#breadcrumb","itemListElement":[{"@type":"ListItem","position":1,"name":"Accueil","item":"https:\/\/blogs.thesocialmedia.com\/leblogmoto\/"},{"@type":"ListItem","position":2,"name":"2013, ann\u00e9e z\u00e9ro du nouveau permis"}]},{"@type":"WebSite","@id":"https:\/\/blogs.thesocialmedia.com\/leblogmoto\/#website","url":"https:\/\/blogs.thesocialmedia.com\/leblogmoto\/","name":"leblogmoto","description":"Toute l&#039;actualit\u00e9 des 2 roues","potentialAction":[{"@type":"SearchAction","target":{"@type":"EntryPoint","urlTemplate":"https:\/\/blogs.thesocialmedia.com\/leblogmoto\/?s={search_term_string}"},"query-input":{"@type":"PropertyValueSpecification","valueRequired":true,"valueName":"search_term_string"}}],"inLanguage":"fr-FR"},{"@type":"Person","@id":"https:\/\/blogs.thesocialmedia.com\/leblogmoto\/#\/schema\/person\/1a1dcfc7cec206573105eb4af91155c2","name":"andre leconde","image":{"@type":"ImageObject","inLanguage":"fr-FR","@id":"https:\/\/blogs.thesocialmedia.com\/leblogmoto\/#\/schema\/person\/image\/","url":"https:\/\/secure.gravatar.com\/avatar\/?s=96&d=mm&r=g","contentUrl":"https:\/\/secure.gravatar.com\/avatar\/?s=96&d=mm&r=g","caption":"andre leconde"},"url":"https:\/\/blogs.thesocialmedia.com\/leblogmoto\/author\/andre-leconde\/"}]}},"_links":{"self":[{"href":"https:\/\/blogs.thesocialmedia.com\/leblogmoto\/wp-json\/wp\/v2\/posts\/1958","targetHints":{"allow":["GET"]}}],"collection":[{"href":"https:\/\/blogs.thesocialmedia.com\/leblogmoto\/wp-json\/wp\/v2\/posts"}],"about":[{"href":"https:\/\/blogs.thesocialmedia.com\/leblogmoto\/wp-json\/wp\/v2\/types\/post"}],"author":[{"embeddable":true,"href":"https:\/\/blogs.thesocialmedia.com\/leblogmoto\/wp-json\/wp\/v2\/users\/336"}],"replies":[{"embeddable":true,"href":"https:\/\/blogs.thesocialmedia.com\/leblogmoto\/wp-json\/wp\/v2\/comments?post=1958"}],"version-history":[{"count":2,"href":"https:\/\/blogs.thesocialmedia.com\/leblogmoto\/wp-json\/wp\/v2\/posts\/1958\/revisions"}],"predecessor-version":[{"id":7234,"href":"https:\/\/blogs.thesocialmedia.com\/leblogmoto\/wp-json\/wp\/v2\/posts\/1958\/revisions\/7234"}],"wp:attachment":[{"href":"https:\/\/blogs.thesocialmedia.com\/leblogmoto\/wp-json\/wp\/v2\/media?parent=1958"}],"wp:term":[{"taxonomy":"category","embeddable":true,"href":"https:\/\/blogs.thesocialmedia.com\/leblogmoto\/wp-json\/wp\/v2\/categories?post=1958"},{"taxonomy":"post_tag","embeddable":true,"href":"https:\/\/blogs.thesocialmedia.com\/leblogmoto\/wp-json\/wp\/v2\/tags?post=1958"}],"curies":[{"name":"wp","href":"https:\/\/api.w.org\/{rel}","templated":true}]}}