{"id":196,"date":"2009-04-05T01:39:51","date_gmt":"2009-04-05T01:39:51","guid":{"rendered":"http:\/\/blogs.thesocialmedia.com\/leblogmoto\/2009\/04\/05\/trop-tard-pour-vous-refourguer-tout-le-calendrier-de-marisa\/"},"modified":"2012-07-11T17:17:19","modified_gmt":"2012-07-11T17:17:19","slug":"trop-tard-pour-vous-refourguer-tout-le-calendrier-de-marisa","status":"publish","type":"post","link":"https:\/\/blogs.thesocialmedia.com\/leblogmoto\/2009\/04\/05\/trop-tard-pour-vous-refourguer-tout-le-calendrier-de-marisa\/","title":{"rendered":"Trop tard pour vous refourguer tout le calendrier de Marisa ?"},"content":{"rendered":"<p><a href=\"http:\/\/blogs.thesocialmedia.com\/leblogmoto\/files\/2012\/07\/6a00d83451b18369e201156ee70fa8970c-popup.png\"><img decoding=\"async\" alt=\"Moto Charmes Marisa Miller April 2009\" class=\"at-xid-6a00d83451b18369e201156ee70fa8970c \" src=\"http:\/\/blogs.thesocialmedia.com\/leblogmoto\/files\/2012\/07\/6a00d83451b18369e201156ee70fa8970c-500wi.jpg\" style=\"width: 470px\" \/><\/a> <\/p>\n<p>C&#039;est la question que je me suis pos\u00e9e apr\u00e8s avoir trouv\u00e9 ce sujet sur le blog <a href=\"http:\/\/www.mitolover.com\/sexy\/actualite-sexy\/marissa-millercalendrier-sexy-2009-harley-davidson-6786\">Mitolover<\/a>, dans un <em>topic<\/em> dat\u00e9 de la fin mars. Mais puisque le taulier de ce blog l&#039;a fait, je me suis dit, pourquoi pas nous&#8230; D&#039;ailleurs, ce portfolio n&#039;a de calendrier que le nom. Mais je pense que vous vous fichez pas mal de ne pas pouvoir y cocher l&#039;anniversaire de Tata Simone, vos dates d&#039;exams de fin d&#039;ann\u00e9e, ou votre <em>check up<\/em> annuel chez le toubib pour les quadrag\u00e9naires. Je me trompe ? Voici donc les mois d&#039;avril jusqu&#039;\u00e0 d\u00e9cembre de la belle et de la b\u00eate du Wisconsin, comme on l&#039;avait titr\u00e9. Pour ceux qui \u00e9prouveraient \u00e0 la vue de ces photos une soudaine nostalgie pour l&#039;hiver et le d\u00e9but du printemps de l&#039;ann\u00e9e en cours, je vous convie \u00e0 consulter les mois de janvier \u00e0 mars sur le lien r\u00e9f\u00e9renc\u00e9 (gros clin d&#039;oeil, puisqu&#039;on a pas droit au smiley, nous les r\u00e9dacteurs). Des clich\u00e9s que vous connaissez d\u00e9j\u00e0 pour un ou deux, puisque sur le Blog Moto, on commence \u00e0 faire une (<a href=\"http:\/\/www.leblogmoto.com\/2009\/01\/un-peu-de-maris.html\">gentille<\/a>) <a href=\"http:\/\/www.leblogmoto.com\/2008\/10\/marisa-miller-h.html\">fixation<\/a> sur la Californienne. On en oublierait presque le <em>power cruiser<\/em> de Harley, le tr\u00e8s beau &#8211; avis perso &#8211; V-rod Muscle, qui lui sert d&#039;accessoire. Histoire de faire le lien entre Marisa Miller et l&#039;album du <a href=\"http:\/\/www.leblogmoto.com\/2009\/04\/album-du-vendredi-la-plus-belle-pour-aller-rouler.html\">vendredi<\/a>.<\/p>\n<\/p>\n<p><a href=\"http:\/\/clabedan.typepad.com\/.a\/6a00d83451b18369e201156ee72cb1970c-popup\"><img decoding=\"async\" alt=\"Moto Charmes Marisa Miller May 2009\" class=\"at-xid-6a00d83451b18369e201156ee72cb1970c \" src=\"http:\/\/blogs.thesocialmedia.com\/leblogmoto\/files\/2012\/07\/6a00d83451b18369e201156ee72cb1970c-500wi.jpg\" style=\"width: 470px\" \/><\/a> <\/p>\n<p><a href=\"http:\/\/blogs.thesocialmedia.com\/leblogmoto\/files\/2012\/07\/6a00d83451b18369e201156fdea863970b-popup.png\"><img decoding=\"async\" alt=\"Moto Charmes Marisa Miller June 2009\" class=\"at-xid-6a00d83451b18369e201156fdea863970b \" src=\"http:\/\/blogs.thesocialmedia.com\/leblogmoto\/files\/2012\/07\/6a00d83451b18369e201156fdea863970b-500wi.jpg\" style=\"width: 470px\" \/><\/a> <\/p>\n<p><a href=\"http:\/\/blogs.thesocialmedia.com\/leblogmoto\/files\/2012\/07\/6a00d83451b18369e201156ee74337970c-popup.png\"><img decoding=\"async\" alt=\"Moto Charmes Marisa Miller July 2009\" class=\"at-xid-6a00d83451b18369e201156ee74337970c \" src=\"http:\/\/blogs.thesocialmedia.com\/leblogmoto\/files\/2012\/07\/6a00d83451b18369e201156ee74337970c-500wi.jpg\" style=\"width: 470px\" \/><\/a> <\/p>\n<p><a href=\"http:\/\/blogs.thesocialmedia.com\/leblogmoto\/files\/2012\/07\/6a00d83451b18369e201156fdea9d6970b-popup.png\"><img decoding=\"async\" alt=\"Moto Charmes Marisa Miller August 2009\" class=\"at-xid-6a00d83451b18369e201156fdea9d6970b \" src=\"http:\/\/blogs.thesocialmedia.com\/leblogmoto\/files\/2012\/07\/6a00d83451b18369e201156fdea9d6970b-500wi.jpg\" style=\"width: 470px\" \/><\/a> <\/p>\n<p><a href=\"http:\/\/blogs.thesocialmedia.com\/leblogmoto\/files\/2012\/07\/6a00d83451b18369e201156fdeaa9c970b-popup.png\"><img decoding=\"async\" alt=\"Moto Charmes Marisa Miller September 2009\" class=\"at-xid-6a00d83451b18369e201156fdeaa9c970b \" src=\"http:\/\/blogs.thesocialmedia.com\/leblogmoto\/files\/2012\/07\/6a00d83451b18369e201156fdeaa9c970b-500wi.jpg\" style=\"width: 470px\" \/><\/a> <\/p>\n<p><a href=\"http:\/\/blogs.thesocialmedia.com\/leblogmoto\/files\/2012\/07\/6a00d83451b18369e201156fdeab91970b-popup.png\"><img decoding=\"async\" alt=\"Moto Charmes Marisa Miller October 2009\" class=\"at-xid-6a00d83451b18369e201156fdeab91970b \" src=\"http:\/\/blogs.thesocialmedia.com\/leblogmoto\/files\/2012\/07\/6a00d83451b18369e201156fdeab91970b-500wi.jpg\" style=\"width: 470px\" \/><\/a><\/p>\n<p><a href=\"http:\/\/blogs.thesocialmedia.com\/leblogmoto\/files\/2012\/07\/6a00d83451b18369e201156fdeac7a970b-popup.png\"><img decoding=\"async\" alt=\"Moto Charmes Marisa Miller November 2009\" class=\"at-xid-6a00d83451b18369e201156fdeac7a970b \" src=\"http:\/\/blogs.thesocialmedia.com\/leblogmoto\/files\/2012\/07\/6a00d83451b18369e201156fdeac7a970b-500wi.jpg\" style=\"width: 470px\" \/><\/a><\/p>\n<p><a href=\"http:\/\/blogs.thesocialmedia.com\/leblogmoto\/files\/2012\/07\/6a00d83451b18369e201156fdead05970b-popup.png\"><img decoding=\"async\" alt=\"Moto Charmes Marisa Miller December 2009\" class=\"at-xid-6a00d83451b18369e201156fdead05970b \" src=\"http:\/\/blogs.thesocialmedia.com\/leblogmoto\/files\/2012\/07\/6a00d83451b18369e201156fdead05970b-500wi.jpg\" style=\"width: 470px\" \/><\/a> <\/p>\n","protected":false},"excerpt":{"rendered":"<p>C&#039;est la question que je me suis pos\u00e9e apr\u00e8s avoir trouv\u00e9 ce sujet sur le blog Mitolover, dans un topic dat\u00e9 de la fin mars. Mais puisque le taulier de ce blog l&#039;a fait, je me suis dit, pourquoi pas nous&#8230; D&#039;ailleurs, ce portfolio n&#039;a de calendrier que le nom. Mais je pense que vous [&hellip;]<\/p>\n","protected":false},"author":324,"featured_media":13159,"comment_status":"open","ping_status":"open","sticky":false,"template":"","format":"standard","meta":{"footnotes":""},"categories":[17,29],"tags":[],"class_list":["post-196","post","type-post","status-publish","format-standard","has-post-thumbnail","hentry","category-divers","category-harley-davidson"],"yoast_head":"<!-- This site is optimized with the Yoast SEO plugin v26.0 - https:\/\/yoast.com\/wordpress\/plugins\/seo\/ -->\n<title>Trop tard pour vous refourguer tout le calendrier de Marisa ? - leblogmoto.com<\/title>\n<meta name=\"robots\" content=\"index, follow, max-snippet:-1, max-image-preview:large, max-video-preview:-1\" \/>\n<link rel=\"canonical\" href=\"https:\/\/blogs.thesocialmedia.com\/leblogmoto\/2009\/04\/05\/trop-tard-pour-vous-refourguer-tout-le-calendrier-de-marisa\/\" \/>\n<meta name=\"twitter:card\" content=\"summary_large_image\" \/>\n<meta name=\"twitter:title\" content=\"Trop tard pour vous refourguer tout le calendrier de Marisa ? - leblogmoto.com\" \/>\n<meta name=\"twitter:description\" content=\"C&#039;est la question que je me suis pos\u00e9e apr\u00e8s avoir trouv\u00e9 ce sujet sur le blog Mitolover, dans un topic dat\u00e9 de la fin mars. Mais puisque le taulier de ce blog l&#039;a fait, je me suis dit, pourquoi pas nous&#8230; D&#039;ailleurs, ce portfolio n&#039;a de calendrier que le nom. Mais je pense que vous [&hellip;]\" \/>\n<meta name=\"twitter:image\" content=\"https:\/\/blogs.thesocialmedia.com\/leblogmoto\/files\/2012\/07\/6a00d83451b18369e201156ee70fa8970c-500wi.jpg\" \/>\n<meta name=\"twitter:label1\" content=\"\u00c9crit par\" \/>\n\t<meta name=\"twitter:data1\" content=\"benoit rieu\" \/>\n\t<meta name=\"twitter:label2\" content=\"Dur\u00e9e de lecture estim\u00e9e\" \/>\n\t<meta name=\"twitter:data2\" content=\"1 minute\" \/>\n<script type=\"application\/ld+json\" class=\"yoast-schema-graph\">{\"@context\":\"https:\/\/schema.org\",\"@graph\":[{\"@type\":\"WebPage\",\"@id\":\"https:\/\/blogs.thesocialmedia.com\/leblogmoto\/2009\/04\/05\/trop-tard-pour-vous-refourguer-tout-le-calendrier-de-marisa\/\",\"url\":\"https:\/\/blogs.thesocialmedia.com\/leblogmoto\/2009\/04\/05\/trop-tard-pour-vous-refourguer-tout-le-calendrier-de-marisa\/\",\"name\":\"Trop tard pour vous refourguer tout le calendrier de Marisa ? - leblogmoto.com\",\"isPartOf\":{\"@id\":\"https:\/\/blogs.thesocialmedia.com\/leblogmoto\/#website\"},\"primaryImageOfPage\":{\"@id\":\"https:\/\/blogs.thesocialmedia.com\/leblogmoto\/2009\/04\/05\/trop-tard-pour-vous-refourguer-tout-le-calendrier-de-marisa\/#primaryimage\"},\"image\":{\"@id\":\"https:\/\/blogs.thesocialmedia.com\/leblogmoto\/2009\/04\/05\/trop-tard-pour-vous-refourguer-tout-le-calendrier-de-marisa\/#primaryimage\"},\"thumbnailUrl\":\"https:\/\/blogs.thesocialmedia.com\/leblogmoto\/files\/2012\/07\/6a00d83451b18369e201156ee70fa8970c-500wi.jpg\",\"datePublished\":\"2009-04-05T01:39:51+00:00\",\"dateModified\":\"2012-07-11T17:17:19+00:00\",\"author\":{\"@id\":\"https:\/\/blogs.thesocialmedia.com\/leblogmoto\/#\/schema\/person\/18bfe773e5725ed6d24f743da805362a\"},\"breadcrumb\":{\"@id\":\"https:\/\/blogs.thesocialmedia.com\/leblogmoto\/2009\/04\/05\/trop-tard-pour-vous-refourguer-tout-le-calendrier-de-marisa\/#breadcrumb\"},\"inLanguage\":\"fr-FR\",\"potentialAction\":[{\"@type\":\"ReadAction\",\"target\":[\"https:\/\/blogs.thesocialmedia.com\/leblogmoto\/2009\/04\/05\/trop-tard-pour-vous-refourguer-tout-le-calendrier-de-marisa\/\"]}]},{\"@type\":\"ImageObject\",\"inLanguage\":\"fr-FR\",\"@id\":\"https:\/\/blogs.thesocialmedia.com\/leblogmoto\/2009\/04\/05\/trop-tard-pour-vous-refourguer-tout-le-calendrier-de-marisa\/#primaryimage\",\"url\":\"https:\/\/blogs.thesocialmedia.com\/leblogmoto\/files\/2012\/07\/6a00d83451b18369e201156ee70fa8970c-500wi.jpg\",\"contentUrl\":\"https:\/\/blogs.thesocialmedia.com\/leblogmoto\/files\/2012\/07\/6a00d83451b18369e201156ee70fa8970c-500wi.jpg\",\"width\":\"500\",\"height\":\"620\"},{\"@type\":\"BreadcrumbList\",\"@id\":\"https:\/\/blogs.thesocialmedia.com\/leblogmoto\/2009\/04\/05\/trop-tard-pour-vous-refourguer-tout-le-calendrier-de-marisa\/#breadcrumb\",\"itemListElement\":[{\"@type\":\"ListItem\",\"position\":1,\"name\":\"Accueil\",\"item\":\"https:\/\/blogs.thesocialmedia.com\/leblogmoto\/\"},{\"@type\":\"ListItem\",\"position\":2,\"name\":\"Trop tard pour vous refourguer tout le calendrier de Marisa ?\"}]},{\"@type\":\"WebSite\",\"@id\":\"https:\/\/blogs.thesocialmedia.com\/leblogmoto\/#website\",\"url\":\"https:\/\/blogs.thesocialmedia.com\/leblogmoto\/\",\"name\":\"leblogmoto\",\"description\":\"Toute l&#039;actualit\u00e9 des 2 roues\",\"potentialAction\":[{\"@type\":\"SearchAction\",\"target\":{\"@type\":\"EntryPoint\",\"urlTemplate\":\"https:\/\/blogs.thesocialmedia.com\/leblogmoto\/?s={search_term_string}\"},\"query-input\":{\"@type\":\"PropertyValueSpecification\",\"valueRequired\":true,\"valueName\":\"search_term_string\"}}],\"inLanguage\":\"fr-FR\"},{\"@type\":\"Person\",\"@id\":\"https:\/\/blogs.thesocialmedia.com\/leblogmoto\/#\/schema\/person\/18bfe773e5725ed6d24f743da805362a\",\"name\":\"benoit rieu\",\"image\":{\"@type\":\"ImageObject\",\"inLanguage\":\"fr-FR\",\"@id\":\"https:\/\/blogs.thesocialmedia.com\/leblogmoto\/#\/schema\/person\/image\/\",\"url\":\"https:\/\/secure.gravatar.com\/avatar\/?s=96&d=mm&r=g\",\"contentUrl\":\"https:\/\/secure.gravatar.com\/avatar\/?s=96&d=mm&r=g\",\"caption\":\"benoit rieu\"},\"url\":\"https:\/\/blogs.thesocialmedia.com\/leblogmoto\/author\/benoit-rieu\/\"}]}<\/script>\n<!-- \/ Yoast SEO plugin. -->","yoast_head_json":{"title":"Trop tard pour vous refourguer tout le calendrier de Marisa ? - leblogmoto.com","robots":{"index":"index","follow":"follow","max-snippet":"max-snippet:-1","max-image-preview":"max-image-preview:large","max-video-preview":"max-video-preview:-1"},"canonical":"https:\/\/blogs.thesocialmedia.com\/leblogmoto\/2009\/04\/05\/trop-tard-pour-vous-refourguer-tout-le-calendrier-de-marisa\/","twitter_card":"summary_large_image","twitter_title":"Trop tard pour vous refourguer tout le calendrier de Marisa ? - leblogmoto.com","twitter_description":"C&#039;est la question que je me suis pos\u00e9e apr\u00e8s avoir trouv\u00e9 ce sujet sur le blog Mitolover, dans un topic dat\u00e9 de la fin mars. Mais puisque le taulier de ce blog l&#039;a fait, je me suis dit, pourquoi pas nous&#8230; D&#039;ailleurs, ce portfolio n&#039;a de calendrier que le nom. Mais je pense que vous [&hellip;]","twitter_image":"https:\/\/blogs.thesocialmedia.com\/leblogmoto\/files\/2012\/07\/6a00d83451b18369e201156ee70fa8970c-500wi.jpg","twitter_misc":{"\u00c9crit par":"benoit rieu","Dur\u00e9e de lecture estim\u00e9e":"1 minute"},"schema":{"@context":"https:\/\/schema.org","@graph":[{"@type":"WebPage","@id":"https:\/\/blogs.thesocialmedia.com\/leblogmoto\/2009\/04\/05\/trop-tard-pour-vous-refourguer-tout-le-calendrier-de-marisa\/","url":"https:\/\/blogs.thesocialmedia.com\/leblogmoto\/2009\/04\/05\/trop-tard-pour-vous-refourguer-tout-le-calendrier-de-marisa\/","name":"Trop tard pour vous refourguer tout le calendrier de Marisa ? - leblogmoto.com","isPartOf":{"@id":"https:\/\/blogs.thesocialmedia.com\/leblogmoto\/#website"},"primaryImageOfPage":{"@id":"https:\/\/blogs.thesocialmedia.com\/leblogmoto\/2009\/04\/05\/trop-tard-pour-vous-refourguer-tout-le-calendrier-de-marisa\/#primaryimage"},"image":{"@id":"https:\/\/blogs.thesocialmedia.com\/leblogmoto\/2009\/04\/05\/trop-tard-pour-vous-refourguer-tout-le-calendrier-de-marisa\/#primaryimage"},"thumbnailUrl":"https:\/\/blogs.thesocialmedia.com\/leblogmoto\/files\/2012\/07\/6a00d83451b18369e201156ee70fa8970c-500wi.jpg","datePublished":"2009-04-05T01:39:51+00:00","dateModified":"2012-07-11T17:17:19+00:00","author":{"@id":"https:\/\/blogs.thesocialmedia.com\/leblogmoto\/#\/schema\/person\/18bfe773e5725ed6d24f743da805362a"},"breadcrumb":{"@id":"https:\/\/blogs.thesocialmedia.com\/leblogmoto\/2009\/04\/05\/trop-tard-pour-vous-refourguer-tout-le-calendrier-de-marisa\/#breadcrumb"},"inLanguage":"fr-FR","potentialAction":[{"@type":"ReadAction","target":["https:\/\/blogs.thesocialmedia.com\/leblogmoto\/2009\/04\/05\/trop-tard-pour-vous-refourguer-tout-le-calendrier-de-marisa\/"]}]},{"@type":"ImageObject","inLanguage":"fr-FR","@id":"https:\/\/blogs.thesocialmedia.com\/leblogmoto\/2009\/04\/05\/trop-tard-pour-vous-refourguer-tout-le-calendrier-de-marisa\/#primaryimage","url":"https:\/\/blogs.thesocialmedia.com\/leblogmoto\/files\/2012\/07\/6a00d83451b18369e201156ee70fa8970c-500wi.jpg","contentUrl":"https:\/\/blogs.thesocialmedia.com\/leblogmoto\/files\/2012\/07\/6a00d83451b18369e201156ee70fa8970c-500wi.jpg","width":"500","height":"620"},{"@type":"BreadcrumbList","@id":"https:\/\/blogs.thesocialmedia.com\/leblogmoto\/2009\/04\/05\/trop-tard-pour-vous-refourguer-tout-le-calendrier-de-marisa\/#breadcrumb","itemListElement":[{"@type":"ListItem","position":1,"name":"Accueil","item":"https:\/\/blogs.thesocialmedia.com\/leblogmoto\/"},{"@type":"ListItem","position":2,"name":"Trop tard pour vous refourguer tout le calendrier de Marisa ?"}]},{"@type":"WebSite","@id":"https:\/\/blogs.thesocialmedia.com\/leblogmoto\/#website","url":"https:\/\/blogs.thesocialmedia.com\/leblogmoto\/","name":"leblogmoto","description":"Toute l&#039;actualit\u00e9 des 2 roues","potentialAction":[{"@type":"SearchAction","target":{"@type":"EntryPoint","urlTemplate":"https:\/\/blogs.thesocialmedia.com\/leblogmoto\/?s={search_term_string}"},"query-input":{"@type":"PropertyValueSpecification","valueRequired":true,"valueName":"search_term_string"}}],"inLanguage":"fr-FR"},{"@type":"Person","@id":"https:\/\/blogs.thesocialmedia.com\/leblogmoto\/#\/schema\/person\/18bfe773e5725ed6d24f743da805362a","name":"benoit rieu","image":{"@type":"ImageObject","inLanguage":"fr-FR","@id":"https:\/\/blogs.thesocialmedia.com\/leblogmoto\/#\/schema\/person\/image\/","url":"https:\/\/secure.gravatar.com\/avatar\/?s=96&d=mm&r=g","contentUrl":"https:\/\/secure.gravatar.com\/avatar\/?s=96&d=mm&r=g","caption":"benoit rieu"},"url":"https:\/\/blogs.thesocialmedia.com\/leblogmoto\/author\/benoit-rieu\/"}]}},"_links":{"self":[{"href":"https:\/\/blogs.thesocialmedia.com\/leblogmoto\/wp-json\/wp\/v2\/posts\/196","targetHints":{"allow":["GET"]}}],"collection":[{"href":"https:\/\/blogs.thesocialmedia.com\/leblogmoto\/wp-json\/wp\/v2\/posts"}],"about":[{"href":"https:\/\/blogs.thesocialmedia.com\/leblogmoto\/wp-json\/wp\/v2\/types\/post"}],"author":[{"embeddable":true,"href":"https:\/\/blogs.thesocialmedia.com\/leblogmoto\/wp-json\/wp\/v2\/users\/324"}],"replies":[{"embeddable":true,"href":"https:\/\/blogs.thesocialmedia.com\/leblogmoto\/wp-json\/wp\/v2\/comments?post=196"}],"version-history":[{"count":2,"href":"https:\/\/blogs.thesocialmedia.com\/leblogmoto\/wp-json\/wp\/v2\/posts\/196\/revisions"}],"predecessor-version":[{"id":13176,"href":"https:\/\/blogs.thesocialmedia.com\/leblogmoto\/wp-json\/wp\/v2\/posts\/196\/revisions\/13176"}],"wp:featuredmedia":[{"embeddable":true,"href":"https:\/\/blogs.thesocialmedia.com\/leblogmoto\/wp-json\/wp\/v2\/media\/13159"}],"wp:attachment":[{"href":"https:\/\/blogs.thesocialmedia.com\/leblogmoto\/wp-json\/wp\/v2\/media?parent=196"}],"wp:term":[{"taxonomy":"category","embeddable":true,"href":"https:\/\/blogs.thesocialmedia.com\/leblogmoto\/wp-json\/wp\/v2\/categories?post=196"},{"taxonomy":"post_tag","embeddable":true,"href":"https:\/\/blogs.thesocialmedia.com\/leblogmoto\/wp-json\/wp\/v2\/tags?post=196"}],"curies":[{"name":"wp","href":"https:\/\/api.w.org\/{rel}","templated":true}]}}