{"id":1960,"date":"2006-03-28T21:29:42","date_gmt":"2006-03-28T21:29:42","guid":{"rendered":"http:\/\/blogs.thesocialmedia.com\/leblogmoto\/2006\/03\/28\/vous-avez-aim-l\/"},"modified":"2012-07-11T14:18:41","modified_gmt":"2012-07-11T14:18:41","slug":"vous-avez-aim-l","status":"publish","type":"post","link":"https:\/\/blogs.thesocialmedia.com\/leblogmoto\/2006\/03\/28\/vous-avez-aim-l\/","title":{"rendered":"Coup de jeune: M\u00eame en 125 !"},"content":{"rendered":"<p><a href=\"http:\/\/blogs.thesocialmedia.com\/leblogmoto\/files\/2012\/07\/41474906_bradleysmithface203.jpg\"><img loading=\"lazy\" decoding=\"async\" height=\"187\" alt=\"_41474906_bradleysmithface203\" src=\"http:\/\/www.leblogmoto.com\/images\/_41474906_bradleysmithface203.jpg\" width=\"250\"  \/><\/a>Vous avez aim\u00e9 le <a href=\"http:\/\/www.leblogmoto.com\/2006\/03\/motogp_que_demo.html\">dernier GP<\/a> ? Vous vous extasiez devant l&rsquo;arriv\u00e9e de cette vague jeune qui, de facto, en tout juste une course, a mis au rencard les <a href=\"http:\/\/www.leblogmoto.com\/2005\/12\/barros_en_super.html\">vieilles gloires<\/a>, contraintes de se retirer, avec leur cuir us\u00e9, dans le dernier championnat mondial qu&rsquo;on leur laisse, ou dans une <a href=\"http:\/\/www.leblogmoto.com\/2006\/03\/pendant_ce_temp_2.html\">semi-retraite<\/a> berc\u00e9e d&rsquo;illusions ?<\/p>\n<p>Alors vous allez adorer ce visage de poupon, qui a tout juste gravi sa quinzi\u00e8me ann\u00e9e, et qui fait le championnat du monde <a href=\"http:\/\/www.leblogmoto.com\/2006\/03\/125_bautista_la.html\">125<\/a> comme d&rsquo;autres jouent aux billes dans les cours de recr\u00e9e.<\/p>\n<p>Il s&rsquo;appelle <strong>Bradley SMITH<\/strong>, il est anglais, et il est soutenu par <strong>REPSOL<\/strong> et manag\u00e9 par l&rsquo;\u00e9leveur de champion M. <strong>PUIG<\/strong> en personne&#8230;&nbsp; <\/p>\n<p><a href=\"http:\/\/clabedan.typepad.com\/.shared\/image.html?\/photos\/uncategorized\/puig_1.jpg\"><img loading=\"lazy\" decoding=\"async\" height=\"178\" alt=\"Puig_1\" src=\"http:\/\/www.leblogmoto.com\/images\/puig_1.jpg\" width=\"250\"  \/><\/a>Pour sa premi\u00e8re \u00e9preuve, tout juste aur\u00e9ol\u00e9 de sa gloire acquise au &quot;<strong>MotoGp Academy<\/strong>&quot;, de son exp\u00e9rience des courses 125 ib\u00e8riques, il n&rsquo;a pas fait de fautes et s&rsquo;est class\u00e9 \u00e0 une honorable <strong>dix septi\u00e8me<\/strong> place, soit \u00e0 la porte des points. Et comme pour s&rsquo;excuser, il a d\u00e9clar\u00e9 qu&rsquo;il s&rsquo;en \u00e9tait bien sorti pour un circuit qu&rsquo;il n&rsquo;avait jamais arpent\u00e9, m\u00eame pas avec sa console.<\/p>\n<p>Mais c&rsquo;est pour ajouter aussit\u00f4t que pour le <strong>QATAR<\/strong>, il a d\u00e9j\u00e0 m\u00e9moris\u00e9 le circuit gr\u00e2ce \u00e0 la f\u00e9e manette. A croire qu&rsquo;on pourrait bien voir la HONDA Repsol venir jouer des coudes en haut du peloton. En plus, le gamin est dur, il est d\u00e9j\u00e0 pass\u00e9 par le pl\u00e2tre, une jambe froiss\u00e9e en moto-cross, la discipline pr\u00e9f\u00e9r\u00e9e de Papa.<\/p>\n<p><strong>Bradley SMITH<\/strong>, nouveau poulain de l&rsquo;\u00e9curie PUIG sur orbite ? <\/p>\n","protected":false},"excerpt":{"rendered":"<p>Vous avez aim\u00e9 le dernier GP ? Vous vous extasiez devant l&rsquo;arriv\u00e9e de cette vague jeune qui, de facto, en tout juste une course, a mis au rencard les vieilles gloires, contraintes de se retirer, avec leur cuir us\u00e9, dans le dernier championnat mondial qu&rsquo;on leur laisse, ou dans une semi-retraite berc\u00e9e d&rsquo;illusions ? Alors [&hellip;]<\/p>\n","protected":false},"author":336,"featured_media":0,"comment_status":"open","ping_status":"open","sticky":false,"template":"","format":"standard","meta":{"footnotes":""},"categories":[22,32],"tags":[],"class_list":["post-1960","post","type-post","status-publish","format-standard","hentry","category-motogp","category-sport-moto"],"yoast_head":"<!-- This site is optimized with the Yoast SEO plugin v26.0 - https:\/\/yoast.com\/wordpress\/plugins\/seo\/ -->\n<title>Coup de jeune: M\u00eame en 125 ! - leblogmoto.com<\/title>\n<meta name=\"robots\" content=\"index, follow, max-snippet:-1, max-image-preview:large, max-video-preview:-1\" \/>\n<link rel=\"canonical\" href=\"https:\/\/blogs.thesocialmedia.com\/leblogmoto\/2006\/03\/28\/vous-avez-aim-l\/\" \/>\n<meta name=\"twitter:card\" content=\"summary_large_image\" \/>\n<meta name=\"twitter:title\" content=\"Coup de jeune: M\u00eame en 125 ! - leblogmoto.com\" \/>\n<meta name=\"twitter:description\" content=\"Vous avez aim\u00e9 le dernier GP ? Vous vous extasiez devant l&rsquo;arriv\u00e9e de cette vague jeune qui, de facto, en tout juste une course, a mis au rencard les vieilles gloires, contraintes de se retirer, avec leur cuir us\u00e9, dans le dernier championnat mondial qu&rsquo;on leur laisse, ou dans une semi-retraite berc\u00e9e d&rsquo;illusions ? Alors [&hellip;]\" \/>\n<meta name=\"twitter:image\" content=\"http:\/\/www.leblogmoto.com\/images\/_41474906_bradleysmithface203.jpg\" \/>\n<meta name=\"twitter:label1\" content=\"\u00c9crit par\" \/>\n\t<meta name=\"twitter:data1\" content=\"andre leconde\" \/>\n\t<meta name=\"twitter:label2\" content=\"Dur\u00e9e de lecture estim\u00e9e\" \/>\n\t<meta name=\"twitter:data2\" content=\"1 minute\" \/>\n<script type=\"application\/ld+json\" class=\"yoast-schema-graph\">{\"@context\":\"https:\/\/schema.org\",\"@graph\":[{\"@type\":\"WebPage\",\"@id\":\"https:\/\/blogs.thesocialmedia.com\/leblogmoto\/2006\/03\/28\/vous-avez-aim-l\/\",\"url\":\"https:\/\/blogs.thesocialmedia.com\/leblogmoto\/2006\/03\/28\/vous-avez-aim-l\/\",\"name\":\"Coup de jeune: M\u00eame en 125 ! - leblogmoto.com\",\"isPartOf\":{\"@id\":\"https:\/\/blogs.thesocialmedia.com\/leblogmoto\/#website\"},\"primaryImageOfPage\":{\"@id\":\"https:\/\/blogs.thesocialmedia.com\/leblogmoto\/2006\/03\/28\/vous-avez-aim-l\/#primaryimage\"},\"image\":{\"@id\":\"https:\/\/blogs.thesocialmedia.com\/leblogmoto\/2006\/03\/28\/vous-avez-aim-l\/#primaryimage\"},\"thumbnailUrl\":\"http:\/\/www.leblogmoto.com\/images\/_41474906_bradleysmithface203.jpg\",\"datePublished\":\"2006-03-28T21:29:42+00:00\",\"dateModified\":\"2012-07-11T14:18:41+00:00\",\"author\":{\"@id\":\"https:\/\/blogs.thesocialmedia.com\/leblogmoto\/#\/schema\/person\/1a1dcfc7cec206573105eb4af91155c2\"},\"breadcrumb\":{\"@id\":\"https:\/\/blogs.thesocialmedia.com\/leblogmoto\/2006\/03\/28\/vous-avez-aim-l\/#breadcrumb\"},\"inLanguage\":\"fr-FR\",\"potentialAction\":[{\"@type\":\"ReadAction\",\"target\":[\"https:\/\/blogs.thesocialmedia.com\/leblogmoto\/2006\/03\/28\/vous-avez-aim-l\/\"]}]},{\"@type\":\"ImageObject\",\"inLanguage\":\"fr-FR\",\"@id\":\"https:\/\/blogs.thesocialmedia.com\/leblogmoto\/2006\/03\/28\/vous-avez-aim-l\/#primaryimage\",\"url\":\"http:\/\/www.leblogmoto.com\/images\/_41474906_bradleysmithface203.jpg\",\"contentUrl\":\"http:\/\/www.leblogmoto.com\/images\/_41474906_bradleysmithface203.jpg\"},{\"@type\":\"BreadcrumbList\",\"@id\":\"https:\/\/blogs.thesocialmedia.com\/leblogmoto\/2006\/03\/28\/vous-avez-aim-l\/#breadcrumb\",\"itemListElement\":[{\"@type\":\"ListItem\",\"position\":1,\"name\":\"Accueil\",\"item\":\"https:\/\/blogs.thesocialmedia.com\/leblogmoto\/\"},{\"@type\":\"ListItem\",\"position\":2,\"name\":\"Coup de jeune: M\u00eame en 125 !\"}]},{\"@type\":\"WebSite\",\"@id\":\"https:\/\/blogs.thesocialmedia.com\/leblogmoto\/#website\",\"url\":\"https:\/\/blogs.thesocialmedia.com\/leblogmoto\/\",\"name\":\"leblogmoto\",\"description\":\"Toute l&#039;actualit\u00e9 des 2 roues\",\"potentialAction\":[{\"@type\":\"SearchAction\",\"target\":{\"@type\":\"EntryPoint\",\"urlTemplate\":\"https:\/\/blogs.thesocialmedia.com\/leblogmoto\/?s={search_term_string}\"},\"query-input\":{\"@type\":\"PropertyValueSpecification\",\"valueRequired\":true,\"valueName\":\"search_term_string\"}}],\"inLanguage\":\"fr-FR\"},{\"@type\":\"Person\",\"@id\":\"https:\/\/blogs.thesocialmedia.com\/leblogmoto\/#\/schema\/person\/1a1dcfc7cec206573105eb4af91155c2\",\"name\":\"andre leconde\",\"image\":{\"@type\":\"ImageObject\",\"inLanguage\":\"fr-FR\",\"@id\":\"https:\/\/blogs.thesocialmedia.com\/leblogmoto\/#\/schema\/person\/image\/\",\"url\":\"https:\/\/secure.gravatar.com\/avatar\/?s=96&d=mm&r=g\",\"contentUrl\":\"https:\/\/secure.gravatar.com\/avatar\/?s=96&d=mm&r=g\",\"caption\":\"andre leconde\"},\"url\":\"https:\/\/blogs.thesocialmedia.com\/leblogmoto\/author\/andre-leconde\/\"}]}<\/script>\n<!-- \/ Yoast SEO plugin. -->","yoast_head_json":{"title":"Coup de jeune: M\u00eame en 125 ! - leblogmoto.com","robots":{"index":"index","follow":"follow","max-snippet":"max-snippet:-1","max-image-preview":"max-image-preview:large","max-video-preview":"max-video-preview:-1"},"canonical":"https:\/\/blogs.thesocialmedia.com\/leblogmoto\/2006\/03\/28\/vous-avez-aim-l\/","twitter_card":"summary_large_image","twitter_title":"Coup de jeune: M\u00eame en 125 ! - leblogmoto.com","twitter_description":"Vous avez aim\u00e9 le dernier GP ? Vous vous extasiez devant l&rsquo;arriv\u00e9e de cette vague jeune qui, de facto, en tout juste une course, a mis au rencard les vieilles gloires, contraintes de se retirer, avec leur cuir us\u00e9, dans le dernier championnat mondial qu&rsquo;on leur laisse, ou dans une semi-retraite berc\u00e9e d&rsquo;illusions ? Alors [&hellip;]","twitter_image":"http:\/\/www.leblogmoto.com\/images\/_41474906_bradleysmithface203.jpg","twitter_misc":{"\u00c9crit par":"andre leconde","Dur\u00e9e de lecture estim\u00e9e":"1 minute"},"schema":{"@context":"https:\/\/schema.org","@graph":[{"@type":"WebPage","@id":"https:\/\/blogs.thesocialmedia.com\/leblogmoto\/2006\/03\/28\/vous-avez-aim-l\/","url":"https:\/\/blogs.thesocialmedia.com\/leblogmoto\/2006\/03\/28\/vous-avez-aim-l\/","name":"Coup de jeune: M\u00eame en 125 ! - leblogmoto.com","isPartOf":{"@id":"https:\/\/blogs.thesocialmedia.com\/leblogmoto\/#website"},"primaryImageOfPage":{"@id":"https:\/\/blogs.thesocialmedia.com\/leblogmoto\/2006\/03\/28\/vous-avez-aim-l\/#primaryimage"},"image":{"@id":"https:\/\/blogs.thesocialmedia.com\/leblogmoto\/2006\/03\/28\/vous-avez-aim-l\/#primaryimage"},"thumbnailUrl":"http:\/\/www.leblogmoto.com\/images\/_41474906_bradleysmithface203.jpg","datePublished":"2006-03-28T21:29:42+00:00","dateModified":"2012-07-11T14:18:41+00:00","author":{"@id":"https:\/\/blogs.thesocialmedia.com\/leblogmoto\/#\/schema\/person\/1a1dcfc7cec206573105eb4af91155c2"},"breadcrumb":{"@id":"https:\/\/blogs.thesocialmedia.com\/leblogmoto\/2006\/03\/28\/vous-avez-aim-l\/#breadcrumb"},"inLanguage":"fr-FR","potentialAction":[{"@type":"ReadAction","target":["https:\/\/blogs.thesocialmedia.com\/leblogmoto\/2006\/03\/28\/vous-avez-aim-l\/"]}]},{"@type":"ImageObject","inLanguage":"fr-FR","@id":"https:\/\/blogs.thesocialmedia.com\/leblogmoto\/2006\/03\/28\/vous-avez-aim-l\/#primaryimage","url":"http:\/\/www.leblogmoto.com\/images\/_41474906_bradleysmithface203.jpg","contentUrl":"http:\/\/www.leblogmoto.com\/images\/_41474906_bradleysmithface203.jpg"},{"@type":"BreadcrumbList","@id":"https:\/\/blogs.thesocialmedia.com\/leblogmoto\/2006\/03\/28\/vous-avez-aim-l\/#breadcrumb","itemListElement":[{"@type":"ListItem","position":1,"name":"Accueil","item":"https:\/\/blogs.thesocialmedia.com\/leblogmoto\/"},{"@type":"ListItem","position":2,"name":"Coup de jeune: M\u00eame en 125 !"}]},{"@type":"WebSite","@id":"https:\/\/blogs.thesocialmedia.com\/leblogmoto\/#website","url":"https:\/\/blogs.thesocialmedia.com\/leblogmoto\/","name":"leblogmoto","description":"Toute l&#039;actualit\u00e9 des 2 roues","potentialAction":[{"@type":"SearchAction","target":{"@type":"EntryPoint","urlTemplate":"https:\/\/blogs.thesocialmedia.com\/leblogmoto\/?s={search_term_string}"},"query-input":{"@type":"PropertyValueSpecification","valueRequired":true,"valueName":"search_term_string"}}],"inLanguage":"fr-FR"},{"@type":"Person","@id":"https:\/\/blogs.thesocialmedia.com\/leblogmoto\/#\/schema\/person\/1a1dcfc7cec206573105eb4af91155c2","name":"andre leconde","image":{"@type":"ImageObject","inLanguage":"fr-FR","@id":"https:\/\/blogs.thesocialmedia.com\/leblogmoto\/#\/schema\/person\/image\/","url":"https:\/\/secure.gravatar.com\/avatar\/?s=96&d=mm&r=g","contentUrl":"https:\/\/secure.gravatar.com\/avatar\/?s=96&d=mm&r=g","caption":"andre leconde"},"url":"https:\/\/blogs.thesocialmedia.com\/leblogmoto\/author\/andre-leconde\/"}]}},"_links":{"self":[{"href":"https:\/\/blogs.thesocialmedia.com\/leblogmoto\/wp-json\/wp\/v2\/posts\/1960","targetHints":{"allow":["GET"]}}],"collection":[{"href":"https:\/\/blogs.thesocialmedia.com\/leblogmoto\/wp-json\/wp\/v2\/posts"}],"about":[{"href":"https:\/\/blogs.thesocialmedia.com\/leblogmoto\/wp-json\/wp\/v2\/types\/post"}],"author":[{"embeddable":true,"href":"https:\/\/blogs.thesocialmedia.com\/leblogmoto\/wp-json\/wp\/v2\/users\/336"}],"replies":[{"embeddable":true,"href":"https:\/\/blogs.thesocialmedia.com\/leblogmoto\/wp-json\/wp\/v2\/comments?post=1960"}],"version-history":[{"count":2,"href":"https:\/\/blogs.thesocialmedia.com\/leblogmoto\/wp-json\/wp\/v2\/posts\/1960\/revisions"}],"predecessor-version":[{"id":7232,"href":"https:\/\/blogs.thesocialmedia.com\/leblogmoto\/wp-json\/wp\/v2\/posts\/1960\/revisions\/7232"}],"wp:attachment":[{"href":"https:\/\/blogs.thesocialmedia.com\/leblogmoto\/wp-json\/wp\/v2\/media?parent=1960"}],"wp:term":[{"taxonomy":"category","embeddable":true,"href":"https:\/\/blogs.thesocialmedia.com\/leblogmoto\/wp-json\/wp\/v2\/categories?post=1960"},{"taxonomy":"post_tag","embeddable":true,"href":"https:\/\/blogs.thesocialmedia.com\/leblogmoto\/wp-json\/wp\/v2\/tags?post=1960"}],"curies":[{"name":"wp","href":"https:\/\/api.w.org\/{rel}","templated":true}]}}