{"id":1963,"date":"2006-03-27T21:12:05","date_gmt":"2006-03-27T21:12:05","guid":{"rendered":"http:\/\/blogs.thesocialmedia.com\/leblogmoto\/2006\/03\/27\/yamaha-mobilisa\/"},"modified":"2012-07-11T14:18:35","modified_gmt":"2012-07-11T14:18:35","slug":"yamaha-mobilisa","status":"publish","type":"post","link":"https:\/\/blogs.thesocialmedia.com\/leblogmoto\/2006\/03\/27\/yamaha-mobilisa\/","title":{"rendered":"YAMAHA: Mobilisation g\u00e9n\u00e9rale"},"content":{"rendered":"<p><a href=\"http:\/\/blogs.thesocialmedia.com\/leblogmoto\/files\/2012\/07\/elias_06gp01_2506_an.jpg\"><img loading=\"lazy\" decoding=\"async\" height=\"153\" alt=\"Elias_06gp01_2506_an\" src=\"http:\/\/www.leblogmoto.com\/images\/elias_06gp01_2506_an.jpg\" width=\"250\"  \/><\/a>Valentino l&rsquo;a reconnu, m\u00eame sans son <a href=\"http:\/\/www.leblogmoto.com\/2006\/03\/motogp_que_demo.html\">incident de course<\/a>, il aurait pu, tout au mieux, qu&rsquo;esp\u00e9rer la troisi\u00e8me marche du podium. A la r\u00e9guli\u00e8re.<\/p>\n<p>Rien ne dit qu&rsquo;il aurait pu resister \u00e0 son bourreau du premier virage que l&rsquo;on voit ainsi implorer le pardon du ma\u00eetre, apr\u00e8s, au passage, une prestation plus que convaincante qui l&rsquo;a vu enfumer un <strong>MELANDRI<\/strong> bien tendre.<\/p>\n<p>Pardon qui lui a \u00e9t\u00e9 accord\u00e9, parce que <a href=\"http:\/\/www.leblogmoto.com\/2006\/03\/yamaha_trmulati.html\">ROSSI<\/a> a en ce moment d&rsquo;autres chats \u00e0 fouetter. Il a durement pris conscience que ce championnat serait difficile. Et chez <strong>YAM<\/strong>, on est, naturellement, aux diapasons. On a m\u00eame mobilis\u00e9 les anciennes classes&#8230; <\/p>\n<p><a href=\"http:\/\/clabedan.typepad.com\/.shared\/image.html?\/photos\/uncategorized\/foto.jpg\"><img loading=\"lazy\" decoding=\"async\" height=\"166\" alt=\"Foto\" src=\"http:\/\/www.leblogmoto.com\/images\/foto.jpg\" width=\"250\"  \/><\/a>C&rsquo;est ainsi que dans le box de <a href=\"http:\/\/www.leblogmoto.com\/2006\/03\/250_lorenzo_saf.html\">JEREZ<\/a>, o\u00f9 les \u00e9curies sont rest\u00e9es pour une journ\u00e9e d&rsquo;essai d&rsquo;apr\u00e8s GP, est r\u00e9apparue la <strong>version 2005 de la M.1<\/strong>, pour un comparatif.<\/p>\n<p>Ce dernier a tourn\u00e9 en la faveur du mill\u00e9sime 2006, mais l&rsquo;entreprise a aussi permis de tester et de valider des directions de r\u00e9glages.<\/p>\n<p>C&rsquo;est bien la <strong>mobilisation g\u00e9n\u00e9rale<\/strong> chez les jaunes. Ce qui veut dire, aussi, que ROSSI a toujours faim. Ca nous promet du grand spectacle, puisque les chronos du jour ont encore \u00e9t\u00e9 \u00e0 la faveur de la concurrence, <strong>HAYDEN<\/strong> en t\u00eate, suivi des <strong>DUCATI<\/strong>, elles-m\u00eames coll\u00e9es par <strong>STONER<\/strong> et <strong>PEDROSA<\/strong>&#8230; Ha ces jeunes !<\/p>\n<p>SOURCES: <a href=\"http:\/\/www.gpone.com\/\">www.gpone.com<\/a> et <a href=\"http:\/\/www.mcnews.com\/\">www.mcnews.com<\/a>&nbsp; &nbsp;&nbsp; &nbsp;&nbsp; <\/p>\n","protected":false},"excerpt":{"rendered":"<p>Valentino l&rsquo;a reconnu, m\u00eame sans son incident de course, il aurait pu, tout au mieux, qu&rsquo;esp\u00e9rer la troisi\u00e8me marche du podium. A la r\u00e9guli\u00e8re. Rien ne dit qu&rsquo;il aurait pu resister \u00e0 son bourreau du premier virage que l&rsquo;on voit ainsi implorer le pardon du ma\u00eetre, apr\u00e8s, au passage, une prestation plus que convaincante qui [&hellip;]<\/p>\n","protected":false},"author":336,"featured_media":0,"comment_status":"open","ping_status":"open","sticky":false,"template":"","format":"standard","meta":{"footnotes":""},"categories":[3,22,32,44],"tags":[],"class_list":["post-1963","post","type-post","status-publish","format-standard","hentry","category-actualite","category-motogp","category-sport-moto","category-yamaha"],"yoast_head":"<!-- This site is optimized with the Yoast SEO plugin v26.0 - https:\/\/yoast.com\/wordpress\/plugins\/seo\/ -->\n<title>YAMAHA: Mobilisation g\u00e9n\u00e9rale - leblogmoto.com<\/title>\n<meta name=\"robots\" content=\"index, follow, max-snippet:-1, max-image-preview:large, max-video-preview:-1\" \/>\n<link rel=\"canonical\" href=\"https:\/\/blogs.thesocialmedia.com\/leblogmoto\/2006\/03\/27\/yamaha-mobilisa\/\" \/>\n<meta name=\"twitter:card\" content=\"summary_large_image\" \/>\n<meta name=\"twitter:title\" content=\"YAMAHA: Mobilisation g\u00e9n\u00e9rale - leblogmoto.com\" \/>\n<meta name=\"twitter:description\" content=\"Valentino l&rsquo;a reconnu, m\u00eame sans son incident de course, il aurait pu, tout au mieux, qu&rsquo;esp\u00e9rer la troisi\u00e8me marche du podium. A la r\u00e9guli\u00e8re. Rien ne dit qu&rsquo;il aurait pu resister \u00e0 son bourreau du premier virage que l&rsquo;on voit ainsi implorer le pardon du ma\u00eetre, apr\u00e8s, au passage, une prestation plus que convaincante qui [&hellip;]\" \/>\n<meta name=\"twitter:image\" content=\"http:\/\/www.leblogmoto.com\/images\/elias_06gp01_2506_an.jpg\" \/>\n<meta name=\"twitter:label1\" content=\"\u00c9crit par\" \/>\n\t<meta name=\"twitter:data1\" content=\"andre leconde\" \/>\n\t<meta name=\"twitter:label2\" content=\"Dur\u00e9e de lecture estim\u00e9e\" \/>\n\t<meta name=\"twitter:data2\" content=\"1 minute\" \/>\n<script type=\"application\/ld+json\" class=\"yoast-schema-graph\">{\"@context\":\"https:\/\/schema.org\",\"@graph\":[{\"@type\":\"WebPage\",\"@id\":\"https:\/\/blogs.thesocialmedia.com\/leblogmoto\/2006\/03\/27\/yamaha-mobilisa\/\",\"url\":\"https:\/\/blogs.thesocialmedia.com\/leblogmoto\/2006\/03\/27\/yamaha-mobilisa\/\",\"name\":\"YAMAHA: Mobilisation g\u00e9n\u00e9rale - leblogmoto.com\",\"isPartOf\":{\"@id\":\"https:\/\/blogs.thesocialmedia.com\/leblogmoto\/#website\"},\"primaryImageOfPage\":{\"@id\":\"https:\/\/blogs.thesocialmedia.com\/leblogmoto\/2006\/03\/27\/yamaha-mobilisa\/#primaryimage\"},\"image\":{\"@id\":\"https:\/\/blogs.thesocialmedia.com\/leblogmoto\/2006\/03\/27\/yamaha-mobilisa\/#primaryimage\"},\"thumbnailUrl\":\"http:\/\/www.leblogmoto.com\/images\/elias_06gp01_2506_an.jpg\",\"datePublished\":\"2006-03-27T21:12:05+00:00\",\"dateModified\":\"2012-07-11T14:18:35+00:00\",\"author\":{\"@id\":\"https:\/\/blogs.thesocialmedia.com\/leblogmoto\/#\/schema\/person\/1a1dcfc7cec206573105eb4af91155c2\"},\"breadcrumb\":{\"@id\":\"https:\/\/blogs.thesocialmedia.com\/leblogmoto\/2006\/03\/27\/yamaha-mobilisa\/#breadcrumb\"},\"inLanguage\":\"fr-FR\",\"potentialAction\":[{\"@type\":\"ReadAction\",\"target\":[\"https:\/\/blogs.thesocialmedia.com\/leblogmoto\/2006\/03\/27\/yamaha-mobilisa\/\"]}]},{\"@type\":\"ImageObject\",\"inLanguage\":\"fr-FR\",\"@id\":\"https:\/\/blogs.thesocialmedia.com\/leblogmoto\/2006\/03\/27\/yamaha-mobilisa\/#primaryimage\",\"url\":\"http:\/\/www.leblogmoto.com\/images\/elias_06gp01_2506_an.jpg\",\"contentUrl\":\"http:\/\/www.leblogmoto.com\/images\/elias_06gp01_2506_an.jpg\"},{\"@type\":\"BreadcrumbList\",\"@id\":\"https:\/\/blogs.thesocialmedia.com\/leblogmoto\/2006\/03\/27\/yamaha-mobilisa\/#breadcrumb\",\"itemListElement\":[{\"@type\":\"ListItem\",\"position\":1,\"name\":\"Accueil\",\"item\":\"https:\/\/blogs.thesocialmedia.com\/leblogmoto\/\"},{\"@type\":\"ListItem\",\"position\":2,\"name\":\"YAMAHA: Mobilisation g\u00e9n\u00e9rale\"}]},{\"@type\":\"WebSite\",\"@id\":\"https:\/\/blogs.thesocialmedia.com\/leblogmoto\/#website\",\"url\":\"https:\/\/blogs.thesocialmedia.com\/leblogmoto\/\",\"name\":\"leblogmoto\",\"description\":\"Toute l&#039;actualit\u00e9 des 2 roues\",\"potentialAction\":[{\"@type\":\"SearchAction\",\"target\":{\"@type\":\"EntryPoint\",\"urlTemplate\":\"https:\/\/blogs.thesocialmedia.com\/leblogmoto\/?s={search_term_string}\"},\"query-input\":{\"@type\":\"PropertyValueSpecification\",\"valueRequired\":true,\"valueName\":\"search_term_string\"}}],\"inLanguage\":\"fr-FR\"},{\"@type\":\"Person\",\"@id\":\"https:\/\/blogs.thesocialmedia.com\/leblogmoto\/#\/schema\/person\/1a1dcfc7cec206573105eb4af91155c2\",\"name\":\"andre leconde\",\"image\":{\"@type\":\"ImageObject\",\"inLanguage\":\"fr-FR\",\"@id\":\"https:\/\/blogs.thesocialmedia.com\/leblogmoto\/#\/schema\/person\/image\/\",\"url\":\"https:\/\/secure.gravatar.com\/avatar\/?s=96&d=mm&r=g\",\"contentUrl\":\"https:\/\/secure.gravatar.com\/avatar\/?s=96&d=mm&r=g\",\"caption\":\"andre leconde\"},\"url\":\"https:\/\/blogs.thesocialmedia.com\/leblogmoto\/author\/andre-leconde\/\"}]}<\/script>\n<!-- \/ Yoast SEO plugin. -->","yoast_head_json":{"title":"YAMAHA: Mobilisation g\u00e9n\u00e9rale - leblogmoto.com","robots":{"index":"index","follow":"follow","max-snippet":"max-snippet:-1","max-image-preview":"max-image-preview:large","max-video-preview":"max-video-preview:-1"},"canonical":"https:\/\/blogs.thesocialmedia.com\/leblogmoto\/2006\/03\/27\/yamaha-mobilisa\/","twitter_card":"summary_large_image","twitter_title":"YAMAHA: Mobilisation g\u00e9n\u00e9rale - leblogmoto.com","twitter_description":"Valentino l&rsquo;a reconnu, m\u00eame sans son incident de course, il aurait pu, tout au mieux, qu&rsquo;esp\u00e9rer la troisi\u00e8me marche du podium. A la r\u00e9guli\u00e8re. Rien ne dit qu&rsquo;il aurait pu resister \u00e0 son bourreau du premier virage que l&rsquo;on voit ainsi implorer le pardon du ma\u00eetre, apr\u00e8s, au passage, une prestation plus que convaincante qui [&hellip;]","twitter_image":"http:\/\/www.leblogmoto.com\/images\/elias_06gp01_2506_an.jpg","twitter_misc":{"\u00c9crit par":"andre leconde","Dur\u00e9e de lecture estim\u00e9e":"1 minute"},"schema":{"@context":"https:\/\/schema.org","@graph":[{"@type":"WebPage","@id":"https:\/\/blogs.thesocialmedia.com\/leblogmoto\/2006\/03\/27\/yamaha-mobilisa\/","url":"https:\/\/blogs.thesocialmedia.com\/leblogmoto\/2006\/03\/27\/yamaha-mobilisa\/","name":"YAMAHA: Mobilisation g\u00e9n\u00e9rale - leblogmoto.com","isPartOf":{"@id":"https:\/\/blogs.thesocialmedia.com\/leblogmoto\/#website"},"primaryImageOfPage":{"@id":"https:\/\/blogs.thesocialmedia.com\/leblogmoto\/2006\/03\/27\/yamaha-mobilisa\/#primaryimage"},"image":{"@id":"https:\/\/blogs.thesocialmedia.com\/leblogmoto\/2006\/03\/27\/yamaha-mobilisa\/#primaryimage"},"thumbnailUrl":"http:\/\/www.leblogmoto.com\/images\/elias_06gp01_2506_an.jpg","datePublished":"2006-03-27T21:12:05+00:00","dateModified":"2012-07-11T14:18:35+00:00","author":{"@id":"https:\/\/blogs.thesocialmedia.com\/leblogmoto\/#\/schema\/person\/1a1dcfc7cec206573105eb4af91155c2"},"breadcrumb":{"@id":"https:\/\/blogs.thesocialmedia.com\/leblogmoto\/2006\/03\/27\/yamaha-mobilisa\/#breadcrumb"},"inLanguage":"fr-FR","potentialAction":[{"@type":"ReadAction","target":["https:\/\/blogs.thesocialmedia.com\/leblogmoto\/2006\/03\/27\/yamaha-mobilisa\/"]}]},{"@type":"ImageObject","inLanguage":"fr-FR","@id":"https:\/\/blogs.thesocialmedia.com\/leblogmoto\/2006\/03\/27\/yamaha-mobilisa\/#primaryimage","url":"http:\/\/www.leblogmoto.com\/images\/elias_06gp01_2506_an.jpg","contentUrl":"http:\/\/www.leblogmoto.com\/images\/elias_06gp01_2506_an.jpg"},{"@type":"BreadcrumbList","@id":"https:\/\/blogs.thesocialmedia.com\/leblogmoto\/2006\/03\/27\/yamaha-mobilisa\/#breadcrumb","itemListElement":[{"@type":"ListItem","position":1,"name":"Accueil","item":"https:\/\/blogs.thesocialmedia.com\/leblogmoto\/"},{"@type":"ListItem","position":2,"name":"YAMAHA: Mobilisation g\u00e9n\u00e9rale"}]},{"@type":"WebSite","@id":"https:\/\/blogs.thesocialmedia.com\/leblogmoto\/#website","url":"https:\/\/blogs.thesocialmedia.com\/leblogmoto\/","name":"leblogmoto","description":"Toute l&#039;actualit\u00e9 des 2 roues","potentialAction":[{"@type":"SearchAction","target":{"@type":"EntryPoint","urlTemplate":"https:\/\/blogs.thesocialmedia.com\/leblogmoto\/?s={search_term_string}"},"query-input":{"@type":"PropertyValueSpecification","valueRequired":true,"valueName":"search_term_string"}}],"inLanguage":"fr-FR"},{"@type":"Person","@id":"https:\/\/blogs.thesocialmedia.com\/leblogmoto\/#\/schema\/person\/1a1dcfc7cec206573105eb4af91155c2","name":"andre leconde","image":{"@type":"ImageObject","inLanguage":"fr-FR","@id":"https:\/\/blogs.thesocialmedia.com\/leblogmoto\/#\/schema\/person\/image\/","url":"https:\/\/secure.gravatar.com\/avatar\/?s=96&d=mm&r=g","contentUrl":"https:\/\/secure.gravatar.com\/avatar\/?s=96&d=mm&r=g","caption":"andre leconde"},"url":"https:\/\/blogs.thesocialmedia.com\/leblogmoto\/author\/andre-leconde\/"}]}},"_links":{"self":[{"href":"https:\/\/blogs.thesocialmedia.com\/leblogmoto\/wp-json\/wp\/v2\/posts\/1963","targetHints":{"allow":["GET"]}}],"collection":[{"href":"https:\/\/blogs.thesocialmedia.com\/leblogmoto\/wp-json\/wp\/v2\/posts"}],"about":[{"href":"https:\/\/blogs.thesocialmedia.com\/leblogmoto\/wp-json\/wp\/v2\/types\/post"}],"author":[{"embeddable":true,"href":"https:\/\/blogs.thesocialmedia.com\/leblogmoto\/wp-json\/wp\/v2\/users\/336"}],"replies":[{"embeddable":true,"href":"https:\/\/blogs.thesocialmedia.com\/leblogmoto\/wp-json\/wp\/v2\/comments?post=1963"}],"version-history":[{"count":2,"href":"https:\/\/blogs.thesocialmedia.com\/leblogmoto\/wp-json\/wp\/v2\/posts\/1963\/revisions"}],"predecessor-version":[{"id":7225,"href":"https:\/\/blogs.thesocialmedia.com\/leblogmoto\/wp-json\/wp\/v2\/posts\/1963\/revisions\/7225"}],"wp:attachment":[{"href":"https:\/\/blogs.thesocialmedia.com\/leblogmoto\/wp-json\/wp\/v2\/media?parent=1963"}],"wp:term":[{"taxonomy":"category","embeddable":true,"href":"https:\/\/blogs.thesocialmedia.com\/leblogmoto\/wp-json\/wp\/v2\/categories?post=1963"},{"taxonomy":"post_tag","embeddable":true,"href":"https:\/\/blogs.thesocialmedia.com\/leblogmoto\/wp-json\/wp\/v2\/tags?post=1963"}],"curies":[{"name":"wp","href":"https:\/\/api.w.org\/{rel}","templated":true}]}}