{"id":1964,"date":"2006-03-27T19:54:26","date_gmt":"2006-03-27T19:54:26","guid":{"rendered":"http:\/\/blogs.thesocialmedia.com\/leblogmoto\/2006\/03\/27\/orange-days-ktm\/"},"modified":"2012-07-11T14:18:33","modified_gmt":"2012-07-11T14:18:33","slug":"orange-days-ktm","status":"publish","type":"post","link":"https:\/\/blogs.thesocialmedia.com\/leblogmoto\/2006\/03\/27\/orange-days-ktm\/","title":{"rendered":"Orange days: KTM vous presse tout son jus"},"content":{"rendered":"<p><a href=\"http:\/\/blogs.thesocialmedia.com\/leblogmoto\/files\/2012\/07\/ktm_01.jpg\"><img loading=\"lazy\" decoding=\"async\" height=\"188\" alt=\"Ktm_01\" src=\"http:\/\/www.leblogmoto.com\/images\/ktm_01.jpg\" width=\"250\"  \/><\/a>Ne sacrifiant pas \u00e0 la <a href=\"http:\/\/www.leblogmoto.com\/2006\/03\/bmw_essais_voya.html\">mode<\/a> printani\u00e8re qui fait ouvrir les portes des <a href=\"http:\/\/www.leblogmoto.com\/2006\/03\/triple_days_tri.html\">concessions<\/a> une fois les frimats de l&rsquo;hiver disparus, KTM vous invite \u00e0 d\u00e9guster ses &quot;<strong>Orange days<\/strong>&quot; du <strong>31 mars au 1er avril<\/strong>.<\/p>\n<p>Ce ne sera pas un poisson lorsque le taulier du blason autrichien vous tendra les cl\u00e9s des <strong>V2<\/strong> <strong>990<\/strong> ou <strong>950<\/strong> pour les <a href=\"http:\/\/www.leblogmoto.com\/2006\/03\/journes_dcouver.html\">essayer<\/a>, \u00e0 moins que vous ne pr\u00e9f\u00e9riez les <strong>640<\/strong>.<\/p>\n<p>L&rsquo;<a href=\"http:\/\/www.leblogmoto.com\/2006\/03\/les_4_jours_yam.html\">occasion<\/a>, \u00e9videmment, de discuter de ses <a href=\"http:\/\/www.leblogmoto.com\/2006\/03\/honda_days_mett.html\">sensations<\/a> et de s&rsquo;habiller tout en orange, de la t\u00eate au pied, \u00e0 vous faire passer pour un aficionados de la DDE.<\/p>\n<p>Et \u00e0 l&rsquo;occasion, vous pourrez m\u00eame poser votre CV pour le poste de <strong>conseiller technique et<\/strong> <strong>commercial<\/strong> que la marque recherche. Alors, pr\u00eat(e) \u00e0 \u00eatre le ver dans le fruit ?<\/p>\n<p>SOURCE: <a href=\"http:\/\/www.ktm.fr\">www.ktm.fr<\/a> <\/p>\n","protected":false},"excerpt":{"rendered":"<p>Ne sacrifiant pas \u00e0 la mode printani\u00e8re qui fait ouvrir les portes des concessions une fois les frimats de l&rsquo;hiver disparus, KTM vous invite \u00e0 d\u00e9guster ses &quot;Orange days&quot; du 31 mars au 1er avril. Ce ne sera pas un poisson lorsque le taulier du blason autrichien vous tendra les cl\u00e9s des V2 990 ou [&hellip;]<\/p>\n","protected":false},"author":336,"featured_media":0,"comment_status":"open","ping_status":"open","sticky":false,"template":"","format":"standard","meta":{"footnotes":""},"categories":[3,39],"tags":[],"class_list":["post-1964","post","type-post","status-publish","format-standard","hentry","category-actualite","category-ktm"],"yoast_head":"<!-- This site is optimized with the Yoast SEO plugin v26.0 - https:\/\/yoast.com\/wordpress\/plugins\/seo\/ -->\n<title>Orange days: KTM vous presse tout son jus - leblogmoto.com<\/title>\n<meta name=\"robots\" content=\"index, follow, max-snippet:-1, max-image-preview:large, max-video-preview:-1\" \/>\n<link rel=\"canonical\" href=\"https:\/\/blogs.thesocialmedia.com\/leblogmoto\/2006\/03\/27\/orange-days-ktm\/\" \/>\n<meta name=\"twitter:card\" content=\"summary_large_image\" \/>\n<meta name=\"twitter:title\" content=\"Orange days: KTM vous presse tout son jus - leblogmoto.com\" \/>\n<meta name=\"twitter:description\" content=\"Ne sacrifiant pas \u00e0 la mode printani\u00e8re qui fait ouvrir les portes des concessions une fois les frimats de l&rsquo;hiver disparus, KTM vous invite \u00e0 d\u00e9guster ses &quot;Orange days&quot; du 31 mars au 1er avril. Ce ne sera pas un poisson lorsque le taulier du blason autrichien vous tendra les cl\u00e9s des V2 990 ou [&hellip;]\" \/>\n<meta name=\"twitter:image\" content=\"http:\/\/www.leblogmoto.com\/images\/ktm_01.jpg\" \/>\n<meta name=\"twitter:label1\" content=\"\u00c9crit par\" \/>\n\t<meta name=\"twitter:data1\" content=\"andre leconde\" \/>\n\t<meta name=\"twitter:label2\" content=\"Dur\u00e9e de lecture estim\u00e9e\" \/>\n\t<meta name=\"twitter:data2\" content=\"1 minute\" \/>\n<script type=\"application\/ld+json\" class=\"yoast-schema-graph\">{\"@context\":\"https:\/\/schema.org\",\"@graph\":[{\"@type\":\"WebPage\",\"@id\":\"https:\/\/blogs.thesocialmedia.com\/leblogmoto\/2006\/03\/27\/orange-days-ktm\/\",\"url\":\"https:\/\/blogs.thesocialmedia.com\/leblogmoto\/2006\/03\/27\/orange-days-ktm\/\",\"name\":\"Orange days: KTM vous presse tout son jus - leblogmoto.com\",\"isPartOf\":{\"@id\":\"https:\/\/blogs.thesocialmedia.com\/leblogmoto\/#website\"},\"primaryImageOfPage\":{\"@id\":\"https:\/\/blogs.thesocialmedia.com\/leblogmoto\/2006\/03\/27\/orange-days-ktm\/#primaryimage\"},\"image\":{\"@id\":\"https:\/\/blogs.thesocialmedia.com\/leblogmoto\/2006\/03\/27\/orange-days-ktm\/#primaryimage\"},\"thumbnailUrl\":\"http:\/\/www.leblogmoto.com\/images\/ktm_01.jpg\",\"datePublished\":\"2006-03-27T19:54:26+00:00\",\"dateModified\":\"2012-07-11T14:18:33+00:00\",\"author\":{\"@id\":\"https:\/\/blogs.thesocialmedia.com\/leblogmoto\/#\/schema\/person\/1a1dcfc7cec206573105eb4af91155c2\"},\"breadcrumb\":{\"@id\":\"https:\/\/blogs.thesocialmedia.com\/leblogmoto\/2006\/03\/27\/orange-days-ktm\/#breadcrumb\"},\"inLanguage\":\"fr-FR\",\"potentialAction\":[{\"@type\":\"ReadAction\",\"target\":[\"https:\/\/blogs.thesocialmedia.com\/leblogmoto\/2006\/03\/27\/orange-days-ktm\/\"]}]},{\"@type\":\"ImageObject\",\"inLanguage\":\"fr-FR\",\"@id\":\"https:\/\/blogs.thesocialmedia.com\/leblogmoto\/2006\/03\/27\/orange-days-ktm\/#primaryimage\",\"url\":\"http:\/\/www.leblogmoto.com\/images\/ktm_01.jpg\",\"contentUrl\":\"http:\/\/www.leblogmoto.com\/images\/ktm_01.jpg\"},{\"@type\":\"BreadcrumbList\",\"@id\":\"https:\/\/blogs.thesocialmedia.com\/leblogmoto\/2006\/03\/27\/orange-days-ktm\/#breadcrumb\",\"itemListElement\":[{\"@type\":\"ListItem\",\"position\":1,\"name\":\"Accueil\",\"item\":\"https:\/\/blogs.thesocialmedia.com\/leblogmoto\/\"},{\"@type\":\"ListItem\",\"position\":2,\"name\":\"Orange days: KTM vous presse tout son jus\"}]},{\"@type\":\"WebSite\",\"@id\":\"https:\/\/blogs.thesocialmedia.com\/leblogmoto\/#website\",\"url\":\"https:\/\/blogs.thesocialmedia.com\/leblogmoto\/\",\"name\":\"leblogmoto\",\"description\":\"Toute l&#039;actualit\u00e9 des 2 roues\",\"potentialAction\":[{\"@type\":\"SearchAction\",\"target\":{\"@type\":\"EntryPoint\",\"urlTemplate\":\"https:\/\/blogs.thesocialmedia.com\/leblogmoto\/?s={search_term_string}\"},\"query-input\":{\"@type\":\"PropertyValueSpecification\",\"valueRequired\":true,\"valueName\":\"search_term_string\"}}],\"inLanguage\":\"fr-FR\"},{\"@type\":\"Person\",\"@id\":\"https:\/\/blogs.thesocialmedia.com\/leblogmoto\/#\/schema\/person\/1a1dcfc7cec206573105eb4af91155c2\",\"name\":\"andre leconde\",\"image\":{\"@type\":\"ImageObject\",\"inLanguage\":\"fr-FR\",\"@id\":\"https:\/\/blogs.thesocialmedia.com\/leblogmoto\/#\/schema\/person\/image\/\",\"url\":\"https:\/\/secure.gravatar.com\/avatar\/?s=96&d=mm&r=g\",\"contentUrl\":\"https:\/\/secure.gravatar.com\/avatar\/?s=96&d=mm&r=g\",\"caption\":\"andre leconde\"},\"url\":\"https:\/\/blogs.thesocialmedia.com\/leblogmoto\/author\/andre-leconde\/\"}]}<\/script>\n<!-- \/ Yoast SEO plugin. -->","yoast_head_json":{"title":"Orange days: KTM vous presse tout son jus - leblogmoto.com","robots":{"index":"index","follow":"follow","max-snippet":"max-snippet:-1","max-image-preview":"max-image-preview:large","max-video-preview":"max-video-preview:-1"},"canonical":"https:\/\/blogs.thesocialmedia.com\/leblogmoto\/2006\/03\/27\/orange-days-ktm\/","twitter_card":"summary_large_image","twitter_title":"Orange days: KTM vous presse tout son jus - leblogmoto.com","twitter_description":"Ne sacrifiant pas \u00e0 la mode printani\u00e8re qui fait ouvrir les portes des concessions une fois les frimats de l&rsquo;hiver disparus, KTM vous invite \u00e0 d\u00e9guster ses &quot;Orange days&quot; du 31 mars au 1er avril. Ce ne sera pas un poisson lorsque le taulier du blason autrichien vous tendra les cl\u00e9s des V2 990 ou [&hellip;]","twitter_image":"http:\/\/www.leblogmoto.com\/images\/ktm_01.jpg","twitter_misc":{"\u00c9crit par":"andre leconde","Dur\u00e9e de lecture estim\u00e9e":"1 minute"},"schema":{"@context":"https:\/\/schema.org","@graph":[{"@type":"WebPage","@id":"https:\/\/blogs.thesocialmedia.com\/leblogmoto\/2006\/03\/27\/orange-days-ktm\/","url":"https:\/\/blogs.thesocialmedia.com\/leblogmoto\/2006\/03\/27\/orange-days-ktm\/","name":"Orange days: KTM vous presse tout son jus - leblogmoto.com","isPartOf":{"@id":"https:\/\/blogs.thesocialmedia.com\/leblogmoto\/#website"},"primaryImageOfPage":{"@id":"https:\/\/blogs.thesocialmedia.com\/leblogmoto\/2006\/03\/27\/orange-days-ktm\/#primaryimage"},"image":{"@id":"https:\/\/blogs.thesocialmedia.com\/leblogmoto\/2006\/03\/27\/orange-days-ktm\/#primaryimage"},"thumbnailUrl":"http:\/\/www.leblogmoto.com\/images\/ktm_01.jpg","datePublished":"2006-03-27T19:54:26+00:00","dateModified":"2012-07-11T14:18:33+00:00","author":{"@id":"https:\/\/blogs.thesocialmedia.com\/leblogmoto\/#\/schema\/person\/1a1dcfc7cec206573105eb4af91155c2"},"breadcrumb":{"@id":"https:\/\/blogs.thesocialmedia.com\/leblogmoto\/2006\/03\/27\/orange-days-ktm\/#breadcrumb"},"inLanguage":"fr-FR","potentialAction":[{"@type":"ReadAction","target":["https:\/\/blogs.thesocialmedia.com\/leblogmoto\/2006\/03\/27\/orange-days-ktm\/"]}]},{"@type":"ImageObject","inLanguage":"fr-FR","@id":"https:\/\/blogs.thesocialmedia.com\/leblogmoto\/2006\/03\/27\/orange-days-ktm\/#primaryimage","url":"http:\/\/www.leblogmoto.com\/images\/ktm_01.jpg","contentUrl":"http:\/\/www.leblogmoto.com\/images\/ktm_01.jpg"},{"@type":"BreadcrumbList","@id":"https:\/\/blogs.thesocialmedia.com\/leblogmoto\/2006\/03\/27\/orange-days-ktm\/#breadcrumb","itemListElement":[{"@type":"ListItem","position":1,"name":"Accueil","item":"https:\/\/blogs.thesocialmedia.com\/leblogmoto\/"},{"@type":"ListItem","position":2,"name":"Orange days: KTM vous presse tout son jus"}]},{"@type":"WebSite","@id":"https:\/\/blogs.thesocialmedia.com\/leblogmoto\/#website","url":"https:\/\/blogs.thesocialmedia.com\/leblogmoto\/","name":"leblogmoto","description":"Toute l&#039;actualit\u00e9 des 2 roues","potentialAction":[{"@type":"SearchAction","target":{"@type":"EntryPoint","urlTemplate":"https:\/\/blogs.thesocialmedia.com\/leblogmoto\/?s={search_term_string}"},"query-input":{"@type":"PropertyValueSpecification","valueRequired":true,"valueName":"search_term_string"}}],"inLanguage":"fr-FR"},{"@type":"Person","@id":"https:\/\/blogs.thesocialmedia.com\/leblogmoto\/#\/schema\/person\/1a1dcfc7cec206573105eb4af91155c2","name":"andre leconde","image":{"@type":"ImageObject","inLanguage":"fr-FR","@id":"https:\/\/blogs.thesocialmedia.com\/leblogmoto\/#\/schema\/person\/image\/","url":"https:\/\/secure.gravatar.com\/avatar\/?s=96&d=mm&r=g","contentUrl":"https:\/\/secure.gravatar.com\/avatar\/?s=96&d=mm&r=g","caption":"andre leconde"},"url":"https:\/\/blogs.thesocialmedia.com\/leblogmoto\/author\/andre-leconde\/"}]}},"_links":{"self":[{"href":"https:\/\/blogs.thesocialmedia.com\/leblogmoto\/wp-json\/wp\/v2\/posts\/1964","targetHints":{"allow":["GET"]}}],"collection":[{"href":"https:\/\/blogs.thesocialmedia.com\/leblogmoto\/wp-json\/wp\/v2\/posts"}],"about":[{"href":"https:\/\/blogs.thesocialmedia.com\/leblogmoto\/wp-json\/wp\/v2\/types\/post"}],"author":[{"embeddable":true,"href":"https:\/\/blogs.thesocialmedia.com\/leblogmoto\/wp-json\/wp\/v2\/users\/336"}],"replies":[{"embeddable":true,"href":"https:\/\/blogs.thesocialmedia.com\/leblogmoto\/wp-json\/wp\/v2\/comments?post=1964"}],"version-history":[{"count":2,"href":"https:\/\/blogs.thesocialmedia.com\/leblogmoto\/wp-json\/wp\/v2\/posts\/1964\/revisions"}],"predecessor-version":[{"id":7223,"href":"https:\/\/blogs.thesocialmedia.com\/leblogmoto\/wp-json\/wp\/v2\/posts\/1964\/revisions\/7223"}],"wp:attachment":[{"href":"https:\/\/blogs.thesocialmedia.com\/leblogmoto\/wp-json\/wp\/v2\/media?parent=1964"}],"wp:term":[{"taxonomy":"category","embeddable":true,"href":"https:\/\/blogs.thesocialmedia.com\/leblogmoto\/wp-json\/wp\/v2\/categories?post=1964"},{"taxonomy":"post_tag","embeddable":true,"href":"https:\/\/blogs.thesocialmedia.com\/leblogmoto\/wp-json\/wp\/v2\/tags?post=1964"}],"curies":[{"name":"wp","href":"https:\/\/api.w.org\/{rel}","templated":true}]}}