{"id":1965,"date":"2006-03-26T17:56:48","date_gmt":"2006-03-26T17:56:48","guid":{"rendered":"http:\/\/blogs.thesocialmedia.com\/leblogmoto\/2006\/03\/26\/france-open-vit-2\/"},"modified":"2012-07-11T14:18:32","modified_gmt":"2012-07-11T14:18:32","slug":"france-open-vit-2","status":"publish","type":"post","link":"https:\/\/blogs.thesocialmedia.com\/leblogmoto\/2006\/03\/26\/france-open-vit-2\/","title":{"rendered":"FRANCE OPEN VITESSE: MAGNY COURS: Apr\u00e8s la pluie, le beau temps&#8230;"},"content":{"rendered":"<p><a href=\"http:\/\/blogs.thesocialmedia.com\/leblogmoto\/files\/2012\/07\/photo_232_normal.jpg\"><img loading=\"lazy\" decoding=\"async\" height=\"163\" alt=\"Photo_232_normal\" src=\"http:\/\/www.leblogmoto.com\/images\/photo_232_normal.jpg\" width=\"250\"  \/><\/a>La <a href=\"http:\/\/www.leblogmoto.com\/2006\/03\/france_open_vit.html\">deuxi\u00e8me manche<\/a> du championnat de France Open de Vitesse a d&rsquo;abord vu le ciel lui tomber sur la t\u00eate d\u00e8s ses premiers tours de roues dans la campagne nivernaise. Les s\u00e9ances d&rsquo;essai ont ainsi \u00e9t\u00e9 bien arros\u00e9es, jusqu&rsquo;\u00e0 les rendre fatales pour certains <a href=\"http:\/\/www.leblogmoto.com\/2006\/02\/forza_agusta_.html\">vaillants<\/a> comp\u00e9titeurs qui ne passaient pas le cap des qualifications.<\/p>\n<p>Le lendemain, pour les courses, les conditions changeaient du tout au tout avec un soleil radieux. L&rsquo;occasion pour certains de confirmer, et, pour d&rsquo;autres de prendre leur revanche&#8230;<\/p>\n<p>&nbsp; <\/p>\n<p><a href=\"http:\/\/clabedan.typepad.com\/.shared\/image.html?\/photos\/uncategorized\/edition_18_grand.jpg\"><img loading=\"lazy\" decoding=\"async\" height=\"353\" alt=\"Edition_18_grand\" src=\"http:\/\/www.leblogmoto.com\/images\/edition_18_grand.jpg\" width=\"250\"  \/><\/a>C&rsquo;est ainsi qu&rsquo;en <strong>125<\/strong>, c&rsquo;est cette fois <strong>LUSSIANA<\/strong> qui remportait la course, lui qui avait \u00e9t\u00e9 barr\u00e9 lors de la manche pr\u00e9c\u00e9dente par DUNIKOWSKI, pour le meilleur accessit derri\u00e8re l&rsquo;invit\u00e9 de prestige DI MEGLIO. <strong>LOISEAU<\/strong> et <strong>OLAGNON<\/strong> compl\u00e8tent le podium.<\/p>\n<p>La cat\u00e9gorie <strong>Supersport<\/strong> sentait le souffre apr\u00e8s les tergiversations d&rsquo;ordre technique ayant entra\u00een\u00e9 le <a href=\"http:\/\/www.leblogmoto.com\/2006\/03\/open_vitesse_fr.html\">d\u00e9classement<\/a> de la DUCATI de <strong>MUSCAT<\/strong>. Cette fois, c&rsquo;est un souci technique qui le prive de la victoire et le fait glisser au cinqui\u00e8me rang. Une opportunit\u00e9 qu&rsquo;a saisi par <strong>DA COSTA<\/strong> qui l&#8217;emporte devant <strong>PROTAT<\/strong>, une nouvelle fois second et <strong>FREMY<\/strong> qui prive <strong>MOREIRA<\/strong> du podium.<\/p>\n<p>Pour les 1 000, <strong>MUSCAT<\/strong> tient cette fois sa <a href=\"http:\/\/www.leblogmoto.com\/2006\/03\/france_open_vit_1.html\">revanche<\/a> et devance <strong>DIETRICH<\/strong> et <strong>FOUR<\/strong> qui r\u00e9cup\u00e8re la derni\u00e8re marche du podium dans le dernier tour suite \u00e0 l&rsquo;accrochage de <strong>PIOT<\/strong> avec un retardataire. Voil\u00e0 une redistribution des points qui promet encore de belles empoignades les <strong>6 et 7 mai<\/strong> prochains \u00e0 <strong>NOGARO<\/strong>.<\/p>\n<p>SOURCE: <a href=\"http:\/\/www.gmtopen.com\/\">www.gmtopen.com<\/a>&nbsp; &nbsp; <\/p>\n","protected":false},"excerpt":{"rendered":"<p>La deuxi\u00e8me manche du championnat de France Open de Vitesse a d&rsquo;abord vu le ciel lui tomber sur la t\u00eate d\u00e8s ses premiers tours de roues dans la campagne nivernaise. Les s\u00e9ances d&rsquo;essai ont ainsi \u00e9t\u00e9 bien arros\u00e9es, jusqu&rsquo;\u00e0 les rendre fatales pour certains vaillants comp\u00e9titeurs qui ne passaient pas le cap des qualifications. Le [&hellip;]<\/p>\n","protected":false},"author":336,"featured_media":0,"comment_status":"open","ping_status":"open","sticky":false,"template":"","format":"standard","meta":{"footnotes":""},"categories":[32],"tags":[],"class_list":["post-1965","post","type-post","status-publish","format-standard","hentry","category-sport-moto"],"yoast_head":"<!-- This site is optimized with the Yoast SEO plugin v26.0 - https:\/\/yoast.com\/wordpress\/plugins\/seo\/ -->\n<title>FRANCE OPEN VITESSE: MAGNY COURS: Apr\u00e8s la pluie, le beau temps... - leblogmoto.com<\/title>\n<meta name=\"robots\" content=\"index, follow, max-snippet:-1, max-image-preview:large, max-video-preview:-1\" \/>\n<link rel=\"canonical\" href=\"https:\/\/blogs.thesocialmedia.com\/leblogmoto\/2006\/03\/26\/france-open-vit-2\/\" \/>\n<meta name=\"twitter:card\" content=\"summary_large_image\" \/>\n<meta name=\"twitter:title\" content=\"FRANCE OPEN VITESSE: MAGNY COURS: Apr\u00e8s la pluie, le beau temps... - leblogmoto.com\" \/>\n<meta name=\"twitter:description\" content=\"La deuxi\u00e8me manche du championnat de France Open de Vitesse a d&rsquo;abord vu le ciel lui tomber sur la t\u00eate d\u00e8s ses premiers tours de roues dans la campagne nivernaise. Les s\u00e9ances d&rsquo;essai ont ainsi \u00e9t\u00e9 bien arros\u00e9es, jusqu&rsquo;\u00e0 les rendre fatales pour certains vaillants comp\u00e9titeurs qui ne passaient pas le cap des qualifications. Le [&hellip;]\" \/>\n<meta name=\"twitter:image\" content=\"http:\/\/www.leblogmoto.com\/images\/photo_232_normal.jpg\" \/>\n<meta name=\"twitter:label1\" content=\"\u00c9crit par\" \/>\n\t<meta name=\"twitter:data1\" content=\"andre leconde\" \/>\n\t<meta name=\"twitter:label2\" content=\"Dur\u00e9e de lecture estim\u00e9e\" \/>\n\t<meta name=\"twitter:data2\" content=\"1 minute\" \/>\n<script type=\"application\/ld+json\" class=\"yoast-schema-graph\">{\"@context\":\"https:\/\/schema.org\",\"@graph\":[{\"@type\":\"WebPage\",\"@id\":\"https:\/\/blogs.thesocialmedia.com\/leblogmoto\/2006\/03\/26\/france-open-vit-2\/\",\"url\":\"https:\/\/blogs.thesocialmedia.com\/leblogmoto\/2006\/03\/26\/france-open-vit-2\/\",\"name\":\"FRANCE OPEN VITESSE: MAGNY COURS: Apr\u00e8s la pluie, le beau temps... - leblogmoto.com\",\"isPartOf\":{\"@id\":\"https:\/\/blogs.thesocialmedia.com\/leblogmoto\/#website\"},\"primaryImageOfPage\":{\"@id\":\"https:\/\/blogs.thesocialmedia.com\/leblogmoto\/2006\/03\/26\/france-open-vit-2\/#primaryimage\"},\"image\":{\"@id\":\"https:\/\/blogs.thesocialmedia.com\/leblogmoto\/2006\/03\/26\/france-open-vit-2\/#primaryimage\"},\"thumbnailUrl\":\"http:\/\/www.leblogmoto.com\/images\/photo_232_normal.jpg\",\"datePublished\":\"2006-03-26T17:56:48+00:00\",\"dateModified\":\"2012-07-11T14:18:32+00:00\",\"author\":{\"@id\":\"https:\/\/blogs.thesocialmedia.com\/leblogmoto\/#\/schema\/person\/1a1dcfc7cec206573105eb4af91155c2\"},\"breadcrumb\":{\"@id\":\"https:\/\/blogs.thesocialmedia.com\/leblogmoto\/2006\/03\/26\/france-open-vit-2\/#breadcrumb\"},\"inLanguage\":\"fr-FR\",\"potentialAction\":[{\"@type\":\"ReadAction\",\"target\":[\"https:\/\/blogs.thesocialmedia.com\/leblogmoto\/2006\/03\/26\/france-open-vit-2\/\"]}]},{\"@type\":\"ImageObject\",\"inLanguage\":\"fr-FR\",\"@id\":\"https:\/\/blogs.thesocialmedia.com\/leblogmoto\/2006\/03\/26\/france-open-vit-2\/#primaryimage\",\"url\":\"http:\/\/www.leblogmoto.com\/images\/photo_232_normal.jpg\",\"contentUrl\":\"http:\/\/www.leblogmoto.com\/images\/photo_232_normal.jpg\"},{\"@type\":\"BreadcrumbList\",\"@id\":\"https:\/\/blogs.thesocialmedia.com\/leblogmoto\/2006\/03\/26\/france-open-vit-2\/#breadcrumb\",\"itemListElement\":[{\"@type\":\"ListItem\",\"position\":1,\"name\":\"Accueil\",\"item\":\"https:\/\/blogs.thesocialmedia.com\/leblogmoto\/\"},{\"@type\":\"ListItem\",\"position\":2,\"name\":\"FRANCE OPEN VITESSE: MAGNY COURS: Apr\u00e8s la pluie, le beau temps&#8230;\"}]},{\"@type\":\"WebSite\",\"@id\":\"https:\/\/blogs.thesocialmedia.com\/leblogmoto\/#website\",\"url\":\"https:\/\/blogs.thesocialmedia.com\/leblogmoto\/\",\"name\":\"leblogmoto\",\"description\":\"Toute l&#039;actualit\u00e9 des 2 roues\",\"potentialAction\":[{\"@type\":\"SearchAction\",\"target\":{\"@type\":\"EntryPoint\",\"urlTemplate\":\"https:\/\/blogs.thesocialmedia.com\/leblogmoto\/?s={search_term_string}\"},\"query-input\":{\"@type\":\"PropertyValueSpecification\",\"valueRequired\":true,\"valueName\":\"search_term_string\"}}],\"inLanguage\":\"fr-FR\"},{\"@type\":\"Person\",\"@id\":\"https:\/\/blogs.thesocialmedia.com\/leblogmoto\/#\/schema\/person\/1a1dcfc7cec206573105eb4af91155c2\",\"name\":\"andre leconde\",\"image\":{\"@type\":\"ImageObject\",\"inLanguage\":\"fr-FR\",\"@id\":\"https:\/\/blogs.thesocialmedia.com\/leblogmoto\/#\/schema\/person\/image\/\",\"url\":\"https:\/\/secure.gravatar.com\/avatar\/?s=96&d=mm&r=g\",\"contentUrl\":\"https:\/\/secure.gravatar.com\/avatar\/?s=96&d=mm&r=g\",\"caption\":\"andre leconde\"},\"url\":\"https:\/\/blogs.thesocialmedia.com\/leblogmoto\/author\/andre-leconde\/\"}]}<\/script>\n<!-- \/ Yoast SEO plugin. -->","yoast_head_json":{"title":"FRANCE OPEN VITESSE: MAGNY COURS: Apr\u00e8s la pluie, le beau temps... - leblogmoto.com","robots":{"index":"index","follow":"follow","max-snippet":"max-snippet:-1","max-image-preview":"max-image-preview:large","max-video-preview":"max-video-preview:-1"},"canonical":"https:\/\/blogs.thesocialmedia.com\/leblogmoto\/2006\/03\/26\/france-open-vit-2\/","twitter_card":"summary_large_image","twitter_title":"FRANCE OPEN VITESSE: MAGNY COURS: Apr\u00e8s la pluie, le beau temps... - leblogmoto.com","twitter_description":"La deuxi\u00e8me manche du championnat de France Open de Vitesse a d&rsquo;abord vu le ciel lui tomber sur la t\u00eate d\u00e8s ses premiers tours de roues dans la campagne nivernaise. Les s\u00e9ances d&rsquo;essai ont ainsi \u00e9t\u00e9 bien arros\u00e9es, jusqu&rsquo;\u00e0 les rendre fatales pour certains vaillants comp\u00e9titeurs qui ne passaient pas le cap des qualifications. Le [&hellip;]","twitter_image":"http:\/\/www.leblogmoto.com\/images\/photo_232_normal.jpg","twitter_misc":{"\u00c9crit par":"andre leconde","Dur\u00e9e de lecture estim\u00e9e":"1 minute"},"schema":{"@context":"https:\/\/schema.org","@graph":[{"@type":"WebPage","@id":"https:\/\/blogs.thesocialmedia.com\/leblogmoto\/2006\/03\/26\/france-open-vit-2\/","url":"https:\/\/blogs.thesocialmedia.com\/leblogmoto\/2006\/03\/26\/france-open-vit-2\/","name":"FRANCE OPEN VITESSE: MAGNY COURS: Apr\u00e8s la pluie, le beau temps... - leblogmoto.com","isPartOf":{"@id":"https:\/\/blogs.thesocialmedia.com\/leblogmoto\/#website"},"primaryImageOfPage":{"@id":"https:\/\/blogs.thesocialmedia.com\/leblogmoto\/2006\/03\/26\/france-open-vit-2\/#primaryimage"},"image":{"@id":"https:\/\/blogs.thesocialmedia.com\/leblogmoto\/2006\/03\/26\/france-open-vit-2\/#primaryimage"},"thumbnailUrl":"http:\/\/www.leblogmoto.com\/images\/photo_232_normal.jpg","datePublished":"2006-03-26T17:56:48+00:00","dateModified":"2012-07-11T14:18:32+00:00","author":{"@id":"https:\/\/blogs.thesocialmedia.com\/leblogmoto\/#\/schema\/person\/1a1dcfc7cec206573105eb4af91155c2"},"breadcrumb":{"@id":"https:\/\/blogs.thesocialmedia.com\/leblogmoto\/2006\/03\/26\/france-open-vit-2\/#breadcrumb"},"inLanguage":"fr-FR","potentialAction":[{"@type":"ReadAction","target":["https:\/\/blogs.thesocialmedia.com\/leblogmoto\/2006\/03\/26\/france-open-vit-2\/"]}]},{"@type":"ImageObject","inLanguage":"fr-FR","@id":"https:\/\/blogs.thesocialmedia.com\/leblogmoto\/2006\/03\/26\/france-open-vit-2\/#primaryimage","url":"http:\/\/www.leblogmoto.com\/images\/photo_232_normal.jpg","contentUrl":"http:\/\/www.leblogmoto.com\/images\/photo_232_normal.jpg"},{"@type":"BreadcrumbList","@id":"https:\/\/blogs.thesocialmedia.com\/leblogmoto\/2006\/03\/26\/france-open-vit-2\/#breadcrumb","itemListElement":[{"@type":"ListItem","position":1,"name":"Accueil","item":"https:\/\/blogs.thesocialmedia.com\/leblogmoto\/"},{"@type":"ListItem","position":2,"name":"FRANCE OPEN VITESSE: MAGNY COURS: Apr\u00e8s la pluie, le beau temps&#8230;"}]},{"@type":"WebSite","@id":"https:\/\/blogs.thesocialmedia.com\/leblogmoto\/#website","url":"https:\/\/blogs.thesocialmedia.com\/leblogmoto\/","name":"leblogmoto","description":"Toute l&#039;actualit\u00e9 des 2 roues","potentialAction":[{"@type":"SearchAction","target":{"@type":"EntryPoint","urlTemplate":"https:\/\/blogs.thesocialmedia.com\/leblogmoto\/?s={search_term_string}"},"query-input":{"@type":"PropertyValueSpecification","valueRequired":true,"valueName":"search_term_string"}}],"inLanguage":"fr-FR"},{"@type":"Person","@id":"https:\/\/blogs.thesocialmedia.com\/leblogmoto\/#\/schema\/person\/1a1dcfc7cec206573105eb4af91155c2","name":"andre leconde","image":{"@type":"ImageObject","inLanguage":"fr-FR","@id":"https:\/\/blogs.thesocialmedia.com\/leblogmoto\/#\/schema\/person\/image\/","url":"https:\/\/secure.gravatar.com\/avatar\/?s=96&d=mm&r=g","contentUrl":"https:\/\/secure.gravatar.com\/avatar\/?s=96&d=mm&r=g","caption":"andre leconde"},"url":"https:\/\/blogs.thesocialmedia.com\/leblogmoto\/author\/andre-leconde\/"}]}},"_links":{"self":[{"href":"https:\/\/blogs.thesocialmedia.com\/leblogmoto\/wp-json\/wp\/v2\/posts\/1965","targetHints":{"allow":["GET"]}}],"collection":[{"href":"https:\/\/blogs.thesocialmedia.com\/leblogmoto\/wp-json\/wp\/v2\/posts"}],"about":[{"href":"https:\/\/blogs.thesocialmedia.com\/leblogmoto\/wp-json\/wp\/v2\/types\/post"}],"author":[{"embeddable":true,"href":"https:\/\/blogs.thesocialmedia.com\/leblogmoto\/wp-json\/wp\/v2\/users\/336"}],"replies":[{"embeddable":true,"href":"https:\/\/blogs.thesocialmedia.com\/leblogmoto\/wp-json\/wp\/v2\/comments?post=1965"}],"version-history":[{"count":2,"href":"https:\/\/blogs.thesocialmedia.com\/leblogmoto\/wp-json\/wp\/v2\/posts\/1965\/revisions"}],"predecessor-version":[{"id":7221,"href":"https:\/\/blogs.thesocialmedia.com\/leblogmoto\/wp-json\/wp\/v2\/posts\/1965\/revisions\/7221"}],"wp:attachment":[{"href":"https:\/\/blogs.thesocialmedia.com\/leblogmoto\/wp-json\/wp\/v2\/media?parent=1965"}],"wp:term":[{"taxonomy":"category","embeddable":true,"href":"https:\/\/blogs.thesocialmedia.com\/leblogmoto\/wp-json\/wp\/v2\/categories?post=1965"},{"taxonomy":"post_tag","embeddable":true,"href":"https:\/\/blogs.thesocialmedia.com\/leblogmoto\/wp-json\/wp\/v2\/tags?post=1965"}],"curies":[{"name":"wp","href":"https:\/\/api.w.org\/{rel}","templated":true}]}}