{"id":1966,"date":"2006-03-26T15:15:23","date_gmt":"2006-03-26T15:15:23","guid":{"rendered":"http:\/\/blogs.thesocialmedia.com\/leblogmoto\/2006\/03\/26\/motogp-que-demo\/"},"modified":"2012-07-11T14:18:30","modified_gmt":"2012-07-11T14:18:30","slug":"motogp-que-demo","status":"publish","type":"post","link":"https:\/\/blogs.thesocialmedia.com\/leblogmoto\/2006\/03\/26\/motogp-que-demo\/","title":{"rendered":"MotoGP: Que d&#8217;emoci\u00f2n !"},"content":{"rendered":"<p><a href=\"http:\/\/blogs.thesocialmedia.com\/leblogmoto\/files\/2012\/07\/16065434.jpg\"><img loading=\"lazy\" decoding=\"async\" height=\"182\" alt=\"16065434\" src=\"http:\/\/www.leblogmoto.com\/images\/16065434.jpg\" width=\"250\"  \/><\/a>La saison est belle et bien lanc\u00e9e en MotoGP, avec cette premi\u00e8re course pleines de rebondissements. Et une certitude, non pas celle d&rsquo;une <a href=\"http:\/\/www.leblogmoto.com\/2006\/03\/ducati_cest_le_.html\">DUCATI<\/a> en bonne sant\u00e9, mais bien de la grande forme du ph\u00e9nom\u00e8ne <strong>PEDROSA<\/strong> qui se positionne d&rsquo;ores et d\u00e9j\u00e0 comme <a href=\"http:\/\/www.leblogmoto.com\/2006\/03\/pedrosa_dj_outs.html\">l&rsquo;outsider<\/a> dans la course au titre.<\/p>\n<p>Pour la vieille garde, cela aura \u00e9t\u00e9 dur et il a fallu un <strong>CAPIROSSI <\/strong>des grands jours pour mater la r\u00e9bellion de la nouvelle g\u00e9n\u00e9ration, dont un de ses repr\u00e9sentants, <strong>ELIAS<\/strong>, avait, \u00e0 peine le d\u00e9part lanc\u00e9, \u00e9peronn\u00e9 <strong>ROSSI<\/strong>. Un ROSSI \u00e0 terre, qui arrache quand m\u00eame la quatorzi\u00e8me place au final&#8230;&nbsp; &nbsp; <\/p>\n<p><a href=\"http:\/\/clabedan.typepad.com\/.shared\/image.html?\/photos\/uncategorized\/danipedrosa26.jpg\"><img loading=\"lazy\" decoding=\"async\" height=\"286\" alt=\"Danipedrosa26\" src=\"http:\/\/www.leblogmoto.com\/images\/danipedrosa26.jpg\" width=\"250\"  \/><\/a>La bousculade du d\u00e9part aura beaucoup co\u00fbt\u00e9 aux <a href=\"http:\/\/www.leblogmoto.com\/2006\/03\/yamaha_trmulati.html\">YAMAHA<\/a> puisque <a href=\"http:\/\/www.leblogmoto.com\/2006\/03\/a_edwards_le_ro.html\">EDWARDS<\/a> \u00e9tait oblig\u00e9 de redresser sa machine dans ce premier virage pour ne pas percuter son leader \u00e0 terre. <strong>ELIAS<\/strong>, lui, repartait, pour une remont\u00e9e par ailleurs magnifique qui allait le mener \u00e0 la quatri\u00e8me place, juste dans la selle d&rsquo;un <strong>HAYDEN<\/strong> qui s&rsquo;est fait donner la le\u00e7on par son jeune \u00e9quipier.<\/p>\n<p><strong>PEDROSA<\/strong> est un vrai ph\u00e9nom\u00e8ne et calcule d\u00e9j\u00e0 son championnat. Raccrochant <strong>CAPIROSSI<\/strong> apr\u00e8s avoir mat\u00e9 <strong>MELANDRI <\/strong>et <strong>HAYDEN<\/strong>, il n&rsquo;a pas forc\u00e9 outre-mesure lorsque l&rsquo;italien se mit \u00e0 cravacher sa belle rouge pour se remettre \u00e0 distance. La t\u00eate sur les \u00e9paules ce Dani, qui sait que cet accessit vaut quasiment une victoire. Ca va \u00eatre dur pour HAYDEN au sein du <a href=\"http:\/\/www.leblogmoto.com\/2006\/03\/erv_kanemoto_et.html\">HRC<\/a>.<\/p>\n<p>Dans cette nouvelle vague talentueuse, il ne faut pas <a href=\"http:\/\/clabedan.typepad.com\/.shared\/image.html?\/photos\/uncategorized\/eli.jpg\"><img loading=\"lazy\" decoding=\"async\" height=\"268\" alt=\"Eli\" src=\"http:\/\/www.leblogmoto.com\/images\/eli.jpg\" width=\"250\"  \/><\/a> oublier <strong>STONER<\/strong>, impeccable cinqui\u00e8me devant <strong>NAKANO<\/strong>. <strong>DE PUNIET<\/strong> a abandonn\u00e9, souffrant trop d&rsquo;une blessure contract\u00e9e au warm-up apr\u00e8s sa quatri\u00e8me chute du week-end. Quant \u00e0 MELANDRI, il a v\u00e9cu l&rsquo;enfer d&rsquo;HAYDEN, en se faisant ramarrer puis d\u00e9poser par son bin\u00f4me, ELIAS.<\/p>\n<p>Pour ce qui est de <strong>GIBERNAU<\/strong>, il n&rsquo;a toujours pas d\u00e9busqu\u00e9 son chat noir pour lui tordre le cou, puisqu&rsquo;il a d\u00fb abandonner en d\u00e9but de course sur probl\u00e8me technique.<\/p>\n<p>Voil\u00e0 une saison bien lanc\u00e9e, qui pourrait bien annoncer une nouvelle \u00e8re. Voici ROSSI d&rsquo;ores et d\u00e9j\u00e0 sur le gril et oblig\u00e9 de remettre de l&rsquo;ordre dans la maison, ces maudits garnements \u00e9tant, d\u00e9cid\u00e9ment, bien effront\u00e9s et turbulents&#8230;&nbsp; &nbsp;&nbsp; &nbsp; <\/p>\n","protected":false},"excerpt":{"rendered":"<p>La saison est belle et bien lanc\u00e9e en MotoGP, avec cette premi\u00e8re course pleines de rebondissements. Et une certitude, non pas celle d&rsquo;une DUCATI en bonne sant\u00e9, mais bien de la grande forme du ph\u00e9nom\u00e8ne PEDROSA qui se positionne d&rsquo;ores et d\u00e9j\u00e0 comme l&rsquo;outsider dans la course au titre. Pour la vieille garde, cela aura [&hellip;]<\/p>\n","protected":false},"author":336,"featured_media":0,"comment_status":"open","ping_status":"open","sticky":false,"template":"","format":"standard","meta":{"footnotes":""},"categories":[22,32],"tags":[],"class_list":["post-1966","post","type-post","status-publish","format-standard","hentry","category-motogp","category-sport-moto"],"yoast_head":"<!-- This site is optimized with the Yoast SEO plugin v26.0 - https:\/\/yoast.com\/wordpress\/plugins\/seo\/ -->\n<title>MotoGP: Que d&#039;emoci\u00f2n ! - leblogmoto.com<\/title>\n<meta name=\"robots\" content=\"index, follow, max-snippet:-1, max-image-preview:large, max-video-preview:-1\" \/>\n<link rel=\"canonical\" href=\"https:\/\/blogs.thesocialmedia.com\/leblogmoto\/2006\/03\/26\/motogp-que-demo\/\" \/>\n<meta name=\"twitter:card\" content=\"summary_large_image\" \/>\n<meta name=\"twitter:title\" content=\"MotoGP: Que d&#039;emoci\u00f2n ! - leblogmoto.com\" \/>\n<meta name=\"twitter:description\" content=\"La saison est belle et bien lanc\u00e9e en MotoGP, avec cette premi\u00e8re course pleines de rebondissements. Et une certitude, non pas celle d&rsquo;une DUCATI en bonne sant\u00e9, mais bien de la grande forme du ph\u00e9nom\u00e8ne PEDROSA qui se positionne d&rsquo;ores et d\u00e9j\u00e0 comme l&rsquo;outsider dans la course au titre. Pour la vieille garde, cela aura [&hellip;]\" \/>\n<meta name=\"twitter:image\" content=\"http:\/\/www.leblogmoto.com\/images\/16065434.jpg\" \/>\n<meta name=\"twitter:label1\" content=\"\u00c9crit par\" \/>\n\t<meta name=\"twitter:data1\" content=\"andre leconde\" \/>\n\t<meta name=\"twitter:label2\" content=\"Dur\u00e9e de lecture estim\u00e9e\" \/>\n\t<meta name=\"twitter:data2\" content=\"2 minutes\" \/>\n<script type=\"application\/ld+json\" class=\"yoast-schema-graph\">{\"@context\":\"https:\/\/schema.org\",\"@graph\":[{\"@type\":\"WebPage\",\"@id\":\"https:\/\/blogs.thesocialmedia.com\/leblogmoto\/2006\/03\/26\/motogp-que-demo\/\",\"url\":\"https:\/\/blogs.thesocialmedia.com\/leblogmoto\/2006\/03\/26\/motogp-que-demo\/\",\"name\":\"MotoGP: Que d'emoci\u00f2n ! - leblogmoto.com\",\"isPartOf\":{\"@id\":\"https:\/\/blogs.thesocialmedia.com\/leblogmoto\/#website\"},\"primaryImageOfPage\":{\"@id\":\"https:\/\/blogs.thesocialmedia.com\/leblogmoto\/2006\/03\/26\/motogp-que-demo\/#primaryimage\"},\"image\":{\"@id\":\"https:\/\/blogs.thesocialmedia.com\/leblogmoto\/2006\/03\/26\/motogp-que-demo\/#primaryimage\"},\"thumbnailUrl\":\"http:\/\/www.leblogmoto.com\/images\/16065434.jpg\",\"datePublished\":\"2006-03-26T15:15:23+00:00\",\"dateModified\":\"2012-07-11T14:18:30+00:00\",\"author\":{\"@id\":\"https:\/\/blogs.thesocialmedia.com\/leblogmoto\/#\/schema\/person\/1a1dcfc7cec206573105eb4af91155c2\"},\"breadcrumb\":{\"@id\":\"https:\/\/blogs.thesocialmedia.com\/leblogmoto\/2006\/03\/26\/motogp-que-demo\/#breadcrumb\"},\"inLanguage\":\"fr-FR\",\"potentialAction\":[{\"@type\":\"ReadAction\",\"target\":[\"https:\/\/blogs.thesocialmedia.com\/leblogmoto\/2006\/03\/26\/motogp-que-demo\/\"]}]},{\"@type\":\"ImageObject\",\"inLanguage\":\"fr-FR\",\"@id\":\"https:\/\/blogs.thesocialmedia.com\/leblogmoto\/2006\/03\/26\/motogp-que-demo\/#primaryimage\",\"url\":\"http:\/\/www.leblogmoto.com\/images\/16065434.jpg\",\"contentUrl\":\"http:\/\/www.leblogmoto.com\/images\/16065434.jpg\"},{\"@type\":\"BreadcrumbList\",\"@id\":\"https:\/\/blogs.thesocialmedia.com\/leblogmoto\/2006\/03\/26\/motogp-que-demo\/#breadcrumb\",\"itemListElement\":[{\"@type\":\"ListItem\",\"position\":1,\"name\":\"Accueil\",\"item\":\"https:\/\/blogs.thesocialmedia.com\/leblogmoto\/\"},{\"@type\":\"ListItem\",\"position\":2,\"name\":\"MotoGP: Que d&#8217;emoci\u00f2n !\"}]},{\"@type\":\"WebSite\",\"@id\":\"https:\/\/blogs.thesocialmedia.com\/leblogmoto\/#website\",\"url\":\"https:\/\/blogs.thesocialmedia.com\/leblogmoto\/\",\"name\":\"leblogmoto\",\"description\":\"Toute l&#039;actualit\u00e9 des 2 roues\",\"potentialAction\":[{\"@type\":\"SearchAction\",\"target\":{\"@type\":\"EntryPoint\",\"urlTemplate\":\"https:\/\/blogs.thesocialmedia.com\/leblogmoto\/?s={search_term_string}\"},\"query-input\":{\"@type\":\"PropertyValueSpecification\",\"valueRequired\":true,\"valueName\":\"search_term_string\"}}],\"inLanguage\":\"fr-FR\"},{\"@type\":\"Person\",\"@id\":\"https:\/\/blogs.thesocialmedia.com\/leblogmoto\/#\/schema\/person\/1a1dcfc7cec206573105eb4af91155c2\",\"name\":\"andre leconde\",\"image\":{\"@type\":\"ImageObject\",\"inLanguage\":\"fr-FR\",\"@id\":\"https:\/\/blogs.thesocialmedia.com\/leblogmoto\/#\/schema\/person\/image\/\",\"url\":\"https:\/\/secure.gravatar.com\/avatar\/?s=96&d=mm&r=g\",\"contentUrl\":\"https:\/\/secure.gravatar.com\/avatar\/?s=96&d=mm&r=g\",\"caption\":\"andre leconde\"},\"url\":\"https:\/\/blogs.thesocialmedia.com\/leblogmoto\/author\/andre-leconde\/\"}]}<\/script>\n<!-- \/ Yoast SEO plugin. -->","yoast_head_json":{"title":"MotoGP: Que d'emoci\u00f2n ! - leblogmoto.com","robots":{"index":"index","follow":"follow","max-snippet":"max-snippet:-1","max-image-preview":"max-image-preview:large","max-video-preview":"max-video-preview:-1"},"canonical":"https:\/\/blogs.thesocialmedia.com\/leblogmoto\/2006\/03\/26\/motogp-que-demo\/","twitter_card":"summary_large_image","twitter_title":"MotoGP: Que d'emoci\u00f2n ! - leblogmoto.com","twitter_description":"La saison est belle et bien lanc\u00e9e en MotoGP, avec cette premi\u00e8re course pleines de rebondissements. Et une certitude, non pas celle d&rsquo;une DUCATI en bonne sant\u00e9, mais bien de la grande forme du ph\u00e9nom\u00e8ne PEDROSA qui se positionne d&rsquo;ores et d\u00e9j\u00e0 comme l&rsquo;outsider dans la course au titre. Pour la vieille garde, cela aura [&hellip;]","twitter_image":"http:\/\/www.leblogmoto.com\/images\/16065434.jpg","twitter_misc":{"\u00c9crit par":"andre leconde","Dur\u00e9e de lecture estim\u00e9e":"2 minutes"},"schema":{"@context":"https:\/\/schema.org","@graph":[{"@type":"WebPage","@id":"https:\/\/blogs.thesocialmedia.com\/leblogmoto\/2006\/03\/26\/motogp-que-demo\/","url":"https:\/\/blogs.thesocialmedia.com\/leblogmoto\/2006\/03\/26\/motogp-que-demo\/","name":"MotoGP: Que d'emoci\u00f2n ! - leblogmoto.com","isPartOf":{"@id":"https:\/\/blogs.thesocialmedia.com\/leblogmoto\/#website"},"primaryImageOfPage":{"@id":"https:\/\/blogs.thesocialmedia.com\/leblogmoto\/2006\/03\/26\/motogp-que-demo\/#primaryimage"},"image":{"@id":"https:\/\/blogs.thesocialmedia.com\/leblogmoto\/2006\/03\/26\/motogp-que-demo\/#primaryimage"},"thumbnailUrl":"http:\/\/www.leblogmoto.com\/images\/16065434.jpg","datePublished":"2006-03-26T15:15:23+00:00","dateModified":"2012-07-11T14:18:30+00:00","author":{"@id":"https:\/\/blogs.thesocialmedia.com\/leblogmoto\/#\/schema\/person\/1a1dcfc7cec206573105eb4af91155c2"},"breadcrumb":{"@id":"https:\/\/blogs.thesocialmedia.com\/leblogmoto\/2006\/03\/26\/motogp-que-demo\/#breadcrumb"},"inLanguage":"fr-FR","potentialAction":[{"@type":"ReadAction","target":["https:\/\/blogs.thesocialmedia.com\/leblogmoto\/2006\/03\/26\/motogp-que-demo\/"]}]},{"@type":"ImageObject","inLanguage":"fr-FR","@id":"https:\/\/blogs.thesocialmedia.com\/leblogmoto\/2006\/03\/26\/motogp-que-demo\/#primaryimage","url":"http:\/\/www.leblogmoto.com\/images\/16065434.jpg","contentUrl":"http:\/\/www.leblogmoto.com\/images\/16065434.jpg"},{"@type":"BreadcrumbList","@id":"https:\/\/blogs.thesocialmedia.com\/leblogmoto\/2006\/03\/26\/motogp-que-demo\/#breadcrumb","itemListElement":[{"@type":"ListItem","position":1,"name":"Accueil","item":"https:\/\/blogs.thesocialmedia.com\/leblogmoto\/"},{"@type":"ListItem","position":2,"name":"MotoGP: Que d&#8217;emoci\u00f2n !"}]},{"@type":"WebSite","@id":"https:\/\/blogs.thesocialmedia.com\/leblogmoto\/#website","url":"https:\/\/blogs.thesocialmedia.com\/leblogmoto\/","name":"leblogmoto","description":"Toute l&#039;actualit\u00e9 des 2 roues","potentialAction":[{"@type":"SearchAction","target":{"@type":"EntryPoint","urlTemplate":"https:\/\/blogs.thesocialmedia.com\/leblogmoto\/?s={search_term_string}"},"query-input":{"@type":"PropertyValueSpecification","valueRequired":true,"valueName":"search_term_string"}}],"inLanguage":"fr-FR"},{"@type":"Person","@id":"https:\/\/blogs.thesocialmedia.com\/leblogmoto\/#\/schema\/person\/1a1dcfc7cec206573105eb4af91155c2","name":"andre leconde","image":{"@type":"ImageObject","inLanguage":"fr-FR","@id":"https:\/\/blogs.thesocialmedia.com\/leblogmoto\/#\/schema\/person\/image\/","url":"https:\/\/secure.gravatar.com\/avatar\/?s=96&d=mm&r=g","contentUrl":"https:\/\/secure.gravatar.com\/avatar\/?s=96&d=mm&r=g","caption":"andre leconde"},"url":"https:\/\/blogs.thesocialmedia.com\/leblogmoto\/author\/andre-leconde\/"}]}},"_links":{"self":[{"href":"https:\/\/blogs.thesocialmedia.com\/leblogmoto\/wp-json\/wp\/v2\/posts\/1966","targetHints":{"allow":["GET"]}}],"collection":[{"href":"https:\/\/blogs.thesocialmedia.com\/leblogmoto\/wp-json\/wp\/v2\/posts"}],"about":[{"href":"https:\/\/blogs.thesocialmedia.com\/leblogmoto\/wp-json\/wp\/v2\/types\/post"}],"author":[{"embeddable":true,"href":"https:\/\/blogs.thesocialmedia.com\/leblogmoto\/wp-json\/wp\/v2\/users\/336"}],"replies":[{"embeddable":true,"href":"https:\/\/blogs.thesocialmedia.com\/leblogmoto\/wp-json\/wp\/v2\/comments?post=1966"}],"version-history":[{"count":2,"href":"https:\/\/blogs.thesocialmedia.com\/leblogmoto\/wp-json\/wp\/v2\/posts\/1966\/revisions"}],"predecessor-version":[{"id":7219,"href":"https:\/\/blogs.thesocialmedia.com\/leblogmoto\/wp-json\/wp\/v2\/posts\/1966\/revisions\/7219"}],"wp:attachment":[{"href":"https:\/\/blogs.thesocialmedia.com\/leblogmoto\/wp-json\/wp\/v2\/media?parent=1966"}],"wp:term":[{"taxonomy":"category","embeddable":true,"href":"https:\/\/blogs.thesocialmedia.com\/leblogmoto\/wp-json\/wp\/v2\/categories?post=1966"},{"taxonomy":"post_tag","embeddable":true,"href":"https:\/\/blogs.thesocialmedia.com\/leblogmoto\/wp-json\/wp\/v2\/tags?post=1966"}],"curies":[{"name":"wp","href":"https:\/\/api.w.org\/{rel}","templated":true}]}}