{"id":1967,"date":"2006-03-26T13:43:37","date_gmt":"2006-03-26T13:43:37","guid":{"rendered":"http:\/\/blogs.thesocialmedia.com\/leblogmoto\/2006\/03\/26\/250-lorenzo-saf\/"},"modified":"2012-07-11T14:18:28","modified_gmt":"2012-07-11T14:18:28","slug":"250-lorenzo-saf","status":"publish","type":"post","link":"https:\/\/blogs.thesocialmedia.com\/leblogmoto\/2006\/03\/26\/250-lorenzo-saf\/","title":{"rendered":"250: LORENZO s&rsquo;affirme."},"content":{"rendered":"<p><a href=\"http:\/\/blogs.thesocialmedia.com\/leblogmoto\/files\/2012\/07\/lorenzo_g.jpg\"><strong><img loading=\"lazy\" decoding=\"async\" height=\"250\" alt=\"Lorenzo_g\" src=\"http:\/\/www.leblogmoto.com\/images\/lorenzo_g.jpg\" width=\"250\"  \/><\/strong><\/a><strong>Jorge LORENZO<\/strong> a remport\u00e9 sa premi\u00e8re victoire dans la cat\u00e9gorie quart de litre, devenant par l\u00e0 m\u00eame le troisi\u00e8me plus jeune vainqueur de la discipline. <\/p>\n<p>Un \u00e9v\u00e9nement f\u00eat\u00e9 \u00e0 domicile, comme son compatriote lors de la <a href=\"http:\/\/www.leblogmoto.com\/2006\/03\/125_bautista_la.html\">course pr\u00e9c\u00e9dente<\/a>, \u00e0 l&rsquo;issue d&rsquo;une course dont la physionomie s&rsquo;est aussi beaucoup approch\u00e9e de la 125.<\/p>\n<p>La troisi\u00e8me place a \u00e9t\u00e9 ainsi de nouveau le th\u00e9atre d&rsquo;une f\u00e9roce bataille dont est sortie vainqueur <strong>DOVIZIOZO <\/strong>qui signale, au passage, avec sa HONDA, que cette saison n&rsquo;aura rien d&rsquo;une marche triomphale d&rsquo;APRILIA&#8230;&nbsp; &nbsp;&nbsp; &nbsp; <\/p>\n<p><a href=\"http:\/\/clabedan.typepad.com\/.shared\/image.html?\/photos\/uncategorized\/060324_fort250_1.jpg\"><img loading=\"lazy\" decoding=\"async\" height=\"157\" alt=\"060324_fort250_1\" src=\"http:\/\/www.leblogmoto.com\/images\/060324_fort250_1.jpg\" width=\"250\"  \/><\/a>Reste que LORENZO a assomm\u00e9 ses adversaires juste apr\u00e8s que la mi-course soit pass\u00e9e. <strong>DE ANGELIS<\/strong> a assur\u00e9 le doubl\u00e9 <a href=\"http:\/\/www.leblogmoto.com\/2006\/02\/sbk_2008_le_ret.html\">APRILIA<\/a> alors que, derri\u00e8re, DOVIZIOZO, <a href=\"http:\/\/www.leblogmoto.com\/2006\/03\/250_la_lutte_fr.html\">BARBERA<\/a> et <strong>TAKAHASHI<\/strong> en d\u00e9cousaient comme des chiffonniers.<\/p>\n<p>Les d\u00e9passements \u00e0 l&rsquo;ext\u00e9rieur \u00e9taient les pr\u00e9liminaires au contact des car\u00e9nages et de cette baston, c&rsquo;est DOVIZIOZO qui sortait vainqueur. C\u00f4t\u00e9 fran\u00e7ais, Jules <strong>CLUZEL<\/strong> chutait alors que <strong>GUINTOLI<\/strong> et <strong>VINCENT<\/strong> roulaient de concert pour accrocher les neuvi\u00e8me et dixi\u00e8me rangs.<\/p>\n<p>C\u00f4t\u00e9 d\u00e9ception <strong>PORTO<\/strong> abandonnait alors que <strong>POGGIALI<\/strong> terminait loin de son \u00e9quipier <strong>AOYAMA<\/strong> qui inscrivait sa <strong>KTM<\/strong> en sixi\u00e8me place. Entre-temps, il avait eu l&rsquo;occasion de voir son fr\u00e8re tomb\u00e9 avec sa HONDA, en d\u00e9but de course et sans gravit\u00e9.<\/p>\n<\/p>\n<p>&nbsp; &nbsp;<\/p>\n","protected":false},"excerpt":{"rendered":"<p>Jorge LORENZO a remport\u00e9 sa premi\u00e8re victoire dans la cat\u00e9gorie quart de litre, devenant par l\u00e0 m\u00eame le troisi\u00e8me plus jeune vainqueur de la discipline. Un \u00e9v\u00e9nement f\u00eat\u00e9 \u00e0 domicile, comme son compatriote lors de la course pr\u00e9c\u00e9dente, \u00e0 l&rsquo;issue d&rsquo;une course dont la physionomie s&rsquo;est aussi beaucoup approch\u00e9e de la 125. La troisi\u00e8me place [&hellip;]<\/p>\n","protected":false},"author":336,"featured_media":0,"comment_status":"open","ping_status":"open","sticky":false,"template":"","format":"standard","meta":{"footnotes":""},"categories":[22,32],"tags":[],"class_list":["post-1967","post","type-post","status-publish","format-standard","hentry","category-motogp","category-sport-moto"],"yoast_head":"<!-- This site is optimized with the Yoast SEO plugin v26.0 - https:\/\/yoast.com\/wordpress\/plugins\/seo\/ -->\n<title>250: LORENZO s&#039;affirme. - leblogmoto.com<\/title>\n<meta name=\"robots\" content=\"index, follow, max-snippet:-1, max-image-preview:large, max-video-preview:-1\" \/>\n<link rel=\"canonical\" href=\"https:\/\/blogs.thesocialmedia.com\/leblogmoto\/2006\/03\/26\/250-lorenzo-saf\/\" \/>\n<meta name=\"twitter:card\" content=\"summary_large_image\" \/>\n<meta name=\"twitter:title\" content=\"250: LORENZO s&#039;affirme. - leblogmoto.com\" \/>\n<meta name=\"twitter:description\" content=\"Jorge LORENZO a remport\u00e9 sa premi\u00e8re victoire dans la cat\u00e9gorie quart de litre, devenant par l\u00e0 m\u00eame le troisi\u00e8me plus jeune vainqueur de la discipline. Un \u00e9v\u00e9nement f\u00eat\u00e9 \u00e0 domicile, comme son compatriote lors de la course pr\u00e9c\u00e9dente, \u00e0 l&rsquo;issue d&rsquo;une course dont la physionomie s&rsquo;est aussi beaucoup approch\u00e9e de la 125. La troisi\u00e8me place [&hellip;]\" \/>\n<meta name=\"twitter:image\" content=\"http:\/\/www.leblogmoto.com\/images\/lorenzo_g.jpg\" \/>\n<meta name=\"twitter:label1\" content=\"\u00c9crit par\" \/>\n\t<meta name=\"twitter:data1\" content=\"andre leconde\" \/>\n\t<meta name=\"twitter:label2\" content=\"Dur\u00e9e de lecture estim\u00e9e\" \/>\n\t<meta name=\"twitter:data2\" content=\"1 minute\" \/>\n<script type=\"application\/ld+json\" class=\"yoast-schema-graph\">{\"@context\":\"https:\/\/schema.org\",\"@graph\":[{\"@type\":\"WebPage\",\"@id\":\"https:\/\/blogs.thesocialmedia.com\/leblogmoto\/2006\/03\/26\/250-lorenzo-saf\/\",\"url\":\"https:\/\/blogs.thesocialmedia.com\/leblogmoto\/2006\/03\/26\/250-lorenzo-saf\/\",\"name\":\"250: LORENZO s'affirme. - leblogmoto.com\",\"isPartOf\":{\"@id\":\"https:\/\/blogs.thesocialmedia.com\/leblogmoto\/#website\"},\"primaryImageOfPage\":{\"@id\":\"https:\/\/blogs.thesocialmedia.com\/leblogmoto\/2006\/03\/26\/250-lorenzo-saf\/#primaryimage\"},\"image\":{\"@id\":\"https:\/\/blogs.thesocialmedia.com\/leblogmoto\/2006\/03\/26\/250-lorenzo-saf\/#primaryimage\"},\"thumbnailUrl\":\"http:\/\/www.leblogmoto.com\/images\/lorenzo_g.jpg\",\"datePublished\":\"2006-03-26T13:43:37+00:00\",\"dateModified\":\"2012-07-11T14:18:28+00:00\",\"author\":{\"@id\":\"https:\/\/blogs.thesocialmedia.com\/leblogmoto\/#\/schema\/person\/1a1dcfc7cec206573105eb4af91155c2\"},\"breadcrumb\":{\"@id\":\"https:\/\/blogs.thesocialmedia.com\/leblogmoto\/2006\/03\/26\/250-lorenzo-saf\/#breadcrumb\"},\"inLanguage\":\"fr-FR\",\"potentialAction\":[{\"@type\":\"ReadAction\",\"target\":[\"https:\/\/blogs.thesocialmedia.com\/leblogmoto\/2006\/03\/26\/250-lorenzo-saf\/\"]}]},{\"@type\":\"ImageObject\",\"inLanguage\":\"fr-FR\",\"@id\":\"https:\/\/blogs.thesocialmedia.com\/leblogmoto\/2006\/03\/26\/250-lorenzo-saf\/#primaryimage\",\"url\":\"http:\/\/www.leblogmoto.com\/images\/lorenzo_g.jpg\",\"contentUrl\":\"http:\/\/www.leblogmoto.com\/images\/lorenzo_g.jpg\"},{\"@type\":\"BreadcrumbList\",\"@id\":\"https:\/\/blogs.thesocialmedia.com\/leblogmoto\/2006\/03\/26\/250-lorenzo-saf\/#breadcrumb\",\"itemListElement\":[{\"@type\":\"ListItem\",\"position\":1,\"name\":\"Accueil\",\"item\":\"https:\/\/blogs.thesocialmedia.com\/leblogmoto\/\"},{\"@type\":\"ListItem\",\"position\":2,\"name\":\"250: LORENZO s&rsquo;affirme.\"}]},{\"@type\":\"WebSite\",\"@id\":\"https:\/\/blogs.thesocialmedia.com\/leblogmoto\/#website\",\"url\":\"https:\/\/blogs.thesocialmedia.com\/leblogmoto\/\",\"name\":\"leblogmoto\",\"description\":\"Toute l&#039;actualit\u00e9 des 2 roues\",\"potentialAction\":[{\"@type\":\"SearchAction\",\"target\":{\"@type\":\"EntryPoint\",\"urlTemplate\":\"https:\/\/blogs.thesocialmedia.com\/leblogmoto\/?s={search_term_string}\"},\"query-input\":{\"@type\":\"PropertyValueSpecification\",\"valueRequired\":true,\"valueName\":\"search_term_string\"}}],\"inLanguage\":\"fr-FR\"},{\"@type\":\"Person\",\"@id\":\"https:\/\/blogs.thesocialmedia.com\/leblogmoto\/#\/schema\/person\/1a1dcfc7cec206573105eb4af91155c2\",\"name\":\"andre leconde\",\"image\":{\"@type\":\"ImageObject\",\"inLanguage\":\"fr-FR\",\"@id\":\"https:\/\/blogs.thesocialmedia.com\/leblogmoto\/#\/schema\/person\/image\/\",\"url\":\"https:\/\/secure.gravatar.com\/avatar\/?s=96&d=mm&r=g\",\"contentUrl\":\"https:\/\/secure.gravatar.com\/avatar\/?s=96&d=mm&r=g\",\"caption\":\"andre leconde\"},\"url\":\"https:\/\/blogs.thesocialmedia.com\/leblogmoto\/author\/andre-leconde\/\"}]}<\/script>\n<!-- \/ Yoast SEO plugin. -->","yoast_head_json":{"title":"250: LORENZO s'affirme. - leblogmoto.com","robots":{"index":"index","follow":"follow","max-snippet":"max-snippet:-1","max-image-preview":"max-image-preview:large","max-video-preview":"max-video-preview:-1"},"canonical":"https:\/\/blogs.thesocialmedia.com\/leblogmoto\/2006\/03\/26\/250-lorenzo-saf\/","twitter_card":"summary_large_image","twitter_title":"250: LORENZO s'affirme. - leblogmoto.com","twitter_description":"Jorge LORENZO a remport\u00e9 sa premi\u00e8re victoire dans la cat\u00e9gorie quart de litre, devenant par l\u00e0 m\u00eame le troisi\u00e8me plus jeune vainqueur de la discipline. Un \u00e9v\u00e9nement f\u00eat\u00e9 \u00e0 domicile, comme son compatriote lors de la course pr\u00e9c\u00e9dente, \u00e0 l&rsquo;issue d&rsquo;une course dont la physionomie s&rsquo;est aussi beaucoup approch\u00e9e de la 125. La troisi\u00e8me place [&hellip;]","twitter_image":"http:\/\/www.leblogmoto.com\/images\/lorenzo_g.jpg","twitter_misc":{"\u00c9crit par":"andre leconde","Dur\u00e9e de lecture estim\u00e9e":"1 minute"},"schema":{"@context":"https:\/\/schema.org","@graph":[{"@type":"WebPage","@id":"https:\/\/blogs.thesocialmedia.com\/leblogmoto\/2006\/03\/26\/250-lorenzo-saf\/","url":"https:\/\/blogs.thesocialmedia.com\/leblogmoto\/2006\/03\/26\/250-lorenzo-saf\/","name":"250: LORENZO s'affirme. - leblogmoto.com","isPartOf":{"@id":"https:\/\/blogs.thesocialmedia.com\/leblogmoto\/#website"},"primaryImageOfPage":{"@id":"https:\/\/blogs.thesocialmedia.com\/leblogmoto\/2006\/03\/26\/250-lorenzo-saf\/#primaryimage"},"image":{"@id":"https:\/\/blogs.thesocialmedia.com\/leblogmoto\/2006\/03\/26\/250-lorenzo-saf\/#primaryimage"},"thumbnailUrl":"http:\/\/www.leblogmoto.com\/images\/lorenzo_g.jpg","datePublished":"2006-03-26T13:43:37+00:00","dateModified":"2012-07-11T14:18:28+00:00","author":{"@id":"https:\/\/blogs.thesocialmedia.com\/leblogmoto\/#\/schema\/person\/1a1dcfc7cec206573105eb4af91155c2"},"breadcrumb":{"@id":"https:\/\/blogs.thesocialmedia.com\/leblogmoto\/2006\/03\/26\/250-lorenzo-saf\/#breadcrumb"},"inLanguage":"fr-FR","potentialAction":[{"@type":"ReadAction","target":["https:\/\/blogs.thesocialmedia.com\/leblogmoto\/2006\/03\/26\/250-lorenzo-saf\/"]}]},{"@type":"ImageObject","inLanguage":"fr-FR","@id":"https:\/\/blogs.thesocialmedia.com\/leblogmoto\/2006\/03\/26\/250-lorenzo-saf\/#primaryimage","url":"http:\/\/www.leblogmoto.com\/images\/lorenzo_g.jpg","contentUrl":"http:\/\/www.leblogmoto.com\/images\/lorenzo_g.jpg"},{"@type":"BreadcrumbList","@id":"https:\/\/blogs.thesocialmedia.com\/leblogmoto\/2006\/03\/26\/250-lorenzo-saf\/#breadcrumb","itemListElement":[{"@type":"ListItem","position":1,"name":"Accueil","item":"https:\/\/blogs.thesocialmedia.com\/leblogmoto\/"},{"@type":"ListItem","position":2,"name":"250: LORENZO s&rsquo;affirme."}]},{"@type":"WebSite","@id":"https:\/\/blogs.thesocialmedia.com\/leblogmoto\/#website","url":"https:\/\/blogs.thesocialmedia.com\/leblogmoto\/","name":"leblogmoto","description":"Toute l&#039;actualit\u00e9 des 2 roues","potentialAction":[{"@type":"SearchAction","target":{"@type":"EntryPoint","urlTemplate":"https:\/\/blogs.thesocialmedia.com\/leblogmoto\/?s={search_term_string}"},"query-input":{"@type":"PropertyValueSpecification","valueRequired":true,"valueName":"search_term_string"}}],"inLanguage":"fr-FR"},{"@type":"Person","@id":"https:\/\/blogs.thesocialmedia.com\/leblogmoto\/#\/schema\/person\/1a1dcfc7cec206573105eb4af91155c2","name":"andre leconde","image":{"@type":"ImageObject","inLanguage":"fr-FR","@id":"https:\/\/blogs.thesocialmedia.com\/leblogmoto\/#\/schema\/person\/image\/","url":"https:\/\/secure.gravatar.com\/avatar\/?s=96&d=mm&r=g","contentUrl":"https:\/\/secure.gravatar.com\/avatar\/?s=96&d=mm&r=g","caption":"andre leconde"},"url":"https:\/\/blogs.thesocialmedia.com\/leblogmoto\/author\/andre-leconde\/"}]}},"_links":{"self":[{"href":"https:\/\/blogs.thesocialmedia.com\/leblogmoto\/wp-json\/wp\/v2\/posts\/1967","targetHints":{"allow":["GET"]}}],"collection":[{"href":"https:\/\/blogs.thesocialmedia.com\/leblogmoto\/wp-json\/wp\/v2\/posts"}],"about":[{"href":"https:\/\/blogs.thesocialmedia.com\/leblogmoto\/wp-json\/wp\/v2\/types\/post"}],"author":[{"embeddable":true,"href":"https:\/\/blogs.thesocialmedia.com\/leblogmoto\/wp-json\/wp\/v2\/users\/336"}],"replies":[{"embeddable":true,"href":"https:\/\/blogs.thesocialmedia.com\/leblogmoto\/wp-json\/wp\/v2\/comments?post=1967"}],"version-history":[{"count":2,"href":"https:\/\/blogs.thesocialmedia.com\/leblogmoto\/wp-json\/wp\/v2\/posts\/1967\/revisions"}],"predecessor-version":[{"id":7217,"href":"https:\/\/blogs.thesocialmedia.com\/leblogmoto\/wp-json\/wp\/v2\/posts\/1967\/revisions\/7217"}],"wp:attachment":[{"href":"https:\/\/blogs.thesocialmedia.com\/leblogmoto\/wp-json\/wp\/v2\/media?parent=1967"}],"wp:term":[{"taxonomy":"category","embeddable":true,"href":"https:\/\/blogs.thesocialmedia.com\/leblogmoto\/wp-json\/wp\/v2\/categories?post=1967"},{"taxonomy":"post_tag","embeddable":true,"href":"https:\/\/blogs.thesocialmedia.com\/leblogmoto\/wp-json\/wp\/v2\/tags?post=1967"}],"curies":[{"name":"wp","href":"https:\/\/api.w.org\/{rel}","templated":true}]}}