{"id":1968,"date":"2006-03-26T11:47:57","date_gmt":"2006-03-26T11:47:57","guid":{"rendered":"http:\/\/blogs.thesocialmedia.com\/leblogmoto\/2006\/03\/26\/125-bautista-la\/"},"modified":"2012-07-11T14:18:27","modified_gmt":"2012-07-11T14:18:27","slug":"125-bautista-la","status":"publish","type":"post","link":"https:\/\/blogs.thesocialmedia.com\/leblogmoto\/2006\/03\/26\/125-bautista-la\/","title":{"rendered":"125: BAUTISTA, la premi\u00e8re \u00e0 domicile"},"content":{"rendered":"<p><a href=\"http:\/\/blogs.thesocialmedia.com\/leblogmoto\/files\/2012\/07\/motor.gif\"><strong><img loading=\"lazy\" decoding=\"async\" height=\"171\" alt=\"Motor\" src=\"http:\/\/www.leblogmoto.com\/images\/motor.gif\" width=\"250\"  \/><\/strong><\/a><strong>Alvaro BAUTISTA<\/strong> vient d&rsquo;ouvrir le score de la saison 2006 125 de la plus belle des mani\u00e8res, par une victoire \u00e0 domicile. La toute premi\u00e8re pour cet ib\u00e8re qui a connu l&rsquo;an dernier des gal\u00e8res avec une HONDA du Team Seedorf. Revenu dans le giron <a href=\"http:\/\/www.leblogmoto.com\/2006\/02\/2_temps_les_der.html\">APRILIA<\/a> avec une structure espagnole, celle d&rsquo;<strong>Aspar MARTINEZ<\/strong>, BAUTISTA a retrouv\u00e9 toute sa s\u00e9r\u00e9nit\u00e9 et son attaque.<\/p>\n<p>Deuxi\u00e8me, <strong>PESEK<\/strong> confirme qu&rsquo;il faudra compter sur <a href=\"http:\/\/www.leblogmoto.com\/2006\/02\/2_temps_les_der.html\">DERBI<\/a> cette saison. Il a essay\u00e9 de contester la domination de BAUTISTA pendant la premi\u00e8re partie de la course, avant de l\u00e2cher. Pour la trois\u00e8me marche du podium, en revanche, la dispute a \u00e9t\u00e9 longue&#8230; <\/p>\n<p><a href=\"http:\/\/clabedan.typepad.com\/.shared\/image.html?\/photos\/uncategorized\/254710849426317238.jpg\"><img loading=\"lazy\" decoding=\"async\" height=\"187\" alt=\"254710849426317238\" src=\"http:\/\/www.leblogmoto.com\/images\/254710849426317238.jpg\" width=\"250\"  \/><\/a>Le poleman <a href=\"http:\/\/www.leblogmoto.com\/2006\/03\/125_pasini_prem.html\">PASINI<\/a> a r\u00e9ussi \u00e0 garder derri\u00e8re lui un trio de furieux compos\u00e9 de <strong>KALIO<\/strong>, <strong>SIMON<\/strong>, <strong>FAUBEL<\/strong> qu&rsquo;a rejoint dans les derniers tours <strong>GADEA<\/strong>, l&rsquo;autre soci\u00e8taire d&rsquo;un team ASPAR en verve. <\/p>\n<p>Le podium ne s&rsquo;est dessin\u00e9 que dans le dernier virage, d\u00e9montrant une fois encore toute la difficult\u00e9 de cette discipline.<\/p>\n<p>Pour le champoin du monde en titre, il a fini par <strong>chuter <\/strong>alors qu&rsquo;il remontait, dans la douleur, vers les points. Pour <strong>DI MEGLIO<\/strong>, son classement au-del\u00e0 de la vingti\u00e8me position est cons\u00e9cutif \u00e0 un probl\u00e8me technique qui le faisait tourner \u00e0 quatre secondes de ses temps de qualif. La premi\u00e8re <strong>HONDA<\/strong> finit huiti\u00e8me, celle de <strong>TALMACSI<\/strong>.<\/p>\n<p>Ca fait maintenant <strong>56<\/strong> courses que la 125 n&rsquo;a pas connu deux m\u00eames vainqueurs de GP cons\u00e9cutifs. Au vu de cette premi\u00e8re course de JEREZ, tout semble \u00eatre en place pour que cette statistique s&#8217;embellisse encore un peu plus.<\/p><\/p>\n","protected":false},"excerpt":{"rendered":"<p>Alvaro BAUTISTA vient d&rsquo;ouvrir le score de la saison 2006 125 de la plus belle des mani\u00e8res, par une victoire \u00e0 domicile. La toute premi\u00e8re pour cet ib\u00e8re qui a connu l&rsquo;an dernier des gal\u00e8res avec une HONDA du Team Seedorf. Revenu dans le giron APRILIA avec une structure espagnole, celle d&rsquo;Aspar MARTINEZ, BAUTISTA a [&hellip;]<\/p>\n","protected":false},"author":336,"featured_media":0,"comment_status":"open","ping_status":"open","sticky":false,"template":"","format":"standard","meta":{"footnotes":""},"categories":[22,32],"tags":[],"class_list":["post-1968","post","type-post","status-publish","format-standard","hentry","category-motogp","category-sport-moto"],"yoast_head":"<!-- This site is optimized with the Yoast SEO plugin v26.0 - https:\/\/yoast.com\/wordpress\/plugins\/seo\/ -->\n<title>125: BAUTISTA, la premi\u00e8re \u00e0 domicile - leblogmoto.com<\/title>\n<meta name=\"robots\" content=\"index, follow, max-snippet:-1, max-image-preview:large, max-video-preview:-1\" \/>\n<link rel=\"canonical\" href=\"https:\/\/blogs.thesocialmedia.com\/leblogmoto\/2006\/03\/26\/125-bautista-la\/\" \/>\n<meta name=\"twitter:card\" content=\"summary_large_image\" \/>\n<meta name=\"twitter:title\" content=\"125: BAUTISTA, la premi\u00e8re \u00e0 domicile - leblogmoto.com\" \/>\n<meta name=\"twitter:description\" content=\"Alvaro BAUTISTA vient d&rsquo;ouvrir le score de la saison 2006 125 de la plus belle des mani\u00e8res, par une victoire \u00e0 domicile. La toute premi\u00e8re pour cet ib\u00e8re qui a connu l&rsquo;an dernier des gal\u00e8res avec une HONDA du Team Seedorf. Revenu dans le giron APRILIA avec une structure espagnole, celle d&rsquo;Aspar MARTINEZ, BAUTISTA a [&hellip;]\" \/>\n<meta name=\"twitter:image\" content=\"http:\/\/www.leblogmoto.com\/images\/motor.gif\" \/>\n<meta name=\"twitter:label1\" content=\"\u00c9crit par\" \/>\n\t<meta name=\"twitter:data1\" content=\"andre leconde\" \/>\n\t<meta name=\"twitter:label2\" content=\"Dur\u00e9e de lecture estim\u00e9e\" \/>\n\t<meta name=\"twitter:data2\" content=\"1 minute\" \/>\n<script type=\"application\/ld+json\" class=\"yoast-schema-graph\">{\"@context\":\"https:\/\/schema.org\",\"@graph\":[{\"@type\":\"WebPage\",\"@id\":\"https:\/\/blogs.thesocialmedia.com\/leblogmoto\/2006\/03\/26\/125-bautista-la\/\",\"url\":\"https:\/\/blogs.thesocialmedia.com\/leblogmoto\/2006\/03\/26\/125-bautista-la\/\",\"name\":\"125: BAUTISTA, la premi\u00e8re \u00e0 domicile - leblogmoto.com\",\"isPartOf\":{\"@id\":\"https:\/\/blogs.thesocialmedia.com\/leblogmoto\/#website\"},\"primaryImageOfPage\":{\"@id\":\"https:\/\/blogs.thesocialmedia.com\/leblogmoto\/2006\/03\/26\/125-bautista-la\/#primaryimage\"},\"image\":{\"@id\":\"https:\/\/blogs.thesocialmedia.com\/leblogmoto\/2006\/03\/26\/125-bautista-la\/#primaryimage\"},\"thumbnailUrl\":\"http:\/\/www.leblogmoto.com\/images\/motor.gif\",\"datePublished\":\"2006-03-26T11:47:57+00:00\",\"dateModified\":\"2012-07-11T14:18:27+00:00\",\"author\":{\"@id\":\"https:\/\/blogs.thesocialmedia.com\/leblogmoto\/#\/schema\/person\/1a1dcfc7cec206573105eb4af91155c2\"},\"breadcrumb\":{\"@id\":\"https:\/\/blogs.thesocialmedia.com\/leblogmoto\/2006\/03\/26\/125-bautista-la\/#breadcrumb\"},\"inLanguage\":\"fr-FR\",\"potentialAction\":[{\"@type\":\"ReadAction\",\"target\":[\"https:\/\/blogs.thesocialmedia.com\/leblogmoto\/2006\/03\/26\/125-bautista-la\/\"]}]},{\"@type\":\"ImageObject\",\"inLanguage\":\"fr-FR\",\"@id\":\"https:\/\/blogs.thesocialmedia.com\/leblogmoto\/2006\/03\/26\/125-bautista-la\/#primaryimage\",\"url\":\"http:\/\/www.leblogmoto.com\/images\/motor.gif\",\"contentUrl\":\"http:\/\/www.leblogmoto.com\/images\/motor.gif\"},{\"@type\":\"BreadcrumbList\",\"@id\":\"https:\/\/blogs.thesocialmedia.com\/leblogmoto\/2006\/03\/26\/125-bautista-la\/#breadcrumb\",\"itemListElement\":[{\"@type\":\"ListItem\",\"position\":1,\"name\":\"Accueil\",\"item\":\"https:\/\/blogs.thesocialmedia.com\/leblogmoto\/\"},{\"@type\":\"ListItem\",\"position\":2,\"name\":\"125: BAUTISTA, la premi\u00e8re \u00e0 domicile\"}]},{\"@type\":\"WebSite\",\"@id\":\"https:\/\/blogs.thesocialmedia.com\/leblogmoto\/#website\",\"url\":\"https:\/\/blogs.thesocialmedia.com\/leblogmoto\/\",\"name\":\"leblogmoto\",\"description\":\"Toute l&#039;actualit\u00e9 des 2 roues\",\"potentialAction\":[{\"@type\":\"SearchAction\",\"target\":{\"@type\":\"EntryPoint\",\"urlTemplate\":\"https:\/\/blogs.thesocialmedia.com\/leblogmoto\/?s={search_term_string}\"},\"query-input\":{\"@type\":\"PropertyValueSpecification\",\"valueRequired\":true,\"valueName\":\"search_term_string\"}}],\"inLanguage\":\"fr-FR\"},{\"@type\":\"Person\",\"@id\":\"https:\/\/blogs.thesocialmedia.com\/leblogmoto\/#\/schema\/person\/1a1dcfc7cec206573105eb4af91155c2\",\"name\":\"andre leconde\",\"image\":{\"@type\":\"ImageObject\",\"inLanguage\":\"fr-FR\",\"@id\":\"https:\/\/blogs.thesocialmedia.com\/leblogmoto\/#\/schema\/person\/image\/\",\"url\":\"https:\/\/secure.gravatar.com\/avatar\/?s=96&d=mm&r=g\",\"contentUrl\":\"https:\/\/secure.gravatar.com\/avatar\/?s=96&d=mm&r=g\",\"caption\":\"andre leconde\"},\"url\":\"https:\/\/blogs.thesocialmedia.com\/leblogmoto\/author\/andre-leconde\/\"}]}<\/script>\n<!-- \/ Yoast SEO plugin. -->","yoast_head_json":{"title":"125: BAUTISTA, la premi\u00e8re \u00e0 domicile - leblogmoto.com","robots":{"index":"index","follow":"follow","max-snippet":"max-snippet:-1","max-image-preview":"max-image-preview:large","max-video-preview":"max-video-preview:-1"},"canonical":"https:\/\/blogs.thesocialmedia.com\/leblogmoto\/2006\/03\/26\/125-bautista-la\/","twitter_card":"summary_large_image","twitter_title":"125: BAUTISTA, la premi\u00e8re \u00e0 domicile - leblogmoto.com","twitter_description":"Alvaro BAUTISTA vient d&rsquo;ouvrir le score de la saison 2006 125 de la plus belle des mani\u00e8res, par une victoire \u00e0 domicile. La toute premi\u00e8re pour cet ib\u00e8re qui a connu l&rsquo;an dernier des gal\u00e8res avec une HONDA du Team Seedorf. Revenu dans le giron APRILIA avec une structure espagnole, celle d&rsquo;Aspar MARTINEZ, BAUTISTA a [&hellip;]","twitter_image":"http:\/\/www.leblogmoto.com\/images\/motor.gif","twitter_misc":{"\u00c9crit par":"andre leconde","Dur\u00e9e de lecture estim\u00e9e":"1 minute"},"schema":{"@context":"https:\/\/schema.org","@graph":[{"@type":"WebPage","@id":"https:\/\/blogs.thesocialmedia.com\/leblogmoto\/2006\/03\/26\/125-bautista-la\/","url":"https:\/\/blogs.thesocialmedia.com\/leblogmoto\/2006\/03\/26\/125-bautista-la\/","name":"125: BAUTISTA, la premi\u00e8re \u00e0 domicile - leblogmoto.com","isPartOf":{"@id":"https:\/\/blogs.thesocialmedia.com\/leblogmoto\/#website"},"primaryImageOfPage":{"@id":"https:\/\/blogs.thesocialmedia.com\/leblogmoto\/2006\/03\/26\/125-bautista-la\/#primaryimage"},"image":{"@id":"https:\/\/blogs.thesocialmedia.com\/leblogmoto\/2006\/03\/26\/125-bautista-la\/#primaryimage"},"thumbnailUrl":"http:\/\/www.leblogmoto.com\/images\/motor.gif","datePublished":"2006-03-26T11:47:57+00:00","dateModified":"2012-07-11T14:18:27+00:00","author":{"@id":"https:\/\/blogs.thesocialmedia.com\/leblogmoto\/#\/schema\/person\/1a1dcfc7cec206573105eb4af91155c2"},"breadcrumb":{"@id":"https:\/\/blogs.thesocialmedia.com\/leblogmoto\/2006\/03\/26\/125-bautista-la\/#breadcrumb"},"inLanguage":"fr-FR","potentialAction":[{"@type":"ReadAction","target":["https:\/\/blogs.thesocialmedia.com\/leblogmoto\/2006\/03\/26\/125-bautista-la\/"]}]},{"@type":"ImageObject","inLanguage":"fr-FR","@id":"https:\/\/blogs.thesocialmedia.com\/leblogmoto\/2006\/03\/26\/125-bautista-la\/#primaryimage","url":"http:\/\/www.leblogmoto.com\/images\/motor.gif","contentUrl":"http:\/\/www.leblogmoto.com\/images\/motor.gif"},{"@type":"BreadcrumbList","@id":"https:\/\/blogs.thesocialmedia.com\/leblogmoto\/2006\/03\/26\/125-bautista-la\/#breadcrumb","itemListElement":[{"@type":"ListItem","position":1,"name":"Accueil","item":"https:\/\/blogs.thesocialmedia.com\/leblogmoto\/"},{"@type":"ListItem","position":2,"name":"125: BAUTISTA, la premi\u00e8re \u00e0 domicile"}]},{"@type":"WebSite","@id":"https:\/\/blogs.thesocialmedia.com\/leblogmoto\/#website","url":"https:\/\/blogs.thesocialmedia.com\/leblogmoto\/","name":"leblogmoto","description":"Toute l&#039;actualit\u00e9 des 2 roues","potentialAction":[{"@type":"SearchAction","target":{"@type":"EntryPoint","urlTemplate":"https:\/\/blogs.thesocialmedia.com\/leblogmoto\/?s={search_term_string}"},"query-input":{"@type":"PropertyValueSpecification","valueRequired":true,"valueName":"search_term_string"}}],"inLanguage":"fr-FR"},{"@type":"Person","@id":"https:\/\/blogs.thesocialmedia.com\/leblogmoto\/#\/schema\/person\/1a1dcfc7cec206573105eb4af91155c2","name":"andre leconde","image":{"@type":"ImageObject","inLanguage":"fr-FR","@id":"https:\/\/blogs.thesocialmedia.com\/leblogmoto\/#\/schema\/person\/image\/","url":"https:\/\/secure.gravatar.com\/avatar\/?s=96&d=mm&r=g","contentUrl":"https:\/\/secure.gravatar.com\/avatar\/?s=96&d=mm&r=g","caption":"andre leconde"},"url":"https:\/\/blogs.thesocialmedia.com\/leblogmoto\/author\/andre-leconde\/"}]}},"_links":{"self":[{"href":"https:\/\/blogs.thesocialmedia.com\/leblogmoto\/wp-json\/wp\/v2\/posts\/1968","targetHints":{"allow":["GET"]}}],"collection":[{"href":"https:\/\/blogs.thesocialmedia.com\/leblogmoto\/wp-json\/wp\/v2\/posts"}],"about":[{"href":"https:\/\/blogs.thesocialmedia.com\/leblogmoto\/wp-json\/wp\/v2\/types\/post"}],"author":[{"embeddable":true,"href":"https:\/\/blogs.thesocialmedia.com\/leblogmoto\/wp-json\/wp\/v2\/users\/336"}],"replies":[{"embeddable":true,"href":"https:\/\/blogs.thesocialmedia.com\/leblogmoto\/wp-json\/wp\/v2\/comments?post=1968"}],"version-history":[{"count":2,"href":"https:\/\/blogs.thesocialmedia.com\/leblogmoto\/wp-json\/wp\/v2\/posts\/1968\/revisions"}],"predecessor-version":[{"id":7215,"href":"https:\/\/blogs.thesocialmedia.com\/leblogmoto\/wp-json\/wp\/v2\/posts\/1968\/revisions\/7215"}],"wp:attachment":[{"href":"https:\/\/blogs.thesocialmedia.com\/leblogmoto\/wp-json\/wp\/v2\/media?parent=1968"}],"wp:term":[{"taxonomy":"category","embeddable":true,"href":"https:\/\/blogs.thesocialmedia.com\/leblogmoto\/wp-json\/wp\/v2\/categories?post=1968"},{"taxonomy":"post_tag","embeddable":true,"href":"https:\/\/blogs.thesocialmedia.com\/leblogmoto\/wp-json\/wp\/v2\/tags?post=1968"}],"curies":[{"name":"wp","href":"https:\/\/api.w.org\/{rel}","templated":true}]}}