{"id":1970,"date":"2006-03-25T22:28:10","date_gmt":"2006-03-25T22:28:10","guid":{"rendered":"http:\/\/blogs.thesocialmedia.com\/leblogmoto\/2006\/03\/25\/bientt-un-gp-en\/"},"modified":"2012-07-11T14:18:22","modified_gmt":"2012-07-11T14:18:22","slug":"bientt-un-gp-en","status":"publish","type":"post","link":"https:\/\/blogs.thesocialmedia.com\/leblogmoto\/2006\/03\/25\/bientt-un-gp-en\/","title":{"rendered":"Bient\u00f4t un GP en nocturne ?"},"content":{"rendered":"<p><a href=\"http:\/\/blogs.thesocialmedia.com\/leblogmoto\/files\/2012\/07\/000000c800066675_1.jpg\"><img loading=\"lazy\" decoding=\"async\" height=\"200\" alt=\"000000c800066675_1\" src=\"http:\/\/www.leblogmoto.com\/images\/000000c800066675_1.jpg\" width=\"250\"  \/><\/a>L&rsquo;id\u00e9e d&rsquo;organiser une \u00e9preuve de <a href=\"http:\/\/www.leblogmoto.com\/2006\/03\/jerez_qualif_br.html\">MotoGP<\/a>, dont la course aurait lieu en <strong>nocturne<\/strong>, semble avoir germ\u00e9e dans quelques t\u00eates pensantes de la discipline.<\/p>\n<p>A un point tel qu&rsquo;il a \u00e9t\u00e9 r\u00e9v\u00e9l\u00e9 qu&rsquo;un essai du concept a bien \u00e9t\u00e9 effectu\u00e9 au <a href=\"http:\/\/www.leblogmoto.com\/2006\/02\/sbk_ducati_comm.html\">QATAR<\/a>, \u00e0 l&rsquo;issue des derniers tests d&rsquo;inter-saison qui s&rsquo;y sont d\u00e9roul\u00e9s.<\/p>\n<p>Le cobaye n&rsquo;a \u00e9t\u00e9 autre que <strong>Valentino ROSSI<\/strong> lui-m\u00eame que les Qataris ont gentiment sollicit\u00e9 pour rouler de nuit sur leur circuit \u00e9quip\u00e9 en fort \u00e9clairage pour l&rsquo;occasion. Valentino s&rsquo;en est ouvert, et voil\u00e0 ce qu&rsquo;il en pense&#8230;&nbsp; &nbsp;<\/p>\n<p><a href=\"http:\/\/clabedan.typepad.com\/.shared\/image.html?\/photos\/uncategorized\/1064596670586_moto_red_led_engine.jpg\"><strong><img loading=\"lazy\" decoding=\"async\" height=\"187\" alt=\"1064596670586_moto_red_led_engine\" src=\"http:\/\/www.leblogmoto.com\/images\/1064596670586_moto_red_led_engine.jpg\" width=\"250\"  \/><\/strong><\/a><strong>Irr\u00e9alisable<\/strong>, voil\u00e0 le diagnostic du &quot;Doctor&quot;. Les vitesses atteintes et le rythme adopt\u00e9 pendant un GP \u00e9tant fort diff\u00e9rents d&rsquo;une course d&rsquo;endurance, <a href=\"http:\/\/www.leblogmoto.com\/2006\/03\/yamaha_trmulati.html\">ROSSI<\/a> a des doutes s\u00e9rieux quant \u00e0 l&rsquo;ad\u00e9quation des exigences de la discipline avec des conditions de course nocturnes.<\/p>\n<p>Reste que l&rsquo;id\u00e9e est l\u00e0 et qu&rsquo;elle pr\u00e9sente de s\u00e9rieux avantages pour les organisateurs. Nonobstant l&rsquo;inconv\u00e9nient des <strong>fortes chaleurs<\/strong> connues sous ses latitudes \u00e9cart\u00e9, ce concept permettrait aussi, et pour d&rsquo;autres \u00e9preuves, de gommer le <strong>d\u00e9callage horaire<\/strong>, fort contraignant sur l&rsquo;impact des droits t\u00e9l\u00e9vis\u00e9s.<\/p>\n<p>Pour l&rsquo;instant, la raison semble l&#8217;emporter, l&rsquo;avis d&rsquo;un Valentino pesant son poids. Mais les arguments sonnants et tr\u00e9buchants savent aussi influencer quand il le faut. Ce qui est s\u00fbr, c&rsquo;est qu&rsquo;\u00e0 pr\u00e9sent, on sait que l&rsquo;id\u00e9e est dans l&rsquo;air.&nbsp; &nbsp;&nbsp; <\/p>\n<p>SOURCE: <a href=\"http:\/\/www.gpone.com\/\">www.gpone.com<\/a> <\/p>\n","protected":false},"excerpt":{"rendered":"<p>L&rsquo;id\u00e9e d&rsquo;organiser une \u00e9preuve de MotoGP, dont la course aurait lieu en nocturne, semble avoir germ\u00e9e dans quelques t\u00eates pensantes de la discipline. A un point tel qu&rsquo;il a \u00e9t\u00e9 r\u00e9v\u00e9l\u00e9 qu&rsquo;un essai du concept a bien \u00e9t\u00e9 effectu\u00e9 au QATAR, \u00e0 l&rsquo;issue des derniers tests d&rsquo;inter-saison qui s&rsquo;y sont d\u00e9roul\u00e9s. Le cobaye n&rsquo;a \u00e9t\u00e9 [&hellip;]<\/p>\n","protected":false},"author":336,"featured_media":0,"comment_status":"open","ping_status":"open","sticky":false,"template":"","format":"standard","meta":{"footnotes":""},"categories":[22,32],"tags":[],"class_list":["post-1970","post","type-post","status-publish","format-standard","hentry","category-motogp","category-sport-moto"],"yoast_head":"<!-- This site is optimized with the Yoast SEO plugin v26.0 - https:\/\/yoast.com\/wordpress\/plugins\/seo\/ -->\n<title>Bient\u00f4t un GP en nocturne ? - leblogmoto.com<\/title>\n<meta name=\"robots\" content=\"index, follow, max-snippet:-1, max-image-preview:large, max-video-preview:-1\" \/>\n<link rel=\"canonical\" href=\"https:\/\/blogs.thesocialmedia.com\/leblogmoto\/2006\/03\/25\/bientt-un-gp-en\/\" \/>\n<meta name=\"twitter:card\" content=\"summary_large_image\" \/>\n<meta name=\"twitter:title\" content=\"Bient\u00f4t un GP en nocturne ? - leblogmoto.com\" \/>\n<meta name=\"twitter:description\" content=\"L&rsquo;id\u00e9e d&rsquo;organiser une \u00e9preuve de MotoGP, dont la course aurait lieu en nocturne, semble avoir germ\u00e9e dans quelques t\u00eates pensantes de la discipline. A un point tel qu&rsquo;il a \u00e9t\u00e9 r\u00e9v\u00e9l\u00e9 qu&rsquo;un essai du concept a bien \u00e9t\u00e9 effectu\u00e9 au QATAR, \u00e0 l&rsquo;issue des derniers tests d&rsquo;inter-saison qui s&rsquo;y sont d\u00e9roul\u00e9s. Le cobaye n&rsquo;a \u00e9t\u00e9 [&hellip;]\" \/>\n<meta name=\"twitter:image\" content=\"http:\/\/www.leblogmoto.com\/images\/000000c800066675_1.jpg\" \/>\n<meta name=\"twitter:label1\" content=\"\u00c9crit par\" \/>\n\t<meta name=\"twitter:data1\" content=\"andre leconde\" \/>\n\t<meta name=\"twitter:label2\" content=\"Dur\u00e9e de lecture estim\u00e9e\" \/>\n\t<meta name=\"twitter:data2\" content=\"1 minute\" \/>\n<script type=\"application\/ld+json\" class=\"yoast-schema-graph\">{\"@context\":\"https:\/\/schema.org\",\"@graph\":[{\"@type\":\"WebPage\",\"@id\":\"https:\/\/blogs.thesocialmedia.com\/leblogmoto\/2006\/03\/25\/bientt-un-gp-en\/\",\"url\":\"https:\/\/blogs.thesocialmedia.com\/leblogmoto\/2006\/03\/25\/bientt-un-gp-en\/\",\"name\":\"Bient\u00f4t un GP en nocturne ? - leblogmoto.com\",\"isPartOf\":{\"@id\":\"https:\/\/blogs.thesocialmedia.com\/leblogmoto\/#website\"},\"primaryImageOfPage\":{\"@id\":\"https:\/\/blogs.thesocialmedia.com\/leblogmoto\/2006\/03\/25\/bientt-un-gp-en\/#primaryimage\"},\"image\":{\"@id\":\"https:\/\/blogs.thesocialmedia.com\/leblogmoto\/2006\/03\/25\/bientt-un-gp-en\/#primaryimage\"},\"thumbnailUrl\":\"http:\/\/www.leblogmoto.com\/images\/000000c800066675_1.jpg\",\"datePublished\":\"2006-03-25T22:28:10+00:00\",\"dateModified\":\"2012-07-11T14:18:22+00:00\",\"author\":{\"@id\":\"https:\/\/blogs.thesocialmedia.com\/leblogmoto\/#\/schema\/person\/1a1dcfc7cec206573105eb4af91155c2\"},\"breadcrumb\":{\"@id\":\"https:\/\/blogs.thesocialmedia.com\/leblogmoto\/2006\/03\/25\/bientt-un-gp-en\/#breadcrumb\"},\"inLanguage\":\"fr-FR\",\"potentialAction\":[{\"@type\":\"ReadAction\",\"target\":[\"https:\/\/blogs.thesocialmedia.com\/leblogmoto\/2006\/03\/25\/bientt-un-gp-en\/\"]}]},{\"@type\":\"ImageObject\",\"inLanguage\":\"fr-FR\",\"@id\":\"https:\/\/blogs.thesocialmedia.com\/leblogmoto\/2006\/03\/25\/bientt-un-gp-en\/#primaryimage\",\"url\":\"http:\/\/www.leblogmoto.com\/images\/000000c800066675_1.jpg\",\"contentUrl\":\"http:\/\/www.leblogmoto.com\/images\/000000c800066675_1.jpg\"},{\"@type\":\"BreadcrumbList\",\"@id\":\"https:\/\/blogs.thesocialmedia.com\/leblogmoto\/2006\/03\/25\/bientt-un-gp-en\/#breadcrumb\",\"itemListElement\":[{\"@type\":\"ListItem\",\"position\":1,\"name\":\"Accueil\",\"item\":\"https:\/\/blogs.thesocialmedia.com\/leblogmoto\/\"},{\"@type\":\"ListItem\",\"position\":2,\"name\":\"Bient\u00f4t un GP en nocturne ?\"}]},{\"@type\":\"WebSite\",\"@id\":\"https:\/\/blogs.thesocialmedia.com\/leblogmoto\/#website\",\"url\":\"https:\/\/blogs.thesocialmedia.com\/leblogmoto\/\",\"name\":\"leblogmoto\",\"description\":\"Toute l&#039;actualit\u00e9 des 2 roues\",\"potentialAction\":[{\"@type\":\"SearchAction\",\"target\":{\"@type\":\"EntryPoint\",\"urlTemplate\":\"https:\/\/blogs.thesocialmedia.com\/leblogmoto\/?s={search_term_string}\"},\"query-input\":{\"@type\":\"PropertyValueSpecification\",\"valueRequired\":true,\"valueName\":\"search_term_string\"}}],\"inLanguage\":\"fr-FR\"},{\"@type\":\"Person\",\"@id\":\"https:\/\/blogs.thesocialmedia.com\/leblogmoto\/#\/schema\/person\/1a1dcfc7cec206573105eb4af91155c2\",\"name\":\"andre leconde\",\"image\":{\"@type\":\"ImageObject\",\"inLanguage\":\"fr-FR\",\"@id\":\"https:\/\/blogs.thesocialmedia.com\/leblogmoto\/#\/schema\/person\/image\/\",\"url\":\"https:\/\/secure.gravatar.com\/avatar\/?s=96&d=mm&r=g\",\"contentUrl\":\"https:\/\/secure.gravatar.com\/avatar\/?s=96&d=mm&r=g\",\"caption\":\"andre leconde\"},\"url\":\"https:\/\/blogs.thesocialmedia.com\/leblogmoto\/author\/andre-leconde\/\"}]}<\/script>\n<!-- \/ Yoast SEO plugin. -->","yoast_head_json":{"title":"Bient\u00f4t un GP en nocturne ? - leblogmoto.com","robots":{"index":"index","follow":"follow","max-snippet":"max-snippet:-1","max-image-preview":"max-image-preview:large","max-video-preview":"max-video-preview:-1"},"canonical":"https:\/\/blogs.thesocialmedia.com\/leblogmoto\/2006\/03\/25\/bientt-un-gp-en\/","twitter_card":"summary_large_image","twitter_title":"Bient\u00f4t un GP en nocturne ? - leblogmoto.com","twitter_description":"L&rsquo;id\u00e9e d&rsquo;organiser une \u00e9preuve de MotoGP, dont la course aurait lieu en nocturne, semble avoir germ\u00e9e dans quelques t\u00eates pensantes de la discipline. A un point tel qu&rsquo;il a \u00e9t\u00e9 r\u00e9v\u00e9l\u00e9 qu&rsquo;un essai du concept a bien \u00e9t\u00e9 effectu\u00e9 au QATAR, \u00e0 l&rsquo;issue des derniers tests d&rsquo;inter-saison qui s&rsquo;y sont d\u00e9roul\u00e9s. Le cobaye n&rsquo;a \u00e9t\u00e9 [&hellip;]","twitter_image":"http:\/\/www.leblogmoto.com\/images\/000000c800066675_1.jpg","twitter_misc":{"\u00c9crit par":"andre leconde","Dur\u00e9e de lecture estim\u00e9e":"1 minute"},"schema":{"@context":"https:\/\/schema.org","@graph":[{"@type":"WebPage","@id":"https:\/\/blogs.thesocialmedia.com\/leblogmoto\/2006\/03\/25\/bientt-un-gp-en\/","url":"https:\/\/blogs.thesocialmedia.com\/leblogmoto\/2006\/03\/25\/bientt-un-gp-en\/","name":"Bient\u00f4t un GP en nocturne ? - leblogmoto.com","isPartOf":{"@id":"https:\/\/blogs.thesocialmedia.com\/leblogmoto\/#website"},"primaryImageOfPage":{"@id":"https:\/\/blogs.thesocialmedia.com\/leblogmoto\/2006\/03\/25\/bientt-un-gp-en\/#primaryimage"},"image":{"@id":"https:\/\/blogs.thesocialmedia.com\/leblogmoto\/2006\/03\/25\/bientt-un-gp-en\/#primaryimage"},"thumbnailUrl":"http:\/\/www.leblogmoto.com\/images\/000000c800066675_1.jpg","datePublished":"2006-03-25T22:28:10+00:00","dateModified":"2012-07-11T14:18:22+00:00","author":{"@id":"https:\/\/blogs.thesocialmedia.com\/leblogmoto\/#\/schema\/person\/1a1dcfc7cec206573105eb4af91155c2"},"breadcrumb":{"@id":"https:\/\/blogs.thesocialmedia.com\/leblogmoto\/2006\/03\/25\/bientt-un-gp-en\/#breadcrumb"},"inLanguage":"fr-FR","potentialAction":[{"@type":"ReadAction","target":["https:\/\/blogs.thesocialmedia.com\/leblogmoto\/2006\/03\/25\/bientt-un-gp-en\/"]}]},{"@type":"ImageObject","inLanguage":"fr-FR","@id":"https:\/\/blogs.thesocialmedia.com\/leblogmoto\/2006\/03\/25\/bientt-un-gp-en\/#primaryimage","url":"http:\/\/www.leblogmoto.com\/images\/000000c800066675_1.jpg","contentUrl":"http:\/\/www.leblogmoto.com\/images\/000000c800066675_1.jpg"},{"@type":"BreadcrumbList","@id":"https:\/\/blogs.thesocialmedia.com\/leblogmoto\/2006\/03\/25\/bientt-un-gp-en\/#breadcrumb","itemListElement":[{"@type":"ListItem","position":1,"name":"Accueil","item":"https:\/\/blogs.thesocialmedia.com\/leblogmoto\/"},{"@type":"ListItem","position":2,"name":"Bient\u00f4t un GP en nocturne ?"}]},{"@type":"WebSite","@id":"https:\/\/blogs.thesocialmedia.com\/leblogmoto\/#website","url":"https:\/\/blogs.thesocialmedia.com\/leblogmoto\/","name":"leblogmoto","description":"Toute l&#039;actualit\u00e9 des 2 roues","potentialAction":[{"@type":"SearchAction","target":{"@type":"EntryPoint","urlTemplate":"https:\/\/blogs.thesocialmedia.com\/leblogmoto\/?s={search_term_string}"},"query-input":{"@type":"PropertyValueSpecification","valueRequired":true,"valueName":"search_term_string"}}],"inLanguage":"fr-FR"},{"@type":"Person","@id":"https:\/\/blogs.thesocialmedia.com\/leblogmoto\/#\/schema\/person\/1a1dcfc7cec206573105eb4af91155c2","name":"andre leconde","image":{"@type":"ImageObject","inLanguage":"fr-FR","@id":"https:\/\/blogs.thesocialmedia.com\/leblogmoto\/#\/schema\/person\/image\/","url":"https:\/\/secure.gravatar.com\/avatar\/?s=96&d=mm&r=g","contentUrl":"https:\/\/secure.gravatar.com\/avatar\/?s=96&d=mm&r=g","caption":"andre leconde"},"url":"https:\/\/blogs.thesocialmedia.com\/leblogmoto\/author\/andre-leconde\/"}]}},"_links":{"self":[{"href":"https:\/\/blogs.thesocialmedia.com\/leblogmoto\/wp-json\/wp\/v2\/posts\/1970","targetHints":{"allow":["GET"]}}],"collection":[{"href":"https:\/\/blogs.thesocialmedia.com\/leblogmoto\/wp-json\/wp\/v2\/posts"}],"about":[{"href":"https:\/\/blogs.thesocialmedia.com\/leblogmoto\/wp-json\/wp\/v2\/types\/post"}],"author":[{"embeddable":true,"href":"https:\/\/blogs.thesocialmedia.com\/leblogmoto\/wp-json\/wp\/v2\/users\/336"}],"replies":[{"embeddable":true,"href":"https:\/\/blogs.thesocialmedia.com\/leblogmoto\/wp-json\/wp\/v2\/comments?post=1970"}],"version-history":[{"count":2,"href":"https:\/\/blogs.thesocialmedia.com\/leblogmoto\/wp-json\/wp\/v2\/posts\/1970\/revisions"}],"predecessor-version":[{"id":7211,"href":"https:\/\/blogs.thesocialmedia.com\/leblogmoto\/wp-json\/wp\/v2\/posts\/1970\/revisions\/7211"}],"wp:attachment":[{"href":"https:\/\/blogs.thesocialmedia.com\/leblogmoto\/wp-json\/wp\/v2\/media?parent=1970"}],"wp:term":[{"taxonomy":"category","embeddable":true,"href":"https:\/\/blogs.thesocialmedia.com\/leblogmoto\/wp-json\/wp\/v2\/categories?post=1970"},{"taxonomy":"post_tag","embeddable":true,"href":"https:\/\/blogs.thesocialmedia.com\/leblogmoto\/wp-json\/wp\/v2\/tags?post=1970"}],"curies":[{"name":"wp","href":"https:\/\/api.w.org\/{rel}","templated":true}]}}