{"id":1971,"date":"2006-03-25T21:31:29","date_gmt":"2006-03-25T21:31:29","guid":{"rendered":"http:\/\/blogs.thesocialmedia.com\/leblogmoto\/2006\/03\/25\/125-pasini-prem\/"},"modified":"2012-07-11T14:18:20","modified_gmt":"2012-07-11T14:18:20","slug":"125-pasini-prem","status":"publish","type":"post","link":"https:\/\/blogs.thesocialmedia.com\/leblogmoto\/2006\/03\/25\/125-pasini-prem\/","title":{"rendered":"125: PASINI premi\u00e8re"},"content":{"rendered":"<p><a href=\"http:\/\/blogs.thesocialmedia.com\/leblogmoto\/files\/2012\/07\/245736781553317238.jpg\"><img loading=\"lazy\" decoding=\"async\" height=\"187\" alt=\"245736781553317238\" src=\"http:\/\/www.leblogmoto.com\/images\/245736781553317238.jpg\" width=\"250\"  \/><\/a><strong>Mattia PASINI<\/strong> a sign\u00e9 la premi\u00e8re pole position de sa carri\u00e8re lors de l&rsquo;ouverture du championnat <a href=\"http:\/\/www.leblogmoto.com\/2006\/03\/125_pour_la_rev.html\">125<\/a> \u00e0 JEREZ. L&rsquo;ex-pilote <a href=\"http:\/\/www.leblogmoto.com\/2005\/12\/les_dernires_ne.html\">LCR<\/a> a int\u00e9gr\u00e9 cette saison la structure<strong> ASPAR<\/strong> qui truste par ailleurs les premi\u00e8res lignes.<\/p>\n<p>Son \u00e9quipier <strong>BAUTTISTA <\/strong>le suit ainsi de pr\u00e8s, <strong>FAUBEL<\/strong>, cinqui\u00e8me, fermant la marche conqu\u00e9rante du Team aux <strong>APRILIA<\/strong>. Mais la marque italienne devra se m\u00e9fier de la KTM de <strong>SIMON<\/strong>, quatri\u00e8me, mais aussi et surtout de la <a href=\"http:\/\/www.leblogmoto.com\/2006\/01\/derbi_mulhacn_6.html\">DERBI<\/a> de PESEK, troisi\u00e8me et constant depuis le d\u00e9but du meeting.<\/p>\n<p>Pour ce qui est des duellistes de l&rsquo;an dernier, en revanche, rien n&rsquo;a \u00e9t\u00e9 simple, \u00e0 commencer par le champion du monde en titre&#8230;<\/p>\n<p><a href=\"http:\/\/clabedan.typepad.com\/.shared\/image.html?\/photos\/uncategorized\/25619_news_1.jpg\"><img loading=\"lazy\" decoding=\"async\" height=\"198\" alt=\"25619_news_1\" src=\"http:\/\/www.leblogmoto.com\/images\/25619_news_1.jpg\" width=\"250\"  \/><\/a>Affaibli par une vilaine blessure \u00e0 la clavicule cons\u00e9cutive \u00e0 une chute d&rsquo;inter-saison, <strong>Thomas LUTHI<\/strong> n&rsquo;est pas au mieux de sa forme et n&rsquo;a pu faire mieux que <strong>seizi\u00e8me<\/strong>. Il courra demain avec un gros strapping que l&rsquo;on esp\u00e8re suffisant pour supporter l&rsquo;\u00e9preuve de la course.<\/p>\n<p>Son ancien rival <strong>KALLIO<\/strong>, fait un peu mieux, sixi\u00e8me juste devant son comp\u00e8re de la saison pass\u00e9e <strong>TALMACSI <\/strong>au passage meilleur repr\u00e9sentant HONDA. Mais il a \u00e9t\u00e9 domin\u00e9 par <strong>SIMON<\/strong> qui, \u00e0 domicile, ne s&rsquo;en laissera pas compter.<\/p>\n<p>C\u00f4t\u00e9 fran\u00e7ais, on ne pourra compter que sur <strong>DI MEGLIO<\/strong>, onzi\u00e8me, <strong>MASBOU<\/strong> s&rsquo;\u00e9tant bris\u00e9 une cheville lors d&rsquo;une chute dans la s\u00e9ance.<\/p>\n<p>Vivement demain pour la baston en peloton !<\/p>\n","protected":false},"excerpt":{"rendered":"<p>Mattia PASINI a sign\u00e9 la premi\u00e8re pole position de sa carri\u00e8re lors de l&rsquo;ouverture du championnat 125 \u00e0 JEREZ. L&rsquo;ex-pilote LCR a int\u00e9gr\u00e9 cette saison la structure ASPAR qui truste par ailleurs les premi\u00e8res lignes. Son \u00e9quipier BAUTTISTA le suit ainsi de pr\u00e8s, FAUBEL, cinqui\u00e8me, fermant la marche conqu\u00e9rante du Team aux APRILIA. Mais la [&hellip;]<\/p>\n","protected":false},"author":336,"featured_media":0,"comment_status":"open","ping_status":"open","sticky":false,"template":"","format":"standard","meta":{"footnotes":""},"categories":[22,32],"tags":[],"class_list":["post-1971","post","type-post","status-publish","format-standard","hentry","category-motogp","category-sport-moto"],"yoast_head":"<!-- This site is optimized with the Yoast SEO plugin v26.0 - https:\/\/yoast.com\/wordpress\/plugins\/seo\/ -->\n<title>125: PASINI premi\u00e8re - leblogmoto.com<\/title>\n<meta name=\"robots\" content=\"index, follow, max-snippet:-1, max-image-preview:large, max-video-preview:-1\" \/>\n<link rel=\"canonical\" href=\"https:\/\/blogs.thesocialmedia.com\/leblogmoto\/2006\/03\/25\/125-pasini-prem\/\" \/>\n<meta name=\"twitter:card\" content=\"summary_large_image\" \/>\n<meta name=\"twitter:title\" content=\"125: PASINI premi\u00e8re - leblogmoto.com\" \/>\n<meta name=\"twitter:description\" content=\"Mattia PASINI a sign\u00e9 la premi\u00e8re pole position de sa carri\u00e8re lors de l&rsquo;ouverture du championnat 125 \u00e0 JEREZ. L&rsquo;ex-pilote LCR a int\u00e9gr\u00e9 cette saison la structure ASPAR qui truste par ailleurs les premi\u00e8res lignes. Son \u00e9quipier BAUTTISTA le suit ainsi de pr\u00e8s, FAUBEL, cinqui\u00e8me, fermant la marche conqu\u00e9rante du Team aux APRILIA. Mais la [&hellip;]\" \/>\n<meta name=\"twitter:image\" content=\"http:\/\/www.leblogmoto.com\/images\/245736781553317238.jpg\" \/>\n<meta name=\"twitter:label1\" content=\"\u00c9crit par\" \/>\n\t<meta name=\"twitter:data1\" content=\"andre leconde\" \/>\n\t<meta name=\"twitter:label2\" content=\"Dur\u00e9e de lecture estim\u00e9e\" \/>\n\t<meta name=\"twitter:data2\" content=\"1 minute\" \/>\n<script type=\"application\/ld+json\" class=\"yoast-schema-graph\">{\"@context\":\"https:\/\/schema.org\",\"@graph\":[{\"@type\":\"WebPage\",\"@id\":\"https:\/\/blogs.thesocialmedia.com\/leblogmoto\/2006\/03\/25\/125-pasini-prem\/\",\"url\":\"https:\/\/blogs.thesocialmedia.com\/leblogmoto\/2006\/03\/25\/125-pasini-prem\/\",\"name\":\"125: PASINI premi\u00e8re - leblogmoto.com\",\"isPartOf\":{\"@id\":\"https:\/\/blogs.thesocialmedia.com\/leblogmoto\/#website\"},\"primaryImageOfPage\":{\"@id\":\"https:\/\/blogs.thesocialmedia.com\/leblogmoto\/2006\/03\/25\/125-pasini-prem\/#primaryimage\"},\"image\":{\"@id\":\"https:\/\/blogs.thesocialmedia.com\/leblogmoto\/2006\/03\/25\/125-pasini-prem\/#primaryimage\"},\"thumbnailUrl\":\"http:\/\/www.leblogmoto.com\/images\/245736781553317238.jpg\",\"datePublished\":\"2006-03-25T21:31:29+00:00\",\"dateModified\":\"2012-07-11T14:18:20+00:00\",\"author\":{\"@id\":\"https:\/\/blogs.thesocialmedia.com\/leblogmoto\/#\/schema\/person\/1a1dcfc7cec206573105eb4af91155c2\"},\"breadcrumb\":{\"@id\":\"https:\/\/blogs.thesocialmedia.com\/leblogmoto\/2006\/03\/25\/125-pasini-prem\/#breadcrumb\"},\"inLanguage\":\"fr-FR\",\"potentialAction\":[{\"@type\":\"ReadAction\",\"target\":[\"https:\/\/blogs.thesocialmedia.com\/leblogmoto\/2006\/03\/25\/125-pasini-prem\/\"]}]},{\"@type\":\"ImageObject\",\"inLanguage\":\"fr-FR\",\"@id\":\"https:\/\/blogs.thesocialmedia.com\/leblogmoto\/2006\/03\/25\/125-pasini-prem\/#primaryimage\",\"url\":\"http:\/\/www.leblogmoto.com\/images\/245736781553317238.jpg\",\"contentUrl\":\"http:\/\/www.leblogmoto.com\/images\/245736781553317238.jpg\"},{\"@type\":\"BreadcrumbList\",\"@id\":\"https:\/\/blogs.thesocialmedia.com\/leblogmoto\/2006\/03\/25\/125-pasini-prem\/#breadcrumb\",\"itemListElement\":[{\"@type\":\"ListItem\",\"position\":1,\"name\":\"Accueil\",\"item\":\"https:\/\/blogs.thesocialmedia.com\/leblogmoto\/\"},{\"@type\":\"ListItem\",\"position\":2,\"name\":\"125: PASINI premi\u00e8re\"}]},{\"@type\":\"WebSite\",\"@id\":\"https:\/\/blogs.thesocialmedia.com\/leblogmoto\/#website\",\"url\":\"https:\/\/blogs.thesocialmedia.com\/leblogmoto\/\",\"name\":\"leblogmoto\",\"description\":\"Toute l&#039;actualit\u00e9 des 2 roues\",\"potentialAction\":[{\"@type\":\"SearchAction\",\"target\":{\"@type\":\"EntryPoint\",\"urlTemplate\":\"https:\/\/blogs.thesocialmedia.com\/leblogmoto\/?s={search_term_string}\"},\"query-input\":{\"@type\":\"PropertyValueSpecification\",\"valueRequired\":true,\"valueName\":\"search_term_string\"}}],\"inLanguage\":\"fr-FR\"},{\"@type\":\"Person\",\"@id\":\"https:\/\/blogs.thesocialmedia.com\/leblogmoto\/#\/schema\/person\/1a1dcfc7cec206573105eb4af91155c2\",\"name\":\"andre leconde\",\"image\":{\"@type\":\"ImageObject\",\"inLanguage\":\"fr-FR\",\"@id\":\"https:\/\/blogs.thesocialmedia.com\/leblogmoto\/#\/schema\/person\/image\/\",\"url\":\"https:\/\/secure.gravatar.com\/avatar\/?s=96&d=mm&r=g\",\"contentUrl\":\"https:\/\/secure.gravatar.com\/avatar\/?s=96&d=mm&r=g\",\"caption\":\"andre leconde\"},\"url\":\"https:\/\/blogs.thesocialmedia.com\/leblogmoto\/author\/andre-leconde\/\"}]}<\/script>\n<!-- \/ Yoast SEO plugin. -->","yoast_head_json":{"title":"125: PASINI premi\u00e8re - leblogmoto.com","robots":{"index":"index","follow":"follow","max-snippet":"max-snippet:-1","max-image-preview":"max-image-preview:large","max-video-preview":"max-video-preview:-1"},"canonical":"https:\/\/blogs.thesocialmedia.com\/leblogmoto\/2006\/03\/25\/125-pasini-prem\/","twitter_card":"summary_large_image","twitter_title":"125: PASINI premi\u00e8re - leblogmoto.com","twitter_description":"Mattia PASINI a sign\u00e9 la premi\u00e8re pole position de sa carri\u00e8re lors de l&rsquo;ouverture du championnat 125 \u00e0 JEREZ. L&rsquo;ex-pilote LCR a int\u00e9gr\u00e9 cette saison la structure ASPAR qui truste par ailleurs les premi\u00e8res lignes. Son \u00e9quipier BAUTTISTA le suit ainsi de pr\u00e8s, FAUBEL, cinqui\u00e8me, fermant la marche conqu\u00e9rante du Team aux APRILIA. Mais la [&hellip;]","twitter_image":"http:\/\/www.leblogmoto.com\/images\/245736781553317238.jpg","twitter_misc":{"\u00c9crit par":"andre leconde","Dur\u00e9e de lecture estim\u00e9e":"1 minute"},"schema":{"@context":"https:\/\/schema.org","@graph":[{"@type":"WebPage","@id":"https:\/\/blogs.thesocialmedia.com\/leblogmoto\/2006\/03\/25\/125-pasini-prem\/","url":"https:\/\/blogs.thesocialmedia.com\/leblogmoto\/2006\/03\/25\/125-pasini-prem\/","name":"125: PASINI premi\u00e8re - leblogmoto.com","isPartOf":{"@id":"https:\/\/blogs.thesocialmedia.com\/leblogmoto\/#website"},"primaryImageOfPage":{"@id":"https:\/\/blogs.thesocialmedia.com\/leblogmoto\/2006\/03\/25\/125-pasini-prem\/#primaryimage"},"image":{"@id":"https:\/\/blogs.thesocialmedia.com\/leblogmoto\/2006\/03\/25\/125-pasini-prem\/#primaryimage"},"thumbnailUrl":"http:\/\/www.leblogmoto.com\/images\/245736781553317238.jpg","datePublished":"2006-03-25T21:31:29+00:00","dateModified":"2012-07-11T14:18:20+00:00","author":{"@id":"https:\/\/blogs.thesocialmedia.com\/leblogmoto\/#\/schema\/person\/1a1dcfc7cec206573105eb4af91155c2"},"breadcrumb":{"@id":"https:\/\/blogs.thesocialmedia.com\/leblogmoto\/2006\/03\/25\/125-pasini-prem\/#breadcrumb"},"inLanguage":"fr-FR","potentialAction":[{"@type":"ReadAction","target":["https:\/\/blogs.thesocialmedia.com\/leblogmoto\/2006\/03\/25\/125-pasini-prem\/"]}]},{"@type":"ImageObject","inLanguage":"fr-FR","@id":"https:\/\/blogs.thesocialmedia.com\/leblogmoto\/2006\/03\/25\/125-pasini-prem\/#primaryimage","url":"http:\/\/www.leblogmoto.com\/images\/245736781553317238.jpg","contentUrl":"http:\/\/www.leblogmoto.com\/images\/245736781553317238.jpg"},{"@type":"BreadcrumbList","@id":"https:\/\/blogs.thesocialmedia.com\/leblogmoto\/2006\/03\/25\/125-pasini-prem\/#breadcrumb","itemListElement":[{"@type":"ListItem","position":1,"name":"Accueil","item":"https:\/\/blogs.thesocialmedia.com\/leblogmoto\/"},{"@type":"ListItem","position":2,"name":"125: PASINI premi\u00e8re"}]},{"@type":"WebSite","@id":"https:\/\/blogs.thesocialmedia.com\/leblogmoto\/#website","url":"https:\/\/blogs.thesocialmedia.com\/leblogmoto\/","name":"leblogmoto","description":"Toute l&#039;actualit\u00e9 des 2 roues","potentialAction":[{"@type":"SearchAction","target":{"@type":"EntryPoint","urlTemplate":"https:\/\/blogs.thesocialmedia.com\/leblogmoto\/?s={search_term_string}"},"query-input":{"@type":"PropertyValueSpecification","valueRequired":true,"valueName":"search_term_string"}}],"inLanguage":"fr-FR"},{"@type":"Person","@id":"https:\/\/blogs.thesocialmedia.com\/leblogmoto\/#\/schema\/person\/1a1dcfc7cec206573105eb4af91155c2","name":"andre leconde","image":{"@type":"ImageObject","inLanguage":"fr-FR","@id":"https:\/\/blogs.thesocialmedia.com\/leblogmoto\/#\/schema\/person\/image\/","url":"https:\/\/secure.gravatar.com\/avatar\/?s=96&d=mm&r=g","contentUrl":"https:\/\/secure.gravatar.com\/avatar\/?s=96&d=mm&r=g","caption":"andre leconde"},"url":"https:\/\/blogs.thesocialmedia.com\/leblogmoto\/author\/andre-leconde\/"}]}},"_links":{"self":[{"href":"https:\/\/blogs.thesocialmedia.com\/leblogmoto\/wp-json\/wp\/v2\/posts\/1971","targetHints":{"allow":["GET"]}}],"collection":[{"href":"https:\/\/blogs.thesocialmedia.com\/leblogmoto\/wp-json\/wp\/v2\/posts"}],"about":[{"href":"https:\/\/blogs.thesocialmedia.com\/leblogmoto\/wp-json\/wp\/v2\/types\/post"}],"author":[{"embeddable":true,"href":"https:\/\/blogs.thesocialmedia.com\/leblogmoto\/wp-json\/wp\/v2\/users\/336"}],"replies":[{"embeddable":true,"href":"https:\/\/blogs.thesocialmedia.com\/leblogmoto\/wp-json\/wp\/v2\/comments?post=1971"}],"version-history":[{"count":2,"href":"https:\/\/blogs.thesocialmedia.com\/leblogmoto\/wp-json\/wp\/v2\/posts\/1971\/revisions"}],"predecessor-version":[{"id":7209,"href":"https:\/\/blogs.thesocialmedia.com\/leblogmoto\/wp-json\/wp\/v2\/posts\/1971\/revisions\/7209"}],"wp:attachment":[{"href":"https:\/\/blogs.thesocialmedia.com\/leblogmoto\/wp-json\/wp\/v2\/media?parent=1971"}],"wp:term":[{"taxonomy":"category","embeddable":true,"href":"https:\/\/blogs.thesocialmedia.com\/leblogmoto\/wp-json\/wp\/v2\/categories?post=1971"},{"taxonomy":"post_tag","embeddable":true,"href":"https:\/\/blogs.thesocialmedia.com\/leblogmoto\/wp-json\/wp\/v2\/tags?post=1971"}],"curies":[{"name":"wp","href":"https:\/\/api.w.org\/{rel}","templated":true}]}}