{"id":1972,"date":"2006-03-25T19:40:00","date_gmt":"2006-03-25T19:40:00","guid":{"rendered":"http:\/\/blogs.thesocialmedia.com\/leblogmoto\/2006\/03\/25\/250-la-lutte-fr\/"},"modified":"2012-07-11T14:18:19","modified_gmt":"2012-07-11T14:18:19","slug":"250-la-lutte-fr","status":"publish","type":"post","link":"https:\/\/blogs.thesocialmedia.com\/leblogmoto\/2006\/03\/25\/250-la-lutte-fr\/","title":{"rendered":"250: La lutte fratricide"},"content":{"rendered":"<p><a href=\"http:\/\/blogs.thesocialmedia.com\/leblogmoto\/files\/2012\/07\/060324_fortgp.jpg\"><\/a><a href=\"http:\/\/clabedan.typepad.com\/.shared\/image.html?\/photos\/uncategorized\/060324_fort250.jpg\"><\/a><\/p>\n<p><a href=\"http:\/\/clabedan.typepad.com\/.shared\/image.html?\/photos\/uncategorized\/apriliafortuna225.jpg\"><img loading=\"lazy\" decoding=\"async\" height=\"167\" alt=\"Apriliafortuna225\" src=\"http:\/\/www.leblogmoto.com\/images\/apriliafortuna225.jpg\" width=\"250\"  \/><\/a>Ce sera chaud, demain, en course, et \u00e0 tous les points de vue, dans la cat\u00e9gorie <a href=\"http:\/\/www.leblogmoto.com\/2006\/03\/250_catgorie_re.html\">250<\/a>.<\/p>\n<p>Les <strong>APRILIA FORTUNA<\/strong> ont certes d\u00e9montr\u00e9 leur v\u00e9locit\u00e9, mais tout \u00e0 leur lutte, les deux soci\u00e9taires du team leader ont <a href=\"http:\/\/www.leblogmoto.com\/2006\/02\/tests_250_de_la.html\">pay\u00e9 de leur personne<\/a> pour tenter de s&rsquo;affirmer comme le meilleur.<\/p>\n<p>Dans un tel contexte, c&rsquo;est <strong>Hector BARBERA<\/strong> qui est, cette fois, all\u00e9 \u00e0 la faute, en chutant, heureusement sans gravit\u00e9. Il faudra quand m\u00eame surveiller cette bataille intestine, parce que juste derri\u00e8re, les samoura\u00ef HONDA sont tr\u00e8s pr\u00e8s de profiter de la moindre occasion&#8230;&nbsp; &nbsp;&nbsp; &nbsp;<\/p>\n<p><a href=\"http:\/\/clabedan.typepad.com\/.shared\/image.html?\/photos\/uncategorized\/pht_takahashi_050506.jpg\"><img loading=\"lazy\" decoding=\"async\" height=\"166\" alt=\"Pht_takahashi_050506\" src=\"http:\/\/www.leblogmoto.com\/images\/pht_takahashi_050506.jpg\" width=\"250\"  \/><\/a>Car si APRILIA semble avoir un petit avantage, il n&rsquo;est pas suffisant pour pr\u00e9tendre imposer sa loi sans coup f\u00e9rir. <strong>TAKAHASHI<\/strong>, deuxi\u00e8me, et <strong>AOYAMA<\/strong>, le cadet de l&rsquo;ex \u00e9quipier de PEDROSA parti chez <a href=\"http:\/\/www.leblogmoto.com\/2005\/08\/ktm_se_retire_d.html\">KTM<\/a>, quatri\u00e8me ont ins\u00e9r\u00e9 leur <strong>RSW250<\/strong> entre les machines italiennes et comptent bien faire autre chose que de la figuration.<\/p>\n<p><strong>DE ANGELIS<\/strong> et <strong>WEST<\/strong> suivent, tenant en respect l&rsquo;autre fr\u00e8re AOYAMA et <strong>SIMONCELLI<\/strong> qui d\u00e9montrent qu&rsquo;il faudra aussi compter sur KTM d&rsquo;une part et <a href=\"http:\/\/www.leblogmoto.com\/2005\/11\/gilera_nexus.html\">GILERA<\/a> d&rsquo;autre part. <\/p>\n<p>C\u00f4t\u00e9 tricolores, on a frol\u00e9 la d\u00e9b\u00e2cle chez Scrab avec des probl\u00e8mes \u00e0 r\u00e9p\u00e9tition et, au final, les deux pilotes, <strong>GUINTOLI<\/strong> et <strong>CLUZEL<\/strong>, se retrouvent au-del\u00e0 de la vingti\u00e8me place. Ils y retrouvent <strong>VINCENT<\/strong>, mais aussi <strong>PORTO<\/strong>, absolument nul part, comme <strong>POGGIALI<\/strong>. Ceux l\u00e0 ne doivent une revanche en course.<\/p><\/p>\n","protected":false},"excerpt":{"rendered":"<p>Ce sera chaud, demain, en course, et \u00e0 tous les points de vue, dans la cat\u00e9gorie 250. Les APRILIA FORTUNA ont certes d\u00e9montr\u00e9 leur v\u00e9locit\u00e9, mais tout \u00e0 leur lutte, les deux soci\u00e9taires du team leader ont pay\u00e9 de leur personne pour tenter de s&rsquo;affirmer comme le meilleur. Dans un tel contexte, c&rsquo;est Hector BARBERA [&hellip;]<\/p>\n","protected":false},"author":336,"featured_media":0,"comment_status":"open","ping_status":"open","sticky":false,"template":"","format":"standard","meta":{"footnotes":""},"categories":[22,32],"tags":[],"class_list":["post-1972","post","type-post","status-publish","format-standard","hentry","category-motogp","category-sport-moto"],"yoast_head":"<!-- This site is optimized with the Yoast SEO plugin v26.0 - https:\/\/yoast.com\/wordpress\/plugins\/seo\/ -->\n<title>250: La lutte fratricide - leblogmoto.com<\/title>\n<meta name=\"robots\" content=\"index, follow, max-snippet:-1, max-image-preview:large, max-video-preview:-1\" \/>\n<link rel=\"canonical\" href=\"https:\/\/blogs.thesocialmedia.com\/leblogmoto\/2006\/03\/25\/250-la-lutte-fr\/\" \/>\n<meta name=\"twitter:card\" content=\"summary_large_image\" \/>\n<meta name=\"twitter:title\" content=\"250: La lutte fratricide - leblogmoto.com\" \/>\n<meta name=\"twitter:description\" content=\"Ce sera chaud, demain, en course, et \u00e0 tous les points de vue, dans la cat\u00e9gorie 250. Les APRILIA FORTUNA ont certes d\u00e9montr\u00e9 leur v\u00e9locit\u00e9, mais tout \u00e0 leur lutte, les deux soci\u00e9taires du team leader ont pay\u00e9 de leur personne pour tenter de s&rsquo;affirmer comme le meilleur. Dans un tel contexte, c&rsquo;est Hector BARBERA [&hellip;]\" \/>\n<meta name=\"twitter:image\" content=\"http:\/\/www.leblogmoto.com\/images\/apriliafortuna225.jpg\" \/>\n<meta name=\"twitter:label1\" content=\"\u00c9crit par\" \/>\n\t<meta name=\"twitter:data1\" content=\"andre leconde\" \/>\n\t<meta name=\"twitter:label2\" content=\"Dur\u00e9e de lecture estim\u00e9e\" \/>\n\t<meta name=\"twitter:data2\" content=\"1 minute\" \/>\n<script type=\"application\/ld+json\" class=\"yoast-schema-graph\">{\"@context\":\"https:\/\/schema.org\",\"@graph\":[{\"@type\":\"WebPage\",\"@id\":\"https:\/\/blogs.thesocialmedia.com\/leblogmoto\/2006\/03\/25\/250-la-lutte-fr\/\",\"url\":\"https:\/\/blogs.thesocialmedia.com\/leblogmoto\/2006\/03\/25\/250-la-lutte-fr\/\",\"name\":\"250: La lutte fratricide - leblogmoto.com\",\"isPartOf\":{\"@id\":\"https:\/\/blogs.thesocialmedia.com\/leblogmoto\/#website\"},\"primaryImageOfPage\":{\"@id\":\"https:\/\/blogs.thesocialmedia.com\/leblogmoto\/2006\/03\/25\/250-la-lutte-fr\/#primaryimage\"},\"image\":{\"@id\":\"https:\/\/blogs.thesocialmedia.com\/leblogmoto\/2006\/03\/25\/250-la-lutte-fr\/#primaryimage\"},\"thumbnailUrl\":\"http:\/\/www.leblogmoto.com\/images\/apriliafortuna225.jpg\",\"datePublished\":\"2006-03-25T19:40:00+00:00\",\"dateModified\":\"2012-07-11T14:18:19+00:00\",\"author\":{\"@id\":\"https:\/\/blogs.thesocialmedia.com\/leblogmoto\/#\/schema\/person\/1a1dcfc7cec206573105eb4af91155c2\"},\"breadcrumb\":{\"@id\":\"https:\/\/blogs.thesocialmedia.com\/leblogmoto\/2006\/03\/25\/250-la-lutte-fr\/#breadcrumb\"},\"inLanguage\":\"fr-FR\",\"potentialAction\":[{\"@type\":\"ReadAction\",\"target\":[\"https:\/\/blogs.thesocialmedia.com\/leblogmoto\/2006\/03\/25\/250-la-lutte-fr\/\"]}]},{\"@type\":\"ImageObject\",\"inLanguage\":\"fr-FR\",\"@id\":\"https:\/\/blogs.thesocialmedia.com\/leblogmoto\/2006\/03\/25\/250-la-lutte-fr\/#primaryimage\",\"url\":\"http:\/\/www.leblogmoto.com\/images\/apriliafortuna225.jpg\",\"contentUrl\":\"http:\/\/www.leblogmoto.com\/images\/apriliafortuna225.jpg\"},{\"@type\":\"BreadcrumbList\",\"@id\":\"https:\/\/blogs.thesocialmedia.com\/leblogmoto\/2006\/03\/25\/250-la-lutte-fr\/#breadcrumb\",\"itemListElement\":[{\"@type\":\"ListItem\",\"position\":1,\"name\":\"Accueil\",\"item\":\"https:\/\/blogs.thesocialmedia.com\/leblogmoto\/\"},{\"@type\":\"ListItem\",\"position\":2,\"name\":\"250: La lutte fratricide\"}]},{\"@type\":\"WebSite\",\"@id\":\"https:\/\/blogs.thesocialmedia.com\/leblogmoto\/#website\",\"url\":\"https:\/\/blogs.thesocialmedia.com\/leblogmoto\/\",\"name\":\"leblogmoto\",\"description\":\"Toute l&#039;actualit\u00e9 des 2 roues\",\"potentialAction\":[{\"@type\":\"SearchAction\",\"target\":{\"@type\":\"EntryPoint\",\"urlTemplate\":\"https:\/\/blogs.thesocialmedia.com\/leblogmoto\/?s={search_term_string}\"},\"query-input\":{\"@type\":\"PropertyValueSpecification\",\"valueRequired\":true,\"valueName\":\"search_term_string\"}}],\"inLanguage\":\"fr-FR\"},{\"@type\":\"Person\",\"@id\":\"https:\/\/blogs.thesocialmedia.com\/leblogmoto\/#\/schema\/person\/1a1dcfc7cec206573105eb4af91155c2\",\"name\":\"andre leconde\",\"image\":{\"@type\":\"ImageObject\",\"inLanguage\":\"fr-FR\",\"@id\":\"https:\/\/blogs.thesocialmedia.com\/leblogmoto\/#\/schema\/person\/image\/\",\"url\":\"https:\/\/secure.gravatar.com\/avatar\/?s=96&d=mm&r=g\",\"contentUrl\":\"https:\/\/secure.gravatar.com\/avatar\/?s=96&d=mm&r=g\",\"caption\":\"andre leconde\"},\"url\":\"https:\/\/blogs.thesocialmedia.com\/leblogmoto\/author\/andre-leconde\/\"}]}<\/script>\n<!-- \/ Yoast SEO plugin. -->","yoast_head_json":{"title":"250: La lutte fratricide - leblogmoto.com","robots":{"index":"index","follow":"follow","max-snippet":"max-snippet:-1","max-image-preview":"max-image-preview:large","max-video-preview":"max-video-preview:-1"},"canonical":"https:\/\/blogs.thesocialmedia.com\/leblogmoto\/2006\/03\/25\/250-la-lutte-fr\/","twitter_card":"summary_large_image","twitter_title":"250: La lutte fratricide - leblogmoto.com","twitter_description":"Ce sera chaud, demain, en course, et \u00e0 tous les points de vue, dans la cat\u00e9gorie 250. Les APRILIA FORTUNA ont certes d\u00e9montr\u00e9 leur v\u00e9locit\u00e9, mais tout \u00e0 leur lutte, les deux soci\u00e9taires du team leader ont pay\u00e9 de leur personne pour tenter de s&rsquo;affirmer comme le meilleur. Dans un tel contexte, c&rsquo;est Hector BARBERA [&hellip;]","twitter_image":"http:\/\/www.leblogmoto.com\/images\/apriliafortuna225.jpg","twitter_misc":{"\u00c9crit par":"andre leconde","Dur\u00e9e de lecture estim\u00e9e":"1 minute"},"schema":{"@context":"https:\/\/schema.org","@graph":[{"@type":"WebPage","@id":"https:\/\/blogs.thesocialmedia.com\/leblogmoto\/2006\/03\/25\/250-la-lutte-fr\/","url":"https:\/\/blogs.thesocialmedia.com\/leblogmoto\/2006\/03\/25\/250-la-lutte-fr\/","name":"250: La lutte fratricide - leblogmoto.com","isPartOf":{"@id":"https:\/\/blogs.thesocialmedia.com\/leblogmoto\/#website"},"primaryImageOfPage":{"@id":"https:\/\/blogs.thesocialmedia.com\/leblogmoto\/2006\/03\/25\/250-la-lutte-fr\/#primaryimage"},"image":{"@id":"https:\/\/blogs.thesocialmedia.com\/leblogmoto\/2006\/03\/25\/250-la-lutte-fr\/#primaryimage"},"thumbnailUrl":"http:\/\/www.leblogmoto.com\/images\/apriliafortuna225.jpg","datePublished":"2006-03-25T19:40:00+00:00","dateModified":"2012-07-11T14:18:19+00:00","author":{"@id":"https:\/\/blogs.thesocialmedia.com\/leblogmoto\/#\/schema\/person\/1a1dcfc7cec206573105eb4af91155c2"},"breadcrumb":{"@id":"https:\/\/blogs.thesocialmedia.com\/leblogmoto\/2006\/03\/25\/250-la-lutte-fr\/#breadcrumb"},"inLanguage":"fr-FR","potentialAction":[{"@type":"ReadAction","target":["https:\/\/blogs.thesocialmedia.com\/leblogmoto\/2006\/03\/25\/250-la-lutte-fr\/"]}]},{"@type":"ImageObject","inLanguage":"fr-FR","@id":"https:\/\/blogs.thesocialmedia.com\/leblogmoto\/2006\/03\/25\/250-la-lutte-fr\/#primaryimage","url":"http:\/\/www.leblogmoto.com\/images\/apriliafortuna225.jpg","contentUrl":"http:\/\/www.leblogmoto.com\/images\/apriliafortuna225.jpg"},{"@type":"BreadcrumbList","@id":"https:\/\/blogs.thesocialmedia.com\/leblogmoto\/2006\/03\/25\/250-la-lutte-fr\/#breadcrumb","itemListElement":[{"@type":"ListItem","position":1,"name":"Accueil","item":"https:\/\/blogs.thesocialmedia.com\/leblogmoto\/"},{"@type":"ListItem","position":2,"name":"250: La lutte fratricide"}]},{"@type":"WebSite","@id":"https:\/\/blogs.thesocialmedia.com\/leblogmoto\/#website","url":"https:\/\/blogs.thesocialmedia.com\/leblogmoto\/","name":"leblogmoto","description":"Toute l&#039;actualit\u00e9 des 2 roues","potentialAction":[{"@type":"SearchAction","target":{"@type":"EntryPoint","urlTemplate":"https:\/\/blogs.thesocialmedia.com\/leblogmoto\/?s={search_term_string}"},"query-input":{"@type":"PropertyValueSpecification","valueRequired":true,"valueName":"search_term_string"}}],"inLanguage":"fr-FR"},{"@type":"Person","@id":"https:\/\/blogs.thesocialmedia.com\/leblogmoto\/#\/schema\/person\/1a1dcfc7cec206573105eb4af91155c2","name":"andre leconde","image":{"@type":"ImageObject","inLanguage":"fr-FR","@id":"https:\/\/blogs.thesocialmedia.com\/leblogmoto\/#\/schema\/person\/image\/","url":"https:\/\/secure.gravatar.com\/avatar\/?s=96&d=mm&r=g","contentUrl":"https:\/\/secure.gravatar.com\/avatar\/?s=96&d=mm&r=g","caption":"andre leconde"},"url":"https:\/\/blogs.thesocialmedia.com\/leblogmoto\/author\/andre-leconde\/"}]}},"_links":{"self":[{"href":"https:\/\/blogs.thesocialmedia.com\/leblogmoto\/wp-json\/wp\/v2\/posts\/1972","targetHints":{"allow":["GET"]}}],"collection":[{"href":"https:\/\/blogs.thesocialmedia.com\/leblogmoto\/wp-json\/wp\/v2\/posts"}],"about":[{"href":"https:\/\/blogs.thesocialmedia.com\/leblogmoto\/wp-json\/wp\/v2\/types\/post"}],"author":[{"embeddable":true,"href":"https:\/\/blogs.thesocialmedia.com\/leblogmoto\/wp-json\/wp\/v2\/users\/336"}],"replies":[{"embeddable":true,"href":"https:\/\/blogs.thesocialmedia.com\/leblogmoto\/wp-json\/wp\/v2\/comments?post=1972"}],"version-history":[{"count":2,"href":"https:\/\/blogs.thesocialmedia.com\/leblogmoto\/wp-json\/wp\/v2\/posts\/1972\/revisions"}],"predecessor-version":[{"id":7207,"href":"https:\/\/blogs.thesocialmedia.com\/leblogmoto\/wp-json\/wp\/v2\/posts\/1972\/revisions\/7207"}],"wp:attachment":[{"href":"https:\/\/blogs.thesocialmedia.com\/leblogmoto\/wp-json\/wp\/v2\/media?parent=1972"}],"wp:term":[{"taxonomy":"category","embeddable":true,"href":"https:\/\/blogs.thesocialmedia.com\/leblogmoto\/wp-json\/wp\/v2\/categories?post=1972"},{"taxonomy":"post_tag","embeddable":true,"href":"https:\/\/blogs.thesocialmedia.com\/leblogmoto\/wp-json\/wp\/v2\/tags?post=1972"}],"curies":[{"name":"wp","href":"https:\/\/api.w.org\/{rel}","templated":true}]}}