{"id":1973,"date":"2006-03-25T15:32:56","date_gmt":"2006-03-25T15:32:56","guid":{"rendered":"http:\/\/blogs.thesocialmedia.com\/leblogmoto\/2006\/03\/25\/jerez-qualif-br\/"},"modified":"2012-07-11T14:18:18","modified_gmt":"2012-07-11T14:18:18","slug":"jerez-qualif-br","status":"publish","type":"post","link":"https:\/\/blogs.thesocialmedia.com\/leblogmoto\/2006\/03\/25\/jerez-qualif-br\/","title":{"rendered":"JEREZ: Qualif: BRIDGESTONE sur toute la ligne"},"content":{"rendered":"<p><a href=\"http:\/\/blogs.thesocialmedia.com\/leblogmoto\/files\/2012\/07\/loris.jpg\"><img loading=\"lazy\" decoding=\"async\" height=\"409\" alt=\"Loris\" src=\"http:\/\/www.leblogmoto.com\/images\/loris.jpg\" width=\"250\"  \/><\/a>La premi\u00e8re qualif de la saison 2006 du MotoGP vient de rendre son verdict, avec une premi\u00e8re ligne <strong>CAPIREX-GIBERNAU-NAKANO<\/strong> toute <a href=\"http:\/\/www.leblogmoto.com\/2006\/02\/tests_sepang_20.html\">BRIDGESTONE<\/a>. <\/p>\n<p>Des pneus qui confirment ainsi leurs bonnes dispositions entrevues cet hiver pour cet exercice chronom\u00e8trique.<\/p>\n<p>Pour ce qui est des machines, <a href=\"http:\/\/www.leblogmoto.com\/2006\/03\/sbk_ducati_vers.html\">DUCATI<\/a> poursuit une entame de meeting id\u00e9al, puisque <strong>CAPIROSSI<\/strong> n&rsquo;a jamais quitt\u00e9 la t\u00eate des classements depuis qu&rsquo;il a pos\u00e9 ses roues sur le circuit de JEREZ. <\/p>\n<p>Une pole position qui n&rsquo;est donc gu\u00e8re surprenante, son \u00e9quipier <strong>GIBERNAU<\/strong> le rejoignant \u00e0 ses c\u00f4t\u00e9s. Pour le reste du plateau, c&rsquo;est un peu la soupe \u00e0 la grimace, avec un <a href=\"http:\/\/www.leblogmoto.com\/2006\/03\/yamaha_trmulati.html\">ROSSI<\/a> seulement neuvi\u00e8me, et les &quot;rookies&quot; qui poussent&#8230;&nbsp; &nbsp; <\/p>\n<p><a href=\"http:\/\/clabedan.typepad.com\/.shared\/image.html?\/photos\/uncategorized\/060324_kawagp.jpg\"><img loading=\"lazy\" decoding=\"async\" height=\"167\" alt=\"060324_kawagp\" src=\"http:\/\/www.leblogmoto.com\/images\/060324_kawagp.jpg\" width=\"250\"  \/><\/a>Le champion du monde n&rsquo;a jamais \u00e9t\u00e9 en mesure de vraiment taquiner le clan des &quot;Bridges&quot; et se retrouve donc \u00e0 la neuvi\u00e8me position juste devant son compagnon <strong>EDWARDS<\/strong>. &quot;Vale&quot; se voit m\u00eame devanc\u00e9 par <strong>DE PUNIET<\/strong>, convaincant huiti\u00e8me et qui coince avec son bin\u00f4me <strong>NAKANO<\/strong> le clan HONDA.<\/p>\n<p><strong>MELANDRI<\/strong> septi\u00e8me, <strong>ELIAS<\/strong> sixi\u00e8me, <a href=\"http:\/\/www.leblogmoto.com\/2006\/03\/pedrosa_dj_outs.html\">PEDROSA<\/a> cinqui\u00e8me et <strong>HAYDEN<\/strong> quatri\u00e8me, les HONDA ont tenu leur rang avec les MICHELIN. On constate un <strong>PEDROSA<\/strong> d\u00e9j\u00e0 bien <a href=\"http:\/\/clabedan.typepad.com\/.shared\/image.html?\/photos\/uncategorized\/060324_camelgp_1.jpg\"><img loading=\"lazy\" decoding=\"async\" height=\"180\" alt=\"060324_camelgp_1\" src=\"http:\/\/www.leblogmoto.com\/images\/060324_camelgp_1.jpg\" width=\"250\"  \/><\/a> pr\u00e9sent et un <strong>ELIAS<\/strong> qui ne veut pas s&rsquo;en laisser compter \u00e0 domicile. La course promet d&rsquo;\u00eatre disput\u00e9e.<\/p>\n<p>Dernier de la jeune garde, <strong>VERMEULEN<\/strong> a mis un point d&rsquo;honneur \u00e0 bousculer, lui aussi son \u00e9quipier <strong>HOPKINS<\/strong>, puisqu&rsquo;il signe devant lui le onzi\u00e8me et meilleur chrono des <strong>SUZUKI<\/strong> que l&rsquo;on attendait \u00e0 meilleure f\u00eate au vu des tests d&rsquo;intersaison.<\/p>\n<p>Dimanche, ce sera une autre paire de manches. A la v\u00e9locit\u00e9 il faudra marier la constance et l&rsquo;exp\u00e9rience aidera beaucoup \u00e0 cette alchimie. Tout est ouvert ! <\/p>\n","protected":false},"excerpt":{"rendered":"<p>La premi\u00e8re qualif de la saison 2006 du MotoGP vient de rendre son verdict, avec une premi\u00e8re ligne CAPIREX-GIBERNAU-NAKANO toute BRIDGESTONE. Des pneus qui confirment ainsi leurs bonnes dispositions entrevues cet hiver pour cet exercice chronom\u00e8trique. Pour ce qui est des machines, DUCATI poursuit une entame de meeting id\u00e9al, puisque CAPIROSSI n&rsquo;a jamais quitt\u00e9 la [&hellip;]<\/p>\n","protected":false},"author":336,"featured_media":0,"comment_status":"open","ping_status":"open","sticky":false,"template":"","format":"standard","meta":{"footnotes":""},"categories":[3,22,32],"tags":[],"class_list":["post-1973","post","type-post","status-publish","format-standard","hentry","category-actualite","category-motogp","category-sport-moto"],"yoast_head":"<!-- This site is optimized with the Yoast SEO plugin v26.0 - https:\/\/yoast.com\/wordpress\/plugins\/seo\/ -->\n<title>JEREZ: Qualif: BRIDGESTONE sur toute la ligne - leblogmoto.com<\/title>\n<meta name=\"robots\" content=\"index, follow, max-snippet:-1, max-image-preview:large, max-video-preview:-1\" \/>\n<link rel=\"canonical\" href=\"https:\/\/blogs.thesocialmedia.com\/leblogmoto\/2006\/03\/25\/jerez-qualif-br\/\" \/>\n<meta name=\"twitter:card\" content=\"summary_large_image\" \/>\n<meta name=\"twitter:title\" content=\"JEREZ: Qualif: BRIDGESTONE sur toute la ligne - leblogmoto.com\" \/>\n<meta name=\"twitter:description\" content=\"La premi\u00e8re qualif de la saison 2006 du MotoGP vient de rendre son verdict, avec une premi\u00e8re ligne CAPIREX-GIBERNAU-NAKANO toute BRIDGESTONE. Des pneus qui confirment ainsi leurs bonnes dispositions entrevues cet hiver pour cet exercice chronom\u00e8trique. Pour ce qui est des machines, DUCATI poursuit une entame de meeting id\u00e9al, puisque CAPIROSSI n&rsquo;a jamais quitt\u00e9 la [&hellip;]\" \/>\n<meta name=\"twitter:image\" content=\"http:\/\/www.leblogmoto.com\/images\/loris.jpg\" \/>\n<meta name=\"twitter:label1\" content=\"\u00c9crit par\" \/>\n\t<meta name=\"twitter:data1\" content=\"andre leconde\" \/>\n\t<meta name=\"twitter:label2\" content=\"Dur\u00e9e de lecture estim\u00e9e\" \/>\n\t<meta name=\"twitter:data2\" content=\"1 minute\" \/>\n<script type=\"application\/ld+json\" class=\"yoast-schema-graph\">{\"@context\":\"https:\/\/schema.org\",\"@graph\":[{\"@type\":\"WebPage\",\"@id\":\"https:\/\/blogs.thesocialmedia.com\/leblogmoto\/2006\/03\/25\/jerez-qualif-br\/\",\"url\":\"https:\/\/blogs.thesocialmedia.com\/leblogmoto\/2006\/03\/25\/jerez-qualif-br\/\",\"name\":\"JEREZ: Qualif: BRIDGESTONE sur toute la ligne - leblogmoto.com\",\"isPartOf\":{\"@id\":\"https:\/\/blogs.thesocialmedia.com\/leblogmoto\/#website\"},\"primaryImageOfPage\":{\"@id\":\"https:\/\/blogs.thesocialmedia.com\/leblogmoto\/2006\/03\/25\/jerez-qualif-br\/#primaryimage\"},\"image\":{\"@id\":\"https:\/\/blogs.thesocialmedia.com\/leblogmoto\/2006\/03\/25\/jerez-qualif-br\/#primaryimage\"},\"thumbnailUrl\":\"http:\/\/www.leblogmoto.com\/images\/loris.jpg\",\"datePublished\":\"2006-03-25T15:32:56+00:00\",\"dateModified\":\"2012-07-11T14:18:18+00:00\",\"author\":{\"@id\":\"https:\/\/blogs.thesocialmedia.com\/leblogmoto\/#\/schema\/person\/1a1dcfc7cec206573105eb4af91155c2\"},\"breadcrumb\":{\"@id\":\"https:\/\/blogs.thesocialmedia.com\/leblogmoto\/2006\/03\/25\/jerez-qualif-br\/#breadcrumb\"},\"inLanguage\":\"fr-FR\",\"potentialAction\":[{\"@type\":\"ReadAction\",\"target\":[\"https:\/\/blogs.thesocialmedia.com\/leblogmoto\/2006\/03\/25\/jerez-qualif-br\/\"]}]},{\"@type\":\"ImageObject\",\"inLanguage\":\"fr-FR\",\"@id\":\"https:\/\/blogs.thesocialmedia.com\/leblogmoto\/2006\/03\/25\/jerez-qualif-br\/#primaryimage\",\"url\":\"http:\/\/www.leblogmoto.com\/images\/loris.jpg\",\"contentUrl\":\"http:\/\/www.leblogmoto.com\/images\/loris.jpg\"},{\"@type\":\"BreadcrumbList\",\"@id\":\"https:\/\/blogs.thesocialmedia.com\/leblogmoto\/2006\/03\/25\/jerez-qualif-br\/#breadcrumb\",\"itemListElement\":[{\"@type\":\"ListItem\",\"position\":1,\"name\":\"Accueil\",\"item\":\"https:\/\/blogs.thesocialmedia.com\/leblogmoto\/\"},{\"@type\":\"ListItem\",\"position\":2,\"name\":\"JEREZ: Qualif: BRIDGESTONE sur toute la ligne\"}]},{\"@type\":\"WebSite\",\"@id\":\"https:\/\/blogs.thesocialmedia.com\/leblogmoto\/#website\",\"url\":\"https:\/\/blogs.thesocialmedia.com\/leblogmoto\/\",\"name\":\"leblogmoto\",\"description\":\"Toute l&#039;actualit\u00e9 des 2 roues\",\"potentialAction\":[{\"@type\":\"SearchAction\",\"target\":{\"@type\":\"EntryPoint\",\"urlTemplate\":\"https:\/\/blogs.thesocialmedia.com\/leblogmoto\/?s={search_term_string}\"},\"query-input\":{\"@type\":\"PropertyValueSpecification\",\"valueRequired\":true,\"valueName\":\"search_term_string\"}}],\"inLanguage\":\"fr-FR\"},{\"@type\":\"Person\",\"@id\":\"https:\/\/blogs.thesocialmedia.com\/leblogmoto\/#\/schema\/person\/1a1dcfc7cec206573105eb4af91155c2\",\"name\":\"andre leconde\",\"image\":{\"@type\":\"ImageObject\",\"inLanguage\":\"fr-FR\",\"@id\":\"https:\/\/blogs.thesocialmedia.com\/leblogmoto\/#\/schema\/person\/image\/\",\"url\":\"https:\/\/secure.gravatar.com\/avatar\/?s=96&d=mm&r=g\",\"contentUrl\":\"https:\/\/secure.gravatar.com\/avatar\/?s=96&d=mm&r=g\",\"caption\":\"andre leconde\"},\"url\":\"https:\/\/blogs.thesocialmedia.com\/leblogmoto\/author\/andre-leconde\/\"}]}<\/script>\n<!-- \/ Yoast SEO plugin. -->","yoast_head_json":{"title":"JEREZ: Qualif: BRIDGESTONE sur toute la ligne - leblogmoto.com","robots":{"index":"index","follow":"follow","max-snippet":"max-snippet:-1","max-image-preview":"max-image-preview:large","max-video-preview":"max-video-preview:-1"},"canonical":"https:\/\/blogs.thesocialmedia.com\/leblogmoto\/2006\/03\/25\/jerez-qualif-br\/","twitter_card":"summary_large_image","twitter_title":"JEREZ: Qualif: BRIDGESTONE sur toute la ligne - leblogmoto.com","twitter_description":"La premi\u00e8re qualif de la saison 2006 du MotoGP vient de rendre son verdict, avec une premi\u00e8re ligne CAPIREX-GIBERNAU-NAKANO toute BRIDGESTONE. Des pneus qui confirment ainsi leurs bonnes dispositions entrevues cet hiver pour cet exercice chronom\u00e8trique. Pour ce qui est des machines, DUCATI poursuit une entame de meeting id\u00e9al, puisque CAPIROSSI n&rsquo;a jamais quitt\u00e9 la [&hellip;]","twitter_image":"http:\/\/www.leblogmoto.com\/images\/loris.jpg","twitter_misc":{"\u00c9crit par":"andre leconde","Dur\u00e9e de lecture estim\u00e9e":"1 minute"},"schema":{"@context":"https:\/\/schema.org","@graph":[{"@type":"WebPage","@id":"https:\/\/blogs.thesocialmedia.com\/leblogmoto\/2006\/03\/25\/jerez-qualif-br\/","url":"https:\/\/blogs.thesocialmedia.com\/leblogmoto\/2006\/03\/25\/jerez-qualif-br\/","name":"JEREZ: Qualif: BRIDGESTONE sur toute la ligne - leblogmoto.com","isPartOf":{"@id":"https:\/\/blogs.thesocialmedia.com\/leblogmoto\/#website"},"primaryImageOfPage":{"@id":"https:\/\/blogs.thesocialmedia.com\/leblogmoto\/2006\/03\/25\/jerez-qualif-br\/#primaryimage"},"image":{"@id":"https:\/\/blogs.thesocialmedia.com\/leblogmoto\/2006\/03\/25\/jerez-qualif-br\/#primaryimage"},"thumbnailUrl":"http:\/\/www.leblogmoto.com\/images\/loris.jpg","datePublished":"2006-03-25T15:32:56+00:00","dateModified":"2012-07-11T14:18:18+00:00","author":{"@id":"https:\/\/blogs.thesocialmedia.com\/leblogmoto\/#\/schema\/person\/1a1dcfc7cec206573105eb4af91155c2"},"breadcrumb":{"@id":"https:\/\/blogs.thesocialmedia.com\/leblogmoto\/2006\/03\/25\/jerez-qualif-br\/#breadcrumb"},"inLanguage":"fr-FR","potentialAction":[{"@type":"ReadAction","target":["https:\/\/blogs.thesocialmedia.com\/leblogmoto\/2006\/03\/25\/jerez-qualif-br\/"]}]},{"@type":"ImageObject","inLanguage":"fr-FR","@id":"https:\/\/blogs.thesocialmedia.com\/leblogmoto\/2006\/03\/25\/jerez-qualif-br\/#primaryimage","url":"http:\/\/www.leblogmoto.com\/images\/loris.jpg","contentUrl":"http:\/\/www.leblogmoto.com\/images\/loris.jpg"},{"@type":"BreadcrumbList","@id":"https:\/\/blogs.thesocialmedia.com\/leblogmoto\/2006\/03\/25\/jerez-qualif-br\/#breadcrumb","itemListElement":[{"@type":"ListItem","position":1,"name":"Accueil","item":"https:\/\/blogs.thesocialmedia.com\/leblogmoto\/"},{"@type":"ListItem","position":2,"name":"JEREZ: Qualif: BRIDGESTONE sur toute la ligne"}]},{"@type":"WebSite","@id":"https:\/\/blogs.thesocialmedia.com\/leblogmoto\/#website","url":"https:\/\/blogs.thesocialmedia.com\/leblogmoto\/","name":"leblogmoto","description":"Toute l&#039;actualit\u00e9 des 2 roues","potentialAction":[{"@type":"SearchAction","target":{"@type":"EntryPoint","urlTemplate":"https:\/\/blogs.thesocialmedia.com\/leblogmoto\/?s={search_term_string}"},"query-input":{"@type":"PropertyValueSpecification","valueRequired":true,"valueName":"search_term_string"}}],"inLanguage":"fr-FR"},{"@type":"Person","@id":"https:\/\/blogs.thesocialmedia.com\/leblogmoto\/#\/schema\/person\/1a1dcfc7cec206573105eb4af91155c2","name":"andre leconde","image":{"@type":"ImageObject","inLanguage":"fr-FR","@id":"https:\/\/blogs.thesocialmedia.com\/leblogmoto\/#\/schema\/person\/image\/","url":"https:\/\/secure.gravatar.com\/avatar\/?s=96&d=mm&r=g","contentUrl":"https:\/\/secure.gravatar.com\/avatar\/?s=96&d=mm&r=g","caption":"andre leconde"},"url":"https:\/\/blogs.thesocialmedia.com\/leblogmoto\/author\/andre-leconde\/"}]}},"_links":{"self":[{"href":"https:\/\/blogs.thesocialmedia.com\/leblogmoto\/wp-json\/wp\/v2\/posts\/1973","targetHints":{"allow":["GET"]}}],"collection":[{"href":"https:\/\/blogs.thesocialmedia.com\/leblogmoto\/wp-json\/wp\/v2\/posts"}],"about":[{"href":"https:\/\/blogs.thesocialmedia.com\/leblogmoto\/wp-json\/wp\/v2\/types\/post"}],"author":[{"embeddable":true,"href":"https:\/\/blogs.thesocialmedia.com\/leblogmoto\/wp-json\/wp\/v2\/users\/336"}],"replies":[{"embeddable":true,"href":"https:\/\/blogs.thesocialmedia.com\/leblogmoto\/wp-json\/wp\/v2\/comments?post=1973"}],"version-history":[{"count":2,"href":"https:\/\/blogs.thesocialmedia.com\/leblogmoto\/wp-json\/wp\/v2\/posts\/1973\/revisions"}],"predecessor-version":[{"id":7205,"href":"https:\/\/blogs.thesocialmedia.com\/leblogmoto\/wp-json\/wp\/v2\/posts\/1973\/revisions\/7205"}],"wp:attachment":[{"href":"https:\/\/blogs.thesocialmedia.com\/leblogmoto\/wp-json\/wp\/v2\/media?parent=1973"}],"wp:term":[{"taxonomy":"category","embeddable":true,"href":"https:\/\/blogs.thesocialmedia.com\/leblogmoto\/wp-json\/wp\/v2\/categories?post=1973"},{"taxonomy":"post_tag","embeddable":true,"href":"https:\/\/blogs.thesocialmedia.com\/leblogmoto\/wp-json\/wp\/v2\/tags?post=1973"}],"curies":[{"name":"wp","href":"https:\/\/api.w.org\/{rel}","templated":true}]}}