{"id":1974,"date":"2006-03-25T13:08:29","date_gmt":"2006-03-25T13:08:29","guid":{"rendered":"http:\/\/blogs.thesocialmedia.com\/leblogmoto\/2006\/03\/25\/harley-dbarque\/"},"modified":"2012-07-11T14:18:15","modified_gmt":"2012-07-11T14:18:15","slug":"harley-dbarque","status":"publish","type":"post","link":"https:\/\/blogs.thesocialmedia.com\/leblogmoto\/2006\/03\/25\/harley-dbarque\/","title":{"rendered":"HARLEY d\u00e9barque en CHINE"},"content":{"rendered":"<p><a href=\"http:\/\/blogs.thesocialmedia.com\/leblogmoto\/files\/2012\/07\/hd_china1.jpg\"><img loading=\"lazy\" decoding=\"async\" height=\"162\" alt=\"Hd_china1\" src=\"http:\/\/www.leblogmoto.com\/images\/hd_china1.jpg\" width=\"250\"  \/><\/a>Signe des temps, le blason <a href=\"http:\/\/www.leblogmoto.com\/2006\/03\/post_2.html\">HARLEY DAVIDSON<\/a> va, \u00e0 son tour, planter ses couleurs en <a href=\"http:\/\/www.leblogmoto.com\/2005\/12\/bmw_en_ombre_ch.html\">CHINE<\/a>. Mais ce ne sera pas pour produire des machines mais plut\u00f4t pour les vendre, au travers d&rsquo;un concessionnaire officiellement install\u00e9 \u00e0 <strong>PEKIN<\/strong>.<\/p>\n<p>Ce sera un vrai centre HARLEY avec les motos, le coin de d\u00e9tente et les produits d\u00e9riv\u00e9s. Un parfum de MILWAUKEE au <a href=\"http:\/\/www.leblogmoto.com\/2006\/02\/il_ne_sagt_pas_.html\">pays<\/a> du petit livre rouge, la demonstration est d\u00e9finitivement faite que les temps ont chang\u00e9&#8230;&nbsp; &nbsp;<\/p>\n<p><a href=\"http:\/\/clabedan.typepad.com\/.shared\/image.html?\/photos\/uncategorized\/chinabig073103.jpg\"><strong><img loading=\"lazy\" decoding=\"async\" height=\"183\" alt=\"Chinabig073103\" src=\"http:\/\/www.leblogmoto.com\/images\/chinabig073103.jpg\" width=\"250\"  \/><\/strong><\/a><strong>Pekin Feng Huo<\/strong> <strong>Lun<\/strong> deviendra ainsi, en avril, <strong>Pekin Harley Davidson<\/strong>. Les <strong>14<\/strong> personnels y oeuvrant seront intronis\u00e9s en grandes pompes par HARLEY qui se fendra d&rsquo;une manifestation pekinoise ostentatoire.<\/p>\n<p>HARLEY est bien conscient que le march\u00e9 de la grosse moto n&rsquo;en est qu&rsquo;\u00e0 ses balbutiements dans cette immense contr\u00e9e aux infrastructures routi\u00e8res en pleine constitution.<\/p>\n<p>Mais il \u00e9tait temps de prendre l&rsquo;Histoire en marche, d&rsquo;autant plus que le revenu moyen par habitant est en pleine expansion, \u00e0 quand bien m\u00eame souffrirait-t-il en son sein de cruelles disparit\u00e9s&#8230;<\/p>\n<p>SOURCE: <a href=\"http:\/\/www.harley-davidson.com\/\">www.harley-davidson.com<\/a>&nbsp; &nbsp;<\/p>\n","protected":false},"excerpt":{"rendered":"<p>Signe des temps, le blason HARLEY DAVIDSON va, \u00e0 son tour, planter ses couleurs en CHINE. Mais ce ne sera pas pour produire des machines mais plut\u00f4t pour les vendre, au travers d&rsquo;un concessionnaire officiellement install\u00e9 \u00e0 PEKIN. Ce sera un vrai centre HARLEY avec les motos, le coin de d\u00e9tente et les produits d\u00e9riv\u00e9s. [&hellip;]<\/p>\n","protected":false},"author":336,"featured_media":0,"comment_status":"open","ping_status":"open","sticky":false,"template":"","format":"standard","meta":{"footnotes":""},"categories":[49,29],"tags":[],"class_list":["post-1974","post","type-post","status-publish","format-standard","hentry","category-actualites-entreprise","category-harley-davidson"],"yoast_head":"<!-- This site is optimized with the Yoast SEO plugin v26.0 - https:\/\/yoast.com\/wordpress\/plugins\/seo\/ -->\n<title>HARLEY d\u00e9barque en CHINE - leblogmoto.com<\/title>\n<meta name=\"robots\" content=\"index, follow, max-snippet:-1, max-image-preview:large, max-video-preview:-1\" \/>\n<link rel=\"canonical\" href=\"https:\/\/blogs.thesocialmedia.com\/leblogmoto\/2006\/03\/25\/harley-dbarque\/\" \/>\n<meta name=\"twitter:card\" content=\"summary_large_image\" \/>\n<meta name=\"twitter:title\" content=\"HARLEY d\u00e9barque en CHINE - leblogmoto.com\" \/>\n<meta name=\"twitter:description\" content=\"Signe des temps, le blason HARLEY DAVIDSON va, \u00e0 son tour, planter ses couleurs en CHINE. Mais ce ne sera pas pour produire des machines mais plut\u00f4t pour les vendre, au travers d&rsquo;un concessionnaire officiellement install\u00e9 \u00e0 PEKIN. Ce sera un vrai centre HARLEY avec les motos, le coin de d\u00e9tente et les produits d\u00e9riv\u00e9s. [&hellip;]\" \/>\n<meta name=\"twitter:image\" content=\"http:\/\/www.leblogmoto.com\/images\/hd_china1.jpg\" \/>\n<meta name=\"twitter:label1\" content=\"\u00c9crit par\" \/>\n\t<meta name=\"twitter:data1\" content=\"andre leconde\" \/>\n\t<meta name=\"twitter:label2\" content=\"Dur\u00e9e de lecture estim\u00e9e\" \/>\n\t<meta name=\"twitter:data2\" content=\"1 minute\" \/>\n<script type=\"application\/ld+json\" class=\"yoast-schema-graph\">{\"@context\":\"https:\/\/schema.org\",\"@graph\":[{\"@type\":\"WebPage\",\"@id\":\"https:\/\/blogs.thesocialmedia.com\/leblogmoto\/2006\/03\/25\/harley-dbarque\/\",\"url\":\"https:\/\/blogs.thesocialmedia.com\/leblogmoto\/2006\/03\/25\/harley-dbarque\/\",\"name\":\"HARLEY d\u00e9barque en CHINE - leblogmoto.com\",\"isPartOf\":{\"@id\":\"https:\/\/blogs.thesocialmedia.com\/leblogmoto\/#website\"},\"primaryImageOfPage\":{\"@id\":\"https:\/\/blogs.thesocialmedia.com\/leblogmoto\/2006\/03\/25\/harley-dbarque\/#primaryimage\"},\"image\":{\"@id\":\"https:\/\/blogs.thesocialmedia.com\/leblogmoto\/2006\/03\/25\/harley-dbarque\/#primaryimage\"},\"thumbnailUrl\":\"http:\/\/www.leblogmoto.com\/images\/hd_china1.jpg\",\"datePublished\":\"2006-03-25T13:08:29+00:00\",\"dateModified\":\"2012-07-11T14:18:15+00:00\",\"author\":{\"@id\":\"https:\/\/blogs.thesocialmedia.com\/leblogmoto\/#\/schema\/person\/1a1dcfc7cec206573105eb4af91155c2\"},\"breadcrumb\":{\"@id\":\"https:\/\/blogs.thesocialmedia.com\/leblogmoto\/2006\/03\/25\/harley-dbarque\/#breadcrumb\"},\"inLanguage\":\"fr-FR\",\"potentialAction\":[{\"@type\":\"ReadAction\",\"target\":[\"https:\/\/blogs.thesocialmedia.com\/leblogmoto\/2006\/03\/25\/harley-dbarque\/\"]}]},{\"@type\":\"ImageObject\",\"inLanguage\":\"fr-FR\",\"@id\":\"https:\/\/blogs.thesocialmedia.com\/leblogmoto\/2006\/03\/25\/harley-dbarque\/#primaryimage\",\"url\":\"http:\/\/www.leblogmoto.com\/images\/hd_china1.jpg\",\"contentUrl\":\"http:\/\/www.leblogmoto.com\/images\/hd_china1.jpg\"},{\"@type\":\"BreadcrumbList\",\"@id\":\"https:\/\/blogs.thesocialmedia.com\/leblogmoto\/2006\/03\/25\/harley-dbarque\/#breadcrumb\",\"itemListElement\":[{\"@type\":\"ListItem\",\"position\":1,\"name\":\"Accueil\",\"item\":\"https:\/\/blogs.thesocialmedia.com\/leblogmoto\/\"},{\"@type\":\"ListItem\",\"position\":2,\"name\":\"HARLEY d\u00e9barque en CHINE\"}]},{\"@type\":\"WebSite\",\"@id\":\"https:\/\/blogs.thesocialmedia.com\/leblogmoto\/#website\",\"url\":\"https:\/\/blogs.thesocialmedia.com\/leblogmoto\/\",\"name\":\"leblogmoto\",\"description\":\"Toute l&#039;actualit\u00e9 des 2 roues\",\"potentialAction\":[{\"@type\":\"SearchAction\",\"target\":{\"@type\":\"EntryPoint\",\"urlTemplate\":\"https:\/\/blogs.thesocialmedia.com\/leblogmoto\/?s={search_term_string}\"},\"query-input\":{\"@type\":\"PropertyValueSpecification\",\"valueRequired\":true,\"valueName\":\"search_term_string\"}}],\"inLanguage\":\"fr-FR\"},{\"@type\":\"Person\",\"@id\":\"https:\/\/blogs.thesocialmedia.com\/leblogmoto\/#\/schema\/person\/1a1dcfc7cec206573105eb4af91155c2\",\"name\":\"andre leconde\",\"image\":{\"@type\":\"ImageObject\",\"inLanguage\":\"fr-FR\",\"@id\":\"https:\/\/blogs.thesocialmedia.com\/leblogmoto\/#\/schema\/person\/image\/\",\"url\":\"https:\/\/secure.gravatar.com\/avatar\/?s=96&d=mm&r=g\",\"contentUrl\":\"https:\/\/secure.gravatar.com\/avatar\/?s=96&d=mm&r=g\",\"caption\":\"andre leconde\"},\"url\":\"https:\/\/blogs.thesocialmedia.com\/leblogmoto\/author\/andre-leconde\/\"}]}<\/script>\n<!-- \/ Yoast SEO plugin. -->","yoast_head_json":{"title":"HARLEY d\u00e9barque en CHINE - leblogmoto.com","robots":{"index":"index","follow":"follow","max-snippet":"max-snippet:-1","max-image-preview":"max-image-preview:large","max-video-preview":"max-video-preview:-1"},"canonical":"https:\/\/blogs.thesocialmedia.com\/leblogmoto\/2006\/03\/25\/harley-dbarque\/","twitter_card":"summary_large_image","twitter_title":"HARLEY d\u00e9barque en CHINE - leblogmoto.com","twitter_description":"Signe des temps, le blason HARLEY DAVIDSON va, \u00e0 son tour, planter ses couleurs en CHINE. Mais ce ne sera pas pour produire des machines mais plut\u00f4t pour les vendre, au travers d&rsquo;un concessionnaire officiellement install\u00e9 \u00e0 PEKIN. Ce sera un vrai centre HARLEY avec les motos, le coin de d\u00e9tente et les produits d\u00e9riv\u00e9s. [&hellip;]","twitter_image":"http:\/\/www.leblogmoto.com\/images\/hd_china1.jpg","twitter_misc":{"\u00c9crit par":"andre leconde","Dur\u00e9e de lecture estim\u00e9e":"1 minute"},"schema":{"@context":"https:\/\/schema.org","@graph":[{"@type":"WebPage","@id":"https:\/\/blogs.thesocialmedia.com\/leblogmoto\/2006\/03\/25\/harley-dbarque\/","url":"https:\/\/blogs.thesocialmedia.com\/leblogmoto\/2006\/03\/25\/harley-dbarque\/","name":"HARLEY d\u00e9barque en CHINE - leblogmoto.com","isPartOf":{"@id":"https:\/\/blogs.thesocialmedia.com\/leblogmoto\/#website"},"primaryImageOfPage":{"@id":"https:\/\/blogs.thesocialmedia.com\/leblogmoto\/2006\/03\/25\/harley-dbarque\/#primaryimage"},"image":{"@id":"https:\/\/blogs.thesocialmedia.com\/leblogmoto\/2006\/03\/25\/harley-dbarque\/#primaryimage"},"thumbnailUrl":"http:\/\/www.leblogmoto.com\/images\/hd_china1.jpg","datePublished":"2006-03-25T13:08:29+00:00","dateModified":"2012-07-11T14:18:15+00:00","author":{"@id":"https:\/\/blogs.thesocialmedia.com\/leblogmoto\/#\/schema\/person\/1a1dcfc7cec206573105eb4af91155c2"},"breadcrumb":{"@id":"https:\/\/blogs.thesocialmedia.com\/leblogmoto\/2006\/03\/25\/harley-dbarque\/#breadcrumb"},"inLanguage":"fr-FR","potentialAction":[{"@type":"ReadAction","target":["https:\/\/blogs.thesocialmedia.com\/leblogmoto\/2006\/03\/25\/harley-dbarque\/"]}]},{"@type":"ImageObject","inLanguage":"fr-FR","@id":"https:\/\/blogs.thesocialmedia.com\/leblogmoto\/2006\/03\/25\/harley-dbarque\/#primaryimage","url":"http:\/\/www.leblogmoto.com\/images\/hd_china1.jpg","contentUrl":"http:\/\/www.leblogmoto.com\/images\/hd_china1.jpg"},{"@type":"BreadcrumbList","@id":"https:\/\/blogs.thesocialmedia.com\/leblogmoto\/2006\/03\/25\/harley-dbarque\/#breadcrumb","itemListElement":[{"@type":"ListItem","position":1,"name":"Accueil","item":"https:\/\/blogs.thesocialmedia.com\/leblogmoto\/"},{"@type":"ListItem","position":2,"name":"HARLEY d\u00e9barque en CHINE"}]},{"@type":"WebSite","@id":"https:\/\/blogs.thesocialmedia.com\/leblogmoto\/#website","url":"https:\/\/blogs.thesocialmedia.com\/leblogmoto\/","name":"leblogmoto","description":"Toute l&#039;actualit\u00e9 des 2 roues","potentialAction":[{"@type":"SearchAction","target":{"@type":"EntryPoint","urlTemplate":"https:\/\/blogs.thesocialmedia.com\/leblogmoto\/?s={search_term_string}"},"query-input":{"@type":"PropertyValueSpecification","valueRequired":true,"valueName":"search_term_string"}}],"inLanguage":"fr-FR"},{"@type":"Person","@id":"https:\/\/blogs.thesocialmedia.com\/leblogmoto\/#\/schema\/person\/1a1dcfc7cec206573105eb4af91155c2","name":"andre leconde","image":{"@type":"ImageObject","inLanguage":"fr-FR","@id":"https:\/\/blogs.thesocialmedia.com\/leblogmoto\/#\/schema\/person\/image\/","url":"https:\/\/secure.gravatar.com\/avatar\/?s=96&d=mm&r=g","contentUrl":"https:\/\/secure.gravatar.com\/avatar\/?s=96&d=mm&r=g","caption":"andre leconde"},"url":"https:\/\/blogs.thesocialmedia.com\/leblogmoto\/author\/andre-leconde\/"}]}},"_links":{"self":[{"href":"https:\/\/blogs.thesocialmedia.com\/leblogmoto\/wp-json\/wp\/v2\/posts\/1974","targetHints":{"allow":["GET"]}}],"collection":[{"href":"https:\/\/blogs.thesocialmedia.com\/leblogmoto\/wp-json\/wp\/v2\/posts"}],"about":[{"href":"https:\/\/blogs.thesocialmedia.com\/leblogmoto\/wp-json\/wp\/v2\/types\/post"}],"author":[{"embeddable":true,"href":"https:\/\/blogs.thesocialmedia.com\/leblogmoto\/wp-json\/wp\/v2\/users\/336"}],"replies":[{"embeddable":true,"href":"https:\/\/blogs.thesocialmedia.com\/leblogmoto\/wp-json\/wp\/v2\/comments?post=1974"}],"version-history":[{"count":2,"href":"https:\/\/blogs.thesocialmedia.com\/leblogmoto\/wp-json\/wp\/v2\/posts\/1974\/revisions"}],"predecessor-version":[{"id":7203,"href":"https:\/\/blogs.thesocialmedia.com\/leblogmoto\/wp-json\/wp\/v2\/posts\/1974\/revisions\/7203"}],"wp:attachment":[{"href":"https:\/\/blogs.thesocialmedia.com\/leblogmoto\/wp-json\/wp\/v2\/media?parent=1974"}],"wp:term":[{"taxonomy":"category","embeddable":true,"href":"https:\/\/blogs.thesocialmedia.com\/leblogmoto\/wp-json\/wp\/v2\/categories?post=1974"},{"taxonomy":"post_tag","embeddable":true,"href":"https:\/\/blogs.thesocialmedia.com\/leblogmoto\/wp-json\/wp\/v2\/tags?post=1974"}],"curies":[{"name":"wp","href":"https:\/\/api.w.org\/{rel}","templated":true}]}}