{"id":1976,"date":"2006-03-23T19:05:18","date_gmt":"2006-03-23T19:05:18","guid":{"rendered":"http:\/\/blogs.thesocialmedia.com\/leblogmoto\/2006\/03\/23\/125-pour-la-rev\/"},"modified":"2012-07-11T14:18:13","modified_gmt":"2012-07-11T14:18:13","slug":"125-pour-la-rev","status":"publish","type":"post","link":"https:\/\/blogs.thesocialmedia.com\/leblogmoto\/2006\/03\/23\/125-pour-la-rev\/","title":{"rendered":"125: Pour la revanche ?"},"content":{"rendered":"<p><a href=\"http:\/\/blogs.thesocialmedia.com\/leblogmoto\/files\/2012\/07\/l1579749.jpg\"><img loading=\"lazy\" decoding=\"async\" height=\"172\" alt=\"L1579749\" src=\"http:\/\/www.leblogmoto.com\/images\/l1579749.jpg\" width=\"250\"  \/><\/a>La cat\u00e9gorie <strong>125<\/strong> va aussi faire sa rentr\u00e9e ce week-end en Espagne. Pour elle, les t\u00eates d&rsquo;affiche sont connues et l&rsquo;on s&rsquo;attend \u00e0 une nouvelle confrontation entre la <a href=\"http:\/\/www.leblogmoto.com\/2006\/01\/lorange_presse.html\">KTM<\/a> de <strong>KALLIO<\/strong> et la <strong>HONDA<\/strong> du champion en titre <a href=\"http:\/\/www.leblogmoto.com\/2006\/02\/post_4.html\">LUTHI<\/a>.<\/p>\n<p>Reste que la 125 nous a toujours r\u00e9serv\u00e9 des surprises et qu&rsquo;il y est toujours tr\u00e8s difficile d&rsquo;y d\u00e9terminer, v\u00e9ritablement, les valeurs \u00e9tablies. la comp\u00e9tition et la victoire n&rsquo;en sont que plus belles. Et l&rsquo;on esp\u00e8re bien que <strong>deux fran\u00e7ais<\/strong> en conna\u00eetront le go\u00fbt, surtout un qui doit, \u00e0 pr\u00e9sent, affirmer sa constance&#8230;&nbsp; &nbsp; <\/p>\n<p><a href=\"http:\/\/clabedan.typepad.com\/.shared\/image.html?\/photos\/uncategorized\/l1501080.jpg\"><img loading=\"lazy\" decoding=\"async\" height=\"409\" alt=\"L1501080\" src=\"http:\/\/www.leblogmoto.com\/images\/l1501080.jpg\" width=\"250\"  \/><\/a>Etre <strong>constant<\/strong>, voil\u00e0 sans doute la recette du succ\u00e8s. L&rsquo;an dernier, LUTHI, seul avec sa HONDA, a r\u00e9ussi, en la mariant avec sa v\u00e9locit\u00e9 et en la conjugant avec ce brin de r\u00e9ussite qui pr\u00e9serve de toutes blessures r\u00e9dhibitoires, \u00e0 venir \u00e0 bout de la puissante armada KTM et \u00e0 mettre sous l&rsquo;\u00e9teignoir le trublion <strong>PASINI<\/strong>.<\/p>\n<p>Cette saison, on prend les m\u00eames. LUTHI s&rsquo;appuiera sur un nouvel \u00e9quipier, <strong>CORTESE<\/strong> pour battre le fer avec un KALIO d\u00e9barass\u00e9 de l&rsquo;encombrant <strong>TALMACSI<\/strong> parti sur une HONDA. Julian <strong>SIMON<\/strong> devra \u00eatre plus disciplin\u00e9 alors que PASINI m\u00e9nera les couleurs d&rsquo;<a href=\"http:\/\/www.leblogmoto.com\/2006\/02\/2_temps_les_der.html\">APRILIA<\/a> que tenteront de suivre GILERA, DERBI et MALAGUTI.<\/p>\n<p>Cette derni\u00e8re marque sera plus particuli\u00e8rement regard\u00e9e puisque blason de <strong>MASBOU<\/strong>. Le fran\u00e7ais poursuivra son apprentissage, stade qu&rsquo;a largement d\u00e9pass\u00e9 son compatriote <strong>DI MEGLIO<\/strong>. Mike en est \u00e0 sa quatri\u00e8me saison et se doit de d\u00e9montrer une taille patron pour enraciner sa position dans le milieu. Il aura \u00e0 sa disposition une HONDA du <strong>Team FFM<\/strong>, kit\u00e9e HRC. Plus vraiment le droit \u00e0 l&rsquo;erreur, ce qui n&rsquo;est pas une sin\u00e8cure dans un tel peloton de furieux. <\/p>\n<\/p>\n<p>&nbsp; &nbsp;<\/p>\n","protected":false},"excerpt":{"rendered":"<p>La cat\u00e9gorie 125 va aussi faire sa rentr\u00e9e ce week-end en Espagne. Pour elle, les t\u00eates d&rsquo;affiche sont connues et l&rsquo;on s&rsquo;attend \u00e0 une nouvelle confrontation entre la KTM de KALLIO et la HONDA du champion en titre LUTHI. Reste que la 125 nous a toujours r\u00e9serv\u00e9 des surprises et qu&rsquo;il y est toujours tr\u00e8s [&hellip;]<\/p>\n","protected":false},"author":336,"featured_media":0,"comment_status":"open","ping_status":"open","sticky":false,"template":"","format":"standard","meta":{"footnotes":""},"categories":[3,22,32],"tags":[],"class_list":["post-1976","post","type-post","status-publish","format-standard","hentry","category-actualite","category-motogp","category-sport-moto"],"yoast_head":"<!-- This site is optimized with the Yoast SEO plugin v26.0 - https:\/\/yoast.com\/wordpress\/plugins\/seo\/ -->\n<title>125: Pour la revanche ? - leblogmoto.com<\/title>\n<meta name=\"robots\" content=\"index, follow, max-snippet:-1, max-image-preview:large, max-video-preview:-1\" \/>\n<link rel=\"canonical\" href=\"https:\/\/blogs.thesocialmedia.com\/leblogmoto\/2006\/03\/23\/125-pour-la-rev\/\" \/>\n<meta name=\"twitter:card\" content=\"summary_large_image\" \/>\n<meta name=\"twitter:title\" content=\"125: Pour la revanche ? - leblogmoto.com\" \/>\n<meta name=\"twitter:description\" content=\"La cat\u00e9gorie 125 va aussi faire sa rentr\u00e9e ce week-end en Espagne. Pour elle, les t\u00eates d&rsquo;affiche sont connues et l&rsquo;on s&rsquo;attend \u00e0 une nouvelle confrontation entre la KTM de KALLIO et la HONDA du champion en titre LUTHI. Reste que la 125 nous a toujours r\u00e9serv\u00e9 des surprises et qu&rsquo;il y est toujours tr\u00e8s [&hellip;]\" \/>\n<meta name=\"twitter:image\" content=\"http:\/\/www.leblogmoto.com\/images\/l1579749.jpg\" \/>\n<meta name=\"twitter:label1\" content=\"\u00c9crit par\" \/>\n\t<meta name=\"twitter:data1\" content=\"andre leconde\" \/>\n\t<meta name=\"twitter:label2\" content=\"Dur\u00e9e de lecture estim\u00e9e\" \/>\n\t<meta name=\"twitter:data2\" content=\"1 minute\" \/>\n<script type=\"application\/ld+json\" class=\"yoast-schema-graph\">{\"@context\":\"https:\/\/schema.org\",\"@graph\":[{\"@type\":\"WebPage\",\"@id\":\"https:\/\/blogs.thesocialmedia.com\/leblogmoto\/2006\/03\/23\/125-pour-la-rev\/\",\"url\":\"https:\/\/blogs.thesocialmedia.com\/leblogmoto\/2006\/03\/23\/125-pour-la-rev\/\",\"name\":\"125: Pour la revanche ? - leblogmoto.com\",\"isPartOf\":{\"@id\":\"https:\/\/blogs.thesocialmedia.com\/leblogmoto\/#website\"},\"primaryImageOfPage\":{\"@id\":\"https:\/\/blogs.thesocialmedia.com\/leblogmoto\/2006\/03\/23\/125-pour-la-rev\/#primaryimage\"},\"image\":{\"@id\":\"https:\/\/blogs.thesocialmedia.com\/leblogmoto\/2006\/03\/23\/125-pour-la-rev\/#primaryimage\"},\"thumbnailUrl\":\"http:\/\/www.leblogmoto.com\/images\/l1579749.jpg\",\"datePublished\":\"2006-03-23T19:05:18+00:00\",\"dateModified\":\"2012-07-11T14:18:13+00:00\",\"author\":{\"@id\":\"https:\/\/blogs.thesocialmedia.com\/leblogmoto\/#\/schema\/person\/1a1dcfc7cec206573105eb4af91155c2\"},\"breadcrumb\":{\"@id\":\"https:\/\/blogs.thesocialmedia.com\/leblogmoto\/2006\/03\/23\/125-pour-la-rev\/#breadcrumb\"},\"inLanguage\":\"fr-FR\",\"potentialAction\":[{\"@type\":\"ReadAction\",\"target\":[\"https:\/\/blogs.thesocialmedia.com\/leblogmoto\/2006\/03\/23\/125-pour-la-rev\/\"]}]},{\"@type\":\"ImageObject\",\"inLanguage\":\"fr-FR\",\"@id\":\"https:\/\/blogs.thesocialmedia.com\/leblogmoto\/2006\/03\/23\/125-pour-la-rev\/#primaryimage\",\"url\":\"http:\/\/www.leblogmoto.com\/images\/l1579749.jpg\",\"contentUrl\":\"http:\/\/www.leblogmoto.com\/images\/l1579749.jpg\"},{\"@type\":\"BreadcrumbList\",\"@id\":\"https:\/\/blogs.thesocialmedia.com\/leblogmoto\/2006\/03\/23\/125-pour-la-rev\/#breadcrumb\",\"itemListElement\":[{\"@type\":\"ListItem\",\"position\":1,\"name\":\"Accueil\",\"item\":\"https:\/\/blogs.thesocialmedia.com\/leblogmoto\/\"},{\"@type\":\"ListItem\",\"position\":2,\"name\":\"125: Pour la revanche ?\"}]},{\"@type\":\"WebSite\",\"@id\":\"https:\/\/blogs.thesocialmedia.com\/leblogmoto\/#website\",\"url\":\"https:\/\/blogs.thesocialmedia.com\/leblogmoto\/\",\"name\":\"leblogmoto\",\"description\":\"Toute l&#039;actualit\u00e9 des 2 roues\",\"potentialAction\":[{\"@type\":\"SearchAction\",\"target\":{\"@type\":\"EntryPoint\",\"urlTemplate\":\"https:\/\/blogs.thesocialmedia.com\/leblogmoto\/?s={search_term_string}\"},\"query-input\":{\"@type\":\"PropertyValueSpecification\",\"valueRequired\":true,\"valueName\":\"search_term_string\"}}],\"inLanguage\":\"fr-FR\"},{\"@type\":\"Person\",\"@id\":\"https:\/\/blogs.thesocialmedia.com\/leblogmoto\/#\/schema\/person\/1a1dcfc7cec206573105eb4af91155c2\",\"name\":\"andre leconde\",\"image\":{\"@type\":\"ImageObject\",\"inLanguage\":\"fr-FR\",\"@id\":\"https:\/\/blogs.thesocialmedia.com\/leblogmoto\/#\/schema\/person\/image\/\",\"url\":\"https:\/\/secure.gravatar.com\/avatar\/?s=96&d=mm&r=g\",\"contentUrl\":\"https:\/\/secure.gravatar.com\/avatar\/?s=96&d=mm&r=g\",\"caption\":\"andre leconde\"},\"url\":\"https:\/\/blogs.thesocialmedia.com\/leblogmoto\/author\/andre-leconde\/\"}]}<\/script>\n<!-- \/ Yoast SEO plugin. -->","yoast_head_json":{"title":"125: Pour la revanche ? - leblogmoto.com","robots":{"index":"index","follow":"follow","max-snippet":"max-snippet:-1","max-image-preview":"max-image-preview:large","max-video-preview":"max-video-preview:-1"},"canonical":"https:\/\/blogs.thesocialmedia.com\/leblogmoto\/2006\/03\/23\/125-pour-la-rev\/","twitter_card":"summary_large_image","twitter_title":"125: Pour la revanche ? - leblogmoto.com","twitter_description":"La cat\u00e9gorie 125 va aussi faire sa rentr\u00e9e ce week-end en Espagne. Pour elle, les t\u00eates d&rsquo;affiche sont connues et l&rsquo;on s&rsquo;attend \u00e0 une nouvelle confrontation entre la KTM de KALLIO et la HONDA du champion en titre LUTHI. Reste que la 125 nous a toujours r\u00e9serv\u00e9 des surprises et qu&rsquo;il y est toujours tr\u00e8s [&hellip;]","twitter_image":"http:\/\/www.leblogmoto.com\/images\/l1579749.jpg","twitter_misc":{"\u00c9crit par":"andre leconde","Dur\u00e9e de lecture estim\u00e9e":"1 minute"},"schema":{"@context":"https:\/\/schema.org","@graph":[{"@type":"WebPage","@id":"https:\/\/blogs.thesocialmedia.com\/leblogmoto\/2006\/03\/23\/125-pour-la-rev\/","url":"https:\/\/blogs.thesocialmedia.com\/leblogmoto\/2006\/03\/23\/125-pour-la-rev\/","name":"125: Pour la revanche ? - leblogmoto.com","isPartOf":{"@id":"https:\/\/blogs.thesocialmedia.com\/leblogmoto\/#website"},"primaryImageOfPage":{"@id":"https:\/\/blogs.thesocialmedia.com\/leblogmoto\/2006\/03\/23\/125-pour-la-rev\/#primaryimage"},"image":{"@id":"https:\/\/blogs.thesocialmedia.com\/leblogmoto\/2006\/03\/23\/125-pour-la-rev\/#primaryimage"},"thumbnailUrl":"http:\/\/www.leblogmoto.com\/images\/l1579749.jpg","datePublished":"2006-03-23T19:05:18+00:00","dateModified":"2012-07-11T14:18:13+00:00","author":{"@id":"https:\/\/blogs.thesocialmedia.com\/leblogmoto\/#\/schema\/person\/1a1dcfc7cec206573105eb4af91155c2"},"breadcrumb":{"@id":"https:\/\/blogs.thesocialmedia.com\/leblogmoto\/2006\/03\/23\/125-pour-la-rev\/#breadcrumb"},"inLanguage":"fr-FR","potentialAction":[{"@type":"ReadAction","target":["https:\/\/blogs.thesocialmedia.com\/leblogmoto\/2006\/03\/23\/125-pour-la-rev\/"]}]},{"@type":"ImageObject","inLanguage":"fr-FR","@id":"https:\/\/blogs.thesocialmedia.com\/leblogmoto\/2006\/03\/23\/125-pour-la-rev\/#primaryimage","url":"http:\/\/www.leblogmoto.com\/images\/l1579749.jpg","contentUrl":"http:\/\/www.leblogmoto.com\/images\/l1579749.jpg"},{"@type":"BreadcrumbList","@id":"https:\/\/blogs.thesocialmedia.com\/leblogmoto\/2006\/03\/23\/125-pour-la-rev\/#breadcrumb","itemListElement":[{"@type":"ListItem","position":1,"name":"Accueil","item":"https:\/\/blogs.thesocialmedia.com\/leblogmoto\/"},{"@type":"ListItem","position":2,"name":"125: Pour la revanche ?"}]},{"@type":"WebSite","@id":"https:\/\/blogs.thesocialmedia.com\/leblogmoto\/#website","url":"https:\/\/blogs.thesocialmedia.com\/leblogmoto\/","name":"leblogmoto","description":"Toute l&#039;actualit\u00e9 des 2 roues","potentialAction":[{"@type":"SearchAction","target":{"@type":"EntryPoint","urlTemplate":"https:\/\/blogs.thesocialmedia.com\/leblogmoto\/?s={search_term_string}"},"query-input":{"@type":"PropertyValueSpecification","valueRequired":true,"valueName":"search_term_string"}}],"inLanguage":"fr-FR"},{"@type":"Person","@id":"https:\/\/blogs.thesocialmedia.com\/leblogmoto\/#\/schema\/person\/1a1dcfc7cec206573105eb4af91155c2","name":"andre leconde","image":{"@type":"ImageObject","inLanguage":"fr-FR","@id":"https:\/\/blogs.thesocialmedia.com\/leblogmoto\/#\/schema\/person\/image\/","url":"https:\/\/secure.gravatar.com\/avatar\/?s=96&d=mm&r=g","contentUrl":"https:\/\/secure.gravatar.com\/avatar\/?s=96&d=mm&r=g","caption":"andre leconde"},"url":"https:\/\/blogs.thesocialmedia.com\/leblogmoto\/author\/andre-leconde\/"}]}},"_links":{"self":[{"href":"https:\/\/blogs.thesocialmedia.com\/leblogmoto\/wp-json\/wp\/v2\/posts\/1976","targetHints":{"allow":["GET"]}}],"collection":[{"href":"https:\/\/blogs.thesocialmedia.com\/leblogmoto\/wp-json\/wp\/v2\/posts"}],"about":[{"href":"https:\/\/blogs.thesocialmedia.com\/leblogmoto\/wp-json\/wp\/v2\/types\/post"}],"author":[{"embeddable":true,"href":"https:\/\/blogs.thesocialmedia.com\/leblogmoto\/wp-json\/wp\/v2\/users\/336"}],"replies":[{"embeddable":true,"href":"https:\/\/blogs.thesocialmedia.com\/leblogmoto\/wp-json\/wp\/v2\/comments?post=1976"}],"version-history":[{"count":2,"href":"https:\/\/blogs.thesocialmedia.com\/leblogmoto\/wp-json\/wp\/v2\/posts\/1976\/revisions"}],"predecessor-version":[{"id":7199,"href":"https:\/\/blogs.thesocialmedia.com\/leblogmoto\/wp-json\/wp\/v2\/posts\/1976\/revisions\/7199"}],"wp:attachment":[{"href":"https:\/\/blogs.thesocialmedia.com\/leblogmoto\/wp-json\/wp\/v2\/media?parent=1976"}],"wp:term":[{"taxonomy":"category","embeddable":true,"href":"https:\/\/blogs.thesocialmedia.com\/leblogmoto\/wp-json\/wp\/v2\/categories?post=1976"},{"taxonomy":"post_tag","embeddable":true,"href":"https:\/\/blogs.thesocialmedia.com\/leblogmoto\/wp-json\/wp\/v2\/tags?post=1976"}],"curies":[{"name":"wp","href":"https:\/\/api.w.org\/{rel}","templated":true}]}}