{"id":1977,"date":"2006-03-23T18:49:15","date_gmt":"2006-03-23T18:49:15","guid":{"rendered":"http:\/\/blogs.thesocialmedia.com\/leblogmoto\/2006\/03\/23\/pendant-ce-temp-2\/"},"modified":"2012-07-11T14:18:11","modified_gmt":"2012-07-11T14:18:11","slug":"pendant-ce-temp-2","status":"publish","type":"post","link":"https:\/\/blogs.thesocialmedia.com\/leblogmoto\/2006\/03\/23\/pendant-ce-temp-2\/","title":{"rendered":"Pendant ce temps, Max&#8230;"},"content":{"rendered":"<p><a href=\"http:\/\/blogs.thesocialmedia.com\/leblogmoto\/files\/2012\/07\/maxmotardcalifornia.jpg\"><img loading=\"lazy\" decoding=\"async\" height=\"144\" alt=\"Maxmotardcalifornia\" src=\"http:\/\/www.leblogmoto.com\/images\/maxmotardcalifornia.jpg\" width=\"250\"  \/><\/a>Alors que la <a href=\"http:\/\/www.leblogmoto.com\/2006\/03\/250_catgorie_re.html\">saison vitesse<\/a> est \u00e0 deux coups de gaz de son d\u00e9part officiel, <a href=\"http:\/\/www.leblogmoto.com\/2006\/03\/pendant_ce_temp_1.html\">Max<\/a> le rejet\u00e9 refuse de sombrer dans un relatif anonymat. <\/p>\n<p>Absent des paddocks, il s&rsquo;approprie les courcives de la communication en d\u00e9clarant qu&rsquo;il sera de retour en <strong>2007<\/strong>.<\/p>\n<p>Dans quelle discipline et avec qui ? Pas de r\u00e9ponse concr\u00e8te et c&rsquo;est bien l\u00e0 que le b\u00e2t blesse. En <a href=\"http:\/\/www.leblogmoto.com\/2006\/03\/yamaha_trmulati.html\">MotoGP<\/a> ou en <a href=\"http:\/\/www.leblogmoto.com\/2006\/03\/sbk_troy_et_seb.html\">SBK<\/a>, voil\u00e0 de quoi il faut se contenter. On est bien avanc\u00e9&#8230;&nbsp; &nbsp;&nbsp; &nbsp; <\/p>\n<p><a href=\"http:\/\/clabedan.typepad.com\/.shared\/image.html?\/photos\/uncategorized\/maxcalifornia_01.jpg\"><img loading=\"lazy\" decoding=\"async\" height=\"246\" alt=\"Maxcalifornia_01\" src=\"http:\/\/www.leblogmoto.com\/images\/maxcalifornia_01.jpg\" width=\"250\"  \/><\/a>Il se reforge un moral toujours en Californie, garde la main et la forme en roulant en Supermoto ou en cross. Il dit regarder de l&rsquo;avant, faire table-rase du pass\u00e9&#8230;<\/p>\n<p>En fait, <a href=\"http:\/\/www.leblogmoto.com\/2006\/03\/pendant_ce_temp.html\">il v\u00e9g\u00e8te<\/a>, \u00e0 croire qu&rsquo;il se bat pour ne pas gamberger. Son savoir faire n&rsquo;a pas \u00e9t\u00e9 jug\u00e9 utile cette ann\u00e9e, alors il s&rsquo;adonne \u00e0 l&rsquo;art de faire-savoir qu&rsquo;il existe toujours quelque part.<\/p>\n<p>Reste qu&rsquo;il ne compte m\u00eame plus sur une apparition cette saison. Il se concentre en 2007, pour un retour en <a href=\"http:\/\/www.leblogmoto.com\/2006\/03\/pedrosa_dj_outs.html\">MotoGP<\/a> ou en <strong>SBK<\/strong>&#8230; M\u00e9thode Couet ou quelque chose de concret ?<\/p>\n<p>SOURCE: <a href=\"http:\/\/www.motoblog.it\/\">www.motoblog.it<\/a>&nbsp; &nbsp;&nbsp; <\/p>\n","protected":false},"excerpt":{"rendered":"<p>Alors que la saison vitesse est \u00e0 deux coups de gaz de son d\u00e9part officiel, Max le rejet\u00e9 refuse de sombrer dans un relatif anonymat. Absent des paddocks, il s&rsquo;approprie les courcives de la communication en d\u00e9clarant qu&rsquo;il sera de retour en 2007. Dans quelle discipline et avec qui ? Pas de r\u00e9ponse concr\u00e8te et [&hellip;]<\/p>\n","protected":false},"author":336,"featured_media":0,"comment_status":"open","ping_status":"open","sticky":false,"template":"","format":"standard","meta":{"footnotes":""},"categories":[3,32],"tags":[],"class_list":["post-1977","post","type-post","status-publish","format-standard","hentry","category-actualite","category-sport-moto"],"yoast_head":"<!-- This site is optimized with the Yoast SEO plugin v26.0 - https:\/\/yoast.com\/wordpress\/plugins\/seo\/ -->\n<title>Pendant ce temps, Max... - leblogmoto.com<\/title>\n<meta name=\"robots\" content=\"index, follow, max-snippet:-1, max-image-preview:large, max-video-preview:-1\" \/>\n<link rel=\"canonical\" href=\"https:\/\/blogs.thesocialmedia.com\/leblogmoto\/2006\/03\/23\/pendant-ce-temp-2\/\" \/>\n<meta name=\"twitter:card\" content=\"summary_large_image\" \/>\n<meta name=\"twitter:title\" content=\"Pendant ce temps, Max... - leblogmoto.com\" \/>\n<meta name=\"twitter:description\" content=\"Alors que la saison vitesse est \u00e0 deux coups de gaz de son d\u00e9part officiel, Max le rejet\u00e9 refuse de sombrer dans un relatif anonymat. Absent des paddocks, il s&rsquo;approprie les courcives de la communication en d\u00e9clarant qu&rsquo;il sera de retour en 2007. Dans quelle discipline et avec qui ? Pas de r\u00e9ponse concr\u00e8te et [&hellip;]\" \/>\n<meta name=\"twitter:image\" content=\"http:\/\/www.leblogmoto.com\/images\/maxmotardcalifornia.jpg\" \/>\n<meta name=\"twitter:label1\" content=\"\u00c9crit par\" \/>\n\t<meta name=\"twitter:data1\" content=\"andre leconde\" \/>\n\t<meta name=\"twitter:label2\" content=\"Dur\u00e9e de lecture estim\u00e9e\" \/>\n\t<meta name=\"twitter:data2\" content=\"1 minute\" \/>\n<script type=\"application\/ld+json\" class=\"yoast-schema-graph\">{\"@context\":\"https:\/\/schema.org\",\"@graph\":[{\"@type\":\"WebPage\",\"@id\":\"https:\/\/blogs.thesocialmedia.com\/leblogmoto\/2006\/03\/23\/pendant-ce-temp-2\/\",\"url\":\"https:\/\/blogs.thesocialmedia.com\/leblogmoto\/2006\/03\/23\/pendant-ce-temp-2\/\",\"name\":\"Pendant ce temps, Max... - leblogmoto.com\",\"isPartOf\":{\"@id\":\"https:\/\/blogs.thesocialmedia.com\/leblogmoto\/#website\"},\"primaryImageOfPage\":{\"@id\":\"https:\/\/blogs.thesocialmedia.com\/leblogmoto\/2006\/03\/23\/pendant-ce-temp-2\/#primaryimage\"},\"image\":{\"@id\":\"https:\/\/blogs.thesocialmedia.com\/leblogmoto\/2006\/03\/23\/pendant-ce-temp-2\/#primaryimage\"},\"thumbnailUrl\":\"http:\/\/www.leblogmoto.com\/images\/maxmotardcalifornia.jpg\",\"datePublished\":\"2006-03-23T18:49:15+00:00\",\"dateModified\":\"2012-07-11T14:18:11+00:00\",\"author\":{\"@id\":\"https:\/\/blogs.thesocialmedia.com\/leblogmoto\/#\/schema\/person\/1a1dcfc7cec206573105eb4af91155c2\"},\"breadcrumb\":{\"@id\":\"https:\/\/blogs.thesocialmedia.com\/leblogmoto\/2006\/03\/23\/pendant-ce-temp-2\/#breadcrumb\"},\"inLanguage\":\"fr-FR\",\"potentialAction\":[{\"@type\":\"ReadAction\",\"target\":[\"https:\/\/blogs.thesocialmedia.com\/leblogmoto\/2006\/03\/23\/pendant-ce-temp-2\/\"]}]},{\"@type\":\"ImageObject\",\"inLanguage\":\"fr-FR\",\"@id\":\"https:\/\/blogs.thesocialmedia.com\/leblogmoto\/2006\/03\/23\/pendant-ce-temp-2\/#primaryimage\",\"url\":\"http:\/\/www.leblogmoto.com\/images\/maxmotardcalifornia.jpg\",\"contentUrl\":\"http:\/\/www.leblogmoto.com\/images\/maxmotardcalifornia.jpg\"},{\"@type\":\"BreadcrumbList\",\"@id\":\"https:\/\/blogs.thesocialmedia.com\/leblogmoto\/2006\/03\/23\/pendant-ce-temp-2\/#breadcrumb\",\"itemListElement\":[{\"@type\":\"ListItem\",\"position\":1,\"name\":\"Accueil\",\"item\":\"https:\/\/blogs.thesocialmedia.com\/leblogmoto\/\"},{\"@type\":\"ListItem\",\"position\":2,\"name\":\"Pendant ce temps, Max&#8230;\"}]},{\"@type\":\"WebSite\",\"@id\":\"https:\/\/blogs.thesocialmedia.com\/leblogmoto\/#website\",\"url\":\"https:\/\/blogs.thesocialmedia.com\/leblogmoto\/\",\"name\":\"leblogmoto\",\"description\":\"Toute l&#039;actualit\u00e9 des 2 roues\",\"potentialAction\":[{\"@type\":\"SearchAction\",\"target\":{\"@type\":\"EntryPoint\",\"urlTemplate\":\"https:\/\/blogs.thesocialmedia.com\/leblogmoto\/?s={search_term_string}\"},\"query-input\":{\"@type\":\"PropertyValueSpecification\",\"valueRequired\":true,\"valueName\":\"search_term_string\"}}],\"inLanguage\":\"fr-FR\"},{\"@type\":\"Person\",\"@id\":\"https:\/\/blogs.thesocialmedia.com\/leblogmoto\/#\/schema\/person\/1a1dcfc7cec206573105eb4af91155c2\",\"name\":\"andre leconde\",\"image\":{\"@type\":\"ImageObject\",\"inLanguage\":\"fr-FR\",\"@id\":\"https:\/\/blogs.thesocialmedia.com\/leblogmoto\/#\/schema\/person\/image\/\",\"url\":\"https:\/\/secure.gravatar.com\/avatar\/?s=96&d=mm&r=g\",\"contentUrl\":\"https:\/\/secure.gravatar.com\/avatar\/?s=96&d=mm&r=g\",\"caption\":\"andre leconde\"},\"url\":\"https:\/\/blogs.thesocialmedia.com\/leblogmoto\/author\/andre-leconde\/\"}]}<\/script>\n<!-- \/ Yoast SEO plugin. -->","yoast_head_json":{"title":"Pendant ce temps, Max... - leblogmoto.com","robots":{"index":"index","follow":"follow","max-snippet":"max-snippet:-1","max-image-preview":"max-image-preview:large","max-video-preview":"max-video-preview:-1"},"canonical":"https:\/\/blogs.thesocialmedia.com\/leblogmoto\/2006\/03\/23\/pendant-ce-temp-2\/","twitter_card":"summary_large_image","twitter_title":"Pendant ce temps, Max... - leblogmoto.com","twitter_description":"Alors que la saison vitesse est \u00e0 deux coups de gaz de son d\u00e9part officiel, Max le rejet\u00e9 refuse de sombrer dans un relatif anonymat. Absent des paddocks, il s&rsquo;approprie les courcives de la communication en d\u00e9clarant qu&rsquo;il sera de retour en 2007. Dans quelle discipline et avec qui ? Pas de r\u00e9ponse concr\u00e8te et [&hellip;]","twitter_image":"http:\/\/www.leblogmoto.com\/images\/maxmotardcalifornia.jpg","twitter_misc":{"\u00c9crit par":"andre leconde","Dur\u00e9e de lecture estim\u00e9e":"1 minute"},"schema":{"@context":"https:\/\/schema.org","@graph":[{"@type":"WebPage","@id":"https:\/\/blogs.thesocialmedia.com\/leblogmoto\/2006\/03\/23\/pendant-ce-temp-2\/","url":"https:\/\/blogs.thesocialmedia.com\/leblogmoto\/2006\/03\/23\/pendant-ce-temp-2\/","name":"Pendant ce temps, Max... - leblogmoto.com","isPartOf":{"@id":"https:\/\/blogs.thesocialmedia.com\/leblogmoto\/#website"},"primaryImageOfPage":{"@id":"https:\/\/blogs.thesocialmedia.com\/leblogmoto\/2006\/03\/23\/pendant-ce-temp-2\/#primaryimage"},"image":{"@id":"https:\/\/blogs.thesocialmedia.com\/leblogmoto\/2006\/03\/23\/pendant-ce-temp-2\/#primaryimage"},"thumbnailUrl":"http:\/\/www.leblogmoto.com\/images\/maxmotardcalifornia.jpg","datePublished":"2006-03-23T18:49:15+00:00","dateModified":"2012-07-11T14:18:11+00:00","author":{"@id":"https:\/\/blogs.thesocialmedia.com\/leblogmoto\/#\/schema\/person\/1a1dcfc7cec206573105eb4af91155c2"},"breadcrumb":{"@id":"https:\/\/blogs.thesocialmedia.com\/leblogmoto\/2006\/03\/23\/pendant-ce-temp-2\/#breadcrumb"},"inLanguage":"fr-FR","potentialAction":[{"@type":"ReadAction","target":["https:\/\/blogs.thesocialmedia.com\/leblogmoto\/2006\/03\/23\/pendant-ce-temp-2\/"]}]},{"@type":"ImageObject","inLanguage":"fr-FR","@id":"https:\/\/blogs.thesocialmedia.com\/leblogmoto\/2006\/03\/23\/pendant-ce-temp-2\/#primaryimage","url":"http:\/\/www.leblogmoto.com\/images\/maxmotardcalifornia.jpg","contentUrl":"http:\/\/www.leblogmoto.com\/images\/maxmotardcalifornia.jpg"},{"@type":"BreadcrumbList","@id":"https:\/\/blogs.thesocialmedia.com\/leblogmoto\/2006\/03\/23\/pendant-ce-temp-2\/#breadcrumb","itemListElement":[{"@type":"ListItem","position":1,"name":"Accueil","item":"https:\/\/blogs.thesocialmedia.com\/leblogmoto\/"},{"@type":"ListItem","position":2,"name":"Pendant ce temps, Max&#8230;"}]},{"@type":"WebSite","@id":"https:\/\/blogs.thesocialmedia.com\/leblogmoto\/#website","url":"https:\/\/blogs.thesocialmedia.com\/leblogmoto\/","name":"leblogmoto","description":"Toute l&#039;actualit\u00e9 des 2 roues","potentialAction":[{"@type":"SearchAction","target":{"@type":"EntryPoint","urlTemplate":"https:\/\/blogs.thesocialmedia.com\/leblogmoto\/?s={search_term_string}"},"query-input":{"@type":"PropertyValueSpecification","valueRequired":true,"valueName":"search_term_string"}}],"inLanguage":"fr-FR"},{"@type":"Person","@id":"https:\/\/blogs.thesocialmedia.com\/leblogmoto\/#\/schema\/person\/1a1dcfc7cec206573105eb4af91155c2","name":"andre leconde","image":{"@type":"ImageObject","inLanguage":"fr-FR","@id":"https:\/\/blogs.thesocialmedia.com\/leblogmoto\/#\/schema\/person\/image\/","url":"https:\/\/secure.gravatar.com\/avatar\/?s=96&d=mm&r=g","contentUrl":"https:\/\/secure.gravatar.com\/avatar\/?s=96&d=mm&r=g","caption":"andre leconde"},"url":"https:\/\/blogs.thesocialmedia.com\/leblogmoto\/author\/andre-leconde\/"}]}},"_links":{"self":[{"href":"https:\/\/blogs.thesocialmedia.com\/leblogmoto\/wp-json\/wp\/v2\/posts\/1977","targetHints":{"allow":["GET"]}}],"collection":[{"href":"https:\/\/blogs.thesocialmedia.com\/leblogmoto\/wp-json\/wp\/v2\/posts"}],"about":[{"href":"https:\/\/blogs.thesocialmedia.com\/leblogmoto\/wp-json\/wp\/v2\/types\/post"}],"author":[{"embeddable":true,"href":"https:\/\/blogs.thesocialmedia.com\/leblogmoto\/wp-json\/wp\/v2\/users\/336"}],"replies":[{"embeddable":true,"href":"https:\/\/blogs.thesocialmedia.com\/leblogmoto\/wp-json\/wp\/v2\/comments?post=1977"}],"version-history":[{"count":2,"href":"https:\/\/blogs.thesocialmedia.com\/leblogmoto\/wp-json\/wp\/v2\/posts\/1977\/revisions"}],"predecessor-version":[{"id":7197,"href":"https:\/\/blogs.thesocialmedia.com\/leblogmoto\/wp-json\/wp\/v2\/posts\/1977\/revisions\/7197"}],"wp:attachment":[{"href":"https:\/\/blogs.thesocialmedia.com\/leblogmoto\/wp-json\/wp\/v2\/media?parent=1977"}],"wp:term":[{"taxonomy":"category","embeddable":true,"href":"https:\/\/blogs.thesocialmedia.com\/leblogmoto\/wp-json\/wp\/v2\/categories?post=1977"},{"taxonomy":"post_tag","embeddable":true,"href":"https:\/\/blogs.thesocialmedia.com\/leblogmoto\/wp-json\/wp\/v2\/tags?post=1977"}],"curies":[{"name":"wp","href":"https:\/\/api.w.org\/{rel}","templated":true}]}}