{"id":1980,"date":"2006-03-22T17:30:04","date_gmt":"2006-03-22T17:30:04","guid":{"rendered":"http:\/\/blogs.thesocialmedia.com\/leblogmoto\/2006\/03\/22\/centopassi-2006\/"},"modified":"2012-07-11T14:18:07","modified_gmt":"2012-07-11T14:18:07","slug":"centopassi-2006","status":"publish","type":"post","link":"https:\/\/blogs.thesocialmedia.com\/leblogmoto\/2006\/03\/22\/centopassi-2006\/","title":{"rendered":"Centopassi 2006"},"content":{"rendered":"<p><a href=\"http:\/\/blogs.thesocialmedia.com\/leblogmoto\/files\/2012\/07\/centopassi_2005_009.jpg\"><img loading=\"lazy\" decoding=\"async\" width=\"250\" height=\"166\"  alt=\"Centopassi_2005_009\" src=\"http:\/\/www.leblogmoto.com\/images\/centopassi_2005_009.jpg\" style=\"margin: 0px 5px 5px 0px;float: left\" \/><\/a>Du 19 au 22 juillet 2006 aura lieu la quatri\u00e8me \u00e9dition du <strong>Centopassi Challenge<\/strong>, pens\u00e9 pour tous les motards qui aiment les routes de montagne et en particulier les cols alpins. Quatre \u00e9tapes de 300 \u00e0 350 kilom\u00e8tres chacune dans les alpes franco-italiennes, avec un d\u00e9part de Nice.<br \/>Les inscriptions sont ouvertes \u00e0 tous, jusqu&rsquo;au 5 juin. Pour 750 euros vous aurez droit au gite et aux repas dans des h\u00f4tels 4 \u00e9toiles, \u00e0 une assistance m\u00e9canique pour les op\u00e9rations mineures, ainsi qu&rsquo;au transport des affaires personnelles pour \u00e9viter de trop charger la sacoche r\u00e9servoir.<br \/>L&rsquo;\u00e9dition est sponsoris\u00e9e (entre autres) par Ducati, qui offrira une Multistrada 620 au vainqueur. <br \/>Vainqueur ? Comp\u00e9tition ? Oui et non. Deux cat\u00e9gories cohabitent : la premi\u00e8re, dite <em>Iron Biker<\/em>, pr\u00e9vue pour ceux qui n&rsquo;envisagent la <del>course<\/del> balade que sous le simple angle touristique. La seconde, intitul\u00e9e <em>Competition<\/em>, n&rsquo;est contrairement \u00e0 ce que son nom indique pas \u00e0 proprement parler une arsouille. Les routes choisies sont n\u00e9anmoins tr\u00e8s exigeantes, et tenir les moyennes impos\u00e9es n&rsquo;est pas forc\u00e9ment \u00e0 la port\u00e9e de tout le monde. Des \u00e9preuves d\u00e9terminant les capacit\u00e9s techniques, la pr\u00e9cision et l&rsquo;\u00e9quilibre (?) de chacun auront \u00e9galement lieu &#8230;<br \/>A noter que les r\u00e9sultats de l&rsquo;\u00e9dition 2005 feront s\u00fbrement plaisir aux b\u00e9h\u00e8mistes, puisque le vainqueur roulait sur une 1200 GS, et son second sur un roadster 1100 R.<\/p>\n<p>Tous les d\u00e9tails sur <a href=\"http:\/\/www.centopassi.com\/eng\/homepage.html\">centopassi.com<\/a>, et pour les plus gourmands, ceux que comme moi l&rsquo;\u00e9vocation des cols de l&rsquo;Izoard, du Galibier, du T\u00e9l\u00e9graphe, de la Croix de Fer fait r\u00eaver, l&rsquo;itin\u00e9raire de l&rsquo;\u00e9dition pr\u00e9c\u00e9dente se trouve <a href=\"http:\/\/www.centopassi.com\/eng\/itinerario_2005.html\">ici<\/a>.<\/p>\n<p>Comme dirait l&rsquo;autre : Rh\u00e2\u00e2\u00e2\u00e2\u00e2 !!!<\/p>\n<p><span style=\"font-size: 0.6em\">(Photo de Zep Gori)<br \/>(Source : <a href=\"http:\/\/www.webbikeworld.com\/ducati-motorcycles\/centopassi\/centopassi-2006.htm\">webbikeworld.com<\/a>)<br \/><\/span> <\/p>\n","protected":false},"excerpt":{"rendered":"<p>Du 19 au 22 juillet 2006 aura lieu la quatri\u00e8me \u00e9dition du Centopassi Challenge, pens\u00e9 pour tous les motards qui aiment les routes de montagne et en particulier les cols alpins. Quatre \u00e9tapes de 300 \u00e0 350 kilom\u00e8tres chacune dans les alpes franco-italiennes, avec un d\u00e9part de Nice.Les inscriptions sont ouvertes \u00e0 tous, jusqu&rsquo;au 5 [&hellip;]<\/p>\n","protected":false},"author":332,"featured_media":0,"comment_status":"open","ping_status":"open","sticky":false,"template":"","format":"standard","meta":{"footnotes":""},"categories":[3],"tags":[],"class_list":["post-1980","post","type-post","status-publish","format-standard","hentry","category-actualite"],"yoast_head":"<!-- This site is optimized with the Yoast SEO plugin v26.0 - https:\/\/yoast.com\/wordpress\/plugins\/seo\/ -->\n<title>Centopassi 2006 - leblogmoto.com<\/title>\n<meta name=\"robots\" content=\"index, follow, max-snippet:-1, max-image-preview:large, max-video-preview:-1\" \/>\n<link rel=\"canonical\" href=\"https:\/\/blogs.thesocialmedia.com\/leblogmoto\/2006\/03\/22\/centopassi-2006\/\" \/>\n<meta name=\"twitter:card\" content=\"summary_large_image\" \/>\n<meta name=\"twitter:title\" content=\"Centopassi 2006 - leblogmoto.com\" \/>\n<meta name=\"twitter:description\" content=\"Du 19 au 22 juillet 2006 aura lieu la quatri\u00e8me \u00e9dition du Centopassi Challenge, pens\u00e9 pour tous les motards qui aiment les routes de montagne et en particulier les cols alpins. Quatre \u00e9tapes de 300 \u00e0 350 kilom\u00e8tres chacune dans les alpes franco-italiennes, avec un d\u00e9part de Nice.Les inscriptions sont ouvertes \u00e0 tous, jusqu&rsquo;au 5 [&hellip;]\" \/>\n<meta name=\"twitter:image\" content=\"http:\/\/www.leblogmoto.com\/images\/centopassi_2005_009.jpg\" \/>\n<meta name=\"twitter:label1\" content=\"\u00c9crit par\" \/>\n\t<meta name=\"twitter:data1\" content=\"eric cabrol\" \/>\n\t<meta name=\"twitter:label2\" content=\"Dur\u00e9e de lecture estim\u00e9e\" \/>\n\t<meta name=\"twitter:data2\" content=\"1 minute\" \/>\n<script type=\"application\/ld+json\" class=\"yoast-schema-graph\">{\"@context\":\"https:\/\/schema.org\",\"@graph\":[{\"@type\":\"WebPage\",\"@id\":\"https:\/\/blogs.thesocialmedia.com\/leblogmoto\/2006\/03\/22\/centopassi-2006\/\",\"url\":\"https:\/\/blogs.thesocialmedia.com\/leblogmoto\/2006\/03\/22\/centopassi-2006\/\",\"name\":\"Centopassi 2006 - leblogmoto.com\",\"isPartOf\":{\"@id\":\"https:\/\/blogs.thesocialmedia.com\/leblogmoto\/#website\"},\"primaryImageOfPage\":{\"@id\":\"https:\/\/blogs.thesocialmedia.com\/leblogmoto\/2006\/03\/22\/centopassi-2006\/#primaryimage\"},\"image\":{\"@id\":\"https:\/\/blogs.thesocialmedia.com\/leblogmoto\/2006\/03\/22\/centopassi-2006\/#primaryimage\"},\"thumbnailUrl\":\"http:\/\/www.leblogmoto.com\/images\/centopassi_2005_009.jpg\",\"datePublished\":\"2006-03-22T17:30:04+00:00\",\"dateModified\":\"2012-07-11T14:18:07+00:00\",\"author\":{\"@id\":\"https:\/\/blogs.thesocialmedia.com\/leblogmoto\/#\/schema\/person\/2d0df6c5d59ff2f74f5d0b431cdcd17d\"},\"breadcrumb\":{\"@id\":\"https:\/\/blogs.thesocialmedia.com\/leblogmoto\/2006\/03\/22\/centopassi-2006\/#breadcrumb\"},\"inLanguage\":\"fr-FR\",\"potentialAction\":[{\"@type\":\"ReadAction\",\"target\":[\"https:\/\/blogs.thesocialmedia.com\/leblogmoto\/2006\/03\/22\/centopassi-2006\/\"]}]},{\"@type\":\"ImageObject\",\"inLanguage\":\"fr-FR\",\"@id\":\"https:\/\/blogs.thesocialmedia.com\/leblogmoto\/2006\/03\/22\/centopassi-2006\/#primaryimage\",\"url\":\"http:\/\/www.leblogmoto.com\/images\/centopassi_2005_009.jpg\",\"contentUrl\":\"http:\/\/www.leblogmoto.com\/images\/centopassi_2005_009.jpg\"},{\"@type\":\"BreadcrumbList\",\"@id\":\"https:\/\/blogs.thesocialmedia.com\/leblogmoto\/2006\/03\/22\/centopassi-2006\/#breadcrumb\",\"itemListElement\":[{\"@type\":\"ListItem\",\"position\":1,\"name\":\"Accueil\",\"item\":\"https:\/\/blogs.thesocialmedia.com\/leblogmoto\/\"},{\"@type\":\"ListItem\",\"position\":2,\"name\":\"Centopassi 2006\"}]},{\"@type\":\"WebSite\",\"@id\":\"https:\/\/blogs.thesocialmedia.com\/leblogmoto\/#website\",\"url\":\"https:\/\/blogs.thesocialmedia.com\/leblogmoto\/\",\"name\":\"leblogmoto\",\"description\":\"Toute l&#039;actualit\u00e9 des 2 roues\",\"potentialAction\":[{\"@type\":\"SearchAction\",\"target\":{\"@type\":\"EntryPoint\",\"urlTemplate\":\"https:\/\/blogs.thesocialmedia.com\/leblogmoto\/?s={search_term_string}\"},\"query-input\":{\"@type\":\"PropertyValueSpecification\",\"valueRequired\":true,\"valueName\":\"search_term_string\"}}],\"inLanguage\":\"fr-FR\"},{\"@type\":\"Person\",\"@id\":\"https:\/\/blogs.thesocialmedia.com\/leblogmoto\/#\/schema\/person\/2d0df6c5d59ff2f74f5d0b431cdcd17d\",\"name\":\"eric cabrol\",\"image\":{\"@type\":\"ImageObject\",\"inLanguage\":\"fr-FR\",\"@id\":\"https:\/\/blogs.thesocialmedia.com\/leblogmoto\/#\/schema\/person\/image\/\",\"url\":\"https:\/\/secure.gravatar.com\/avatar\/?s=96&d=mm&r=g\",\"contentUrl\":\"https:\/\/secure.gravatar.com\/avatar\/?s=96&d=mm&r=g\",\"caption\":\"eric cabrol\"},\"url\":\"https:\/\/blogs.thesocialmedia.com\/leblogmoto\/author\/eric-cabrol\/\"}]}<\/script>\n<!-- \/ Yoast SEO plugin. -->","yoast_head_json":{"title":"Centopassi 2006 - leblogmoto.com","robots":{"index":"index","follow":"follow","max-snippet":"max-snippet:-1","max-image-preview":"max-image-preview:large","max-video-preview":"max-video-preview:-1"},"canonical":"https:\/\/blogs.thesocialmedia.com\/leblogmoto\/2006\/03\/22\/centopassi-2006\/","twitter_card":"summary_large_image","twitter_title":"Centopassi 2006 - leblogmoto.com","twitter_description":"Du 19 au 22 juillet 2006 aura lieu la quatri\u00e8me \u00e9dition du Centopassi Challenge, pens\u00e9 pour tous les motards qui aiment les routes de montagne et en particulier les cols alpins. Quatre \u00e9tapes de 300 \u00e0 350 kilom\u00e8tres chacune dans les alpes franco-italiennes, avec un d\u00e9part de Nice.Les inscriptions sont ouvertes \u00e0 tous, jusqu&rsquo;au 5 [&hellip;]","twitter_image":"http:\/\/www.leblogmoto.com\/images\/centopassi_2005_009.jpg","twitter_misc":{"\u00c9crit par":"eric cabrol","Dur\u00e9e de lecture estim\u00e9e":"1 minute"},"schema":{"@context":"https:\/\/schema.org","@graph":[{"@type":"WebPage","@id":"https:\/\/blogs.thesocialmedia.com\/leblogmoto\/2006\/03\/22\/centopassi-2006\/","url":"https:\/\/blogs.thesocialmedia.com\/leblogmoto\/2006\/03\/22\/centopassi-2006\/","name":"Centopassi 2006 - leblogmoto.com","isPartOf":{"@id":"https:\/\/blogs.thesocialmedia.com\/leblogmoto\/#website"},"primaryImageOfPage":{"@id":"https:\/\/blogs.thesocialmedia.com\/leblogmoto\/2006\/03\/22\/centopassi-2006\/#primaryimage"},"image":{"@id":"https:\/\/blogs.thesocialmedia.com\/leblogmoto\/2006\/03\/22\/centopassi-2006\/#primaryimage"},"thumbnailUrl":"http:\/\/www.leblogmoto.com\/images\/centopassi_2005_009.jpg","datePublished":"2006-03-22T17:30:04+00:00","dateModified":"2012-07-11T14:18:07+00:00","author":{"@id":"https:\/\/blogs.thesocialmedia.com\/leblogmoto\/#\/schema\/person\/2d0df6c5d59ff2f74f5d0b431cdcd17d"},"breadcrumb":{"@id":"https:\/\/blogs.thesocialmedia.com\/leblogmoto\/2006\/03\/22\/centopassi-2006\/#breadcrumb"},"inLanguage":"fr-FR","potentialAction":[{"@type":"ReadAction","target":["https:\/\/blogs.thesocialmedia.com\/leblogmoto\/2006\/03\/22\/centopassi-2006\/"]}]},{"@type":"ImageObject","inLanguage":"fr-FR","@id":"https:\/\/blogs.thesocialmedia.com\/leblogmoto\/2006\/03\/22\/centopassi-2006\/#primaryimage","url":"http:\/\/www.leblogmoto.com\/images\/centopassi_2005_009.jpg","contentUrl":"http:\/\/www.leblogmoto.com\/images\/centopassi_2005_009.jpg"},{"@type":"BreadcrumbList","@id":"https:\/\/blogs.thesocialmedia.com\/leblogmoto\/2006\/03\/22\/centopassi-2006\/#breadcrumb","itemListElement":[{"@type":"ListItem","position":1,"name":"Accueil","item":"https:\/\/blogs.thesocialmedia.com\/leblogmoto\/"},{"@type":"ListItem","position":2,"name":"Centopassi 2006"}]},{"@type":"WebSite","@id":"https:\/\/blogs.thesocialmedia.com\/leblogmoto\/#website","url":"https:\/\/blogs.thesocialmedia.com\/leblogmoto\/","name":"leblogmoto","description":"Toute l&#039;actualit\u00e9 des 2 roues","potentialAction":[{"@type":"SearchAction","target":{"@type":"EntryPoint","urlTemplate":"https:\/\/blogs.thesocialmedia.com\/leblogmoto\/?s={search_term_string}"},"query-input":{"@type":"PropertyValueSpecification","valueRequired":true,"valueName":"search_term_string"}}],"inLanguage":"fr-FR"},{"@type":"Person","@id":"https:\/\/blogs.thesocialmedia.com\/leblogmoto\/#\/schema\/person\/2d0df6c5d59ff2f74f5d0b431cdcd17d","name":"eric cabrol","image":{"@type":"ImageObject","inLanguage":"fr-FR","@id":"https:\/\/blogs.thesocialmedia.com\/leblogmoto\/#\/schema\/person\/image\/","url":"https:\/\/secure.gravatar.com\/avatar\/?s=96&d=mm&r=g","contentUrl":"https:\/\/secure.gravatar.com\/avatar\/?s=96&d=mm&r=g","caption":"eric cabrol"},"url":"https:\/\/blogs.thesocialmedia.com\/leblogmoto\/author\/eric-cabrol\/"}]}},"_links":{"self":[{"href":"https:\/\/blogs.thesocialmedia.com\/leblogmoto\/wp-json\/wp\/v2\/posts\/1980","targetHints":{"allow":["GET"]}}],"collection":[{"href":"https:\/\/blogs.thesocialmedia.com\/leblogmoto\/wp-json\/wp\/v2\/posts"}],"about":[{"href":"https:\/\/blogs.thesocialmedia.com\/leblogmoto\/wp-json\/wp\/v2\/types\/post"}],"author":[{"embeddable":true,"href":"https:\/\/blogs.thesocialmedia.com\/leblogmoto\/wp-json\/wp\/v2\/users\/332"}],"replies":[{"embeddable":true,"href":"https:\/\/blogs.thesocialmedia.com\/leblogmoto\/wp-json\/wp\/v2\/comments?post=1980"}],"version-history":[{"count":2,"href":"https:\/\/blogs.thesocialmedia.com\/leblogmoto\/wp-json\/wp\/v2\/posts\/1980\/revisions"}],"predecessor-version":[{"id":7191,"href":"https:\/\/blogs.thesocialmedia.com\/leblogmoto\/wp-json\/wp\/v2\/posts\/1980\/revisions\/7191"}],"wp:attachment":[{"href":"https:\/\/blogs.thesocialmedia.com\/leblogmoto\/wp-json\/wp\/v2\/media?parent=1980"}],"wp:term":[{"taxonomy":"category","embeddable":true,"href":"https:\/\/blogs.thesocialmedia.com\/leblogmoto\/wp-json\/wp\/v2\/categories?post=1980"},{"taxonomy":"post_tag","embeddable":true,"href":"https:\/\/blogs.thesocialmedia.com\/leblogmoto\/wp-json\/wp\/v2\/tags?post=1980"}],"curies":[{"name":"wp","href":"https:\/\/api.w.org\/{rel}","templated":true}]}}