{"id":1982,"date":"2006-03-22T13:16:31","date_gmt":"2006-03-22T13:16:31","guid":{"rendered":"http:\/\/blogs.thesocialmedia.com\/leblogmoto\/2006\/03\/22\/bmw-essais-voya\/"},"modified":"2012-07-11T14:18:03","modified_gmt":"2012-07-11T14:18:03","slug":"bmw-essais-voya","status":"publish","type":"post","link":"https:\/\/blogs.thesocialmedia.com\/leblogmoto\/2006\/03\/22\/bmw-essais-voya\/","title":{"rendered":"BMW: Essais, voyages et exp\u00e9riences."},"content":{"rendered":"<p><a href=\"http:\/\/blogs.thesocialmedia.com\/leblogmoto\/files\/2012\/07\/featured_main.jpg\"><img loading=\"lazy\" decoding=\"async\" height=\"129\" alt=\"Featured_main\" src=\"http:\/\/www.leblogmoto.com\/images\/featured_main.jpg\" width=\"250\"  \/><\/a>Du <strong>24 au 26 mars<\/strong>, les concessionnaires BMW vont se mettre \u00e0 votre disposition pour vous initier au voyage, au travers l&rsquo;exp\u00e9rience d&rsquo;un essai de la gamme. <strong>K<\/strong> et <strong>R<\/strong> <strong>1 200<\/strong> seront \u00e0 disposition alors que la traditionnelle tombola agr\u00e9mentant ce genre de manifestation se voit dot\u00e9e d&rsquo;un premier prix original.<\/p>\n<p>D&rsquo;une r\u00e9putation aust\u00e8re, qui, par ailleurs, s&rsquo;\u00e9dulcore de mill\u00e9sime en mill\u00e9sime, le blason aux h\u00e9lices propose, au gagnant de son tirage au sort, son <a href=\"http:\/\/www.leblogmoto.com\/2006\/03\/post_1.html\">casque<\/a> int\u00e9gral carbone \u00e0 l&rsquo;aspect radicalement modifi\u00e9 par une d\u00e9co d\u00e9lur\u00e9e, justement appel\u00e9e &quot;<strong>Flower<\/strong>&quot;. Un heaume unique qui ne laisserait pas insensible ROSSI, d&rsquo;une valeur de <strong>1 499<\/strong> euros. Mais ce n&rsquo;est pas tout&#8230; <\/p>\n<p><a href=\"http:\/\/clabedan.typepad.com\/.shared\/image.html?\/photos\/uncategorized\/060318_bmw.jpg\"><img loading=\"lazy\" decoding=\"async\" height=\"185\" alt=\"060318_bmw\" src=\"http:\/\/www.leblogmoto.com\/images\/060318_bmw.jpg\" width=\"250\"  \/><\/a>C\u00f4t\u00e9 &quot;exp\u00e9rience&quot; BMW n&rsquo;est pas chiche \u00e0 en sugg\u00e9rer \u00e0 ses motards. Une kyrielle de<strong> stages<\/strong> est ainsi propos\u00e9e par la firme munichoise, du s\u00e9curit\u00e9 de base \u00e0 la randonn\u00e9e enduriste muscl\u00e9e pour d\u00e9verminer une <a href=\"http:\/\/www.leblogmoto.com\/2006\/01\/post_4.html\">HP2<\/a>. <\/p>\n<p>Il existe ainsi des modules par<strong> \u00e2ge<\/strong>, <strong>sexe<\/strong>, <strong>exp\u00e9rience<\/strong>, des possibilit\u00e9s de rouler avec sa machine ou en emprunter une, de d\u00e9penser de <strong>50<\/strong> \u00e0 pr\u00e8s de <strong>2 000<\/strong> euros. Jouvencelles et jouvenceaux de <strong>10 \u00e0 17<\/strong> ans ne sont pas oubli\u00e9s, avec une \u00e9ducation routi\u00e8re th\u00e9orique et pratique \u00e0 <strong>150<\/strong> euros.<\/p>\n<p>Sur <a href=\"http:\/\/www.leblogmoto.com\/2006\/02\/post_1.html\">piste<\/a> ou sur terre, la marque vous organise des sessions cl\u00e9s en main \u00e0 vous rendre plus s\u00fbrs au guidon et \u00e0 profiter pleinement des capacit\u00e9s d&rsquo;une BMW. Voil\u00e0 de bonnes questions \u00e0 poser \u00e0 votre concessionnaire, juste avant de d\u00e9poser le bulletin dans l&rsquo;urne.&nbsp; &nbsp; <\/p>\n<p>SOURCE: <a href=\"http:\/\/www.bmw-motorrad.fr\/\">www.bmw-motorrad.fr<\/a> et <a href=\"http:\/\/www.rubbermag.com\/\">www.rubbermag.com<\/a> <\/p><\/p>\n","protected":false},"excerpt":{"rendered":"<p>Du 24 au 26 mars, les concessionnaires BMW vont se mettre \u00e0 votre disposition pour vous initier au voyage, au travers l&rsquo;exp\u00e9rience d&rsquo;un essai de la gamme. K et R 1 200 seront \u00e0 disposition alors que la traditionnelle tombola agr\u00e9mentant ce genre de manifestation se voit dot\u00e9e d&rsquo;un premier prix original. D&rsquo;une r\u00e9putation aust\u00e8re, [&hellip;]<\/p>\n","protected":false},"author":336,"featured_media":0,"comment_status":"open","ping_status":"open","sticky":false,"template":"","format":"standard","meta":{"footnotes":""},"categories":[7],"tags":[],"class_list":["post-1982","post","type-post","status-publish","format-standard","hentry","category-bmw"],"yoast_head":"<!-- This site is optimized with the Yoast SEO plugin v26.0 - https:\/\/yoast.com\/wordpress\/plugins\/seo\/ -->\n<title>BMW: Essais, voyages et exp\u00e9riences. - leblogmoto.com<\/title>\n<meta name=\"robots\" content=\"index, follow, max-snippet:-1, max-image-preview:large, max-video-preview:-1\" \/>\n<link rel=\"canonical\" href=\"https:\/\/blogs.thesocialmedia.com\/leblogmoto\/2006\/03\/22\/bmw-essais-voya\/\" \/>\n<meta name=\"twitter:card\" content=\"summary_large_image\" \/>\n<meta name=\"twitter:title\" content=\"BMW: Essais, voyages et exp\u00e9riences. - leblogmoto.com\" \/>\n<meta name=\"twitter:description\" content=\"Du 24 au 26 mars, les concessionnaires BMW vont se mettre \u00e0 votre disposition pour vous initier au voyage, au travers l&rsquo;exp\u00e9rience d&rsquo;un essai de la gamme. K et R 1 200 seront \u00e0 disposition alors que la traditionnelle tombola agr\u00e9mentant ce genre de manifestation se voit dot\u00e9e d&rsquo;un premier prix original. D&rsquo;une r\u00e9putation aust\u00e8re, [&hellip;]\" \/>\n<meta name=\"twitter:image\" content=\"http:\/\/www.leblogmoto.com\/images\/featured_main.jpg\" \/>\n<meta name=\"twitter:label1\" content=\"\u00c9crit par\" \/>\n\t<meta name=\"twitter:data1\" content=\"andre leconde\" \/>\n\t<meta name=\"twitter:label2\" content=\"Dur\u00e9e de lecture estim\u00e9e\" \/>\n\t<meta name=\"twitter:data2\" content=\"1 minute\" \/>\n<script type=\"application\/ld+json\" class=\"yoast-schema-graph\">{\"@context\":\"https:\/\/schema.org\",\"@graph\":[{\"@type\":\"WebPage\",\"@id\":\"https:\/\/blogs.thesocialmedia.com\/leblogmoto\/2006\/03\/22\/bmw-essais-voya\/\",\"url\":\"https:\/\/blogs.thesocialmedia.com\/leblogmoto\/2006\/03\/22\/bmw-essais-voya\/\",\"name\":\"BMW: Essais, voyages et exp\u00e9riences. - leblogmoto.com\",\"isPartOf\":{\"@id\":\"https:\/\/blogs.thesocialmedia.com\/leblogmoto\/#website\"},\"primaryImageOfPage\":{\"@id\":\"https:\/\/blogs.thesocialmedia.com\/leblogmoto\/2006\/03\/22\/bmw-essais-voya\/#primaryimage\"},\"image\":{\"@id\":\"https:\/\/blogs.thesocialmedia.com\/leblogmoto\/2006\/03\/22\/bmw-essais-voya\/#primaryimage\"},\"thumbnailUrl\":\"http:\/\/www.leblogmoto.com\/images\/featured_main.jpg\",\"datePublished\":\"2006-03-22T13:16:31+00:00\",\"dateModified\":\"2012-07-11T14:18:03+00:00\",\"author\":{\"@id\":\"https:\/\/blogs.thesocialmedia.com\/leblogmoto\/#\/schema\/person\/1a1dcfc7cec206573105eb4af91155c2\"},\"breadcrumb\":{\"@id\":\"https:\/\/blogs.thesocialmedia.com\/leblogmoto\/2006\/03\/22\/bmw-essais-voya\/#breadcrumb\"},\"inLanguage\":\"fr-FR\",\"potentialAction\":[{\"@type\":\"ReadAction\",\"target\":[\"https:\/\/blogs.thesocialmedia.com\/leblogmoto\/2006\/03\/22\/bmw-essais-voya\/\"]}]},{\"@type\":\"ImageObject\",\"inLanguage\":\"fr-FR\",\"@id\":\"https:\/\/blogs.thesocialmedia.com\/leblogmoto\/2006\/03\/22\/bmw-essais-voya\/#primaryimage\",\"url\":\"http:\/\/www.leblogmoto.com\/images\/featured_main.jpg\",\"contentUrl\":\"http:\/\/www.leblogmoto.com\/images\/featured_main.jpg\"},{\"@type\":\"BreadcrumbList\",\"@id\":\"https:\/\/blogs.thesocialmedia.com\/leblogmoto\/2006\/03\/22\/bmw-essais-voya\/#breadcrumb\",\"itemListElement\":[{\"@type\":\"ListItem\",\"position\":1,\"name\":\"Accueil\",\"item\":\"https:\/\/blogs.thesocialmedia.com\/leblogmoto\/\"},{\"@type\":\"ListItem\",\"position\":2,\"name\":\"BMW: Essais, voyages et exp\u00e9riences.\"}]},{\"@type\":\"WebSite\",\"@id\":\"https:\/\/blogs.thesocialmedia.com\/leblogmoto\/#website\",\"url\":\"https:\/\/blogs.thesocialmedia.com\/leblogmoto\/\",\"name\":\"leblogmoto\",\"description\":\"Toute l&#039;actualit\u00e9 des 2 roues\",\"potentialAction\":[{\"@type\":\"SearchAction\",\"target\":{\"@type\":\"EntryPoint\",\"urlTemplate\":\"https:\/\/blogs.thesocialmedia.com\/leblogmoto\/?s={search_term_string}\"},\"query-input\":{\"@type\":\"PropertyValueSpecification\",\"valueRequired\":true,\"valueName\":\"search_term_string\"}}],\"inLanguage\":\"fr-FR\"},{\"@type\":\"Person\",\"@id\":\"https:\/\/blogs.thesocialmedia.com\/leblogmoto\/#\/schema\/person\/1a1dcfc7cec206573105eb4af91155c2\",\"name\":\"andre leconde\",\"image\":{\"@type\":\"ImageObject\",\"inLanguage\":\"fr-FR\",\"@id\":\"https:\/\/blogs.thesocialmedia.com\/leblogmoto\/#\/schema\/person\/image\/\",\"url\":\"https:\/\/secure.gravatar.com\/avatar\/?s=96&d=mm&r=g\",\"contentUrl\":\"https:\/\/secure.gravatar.com\/avatar\/?s=96&d=mm&r=g\",\"caption\":\"andre leconde\"},\"url\":\"https:\/\/blogs.thesocialmedia.com\/leblogmoto\/author\/andre-leconde\/\"}]}<\/script>\n<!-- \/ Yoast SEO plugin. -->","yoast_head_json":{"title":"BMW: Essais, voyages et exp\u00e9riences. - leblogmoto.com","robots":{"index":"index","follow":"follow","max-snippet":"max-snippet:-1","max-image-preview":"max-image-preview:large","max-video-preview":"max-video-preview:-1"},"canonical":"https:\/\/blogs.thesocialmedia.com\/leblogmoto\/2006\/03\/22\/bmw-essais-voya\/","twitter_card":"summary_large_image","twitter_title":"BMW: Essais, voyages et exp\u00e9riences. - leblogmoto.com","twitter_description":"Du 24 au 26 mars, les concessionnaires BMW vont se mettre \u00e0 votre disposition pour vous initier au voyage, au travers l&rsquo;exp\u00e9rience d&rsquo;un essai de la gamme. K et R 1 200 seront \u00e0 disposition alors que la traditionnelle tombola agr\u00e9mentant ce genre de manifestation se voit dot\u00e9e d&rsquo;un premier prix original. D&rsquo;une r\u00e9putation aust\u00e8re, [&hellip;]","twitter_image":"http:\/\/www.leblogmoto.com\/images\/featured_main.jpg","twitter_misc":{"\u00c9crit par":"andre leconde","Dur\u00e9e de lecture estim\u00e9e":"1 minute"},"schema":{"@context":"https:\/\/schema.org","@graph":[{"@type":"WebPage","@id":"https:\/\/blogs.thesocialmedia.com\/leblogmoto\/2006\/03\/22\/bmw-essais-voya\/","url":"https:\/\/blogs.thesocialmedia.com\/leblogmoto\/2006\/03\/22\/bmw-essais-voya\/","name":"BMW: Essais, voyages et exp\u00e9riences. - leblogmoto.com","isPartOf":{"@id":"https:\/\/blogs.thesocialmedia.com\/leblogmoto\/#website"},"primaryImageOfPage":{"@id":"https:\/\/blogs.thesocialmedia.com\/leblogmoto\/2006\/03\/22\/bmw-essais-voya\/#primaryimage"},"image":{"@id":"https:\/\/blogs.thesocialmedia.com\/leblogmoto\/2006\/03\/22\/bmw-essais-voya\/#primaryimage"},"thumbnailUrl":"http:\/\/www.leblogmoto.com\/images\/featured_main.jpg","datePublished":"2006-03-22T13:16:31+00:00","dateModified":"2012-07-11T14:18:03+00:00","author":{"@id":"https:\/\/blogs.thesocialmedia.com\/leblogmoto\/#\/schema\/person\/1a1dcfc7cec206573105eb4af91155c2"},"breadcrumb":{"@id":"https:\/\/blogs.thesocialmedia.com\/leblogmoto\/2006\/03\/22\/bmw-essais-voya\/#breadcrumb"},"inLanguage":"fr-FR","potentialAction":[{"@type":"ReadAction","target":["https:\/\/blogs.thesocialmedia.com\/leblogmoto\/2006\/03\/22\/bmw-essais-voya\/"]}]},{"@type":"ImageObject","inLanguage":"fr-FR","@id":"https:\/\/blogs.thesocialmedia.com\/leblogmoto\/2006\/03\/22\/bmw-essais-voya\/#primaryimage","url":"http:\/\/www.leblogmoto.com\/images\/featured_main.jpg","contentUrl":"http:\/\/www.leblogmoto.com\/images\/featured_main.jpg"},{"@type":"BreadcrumbList","@id":"https:\/\/blogs.thesocialmedia.com\/leblogmoto\/2006\/03\/22\/bmw-essais-voya\/#breadcrumb","itemListElement":[{"@type":"ListItem","position":1,"name":"Accueil","item":"https:\/\/blogs.thesocialmedia.com\/leblogmoto\/"},{"@type":"ListItem","position":2,"name":"BMW: Essais, voyages et exp\u00e9riences."}]},{"@type":"WebSite","@id":"https:\/\/blogs.thesocialmedia.com\/leblogmoto\/#website","url":"https:\/\/blogs.thesocialmedia.com\/leblogmoto\/","name":"leblogmoto","description":"Toute l&#039;actualit\u00e9 des 2 roues","potentialAction":[{"@type":"SearchAction","target":{"@type":"EntryPoint","urlTemplate":"https:\/\/blogs.thesocialmedia.com\/leblogmoto\/?s={search_term_string}"},"query-input":{"@type":"PropertyValueSpecification","valueRequired":true,"valueName":"search_term_string"}}],"inLanguage":"fr-FR"},{"@type":"Person","@id":"https:\/\/blogs.thesocialmedia.com\/leblogmoto\/#\/schema\/person\/1a1dcfc7cec206573105eb4af91155c2","name":"andre leconde","image":{"@type":"ImageObject","inLanguage":"fr-FR","@id":"https:\/\/blogs.thesocialmedia.com\/leblogmoto\/#\/schema\/person\/image\/","url":"https:\/\/secure.gravatar.com\/avatar\/?s=96&d=mm&r=g","contentUrl":"https:\/\/secure.gravatar.com\/avatar\/?s=96&d=mm&r=g","caption":"andre leconde"},"url":"https:\/\/blogs.thesocialmedia.com\/leblogmoto\/author\/andre-leconde\/"}]}},"_links":{"self":[{"href":"https:\/\/blogs.thesocialmedia.com\/leblogmoto\/wp-json\/wp\/v2\/posts\/1982","targetHints":{"allow":["GET"]}}],"collection":[{"href":"https:\/\/blogs.thesocialmedia.com\/leblogmoto\/wp-json\/wp\/v2\/posts"}],"about":[{"href":"https:\/\/blogs.thesocialmedia.com\/leblogmoto\/wp-json\/wp\/v2\/types\/post"}],"author":[{"embeddable":true,"href":"https:\/\/blogs.thesocialmedia.com\/leblogmoto\/wp-json\/wp\/v2\/users\/336"}],"replies":[{"embeddable":true,"href":"https:\/\/blogs.thesocialmedia.com\/leblogmoto\/wp-json\/wp\/v2\/comments?post=1982"}],"version-history":[{"count":2,"href":"https:\/\/blogs.thesocialmedia.com\/leblogmoto\/wp-json\/wp\/v2\/posts\/1982\/revisions"}],"predecessor-version":[{"id":7187,"href":"https:\/\/blogs.thesocialmedia.com\/leblogmoto\/wp-json\/wp\/v2\/posts\/1982\/revisions\/7187"}],"wp:attachment":[{"href":"https:\/\/blogs.thesocialmedia.com\/leblogmoto\/wp-json\/wp\/v2\/media?parent=1982"}],"wp:term":[{"taxonomy":"category","embeddable":true,"href":"https:\/\/blogs.thesocialmedia.com\/leblogmoto\/wp-json\/wp\/v2\/categories?post=1982"},{"taxonomy":"post_tag","embeddable":true,"href":"https:\/\/blogs.thesocialmedia.com\/leblogmoto\/wp-json\/wp\/v2\/tags?post=1982"}],"curies":[{"name":"wp","href":"https:\/\/api.w.org\/{rel}","templated":true}]}}