{"id":1984,"date":"2006-03-20T21:46:37","date_gmt":"2006-03-20T21:46:37","guid":{"rendered":"http:\/\/blogs.thesocialmedia.com\/leblogmoto\/2006\/03\/20\/journes-dcouver\/"},"modified":"2012-07-11T14:18:00","modified_gmt":"2012-07-11T14:18:00","slug":"journes-dcouver","status":"publish","type":"post","link":"https:\/\/blogs.thesocialmedia.com\/leblogmoto\/2006\/03\/20\/journes-dcouver\/","title":{"rendered":"Journ\u00e9es d\u00e9couvertes: MZ aussi !"},"content":{"rendered":"<p><a href=\"http:\/\/blogs.thesocialmedia.com\/leblogmoto\/files\/2012\/07\/05_mz1000sf_010.jpg\"><img loading=\"lazy\" decoding=\"async\" height=\"170\" alt=\"05_mz1000sf_010\" src=\"http:\/\/www.leblogmoto.com\/images\/05_mz1000sf_010.jpg\" width=\"250\"  \/><\/a>Les grandes <a href=\"http:\/\/www.leblogmoto.com\/2006\/03\/honda_days_mett.html\">marques<\/a> au <a href=\"http:\/\/www.leblogmoto.com\/2006\/03\/les_4_jours_yam.html\">r\u00e9seau<\/a> puissant profitent de l&rsquo;arriv\u00e9e du printemps pour montrer leurs <a href=\"http:\/\/www.leblogmoto.com\/2006\/03\/triple_days_tri.html\">motos<\/a> et chercher le client.<\/p>\n<p>Les <a href=\"http:\/\/www.leblogmoto.com\/2006\/03\/boxer_design_le.html\">petits<\/a> constructeurs, mais au grand coeur, ne rechignent pas au labeur et se proposent, eux aussi, de traquer le futur acqu\u00e9reur.<\/p>\n<p>Un exemple, <a href=\"http:\/\/www.leblogmoto.com\/2006\/01\/post_1.html\">MZ<\/a>, qui, les <strong>26 et 27 mars<\/strong>, ira sur le <strong>circuit Carole<\/strong>, exposer ses machines les plus folles afin de vous les faire essayer sans qu&rsquo;il vous en co\u00fbte un pistole&#8230;&nbsp; &nbsp; <\/p>\n<p><a href=\"http:\/\/clabedan.typepad.com\/.shared\/image.html?\/photos\/uncategorized\/index_1.jpg\"><img loading=\"lazy\" decoding=\"async\" height=\"215\" alt=\"Index_1\" src=\"http:\/\/www.leblogmoto.com\/images\/index_1.jpg\" width=\"250\"  \/><\/a>Il faudra cependant ne pas perdre de temps pour y \u00eatre pr\u00e9sent. Les places sont limit\u00e9es, et c&rsquo;est chez le <a href=\"http:\/\/www.euromotor.fr\">concessionnaire<\/a> que les invitations sont \u00e0 retirer.<\/p>\n<p><strong>15<\/strong> machines \u00e0 disposition, de 10H30 \u00e0 17H00, toutes les <strong>1000<\/strong> et les <strong>125<\/strong> du blason. Equipements de s\u00e9curit\u00e9 de rigueur, \u00e9videmment. <\/p>\n<p>C&rsquo;est \u00e0 ne pas rater, parce que ces MZ, c&rsquo;est franchement pas ce qu&rsquo;il y a de plus laid.<\/p>\n<p>SOURCE: <a href=\"http:\/\/www.motomag.com\">www.motomag.com<\/a>&nbsp; &nbsp;<\/p>\n","protected":false},"excerpt":{"rendered":"<p>Les grandes marques au r\u00e9seau puissant profitent de l&rsquo;arriv\u00e9e du printemps pour montrer leurs motos et chercher le client. Les petits constructeurs, mais au grand coeur, ne rechignent pas au labeur et se proposent, eux aussi, de traquer le futur acqu\u00e9reur. Un exemple, MZ, qui, les 26 et 27 mars, ira sur le circuit Carole, [&hellip;]<\/p>\n","protected":false},"author":336,"featured_media":0,"comment_status":"open","ping_status":"open","sticky":false,"template":"","format":"standard","meta":{"footnotes":""},"categories":[75],"tags":[],"class_list":["post-1984","post","type-post","status-publish","format-standard","hentry","category-mz"],"yoast_head":"<!-- This site is optimized with the Yoast SEO plugin v26.0 - https:\/\/yoast.com\/wordpress\/plugins\/seo\/ -->\n<title>Journ\u00e9es d\u00e9couvertes: MZ aussi ! - leblogmoto.com<\/title>\n<meta name=\"robots\" content=\"index, follow, max-snippet:-1, max-image-preview:large, max-video-preview:-1\" \/>\n<link rel=\"canonical\" href=\"https:\/\/blogs.thesocialmedia.com\/leblogmoto\/2006\/03\/20\/journes-dcouver\/\" \/>\n<meta name=\"twitter:card\" content=\"summary_large_image\" \/>\n<meta name=\"twitter:title\" content=\"Journ\u00e9es d\u00e9couvertes: MZ aussi ! - leblogmoto.com\" \/>\n<meta name=\"twitter:description\" content=\"Les grandes marques au r\u00e9seau puissant profitent de l&rsquo;arriv\u00e9e du printemps pour montrer leurs motos et chercher le client. Les petits constructeurs, mais au grand coeur, ne rechignent pas au labeur et se proposent, eux aussi, de traquer le futur acqu\u00e9reur. Un exemple, MZ, qui, les 26 et 27 mars, ira sur le circuit Carole, [&hellip;]\" \/>\n<meta name=\"twitter:image\" content=\"http:\/\/www.leblogmoto.com\/images\/05_mz1000sf_010.jpg\" \/>\n<meta name=\"twitter:label1\" content=\"\u00c9crit par\" \/>\n\t<meta name=\"twitter:data1\" content=\"andre leconde\" \/>\n\t<meta name=\"twitter:label2\" content=\"Dur\u00e9e de lecture estim\u00e9e\" \/>\n\t<meta name=\"twitter:data2\" content=\"1 minute\" \/>\n<script type=\"application\/ld+json\" class=\"yoast-schema-graph\">{\"@context\":\"https:\/\/schema.org\",\"@graph\":[{\"@type\":\"WebPage\",\"@id\":\"https:\/\/blogs.thesocialmedia.com\/leblogmoto\/2006\/03\/20\/journes-dcouver\/\",\"url\":\"https:\/\/blogs.thesocialmedia.com\/leblogmoto\/2006\/03\/20\/journes-dcouver\/\",\"name\":\"Journ\u00e9es d\u00e9couvertes: MZ aussi ! - leblogmoto.com\",\"isPartOf\":{\"@id\":\"https:\/\/blogs.thesocialmedia.com\/leblogmoto\/#website\"},\"primaryImageOfPage\":{\"@id\":\"https:\/\/blogs.thesocialmedia.com\/leblogmoto\/2006\/03\/20\/journes-dcouver\/#primaryimage\"},\"image\":{\"@id\":\"https:\/\/blogs.thesocialmedia.com\/leblogmoto\/2006\/03\/20\/journes-dcouver\/#primaryimage\"},\"thumbnailUrl\":\"http:\/\/www.leblogmoto.com\/images\/05_mz1000sf_010.jpg\",\"datePublished\":\"2006-03-20T21:46:37+00:00\",\"dateModified\":\"2012-07-11T14:18:00+00:00\",\"author\":{\"@id\":\"https:\/\/blogs.thesocialmedia.com\/leblogmoto\/#\/schema\/person\/1a1dcfc7cec206573105eb4af91155c2\"},\"breadcrumb\":{\"@id\":\"https:\/\/blogs.thesocialmedia.com\/leblogmoto\/2006\/03\/20\/journes-dcouver\/#breadcrumb\"},\"inLanguage\":\"fr-FR\",\"potentialAction\":[{\"@type\":\"ReadAction\",\"target\":[\"https:\/\/blogs.thesocialmedia.com\/leblogmoto\/2006\/03\/20\/journes-dcouver\/\"]}]},{\"@type\":\"ImageObject\",\"inLanguage\":\"fr-FR\",\"@id\":\"https:\/\/blogs.thesocialmedia.com\/leblogmoto\/2006\/03\/20\/journes-dcouver\/#primaryimage\",\"url\":\"http:\/\/www.leblogmoto.com\/images\/05_mz1000sf_010.jpg\",\"contentUrl\":\"http:\/\/www.leblogmoto.com\/images\/05_mz1000sf_010.jpg\"},{\"@type\":\"BreadcrumbList\",\"@id\":\"https:\/\/blogs.thesocialmedia.com\/leblogmoto\/2006\/03\/20\/journes-dcouver\/#breadcrumb\",\"itemListElement\":[{\"@type\":\"ListItem\",\"position\":1,\"name\":\"Accueil\",\"item\":\"https:\/\/blogs.thesocialmedia.com\/leblogmoto\/\"},{\"@type\":\"ListItem\",\"position\":2,\"name\":\"Journ\u00e9es d\u00e9couvertes: MZ aussi !\"}]},{\"@type\":\"WebSite\",\"@id\":\"https:\/\/blogs.thesocialmedia.com\/leblogmoto\/#website\",\"url\":\"https:\/\/blogs.thesocialmedia.com\/leblogmoto\/\",\"name\":\"leblogmoto\",\"description\":\"Toute l&#039;actualit\u00e9 des 2 roues\",\"potentialAction\":[{\"@type\":\"SearchAction\",\"target\":{\"@type\":\"EntryPoint\",\"urlTemplate\":\"https:\/\/blogs.thesocialmedia.com\/leblogmoto\/?s={search_term_string}\"},\"query-input\":{\"@type\":\"PropertyValueSpecification\",\"valueRequired\":true,\"valueName\":\"search_term_string\"}}],\"inLanguage\":\"fr-FR\"},{\"@type\":\"Person\",\"@id\":\"https:\/\/blogs.thesocialmedia.com\/leblogmoto\/#\/schema\/person\/1a1dcfc7cec206573105eb4af91155c2\",\"name\":\"andre leconde\",\"image\":{\"@type\":\"ImageObject\",\"inLanguage\":\"fr-FR\",\"@id\":\"https:\/\/blogs.thesocialmedia.com\/leblogmoto\/#\/schema\/person\/image\/\",\"url\":\"https:\/\/secure.gravatar.com\/avatar\/?s=96&d=mm&r=g\",\"contentUrl\":\"https:\/\/secure.gravatar.com\/avatar\/?s=96&d=mm&r=g\",\"caption\":\"andre leconde\"},\"url\":\"https:\/\/blogs.thesocialmedia.com\/leblogmoto\/author\/andre-leconde\/\"}]}<\/script>\n<!-- \/ Yoast SEO plugin. -->","yoast_head_json":{"title":"Journ\u00e9es d\u00e9couvertes: MZ aussi ! - leblogmoto.com","robots":{"index":"index","follow":"follow","max-snippet":"max-snippet:-1","max-image-preview":"max-image-preview:large","max-video-preview":"max-video-preview:-1"},"canonical":"https:\/\/blogs.thesocialmedia.com\/leblogmoto\/2006\/03\/20\/journes-dcouver\/","twitter_card":"summary_large_image","twitter_title":"Journ\u00e9es d\u00e9couvertes: MZ aussi ! - leblogmoto.com","twitter_description":"Les grandes marques au r\u00e9seau puissant profitent de l&rsquo;arriv\u00e9e du printemps pour montrer leurs motos et chercher le client. Les petits constructeurs, mais au grand coeur, ne rechignent pas au labeur et se proposent, eux aussi, de traquer le futur acqu\u00e9reur. Un exemple, MZ, qui, les 26 et 27 mars, ira sur le circuit Carole, [&hellip;]","twitter_image":"http:\/\/www.leblogmoto.com\/images\/05_mz1000sf_010.jpg","twitter_misc":{"\u00c9crit par":"andre leconde","Dur\u00e9e de lecture estim\u00e9e":"1 minute"},"schema":{"@context":"https:\/\/schema.org","@graph":[{"@type":"WebPage","@id":"https:\/\/blogs.thesocialmedia.com\/leblogmoto\/2006\/03\/20\/journes-dcouver\/","url":"https:\/\/blogs.thesocialmedia.com\/leblogmoto\/2006\/03\/20\/journes-dcouver\/","name":"Journ\u00e9es d\u00e9couvertes: MZ aussi ! - leblogmoto.com","isPartOf":{"@id":"https:\/\/blogs.thesocialmedia.com\/leblogmoto\/#website"},"primaryImageOfPage":{"@id":"https:\/\/blogs.thesocialmedia.com\/leblogmoto\/2006\/03\/20\/journes-dcouver\/#primaryimage"},"image":{"@id":"https:\/\/blogs.thesocialmedia.com\/leblogmoto\/2006\/03\/20\/journes-dcouver\/#primaryimage"},"thumbnailUrl":"http:\/\/www.leblogmoto.com\/images\/05_mz1000sf_010.jpg","datePublished":"2006-03-20T21:46:37+00:00","dateModified":"2012-07-11T14:18:00+00:00","author":{"@id":"https:\/\/blogs.thesocialmedia.com\/leblogmoto\/#\/schema\/person\/1a1dcfc7cec206573105eb4af91155c2"},"breadcrumb":{"@id":"https:\/\/blogs.thesocialmedia.com\/leblogmoto\/2006\/03\/20\/journes-dcouver\/#breadcrumb"},"inLanguage":"fr-FR","potentialAction":[{"@type":"ReadAction","target":["https:\/\/blogs.thesocialmedia.com\/leblogmoto\/2006\/03\/20\/journes-dcouver\/"]}]},{"@type":"ImageObject","inLanguage":"fr-FR","@id":"https:\/\/blogs.thesocialmedia.com\/leblogmoto\/2006\/03\/20\/journes-dcouver\/#primaryimage","url":"http:\/\/www.leblogmoto.com\/images\/05_mz1000sf_010.jpg","contentUrl":"http:\/\/www.leblogmoto.com\/images\/05_mz1000sf_010.jpg"},{"@type":"BreadcrumbList","@id":"https:\/\/blogs.thesocialmedia.com\/leblogmoto\/2006\/03\/20\/journes-dcouver\/#breadcrumb","itemListElement":[{"@type":"ListItem","position":1,"name":"Accueil","item":"https:\/\/blogs.thesocialmedia.com\/leblogmoto\/"},{"@type":"ListItem","position":2,"name":"Journ\u00e9es d\u00e9couvertes: MZ aussi !"}]},{"@type":"WebSite","@id":"https:\/\/blogs.thesocialmedia.com\/leblogmoto\/#website","url":"https:\/\/blogs.thesocialmedia.com\/leblogmoto\/","name":"leblogmoto","description":"Toute l&#039;actualit\u00e9 des 2 roues","potentialAction":[{"@type":"SearchAction","target":{"@type":"EntryPoint","urlTemplate":"https:\/\/blogs.thesocialmedia.com\/leblogmoto\/?s={search_term_string}"},"query-input":{"@type":"PropertyValueSpecification","valueRequired":true,"valueName":"search_term_string"}}],"inLanguage":"fr-FR"},{"@type":"Person","@id":"https:\/\/blogs.thesocialmedia.com\/leblogmoto\/#\/schema\/person\/1a1dcfc7cec206573105eb4af91155c2","name":"andre leconde","image":{"@type":"ImageObject","inLanguage":"fr-FR","@id":"https:\/\/blogs.thesocialmedia.com\/leblogmoto\/#\/schema\/person\/image\/","url":"https:\/\/secure.gravatar.com\/avatar\/?s=96&d=mm&r=g","contentUrl":"https:\/\/secure.gravatar.com\/avatar\/?s=96&d=mm&r=g","caption":"andre leconde"},"url":"https:\/\/blogs.thesocialmedia.com\/leblogmoto\/author\/andre-leconde\/"}]}},"_links":{"self":[{"href":"https:\/\/blogs.thesocialmedia.com\/leblogmoto\/wp-json\/wp\/v2\/posts\/1984","targetHints":{"allow":["GET"]}}],"collection":[{"href":"https:\/\/blogs.thesocialmedia.com\/leblogmoto\/wp-json\/wp\/v2\/posts"}],"about":[{"href":"https:\/\/blogs.thesocialmedia.com\/leblogmoto\/wp-json\/wp\/v2\/types\/post"}],"author":[{"embeddable":true,"href":"https:\/\/blogs.thesocialmedia.com\/leblogmoto\/wp-json\/wp\/v2\/users\/336"}],"replies":[{"embeddable":true,"href":"https:\/\/blogs.thesocialmedia.com\/leblogmoto\/wp-json\/wp\/v2\/comments?post=1984"}],"version-history":[{"count":2,"href":"https:\/\/blogs.thesocialmedia.com\/leblogmoto\/wp-json\/wp\/v2\/posts\/1984\/revisions"}],"predecessor-version":[{"id":7183,"href":"https:\/\/blogs.thesocialmedia.com\/leblogmoto\/wp-json\/wp\/v2\/posts\/1984\/revisions\/7183"}],"wp:attachment":[{"href":"https:\/\/blogs.thesocialmedia.com\/leblogmoto\/wp-json\/wp\/v2\/media?parent=1984"}],"wp:term":[{"taxonomy":"category","embeddable":true,"href":"https:\/\/blogs.thesocialmedia.com\/leblogmoto\/wp-json\/wp\/v2\/categories?post=1984"},{"taxonomy":"post_tag","embeddable":true,"href":"https:\/\/blogs.thesocialmedia.com\/leblogmoto\/wp-json\/wp\/v2\/tags?post=1984"}],"curies":[{"name":"wp","href":"https:\/\/api.w.org\/{rel}","templated":true}]}}