{"id":1987,"date":"2006-03-19T20:14:20","date_gmt":"2006-03-19T20:14:20","guid":{"rendered":"http:\/\/blogs.thesocialmedia.com\/leblogmoto\/2006\/03\/19\/triumph-nationa\/"},"modified":"2012-07-11T13:21:36","modified_gmt":"2012-07-11T13:21:36","slug":"triumph-nationa","status":"publish","type":"post","link":"https:\/\/blogs.thesocialmedia.com\/leblogmoto\/2006\/03\/19\/triumph-nationa\/","title":{"rendered":"TRIUMPH NATIONAL DAYS: Au Mas du Clos en Juin."},"content":{"rendered":"<p><a href=\"http:\/\/www.leblogmoto.com\/2006\/03\/triple_days_tri.html\"><img loading=\"lazy\" decoding=\"async\" height=\"186\" alt=\"Images_43\" src=\"http:\/\/www.leblogmoto.com\/images\/images_43.jpg\" width=\"250\"  \/>TRIUMPH<\/a> organise pour les <strong>24 et 25 juin<\/strong> prochain ses &quot;<strong>National Days<\/strong>&quot; sur le circuit du <strong>MAS DU CLOS<\/strong>. Le sympathique tourniquet d&rsquo;un peu plus de trois kilom\u00e8tres situ\u00e9 pr\u00e8s d&rsquo;<strong>Aubusson<\/strong>, accueillera donc cette seconde f\u00eate du genre de la marque.<\/p>\n<p>Une bonne mise en jambe avant d&rsquo;aller s&rsquo;\u00e9gayer peut \u00eatre pr\u00e8s de la fronti\u00e8re autrichienne <a href=\"http:\/\/www.leblogmoto.com\/2006\/02\/en_juillet_pens.html\">en juillet<\/a>, sauf que pour ce rassemblement, les places sont limit\u00e9es. <strong>300 <\/strong>motos et <strong>400<\/strong> personnes, voil\u00e0 les effectifs qui ne seront pas d\u00e9pass\u00e9s. Autant faire sa <strong>r\u00e9servation<\/strong> tout de suite, d&rsquo;autant que le programme est des plus sympathique&#8230;&nbsp; <\/p>\n<p><a href=\"http:\/\/clabedan.typepad.com\/.shared\/image.html?\/photos\/uncategorized\/plan_acces.png\"><\/a><a href=\"http:\/\/clabedan.typepad.com\/.shared\/image.html?\/photos\/uncategorized\/circuit_aerien.jpg\"><img loading=\"lazy\" decoding=\"async\" height=\"171\" alt=\"Circuit_aerien\" src=\"http:\/\/www.leblogmoto.com\/images\/circuit_aerien.jpg\" width=\"250\"  \/><\/a>Deux formules sont propos\u00e9es, une pour le <a href=\"http:\/\/www.leblogmoto.com\/2005\/10\/mondial_2005_tr.html\">sport<\/a>, l&rsquo;autre pour le <a href=\"http:\/\/www.leblogmoto.com\/2005\/10\/mondial_2005_tr_4.html\">tourisme<\/a>. Pour les muscl\u00e9s de la poign\u00e9e, ils se pr\u00e9senteront avec le cuir idoine pour go\u00fbter de ce circuit vallonn\u00e9 \u00e0 souha\u00eet. <strong>Vingt minutes<\/strong> \u00e0 se r\u00e9galer, mais \u00e0 condition que votre machine passe sous les fourches caudines de l&rsquo;inspection technique de la pit-lane. On ne badine pas avec la s\u00e9curit\u00e9 chez <a href=\"http:\/\/www.leblogmoto.com\/2006\/01\/le_salon_de_bru.html\">TRIUMPH<\/a>.<\/p>\n<p>Le tourisme dans la <strong>Creuse<\/strong> vous sera d\u00e9peint en convoi. Au retour, rassemblement festif pour tout le monde avec un feu d&rsquo;artifice pour conclusion. Il y aura m\u00eame des r\u00e9compenses pour les machines les plus belles de la communaut\u00e9. Et un pr\u00e9sent comm\u00e9moratif pour tous.<\/p>\n<p>C\u00f4t\u00e9 tarifs, c&rsquo;est <strong>65<\/strong> euros le circuit, <strong>40<\/strong> euros la ballade, <strong>20<\/strong> euros la sauterie vesp\u00e9rale, les d\u00e9jeuners de midi \u00e9tant \u00e0 votre charge. Aucune inscription ne se fera sur place. Il faut donc r\u00e9server, et se renseigner aux adresses ci-dessous, ne serait-ce que pour l&rsquo;h\u00e9bergement.<\/p>\n<p>SOURCE: <a href=\"http:\/\/www.triumph.co.uk\/\">www.triumph.co.uk<\/a> et <a href=\"mailto:bertrand.goyez@triumph.co.uk\">bertrand.goyez@triumph.co.uk<\/a>&nbsp; &nbsp;<\/p>\n","protected":false},"excerpt":{"rendered":"<p>TRIUMPH organise pour les 24 et 25 juin prochain ses &quot;National Days&quot; sur le circuit du MAS DU CLOS. Le sympathique tourniquet d&rsquo;un peu plus de trois kilom\u00e8tres situ\u00e9 pr\u00e8s d&rsquo;Aubusson, accueillera donc cette seconde f\u00eate du genre de la marque. Une bonne mise en jambe avant d&rsquo;aller s&rsquo;\u00e9gayer peut \u00eatre pr\u00e8s de la fronti\u00e8re [&hellip;]<\/p>\n","protected":false},"author":336,"featured_media":0,"comment_status":"open","ping_status":"open","sticky":false,"template":"","format":"standard","meta":{"footnotes":""},"categories":[3,54],"tags":[],"class_list":["post-1987","post","type-post","status-publish","format-standard","hentry","category-actualite","category-triumph"],"yoast_head":"<!-- This site is optimized with the Yoast SEO plugin v26.0 - https:\/\/yoast.com\/wordpress\/plugins\/seo\/ -->\n<title>TRIUMPH NATIONAL DAYS: Au Mas du Clos en Juin. - leblogmoto.com<\/title>\n<meta name=\"robots\" content=\"index, follow, max-snippet:-1, max-image-preview:large, max-video-preview:-1\" \/>\n<link rel=\"canonical\" href=\"https:\/\/blogs.thesocialmedia.com\/leblogmoto\/2006\/03\/19\/triumph-nationa\/\" \/>\n<meta name=\"twitter:card\" content=\"summary_large_image\" \/>\n<meta name=\"twitter:title\" content=\"TRIUMPH NATIONAL DAYS: Au Mas du Clos en Juin. - leblogmoto.com\" \/>\n<meta name=\"twitter:description\" content=\"TRIUMPH organise pour les 24 et 25 juin prochain ses &quot;National Days&quot; sur le circuit du MAS DU CLOS. Le sympathique tourniquet d&rsquo;un peu plus de trois kilom\u00e8tres situ\u00e9 pr\u00e8s d&rsquo;Aubusson, accueillera donc cette seconde f\u00eate du genre de la marque. Une bonne mise en jambe avant d&rsquo;aller s&rsquo;\u00e9gayer peut \u00eatre pr\u00e8s de la fronti\u00e8re [&hellip;]\" \/>\n<meta name=\"twitter:image\" content=\"http:\/\/www.leblogmoto.com\/images\/images_43.jpg\" \/>\n<meta name=\"twitter:label1\" content=\"\u00c9crit par\" \/>\n\t<meta name=\"twitter:data1\" content=\"andre leconde\" \/>\n\t<meta name=\"twitter:label2\" content=\"Dur\u00e9e de lecture estim\u00e9e\" \/>\n\t<meta name=\"twitter:data2\" content=\"1 minute\" \/>\n<script type=\"application\/ld+json\" class=\"yoast-schema-graph\">{\"@context\":\"https:\/\/schema.org\",\"@graph\":[{\"@type\":\"WebPage\",\"@id\":\"https:\/\/blogs.thesocialmedia.com\/leblogmoto\/2006\/03\/19\/triumph-nationa\/\",\"url\":\"https:\/\/blogs.thesocialmedia.com\/leblogmoto\/2006\/03\/19\/triumph-nationa\/\",\"name\":\"TRIUMPH NATIONAL DAYS: Au Mas du Clos en Juin. - leblogmoto.com\",\"isPartOf\":{\"@id\":\"https:\/\/blogs.thesocialmedia.com\/leblogmoto\/#website\"},\"primaryImageOfPage\":{\"@id\":\"https:\/\/blogs.thesocialmedia.com\/leblogmoto\/2006\/03\/19\/triumph-nationa\/#primaryimage\"},\"image\":{\"@id\":\"https:\/\/blogs.thesocialmedia.com\/leblogmoto\/2006\/03\/19\/triumph-nationa\/#primaryimage\"},\"thumbnailUrl\":\"http:\/\/www.leblogmoto.com\/images\/images_43.jpg\",\"datePublished\":\"2006-03-19T20:14:20+00:00\",\"dateModified\":\"2012-07-11T13:21:36+00:00\",\"author\":{\"@id\":\"https:\/\/blogs.thesocialmedia.com\/leblogmoto\/#\/schema\/person\/1a1dcfc7cec206573105eb4af91155c2\"},\"breadcrumb\":{\"@id\":\"https:\/\/blogs.thesocialmedia.com\/leblogmoto\/2006\/03\/19\/triumph-nationa\/#breadcrumb\"},\"inLanguage\":\"fr-FR\",\"potentialAction\":[{\"@type\":\"ReadAction\",\"target\":[\"https:\/\/blogs.thesocialmedia.com\/leblogmoto\/2006\/03\/19\/triumph-nationa\/\"]}]},{\"@type\":\"ImageObject\",\"inLanguage\":\"fr-FR\",\"@id\":\"https:\/\/blogs.thesocialmedia.com\/leblogmoto\/2006\/03\/19\/triumph-nationa\/#primaryimage\",\"url\":\"http:\/\/www.leblogmoto.com\/images\/images_43.jpg\",\"contentUrl\":\"http:\/\/www.leblogmoto.com\/images\/images_43.jpg\"},{\"@type\":\"BreadcrumbList\",\"@id\":\"https:\/\/blogs.thesocialmedia.com\/leblogmoto\/2006\/03\/19\/triumph-nationa\/#breadcrumb\",\"itemListElement\":[{\"@type\":\"ListItem\",\"position\":1,\"name\":\"Accueil\",\"item\":\"https:\/\/blogs.thesocialmedia.com\/leblogmoto\/\"},{\"@type\":\"ListItem\",\"position\":2,\"name\":\"TRIUMPH NATIONAL DAYS: Au Mas du Clos en Juin.\"}]},{\"@type\":\"WebSite\",\"@id\":\"https:\/\/blogs.thesocialmedia.com\/leblogmoto\/#website\",\"url\":\"https:\/\/blogs.thesocialmedia.com\/leblogmoto\/\",\"name\":\"leblogmoto\",\"description\":\"Toute l&#039;actualit\u00e9 des 2 roues\",\"potentialAction\":[{\"@type\":\"SearchAction\",\"target\":{\"@type\":\"EntryPoint\",\"urlTemplate\":\"https:\/\/blogs.thesocialmedia.com\/leblogmoto\/?s={search_term_string}\"},\"query-input\":{\"@type\":\"PropertyValueSpecification\",\"valueRequired\":true,\"valueName\":\"search_term_string\"}}],\"inLanguage\":\"fr-FR\"},{\"@type\":\"Person\",\"@id\":\"https:\/\/blogs.thesocialmedia.com\/leblogmoto\/#\/schema\/person\/1a1dcfc7cec206573105eb4af91155c2\",\"name\":\"andre leconde\",\"image\":{\"@type\":\"ImageObject\",\"inLanguage\":\"fr-FR\",\"@id\":\"https:\/\/blogs.thesocialmedia.com\/leblogmoto\/#\/schema\/person\/image\/\",\"url\":\"https:\/\/secure.gravatar.com\/avatar\/?s=96&d=mm&r=g\",\"contentUrl\":\"https:\/\/secure.gravatar.com\/avatar\/?s=96&d=mm&r=g\",\"caption\":\"andre leconde\"},\"url\":\"https:\/\/blogs.thesocialmedia.com\/leblogmoto\/author\/andre-leconde\/\"}]}<\/script>\n<!-- \/ Yoast SEO plugin. -->","yoast_head_json":{"title":"TRIUMPH NATIONAL DAYS: Au Mas du Clos en Juin. - leblogmoto.com","robots":{"index":"index","follow":"follow","max-snippet":"max-snippet:-1","max-image-preview":"max-image-preview:large","max-video-preview":"max-video-preview:-1"},"canonical":"https:\/\/blogs.thesocialmedia.com\/leblogmoto\/2006\/03\/19\/triumph-nationa\/","twitter_card":"summary_large_image","twitter_title":"TRIUMPH NATIONAL DAYS: Au Mas du Clos en Juin. - leblogmoto.com","twitter_description":"TRIUMPH organise pour les 24 et 25 juin prochain ses &quot;National Days&quot; sur le circuit du MAS DU CLOS. Le sympathique tourniquet d&rsquo;un peu plus de trois kilom\u00e8tres situ\u00e9 pr\u00e8s d&rsquo;Aubusson, accueillera donc cette seconde f\u00eate du genre de la marque. Une bonne mise en jambe avant d&rsquo;aller s&rsquo;\u00e9gayer peut \u00eatre pr\u00e8s de la fronti\u00e8re [&hellip;]","twitter_image":"http:\/\/www.leblogmoto.com\/images\/images_43.jpg","twitter_misc":{"\u00c9crit par":"andre leconde","Dur\u00e9e de lecture estim\u00e9e":"1 minute"},"schema":{"@context":"https:\/\/schema.org","@graph":[{"@type":"WebPage","@id":"https:\/\/blogs.thesocialmedia.com\/leblogmoto\/2006\/03\/19\/triumph-nationa\/","url":"https:\/\/blogs.thesocialmedia.com\/leblogmoto\/2006\/03\/19\/triumph-nationa\/","name":"TRIUMPH NATIONAL DAYS: Au Mas du Clos en Juin. - leblogmoto.com","isPartOf":{"@id":"https:\/\/blogs.thesocialmedia.com\/leblogmoto\/#website"},"primaryImageOfPage":{"@id":"https:\/\/blogs.thesocialmedia.com\/leblogmoto\/2006\/03\/19\/triumph-nationa\/#primaryimage"},"image":{"@id":"https:\/\/blogs.thesocialmedia.com\/leblogmoto\/2006\/03\/19\/triumph-nationa\/#primaryimage"},"thumbnailUrl":"http:\/\/www.leblogmoto.com\/images\/images_43.jpg","datePublished":"2006-03-19T20:14:20+00:00","dateModified":"2012-07-11T13:21:36+00:00","author":{"@id":"https:\/\/blogs.thesocialmedia.com\/leblogmoto\/#\/schema\/person\/1a1dcfc7cec206573105eb4af91155c2"},"breadcrumb":{"@id":"https:\/\/blogs.thesocialmedia.com\/leblogmoto\/2006\/03\/19\/triumph-nationa\/#breadcrumb"},"inLanguage":"fr-FR","potentialAction":[{"@type":"ReadAction","target":["https:\/\/blogs.thesocialmedia.com\/leblogmoto\/2006\/03\/19\/triumph-nationa\/"]}]},{"@type":"ImageObject","inLanguage":"fr-FR","@id":"https:\/\/blogs.thesocialmedia.com\/leblogmoto\/2006\/03\/19\/triumph-nationa\/#primaryimage","url":"http:\/\/www.leblogmoto.com\/images\/images_43.jpg","contentUrl":"http:\/\/www.leblogmoto.com\/images\/images_43.jpg"},{"@type":"BreadcrumbList","@id":"https:\/\/blogs.thesocialmedia.com\/leblogmoto\/2006\/03\/19\/triumph-nationa\/#breadcrumb","itemListElement":[{"@type":"ListItem","position":1,"name":"Accueil","item":"https:\/\/blogs.thesocialmedia.com\/leblogmoto\/"},{"@type":"ListItem","position":2,"name":"TRIUMPH NATIONAL DAYS: Au Mas du Clos en Juin."}]},{"@type":"WebSite","@id":"https:\/\/blogs.thesocialmedia.com\/leblogmoto\/#website","url":"https:\/\/blogs.thesocialmedia.com\/leblogmoto\/","name":"leblogmoto","description":"Toute l&#039;actualit\u00e9 des 2 roues","potentialAction":[{"@type":"SearchAction","target":{"@type":"EntryPoint","urlTemplate":"https:\/\/blogs.thesocialmedia.com\/leblogmoto\/?s={search_term_string}"},"query-input":{"@type":"PropertyValueSpecification","valueRequired":true,"valueName":"search_term_string"}}],"inLanguage":"fr-FR"},{"@type":"Person","@id":"https:\/\/blogs.thesocialmedia.com\/leblogmoto\/#\/schema\/person\/1a1dcfc7cec206573105eb4af91155c2","name":"andre leconde","image":{"@type":"ImageObject","inLanguage":"fr-FR","@id":"https:\/\/blogs.thesocialmedia.com\/leblogmoto\/#\/schema\/person\/image\/","url":"https:\/\/secure.gravatar.com\/avatar\/?s=96&d=mm&r=g","contentUrl":"https:\/\/secure.gravatar.com\/avatar\/?s=96&d=mm&r=g","caption":"andre leconde"},"url":"https:\/\/blogs.thesocialmedia.com\/leblogmoto\/author\/andre-leconde\/"}]}},"_links":{"self":[{"href":"https:\/\/blogs.thesocialmedia.com\/leblogmoto\/wp-json\/wp\/v2\/posts\/1987","targetHints":{"allow":["GET"]}}],"collection":[{"href":"https:\/\/blogs.thesocialmedia.com\/leblogmoto\/wp-json\/wp\/v2\/posts"}],"about":[{"href":"https:\/\/blogs.thesocialmedia.com\/leblogmoto\/wp-json\/wp\/v2\/types\/post"}],"author":[{"embeddable":true,"href":"https:\/\/blogs.thesocialmedia.com\/leblogmoto\/wp-json\/wp\/v2\/users\/336"}],"replies":[{"embeddable":true,"href":"https:\/\/blogs.thesocialmedia.com\/leblogmoto\/wp-json\/wp\/v2\/comments?post=1987"}],"version-history":[{"count":1,"href":"https:\/\/blogs.thesocialmedia.com\/leblogmoto\/wp-json\/wp\/v2\/posts\/1987\/revisions"}],"predecessor-version":[{"id":3189,"href":"https:\/\/blogs.thesocialmedia.com\/leblogmoto\/wp-json\/wp\/v2\/posts\/1987\/revisions\/3189"}],"wp:attachment":[{"href":"https:\/\/blogs.thesocialmedia.com\/leblogmoto\/wp-json\/wp\/v2\/media?parent=1987"}],"wp:term":[{"taxonomy":"category","embeddable":true,"href":"https:\/\/blogs.thesocialmedia.com\/leblogmoto\/wp-json\/wp\/v2\/categories?post=1987"},{"taxonomy":"post_tag","embeddable":true,"href":"https:\/\/blogs.thesocialmedia.com\/leblogmoto\/wp-json\/wp\/v2\/tags?post=1987"}],"curies":[{"name":"wp","href":"https:\/\/api.w.org\/{rel}","templated":true}]}}