{"id":1988,"date":"2006-03-19T18:10:50","date_gmt":"2006-03-19T18:10:50","guid":{"rendered":"http:\/\/blogs.thesocialmedia.com\/leblogmoto\/2006\/03\/19\/france-open-vit-1\/"},"modified":"2012-07-11T14:17:55","modified_gmt":"2012-07-11T14:17:55","slug":"france-open-vit-1","status":"publish","type":"post","link":"https:\/\/blogs.thesocialmedia.com\/leblogmoto\/2006\/03\/19\/france-open-vit-1\/","title":{"rendered":"France Open Vitesse: LE MANS: rillettes au MUSCAT !"},"content":{"rendered":"<p><a href=\"http:\/\/blogs.thesocialmedia.com\/leblogmoto\/files\/2012\/07\/23340_news.jpg\"><img loading=\"lazy\" decoding=\"async\" height=\"176\" alt=\"23340_news\" src=\"http:\/\/www.leblogmoto.com\/images\/23340_news.jpg\" width=\"250\"  \/><\/a>C&rsquo;est fait, la <a href=\"http:\/\/www.leblogmoto.com\/2006\/03\/france_open_vit.html\">saison fran\u00e7aise<\/a> de vitesse moto vient de s&rsquo;\u00e9lancer pour des aventures pleines de rebondissements.<\/p>\n<p>Pour ce premier rendez-vous, les frimats de l&rsquo;hiver ont fait de la resistance, ce qui n&rsquo;a pas emp\u00each\u00e9 la chaleur de se d\u00e9gager de la piste.<\/p>\n<p><strong>DI MEGLIO<\/strong> en 125, les soci\u00e8taires de la <a href=\"http:\/\/www.leblogmoto.com\/2006\/03\/dark_dog_academ.html\">DARK DOG Academy<\/a> \u00e9taient attendus au tournant. De m\u00eame que les <a href=\"http:\/\/www.leblogmoto.com\/2006\/03\/ducati_de_retou.html\">DUCATI<\/a>, finalement accept\u00e9es et qui ne se sont pas faites prier pour honorer le plateau de leur pr\u00e9sence au travers d&rsquo;un incontournable <strong>David MUSCAT<\/strong>&#8230;&nbsp; &nbsp;<\/p>\n<p><a href=\"http:\/\/clabedan.typepad.com\/.shared\/image.html?\/photos\/uncategorized\/5vigopssc0821.jpg\"><img loading=\"lazy\" decoding=\"async\" height=\"168\" alt=\"5vigopssc0821\" src=\"http:\/\/www.leblogmoto.com\/images\/5vigopssc0821.jpg\" width=\"250\"  \/><\/a>En <strong>125<\/strong>, la s\u00e9ance d&rsquo;entra\u00eenement s&rsquo;est bien d\u00e9roul\u00e9e, avec une pole et une large victoire de <strong>DI MEGLIO<\/strong>. Derri\u00e8re, <strong>LUSSIANA<\/strong> et <strong>DUNIKOWSKI<\/strong> se sont battus pour la place de dauphin, avec un avantage final pour le dernier cit\u00e9.<\/p>\n<p>En <strong>Supersport<\/strong>, David <strong>MUSCAT<\/strong> n&rsquo;a pas fait dans le d\u00e9tail avec sa <a href=\"http:\/\/www.leblogmoto.com\/2006\/03\/desmoblog_ducat.html\">DUCATI<\/a> tant d\u00e9cri\u00e9e. Pole et victoire, l&rsquo;autre machine italienne de <strong>PROTAT<\/strong> compl\u00e9tant le podium derri\u00e8re la <strong>GSX\/R<\/strong> de <strong>LAGRIVE<\/strong>, pour le coup la rillette du&nbsp; <a href=\"http:\/\/clabedan.typepad.com\/.shared\/image.html?\/photos\/uncategorized\/affiche_3.gif\"><img loading=\"lazy\" decoding=\"async\" height=\"316\" alt=\"Affiche_3\" src=\"http:\/\/www.leblogmoto.com\/images\/affiche_3.gif\" width=\"249\"  \/><\/a> sandwich bolognais. <strong>DE CAROLIS<\/strong> un des deux pilotes canins du DARK DOG termine \u00e0 une honorable cinqui\u00e8me position.<\/p>\n<p>Se sentant \u00e0 peine chaud, David MUSCAT sautait sur la selle de son autre <strong>DUCATI<\/strong> pour attaquer une <strong>s\u00e9rie 1000<\/strong> domin\u00e9e aux essais par la <strong>KAWA<\/strong> de <strong>PIOT<\/strong>. La course allait \u00eatre tout autre, avec une victoire de la <strong>SUZ<\/strong> de <strong>DE DIETRICH<\/strong> devant un MUSCAT qui a d\u00fb s&#8217;employer pour tenir en respect le pole-man. <\/p>\n<p>Voil\u00e0 une saison bien lanc\u00e9e que l&rsquo;on aura plaisir \u00e0 retrouver \u00e0 <strong>MAGNY COURS<\/strong> les <strong>25 et 26 mars<\/strong> prochain. Circuit o\u00f9 l&rsquo;on attend qu&rsquo;une certaine <a href=\"http:\/\/www.leblogmoto.com\/2006\/02\/forza_agusta_.html\">MV AGUSTA<\/a> fasse des \u00e9tincelles, apr\u00e8s des d\u00e9buts encourageants. <\/p>\n<p>SOURCE: <a href=\"http:\/\/www.gmtopen.com\/\">www.gmtopen.com<\/a> <\/p>\n<p>&nbsp; <\/p><\/p>\n","protected":false},"excerpt":{"rendered":"<p>C&rsquo;est fait, la saison fran\u00e7aise de vitesse moto vient de s&rsquo;\u00e9lancer pour des aventures pleines de rebondissements. Pour ce premier rendez-vous, les frimats de l&rsquo;hiver ont fait de la resistance, ce qui n&rsquo;a pas emp\u00each\u00e9 la chaleur de se d\u00e9gager de la piste. DI MEGLIO en 125, les soci\u00e8taires de la DARK DOG Academy \u00e9taient [&hellip;]<\/p>\n","protected":false},"author":336,"featured_media":0,"comment_status":"open","ping_status":"open","sticky":false,"template":"","format":"standard","meta":{"footnotes":""},"categories":[32],"tags":[],"class_list":["post-1988","post","type-post","status-publish","format-standard","hentry","category-sport-moto"],"yoast_head":"<!-- This site is optimized with the Yoast SEO plugin v26.0 - https:\/\/yoast.com\/wordpress\/plugins\/seo\/ -->\n<title>France Open Vitesse: LE MANS: rillettes au MUSCAT ! - leblogmoto.com<\/title>\n<meta name=\"robots\" content=\"index, follow, max-snippet:-1, max-image-preview:large, max-video-preview:-1\" \/>\n<link rel=\"canonical\" href=\"https:\/\/blogs.thesocialmedia.com\/leblogmoto\/2006\/03\/19\/france-open-vit-1\/\" \/>\n<meta name=\"twitter:card\" content=\"summary_large_image\" \/>\n<meta name=\"twitter:title\" content=\"France Open Vitesse: LE MANS: rillettes au MUSCAT ! - leblogmoto.com\" \/>\n<meta name=\"twitter:description\" content=\"C&rsquo;est fait, la saison fran\u00e7aise de vitesse moto vient de s&rsquo;\u00e9lancer pour des aventures pleines de rebondissements. Pour ce premier rendez-vous, les frimats de l&rsquo;hiver ont fait de la resistance, ce qui n&rsquo;a pas emp\u00each\u00e9 la chaleur de se d\u00e9gager de la piste. DI MEGLIO en 125, les soci\u00e8taires de la DARK DOG Academy \u00e9taient [&hellip;]\" \/>\n<meta name=\"twitter:image\" content=\"http:\/\/www.leblogmoto.com\/images\/23340_news.jpg\" \/>\n<meta name=\"twitter:label1\" content=\"\u00c9crit par\" \/>\n\t<meta name=\"twitter:data1\" content=\"andre leconde\" \/>\n\t<meta name=\"twitter:label2\" content=\"Dur\u00e9e de lecture estim\u00e9e\" \/>\n\t<meta name=\"twitter:data2\" content=\"1 minute\" \/>\n<script type=\"application\/ld+json\" class=\"yoast-schema-graph\">{\"@context\":\"https:\/\/schema.org\",\"@graph\":[{\"@type\":\"WebPage\",\"@id\":\"https:\/\/blogs.thesocialmedia.com\/leblogmoto\/2006\/03\/19\/france-open-vit-1\/\",\"url\":\"https:\/\/blogs.thesocialmedia.com\/leblogmoto\/2006\/03\/19\/france-open-vit-1\/\",\"name\":\"France Open Vitesse: LE MANS: rillettes au MUSCAT ! - leblogmoto.com\",\"isPartOf\":{\"@id\":\"https:\/\/blogs.thesocialmedia.com\/leblogmoto\/#website\"},\"primaryImageOfPage\":{\"@id\":\"https:\/\/blogs.thesocialmedia.com\/leblogmoto\/2006\/03\/19\/france-open-vit-1\/#primaryimage\"},\"image\":{\"@id\":\"https:\/\/blogs.thesocialmedia.com\/leblogmoto\/2006\/03\/19\/france-open-vit-1\/#primaryimage\"},\"thumbnailUrl\":\"http:\/\/www.leblogmoto.com\/images\/23340_news.jpg\",\"datePublished\":\"2006-03-19T18:10:50+00:00\",\"dateModified\":\"2012-07-11T14:17:55+00:00\",\"author\":{\"@id\":\"https:\/\/blogs.thesocialmedia.com\/leblogmoto\/#\/schema\/person\/1a1dcfc7cec206573105eb4af91155c2\"},\"breadcrumb\":{\"@id\":\"https:\/\/blogs.thesocialmedia.com\/leblogmoto\/2006\/03\/19\/france-open-vit-1\/#breadcrumb\"},\"inLanguage\":\"fr-FR\",\"potentialAction\":[{\"@type\":\"ReadAction\",\"target\":[\"https:\/\/blogs.thesocialmedia.com\/leblogmoto\/2006\/03\/19\/france-open-vit-1\/\"]}]},{\"@type\":\"ImageObject\",\"inLanguage\":\"fr-FR\",\"@id\":\"https:\/\/blogs.thesocialmedia.com\/leblogmoto\/2006\/03\/19\/france-open-vit-1\/#primaryimage\",\"url\":\"http:\/\/www.leblogmoto.com\/images\/23340_news.jpg\",\"contentUrl\":\"http:\/\/www.leblogmoto.com\/images\/23340_news.jpg\"},{\"@type\":\"BreadcrumbList\",\"@id\":\"https:\/\/blogs.thesocialmedia.com\/leblogmoto\/2006\/03\/19\/france-open-vit-1\/#breadcrumb\",\"itemListElement\":[{\"@type\":\"ListItem\",\"position\":1,\"name\":\"Accueil\",\"item\":\"https:\/\/blogs.thesocialmedia.com\/leblogmoto\/\"},{\"@type\":\"ListItem\",\"position\":2,\"name\":\"France Open Vitesse: LE MANS: rillettes au MUSCAT !\"}]},{\"@type\":\"WebSite\",\"@id\":\"https:\/\/blogs.thesocialmedia.com\/leblogmoto\/#website\",\"url\":\"https:\/\/blogs.thesocialmedia.com\/leblogmoto\/\",\"name\":\"leblogmoto\",\"description\":\"Toute l&#039;actualit\u00e9 des 2 roues\",\"potentialAction\":[{\"@type\":\"SearchAction\",\"target\":{\"@type\":\"EntryPoint\",\"urlTemplate\":\"https:\/\/blogs.thesocialmedia.com\/leblogmoto\/?s={search_term_string}\"},\"query-input\":{\"@type\":\"PropertyValueSpecification\",\"valueRequired\":true,\"valueName\":\"search_term_string\"}}],\"inLanguage\":\"fr-FR\"},{\"@type\":\"Person\",\"@id\":\"https:\/\/blogs.thesocialmedia.com\/leblogmoto\/#\/schema\/person\/1a1dcfc7cec206573105eb4af91155c2\",\"name\":\"andre leconde\",\"image\":{\"@type\":\"ImageObject\",\"inLanguage\":\"fr-FR\",\"@id\":\"https:\/\/blogs.thesocialmedia.com\/leblogmoto\/#\/schema\/person\/image\/\",\"url\":\"https:\/\/secure.gravatar.com\/avatar\/?s=96&d=mm&r=g\",\"contentUrl\":\"https:\/\/secure.gravatar.com\/avatar\/?s=96&d=mm&r=g\",\"caption\":\"andre leconde\"},\"url\":\"https:\/\/blogs.thesocialmedia.com\/leblogmoto\/author\/andre-leconde\/\"}]}<\/script>\n<!-- \/ Yoast SEO plugin. -->","yoast_head_json":{"title":"France Open Vitesse: LE MANS: rillettes au MUSCAT ! - leblogmoto.com","robots":{"index":"index","follow":"follow","max-snippet":"max-snippet:-1","max-image-preview":"max-image-preview:large","max-video-preview":"max-video-preview:-1"},"canonical":"https:\/\/blogs.thesocialmedia.com\/leblogmoto\/2006\/03\/19\/france-open-vit-1\/","twitter_card":"summary_large_image","twitter_title":"France Open Vitesse: LE MANS: rillettes au MUSCAT ! - leblogmoto.com","twitter_description":"C&rsquo;est fait, la saison fran\u00e7aise de vitesse moto vient de s&rsquo;\u00e9lancer pour des aventures pleines de rebondissements. Pour ce premier rendez-vous, les frimats de l&rsquo;hiver ont fait de la resistance, ce qui n&rsquo;a pas emp\u00each\u00e9 la chaleur de se d\u00e9gager de la piste. DI MEGLIO en 125, les soci\u00e8taires de la DARK DOG Academy \u00e9taient [&hellip;]","twitter_image":"http:\/\/www.leblogmoto.com\/images\/23340_news.jpg","twitter_misc":{"\u00c9crit par":"andre leconde","Dur\u00e9e de lecture estim\u00e9e":"1 minute"},"schema":{"@context":"https:\/\/schema.org","@graph":[{"@type":"WebPage","@id":"https:\/\/blogs.thesocialmedia.com\/leblogmoto\/2006\/03\/19\/france-open-vit-1\/","url":"https:\/\/blogs.thesocialmedia.com\/leblogmoto\/2006\/03\/19\/france-open-vit-1\/","name":"France Open Vitesse: LE MANS: rillettes au MUSCAT ! - leblogmoto.com","isPartOf":{"@id":"https:\/\/blogs.thesocialmedia.com\/leblogmoto\/#website"},"primaryImageOfPage":{"@id":"https:\/\/blogs.thesocialmedia.com\/leblogmoto\/2006\/03\/19\/france-open-vit-1\/#primaryimage"},"image":{"@id":"https:\/\/blogs.thesocialmedia.com\/leblogmoto\/2006\/03\/19\/france-open-vit-1\/#primaryimage"},"thumbnailUrl":"http:\/\/www.leblogmoto.com\/images\/23340_news.jpg","datePublished":"2006-03-19T18:10:50+00:00","dateModified":"2012-07-11T14:17:55+00:00","author":{"@id":"https:\/\/blogs.thesocialmedia.com\/leblogmoto\/#\/schema\/person\/1a1dcfc7cec206573105eb4af91155c2"},"breadcrumb":{"@id":"https:\/\/blogs.thesocialmedia.com\/leblogmoto\/2006\/03\/19\/france-open-vit-1\/#breadcrumb"},"inLanguage":"fr-FR","potentialAction":[{"@type":"ReadAction","target":["https:\/\/blogs.thesocialmedia.com\/leblogmoto\/2006\/03\/19\/france-open-vit-1\/"]}]},{"@type":"ImageObject","inLanguage":"fr-FR","@id":"https:\/\/blogs.thesocialmedia.com\/leblogmoto\/2006\/03\/19\/france-open-vit-1\/#primaryimage","url":"http:\/\/www.leblogmoto.com\/images\/23340_news.jpg","contentUrl":"http:\/\/www.leblogmoto.com\/images\/23340_news.jpg"},{"@type":"BreadcrumbList","@id":"https:\/\/blogs.thesocialmedia.com\/leblogmoto\/2006\/03\/19\/france-open-vit-1\/#breadcrumb","itemListElement":[{"@type":"ListItem","position":1,"name":"Accueil","item":"https:\/\/blogs.thesocialmedia.com\/leblogmoto\/"},{"@type":"ListItem","position":2,"name":"France Open Vitesse: LE MANS: rillettes au MUSCAT !"}]},{"@type":"WebSite","@id":"https:\/\/blogs.thesocialmedia.com\/leblogmoto\/#website","url":"https:\/\/blogs.thesocialmedia.com\/leblogmoto\/","name":"leblogmoto","description":"Toute l&#039;actualit\u00e9 des 2 roues","potentialAction":[{"@type":"SearchAction","target":{"@type":"EntryPoint","urlTemplate":"https:\/\/blogs.thesocialmedia.com\/leblogmoto\/?s={search_term_string}"},"query-input":{"@type":"PropertyValueSpecification","valueRequired":true,"valueName":"search_term_string"}}],"inLanguage":"fr-FR"},{"@type":"Person","@id":"https:\/\/blogs.thesocialmedia.com\/leblogmoto\/#\/schema\/person\/1a1dcfc7cec206573105eb4af91155c2","name":"andre leconde","image":{"@type":"ImageObject","inLanguage":"fr-FR","@id":"https:\/\/blogs.thesocialmedia.com\/leblogmoto\/#\/schema\/person\/image\/","url":"https:\/\/secure.gravatar.com\/avatar\/?s=96&d=mm&r=g","contentUrl":"https:\/\/secure.gravatar.com\/avatar\/?s=96&d=mm&r=g","caption":"andre leconde"},"url":"https:\/\/blogs.thesocialmedia.com\/leblogmoto\/author\/andre-leconde\/"}]}},"_links":{"self":[{"href":"https:\/\/blogs.thesocialmedia.com\/leblogmoto\/wp-json\/wp\/v2\/posts\/1988","targetHints":{"allow":["GET"]}}],"collection":[{"href":"https:\/\/blogs.thesocialmedia.com\/leblogmoto\/wp-json\/wp\/v2\/posts"}],"about":[{"href":"https:\/\/blogs.thesocialmedia.com\/leblogmoto\/wp-json\/wp\/v2\/types\/post"}],"author":[{"embeddable":true,"href":"https:\/\/blogs.thesocialmedia.com\/leblogmoto\/wp-json\/wp\/v2\/users\/336"}],"replies":[{"embeddable":true,"href":"https:\/\/blogs.thesocialmedia.com\/leblogmoto\/wp-json\/wp\/v2\/comments?post=1988"}],"version-history":[{"count":2,"href":"https:\/\/blogs.thesocialmedia.com\/leblogmoto\/wp-json\/wp\/v2\/posts\/1988\/revisions"}],"predecessor-version":[{"id":7177,"href":"https:\/\/blogs.thesocialmedia.com\/leblogmoto\/wp-json\/wp\/v2\/posts\/1988\/revisions\/7177"}],"wp:attachment":[{"href":"https:\/\/blogs.thesocialmedia.com\/leblogmoto\/wp-json\/wp\/v2\/media?parent=1988"}],"wp:term":[{"taxonomy":"category","embeddable":true,"href":"https:\/\/blogs.thesocialmedia.com\/leblogmoto\/wp-json\/wp\/v2\/categories?post=1988"},{"taxonomy":"post_tag","embeddable":true,"href":"https:\/\/blogs.thesocialmedia.com\/leblogmoto\/wp-json\/wp\/v2\/tags?post=1988"}],"curies":[{"name":"wp","href":"https:\/\/api.w.org\/{rel}","templated":true}]}}