{"id":1989,"date":"2006-03-19T16:39:37","date_gmt":"2006-03-19T16:39:37","guid":{"rendered":"http:\/\/blogs.thesocialmedia.com\/leblogmoto\/2006\/03\/19\/post-2-2\/"},"modified":"2012-07-11T14:17:53","modified_gmt":"2012-07-11T14:17:53","slug":"post-2-2","status":"publish","type":"post","link":"https:\/\/blogs.thesocialmedia.com\/leblogmoto\/2006\/03\/19\/post-2-2\/","title":{"rendered":"Mus\u00e9e HARLEY: Les Bikers auront leur th\u00e9ba\u00efde."},"content":{"rendered":"<p><a href=\"http:\/\/blogs.thesocialmedia.com\/leblogmoto\/files\/2012\/07\/img_mainimage_1.jpg\"><img loading=\"lazy\" decoding=\"async\" height=\"140\" alt=\"Img_mainimage_1\" src=\"http:\/\/www.leblogmoto.com\/images\/img_mainimage_1.jpg\" width=\"250\"  \/><\/a> La marque plus que centenaire <a href=\"http:\/\/www.leblogmoto.com\/2005\/10\/harleydavidson_.html\">HARLEY DAVIDSON<\/a> a ainsi d\u00e9cid\u00e9 de construire son <strong>mus\u00e9e<\/strong>, pour mieux s&rsquo;inscrire dans la post\u00e9rit\u00e9, et cristalliser en un lieu cette culture si particuli\u00e8re au blason, qu&rsquo;adulent ses disciples et raillent ses d\u00e9tracteurs.<\/p>\n<p>Le projet sera une r\u00e9alit\u00e9 d\u00e8s <strong>2008<\/strong> et se construira \u00e0 partir de cette ann\u00e9e 2006. A <strong>MILHAUKEE<\/strong>, l\u00e0 o\u00f9 tout a commenc\u00e9, cela va sans dire. Une d\u00e9marche \u00e9conomique qui ravit aussi, les d\u00e9cideurs locaux. HARLEY sait ce que reconnaissance veut dire&#8230;&nbsp; <\/p>\n<p><a href=\"http:\/\/clabedan.typepad.com\/.shared\/image.html?\/photos\/uncategorized\/img_mainimage_2.jpg\"><img loading=\"lazy\" decoding=\"async\" height=\"140\" alt=\"Img_mainimage_2\" src=\"http:\/\/www.leblogmoto.com\/images\/img_mainimage_2.jpg\" width=\"250\"  \/><\/a>Quatre tours de verre, de briques et d&rsquo;acier s&rsquo;\u00e9l\u00e8veront du site dans un style architectural voulu <a href=\"http:\/\/www.leblogmoto.com\/2005\/10\/harleydavidson_.html\">intemporel<\/a>, comme les motos de la marque. <strong>500<\/strong> ouvriers commenceront \u00e0 oeuvrer \u00e0 cette entame du printemps pour y loger des restaurants, des caf\u00e9s, des boutiques de souvenirs, des bureaux, des espaces \u00e9venementiels, en plus du mus\u00e9e proprement dit.<\/p>\n<p><a href=\"http:\/\/clabedan.typepad.com\/.shared\/image.html?\/photos\/uncategorized\/img_darklogo_1.gif\"><img loading=\"lazy\" decoding=\"async\" height=\"265\" alt=\"Img_darklogo_1\" src=\"http:\/\/www.leblogmoto.com\/images\/img_darklogo_1.gif\" width=\"250\"  \/><\/a>Un projet ambitieux dont toute l&rsquo;\u00e9conomie locale devrait <a href=\"http:\/\/clabedan.typepad.com\/.shared\/image.html?\/photos\/uncategorized\/img_darklogo.gif\"><\/a>b\u00e9n\u00e9ficier, puisque <a href=\"http:\/\/www.leblogmoto.com\/2005\/08\/harleydavidson__9.html\">HARLEY<\/a> compte aussi y installer ses <a href=\"http:\/\/www.leblogmoto.com\/2006\/02\/hollisters_bike.html\">cadres<\/a>. <\/p>\n<p>A terme,<strong> 80<\/strong> employ\u00e9s travailleront \u00e0 temps plein au mus\u00e9e. <strong>350 000<\/strong> visiteurs du monde entier y seront attendus annuellement sur ce site de <strong>11 700<\/strong> m2.<\/p>\n<p>SOURCE: <a href=\"http:\/\/www.h-dmuseum.com\/\">www.h-dmuseum.com<\/a>&nbsp; &nbsp; <\/p>\n","protected":false},"excerpt":{"rendered":"<p>La marque plus que centenaire HARLEY DAVIDSON a ainsi d\u00e9cid\u00e9 de construire son mus\u00e9e, pour mieux s&rsquo;inscrire dans la post\u00e9rit\u00e9, et cristalliser en un lieu cette culture si particuli\u00e8re au blason, qu&rsquo;adulent ses disciples et raillent ses d\u00e9tracteurs. Le projet sera une r\u00e9alit\u00e9 d\u00e8s 2008 et se construira \u00e0 partir de cette ann\u00e9e 2006. A [&hellip;]<\/p>\n","protected":false},"author":336,"featured_media":0,"comment_status":"open","ping_status":"open","sticky":false,"template":"","format":"standard","meta":{"footnotes":""},"categories":[49,29],"tags":[],"class_list":["post-1989","post","type-post","status-publish","format-standard","hentry","category-actualites-entreprise","category-harley-davidson"],"yoast_head":"<!-- This site is optimized with the Yoast SEO plugin v26.0 - https:\/\/yoast.com\/wordpress\/plugins\/seo\/ -->\n<title>Mus\u00e9e HARLEY: Les Bikers auront leur th\u00e9ba\u00efde. - leblogmoto.com<\/title>\n<meta name=\"robots\" content=\"index, follow, max-snippet:-1, max-image-preview:large, max-video-preview:-1\" \/>\n<link rel=\"canonical\" href=\"https:\/\/blogs.thesocialmedia.com\/leblogmoto\/2006\/03\/19\/post-2-2\/\" \/>\n<meta name=\"twitter:card\" content=\"summary_large_image\" \/>\n<meta name=\"twitter:title\" content=\"Mus\u00e9e HARLEY: Les Bikers auront leur th\u00e9ba\u00efde. - leblogmoto.com\" \/>\n<meta name=\"twitter:description\" content=\"La marque plus que centenaire HARLEY DAVIDSON a ainsi d\u00e9cid\u00e9 de construire son mus\u00e9e, pour mieux s&rsquo;inscrire dans la post\u00e9rit\u00e9, et cristalliser en un lieu cette culture si particuli\u00e8re au blason, qu&rsquo;adulent ses disciples et raillent ses d\u00e9tracteurs. Le projet sera une r\u00e9alit\u00e9 d\u00e8s 2008 et se construira \u00e0 partir de cette ann\u00e9e 2006. A [&hellip;]\" \/>\n<meta name=\"twitter:image\" content=\"http:\/\/www.leblogmoto.com\/images\/img_mainimage_1.jpg\" \/>\n<meta name=\"twitter:label1\" content=\"\u00c9crit par\" \/>\n\t<meta name=\"twitter:data1\" content=\"andre leconde\" \/>\n\t<meta name=\"twitter:label2\" content=\"Dur\u00e9e de lecture estim\u00e9e\" \/>\n\t<meta name=\"twitter:data2\" content=\"1 minute\" \/>\n<script type=\"application\/ld+json\" class=\"yoast-schema-graph\">{\"@context\":\"https:\/\/schema.org\",\"@graph\":[{\"@type\":\"WebPage\",\"@id\":\"https:\/\/blogs.thesocialmedia.com\/leblogmoto\/2006\/03\/19\/post-2-2\/\",\"url\":\"https:\/\/blogs.thesocialmedia.com\/leblogmoto\/2006\/03\/19\/post-2-2\/\",\"name\":\"Mus\u00e9e HARLEY: Les Bikers auront leur th\u00e9ba\u00efde. - leblogmoto.com\",\"isPartOf\":{\"@id\":\"https:\/\/blogs.thesocialmedia.com\/leblogmoto\/#website\"},\"primaryImageOfPage\":{\"@id\":\"https:\/\/blogs.thesocialmedia.com\/leblogmoto\/2006\/03\/19\/post-2-2\/#primaryimage\"},\"image\":{\"@id\":\"https:\/\/blogs.thesocialmedia.com\/leblogmoto\/2006\/03\/19\/post-2-2\/#primaryimage\"},\"thumbnailUrl\":\"http:\/\/www.leblogmoto.com\/images\/img_mainimage_1.jpg\",\"datePublished\":\"2006-03-19T16:39:37+00:00\",\"dateModified\":\"2012-07-11T14:17:53+00:00\",\"author\":{\"@id\":\"https:\/\/blogs.thesocialmedia.com\/leblogmoto\/#\/schema\/person\/1a1dcfc7cec206573105eb4af91155c2\"},\"breadcrumb\":{\"@id\":\"https:\/\/blogs.thesocialmedia.com\/leblogmoto\/2006\/03\/19\/post-2-2\/#breadcrumb\"},\"inLanguage\":\"fr-FR\",\"potentialAction\":[{\"@type\":\"ReadAction\",\"target\":[\"https:\/\/blogs.thesocialmedia.com\/leblogmoto\/2006\/03\/19\/post-2-2\/\"]}]},{\"@type\":\"ImageObject\",\"inLanguage\":\"fr-FR\",\"@id\":\"https:\/\/blogs.thesocialmedia.com\/leblogmoto\/2006\/03\/19\/post-2-2\/#primaryimage\",\"url\":\"http:\/\/www.leblogmoto.com\/images\/img_mainimage_1.jpg\",\"contentUrl\":\"http:\/\/www.leblogmoto.com\/images\/img_mainimage_1.jpg\"},{\"@type\":\"BreadcrumbList\",\"@id\":\"https:\/\/blogs.thesocialmedia.com\/leblogmoto\/2006\/03\/19\/post-2-2\/#breadcrumb\",\"itemListElement\":[{\"@type\":\"ListItem\",\"position\":1,\"name\":\"Accueil\",\"item\":\"https:\/\/blogs.thesocialmedia.com\/leblogmoto\/\"},{\"@type\":\"ListItem\",\"position\":2,\"name\":\"Mus\u00e9e HARLEY: Les Bikers auront leur th\u00e9ba\u00efde.\"}]},{\"@type\":\"WebSite\",\"@id\":\"https:\/\/blogs.thesocialmedia.com\/leblogmoto\/#website\",\"url\":\"https:\/\/blogs.thesocialmedia.com\/leblogmoto\/\",\"name\":\"leblogmoto\",\"description\":\"Toute l&#039;actualit\u00e9 des 2 roues\",\"potentialAction\":[{\"@type\":\"SearchAction\",\"target\":{\"@type\":\"EntryPoint\",\"urlTemplate\":\"https:\/\/blogs.thesocialmedia.com\/leblogmoto\/?s={search_term_string}\"},\"query-input\":{\"@type\":\"PropertyValueSpecification\",\"valueRequired\":true,\"valueName\":\"search_term_string\"}}],\"inLanguage\":\"fr-FR\"},{\"@type\":\"Person\",\"@id\":\"https:\/\/blogs.thesocialmedia.com\/leblogmoto\/#\/schema\/person\/1a1dcfc7cec206573105eb4af91155c2\",\"name\":\"andre leconde\",\"image\":{\"@type\":\"ImageObject\",\"inLanguage\":\"fr-FR\",\"@id\":\"https:\/\/blogs.thesocialmedia.com\/leblogmoto\/#\/schema\/person\/image\/\",\"url\":\"https:\/\/secure.gravatar.com\/avatar\/?s=96&d=mm&r=g\",\"contentUrl\":\"https:\/\/secure.gravatar.com\/avatar\/?s=96&d=mm&r=g\",\"caption\":\"andre leconde\"},\"url\":\"https:\/\/blogs.thesocialmedia.com\/leblogmoto\/author\/andre-leconde\/\"}]}<\/script>\n<!-- \/ Yoast SEO plugin. -->","yoast_head_json":{"title":"Mus\u00e9e HARLEY: Les Bikers auront leur th\u00e9ba\u00efde. - leblogmoto.com","robots":{"index":"index","follow":"follow","max-snippet":"max-snippet:-1","max-image-preview":"max-image-preview:large","max-video-preview":"max-video-preview:-1"},"canonical":"https:\/\/blogs.thesocialmedia.com\/leblogmoto\/2006\/03\/19\/post-2-2\/","twitter_card":"summary_large_image","twitter_title":"Mus\u00e9e HARLEY: Les Bikers auront leur th\u00e9ba\u00efde. - leblogmoto.com","twitter_description":"La marque plus que centenaire HARLEY DAVIDSON a ainsi d\u00e9cid\u00e9 de construire son mus\u00e9e, pour mieux s&rsquo;inscrire dans la post\u00e9rit\u00e9, et cristalliser en un lieu cette culture si particuli\u00e8re au blason, qu&rsquo;adulent ses disciples et raillent ses d\u00e9tracteurs. Le projet sera une r\u00e9alit\u00e9 d\u00e8s 2008 et se construira \u00e0 partir de cette ann\u00e9e 2006. A [&hellip;]","twitter_image":"http:\/\/www.leblogmoto.com\/images\/img_mainimage_1.jpg","twitter_misc":{"\u00c9crit par":"andre leconde","Dur\u00e9e de lecture estim\u00e9e":"1 minute"},"schema":{"@context":"https:\/\/schema.org","@graph":[{"@type":"WebPage","@id":"https:\/\/blogs.thesocialmedia.com\/leblogmoto\/2006\/03\/19\/post-2-2\/","url":"https:\/\/blogs.thesocialmedia.com\/leblogmoto\/2006\/03\/19\/post-2-2\/","name":"Mus\u00e9e HARLEY: Les Bikers auront leur th\u00e9ba\u00efde. - leblogmoto.com","isPartOf":{"@id":"https:\/\/blogs.thesocialmedia.com\/leblogmoto\/#website"},"primaryImageOfPage":{"@id":"https:\/\/blogs.thesocialmedia.com\/leblogmoto\/2006\/03\/19\/post-2-2\/#primaryimage"},"image":{"@id":"https:\/\/blogs.thesocialmedia.com\/leblogmoto\/2006\/03\/19\/post-2-2\/#primaryimage"},"thumbnailUrl":"http:\/\/www.leblogmoto.com\/images\/img_mainimage_1.jpg","datePublished":"2006-03-19T16:39:37+00:00","dateModified":"2012-07-11T14:17:53+00:00","author":{"@id":"https:\/\/blogs.thesocialmedia.com\/leblogmoto\/#\/schema\/person\/1a1dcfc7cec206573105eb4af91155c2"},"breadcrumb":{"@id":"https:\/\/blogs.thesocialmedia.com\/leblogmoto\/2006\/03\/19\/post-2-2\/#breadcrumb"},"inLanguage":"fr-FR","potentialAction":[{"@type":"ReadAction","target":["https:\/\/blogs.thesocialmedia.com\/leblogmoto\/2006\/03\/19\/post-2-2\/"]}]},{"@type":"ImageObject","inLanguage":"fr-FR","@id":"https:\/\/blogs.thesocialmedia.com\/leblogmoto\/2006\/03\/19\/post-2-2\/#primaryimage","url":"http:\/\/www.leblogmoto.com\/images\/img_mainimage_1.jpg","contentUrl":"http:\/\/www.leblogmoto.com\/images\/img_mainimage_1.jpg"},{"@type":"BreadcrumbList","@id":"https:\/\/blogs.thesocialmedia.com\/leblogmoto\/2006\/03\/19\/post-2-2\/#breadcrumb","itemListElement":[{"@type":"ListItem","position":1,"name":"Accueil","item":"https:\/\/blogs.thesocialmedia.com\/leblogmoto\/"},{"@type":"ListItem","position":2,"name":"Mus\u00e9e HARLEY: Les Bikers auront leur th\u00e9ba\u00efde."}]},{"@type":"WebSite","@id":"https:\/\/blogs.thesocialmedia.com\/leblogmoto\/#website","url":"https:\/\/blogs.thesocialmedia.com\/leblogmoto\/","name":"leblogmoto","description":"Toute l&#039;actualit\u00e9 des 2 roues","potentialAction":[{"@type":"SearchAction","target":{"@type":"EntryPoint","urlTemplate":"https:\/\/blogs.thesocialmedia.com\/leblogmoto\/?s={search_term_string}"},"query-input":{"@type":"PropertyValueSpecification","valueRequired":true,"valueName":"search_term_string"}}],"inLanguage":"fr-FR"},{"@type":"Person","@id":"https:\/\/blogs.thesocialmedia.com\/leblogmoto\/#\/schema\/person\/1a1dcfc7cec206573105eb4af91155c2","name":"andre leconde","image":{"@type":"ImageObject","inLanguage":"fr-FR","@id":"https:\/\/blogs.thesocialmedia.com\/leblogmoto\/#\/schema\/person\/image\/","url":"https:\/\/secure.gravatar.com\/avatar\/?s=96&d=mm&r=g","contentUrl":"https:\/\/secure.gravatar.com\/avatar\/?s=96&d=mm&r=g","caption":"andre leconde"},"url":"https:\/\/blogs.thesocialmedia.com\/leblogmoto\/author\/andre-leconde\/"}]}},"_links":{"self":[{"href":"https:\/\/blogs.thesocialmedia.com\/leblogmoto\/wp-json\/wp\/v2\/posts\/1989","targetHints":{"allow":["GET"]}}],"collection":[{"href":"https:\/\/blogs.thesocialmedia.com\/leblogmoto\/wp-json\/wp\/v2\/posts"}],"about":[{"href":"https:\/\/blogs.thesocialmedia.com\/leblogmoto\/wp-json\/wp\/v2\/types\/post"}],"author":[{"embeddable":true,"href":"https:\/\/blogs.thesocialmedia.com\/leblogmoto\/wp-json\/wp\/v2\/users\/336"}],"replies":[{"embeddable":true,"href":"https:\/\/blogs.thesocialmedia.com\/leblogmoto\/wp-json\/wp\/v2\/comments?post=1989"}],"version-history":[{"count":2,"href":"https:\/\/blogs.thesocialmedia.com\/leblogmoto\/wp-json\/wp\/v2\/posts\/1989\/revisions"}],"predecessor-version":[{"id":7175,"href":"https:\/\/blogs.thesocialmedia.com\/leblogmoto\/wp-json\/wp\/v2\/posts\/1989\/revisions\/7175"}],"wp:attachment":[{"href":"https:\/\/blogs.thesocialmedia.com\/leblogmoto\/wp-json\/wp\/v2\/media?parent=1989"}],"wp:term":[{"taxonomy":"category","embeddable":true,"href":"https:\/\/blogs.thesocialmedia.com\/leblogmoto\/wp-json\/wp\/v2\/categories?post=1989"},{"taxonomy":"post_tag","embeddable":true,"href":"https:\/\/blogs.thesocialmedia.com\/leblogmoto\/wp-json\/wp\/v2\/tags?post=1989"}],"curies":[{"name":"wp","href":"https:\/\/api.w.org\/{rel}","templated":true}]}}