{"id":199,"date":"2009-04-03T04:46:06","date_gmt":"2009-04-03T04:46:06","guid":{"rendered":"http:\/\/blogs.thesocialmedia.com\/leblogmoto\/2009\/04\/03\/album-du-vendredi-la-plus-belle-pour-aller-rouler\/"},"modified":"2012-07-11T17:16:45","modified_gmt":"2012-07-11T17:16:45","slug":"album-du-vendredi-la-plus-belle-pour-aller-rouler","status":"publish","type":"post","link":"https:\/\/blogs.thesocialmedia.com\/leblogmoto\/2009\/04\/03\/album-du-vendredi-la-plus-belle-pour-aller-rouler\/","title":{"rendered":"Album du vendredi &#8211; La plus belle pour aller rouler"},"content":{"rendered":"<p><a href=\"http:\/\/blogs.thesocialmedia.com\/leblogmoto\/files\/2012\/07\/6a00d83451b18369e201156fc70a6e970b-popup.png\"><img decoding=\"async\" alt=\"Modemoto1\" class=\"at-xid-6a00d83451b18369e201156fc70a6e970b \" src=\"http:\/\/blogs.thesocialmedia.com\/leblogmoto\/files\/2012\/07\/6a00d83451b18369e201156fc70a6e970b-500wi.jpg\" style=\"width: 470px\" \/><\/a> <\/p>\n<p>J&#039;aimerais bien savoir ce qui attire tant les photographes de mode dans l&#039;utilisation, parfois crasse, de la moto comme accessoire? C&#039;est sale, sent mauvais, fait du bruit et est dangereux si, non apprivois\u00e9e; l&#039;amant id\u00e9al donc pour ces femmes parfaites?<br \/>D\u00e9butons avec le Gis\u00e8le, qui refera la couverture du <a href=\"http:\/\/www.vanityfair.com\/style\/features\/2009\/05\/gisele-bundchen-portfolio200905\">Vanity Fair<\/a> am\u00e9ricain de mai, photographi\u00e9 ici par <a href=\"http:\/\/www.davidlachapelle.com\/home.html\">David Lachapelle<\/a> qui s&#039;expose jusqu&#039;au 31 mai \u00e0 La Monnaie de Paris. Et terminant par un hommage \u00e0 <a href=\"http:\/\/www.motorcyclemuseum.org\/halloffame\/hofbiopage.asp?id=178\">Rollie Free<\/a>, o\u00f9 le mannequin, en bikini, en porte encore plus que le recordman \u00e0 l&#039;<a href=\"http:\/\/www.leblogmoto.com\/2007\/12\/recherche-de-la.html\">a\u00e9rodynamisme p\u00e9rilleux<\/a>&#160; de 1948!<\/p>\n<p><a href=\"http:\/\/clabedan.typepad.com\/.a\/6a00d83451b18369e201156ecf9bf9970c-popup\"><img decoding=\"async\" alt=\"Modemoto2\" class=\"at-xid-6a00d83451b18369e201156ecf9bf9970c \" src=\"http:\/\/blogs.thesocialmedia.com\/leblogmoto\/files\/2012\/07\/6a00d83451b18369e201156ecf9bf9970c-500wi.jpg\" style=\"width: 470px\" \/><\/a> <\/p>\n<p><a href=\"http:\/\/blogs.thesocialmedia.com\/leblogmoto\/files\/2012\/07\/6a00d83451b18369e201156fc7172f970b-popup.png\"><img decoding=\"async\" alt=\"Modemoto3\" class=\"at-xid-6a00d83451b18369e201156fc7172f970b \" src=\"http:\/\/blogs.thesocialmedia.com\/leblogmoto\/files\/2012\/07\/6a00d83451b18369e201156fc7172f970b-500wi.jpg\" style=\"width: 470px\" \/><\/a> <\/p>\n<p><a href=\"http:\/\/blogs.thesocialmedia.com\/leblogmoto\/files\/2012\/07\/6a00d83451b18369e201156ecf985b970c-popup.png\"><img decoding=\"async\" alt=\"Modemoto4\" class=\"at-xid-6a00d83451b18369e201156ecf985b970c \" src=\"http:\/\/blogs.thesocialmedia.com\/leblogmoto\/files\/2012\/07\/6a00d83451b18369e201156ecf985b970c-500wi.jpg\" style=\"width: 470px\" \/><\/a> <\/p>\n<p><a href=\"http:\/\/blogs.thesocialmedia.com\/leblogmoto\/files\/2012\/07\/6a00d83451b18369e201156ecf968b970c-popup.png\"><img decoding=\"async\" alt=\"Modemoto5\" class=\"at-xid-6a00d83451b18369e201156ecf968b970c \" src=\"http:\/\/blogs.thesocialmedia.com\/leblogmoto\/files\/2012\/07\/6a00d83451b18369e201156ecf968b970c-500wi.jpg\" style=\"width: 470px\" \/><\/a> <\/p>\n<p><a href=\"http:\/\/blogs.thesocialmedia.com\/leblogmoto\/files\/2012\/07\/6a00d83451b18369e201156fc714a6970b-popup.png\"><img decoding=\"async\" alt=\"Modemoto6\" class=\"at-xid-6a00d83451b18369e201156fc714a6970b \" src=\"http:\/\/blogs.thesocialmedia.com\/leblogmoto\/files\/2012\/07\/6a00d83451b18369e201156fc714a6970b-500wi.jpg\" style=\"width: 470px\" \/><\/a> <\/p>\n<p><a href=\"http:\/\/blogs.thesocialmedia.com\/leblogmoto\/files\/2012\/07\/6a00d83451b18369e201156ecf9252970c-popup.png\"><img decoding=\"async\" alt=\"Modemoto7\" class=\"at-xid-6a00d83451b18369e201156ecf9252970c \" src=\"http:\/\/blogs.thesocialmedia.com\/leblogmoto\/files\/2012\/07\/6a00d83451b18369e201156ecf9252970c-500wi.jpg\" style=\"width: 470px\" \/><\/a> <\/p>\n<p><a href=\"http:\/\/blogs.thesocialmedia.com\/leblogmoto\/files\/2012\/07\/6a00d83451b18369e201156ecf9089970c-popup.png\"><img decoding=\"async\" alt=\"Modemoto8\" class=\"at-xid-6a00d83451b18369e201156ecf9089970c \" src=\"http:\/\/blogs.thesocialmedia.com\/leblogmoto\/files\/2012\/07\/6a00d83451b18369e201156ecf9089970c-500wi.jpg\" style=\"width: 470px\" \/><\/a> <\/p>\n<p><a href=\"http:\/\/blogs.thesocialmedia.com\/leblogmoto\/files\/2012\/07\/6a00d83451b18369e201156ecf8f19970c-popup.png\"><img decoding=\"async\" alt=\"Modemoto9\" class=\"at-xid-6a00d83451b18369e201156ecf8f19970c \" src=\"http:\/\/blogs.thesocialmedia.com\/leblogmoto\/files\/2012\/07\/6a00d83451b18369e201156ecf8f19970c-500wi.jpg\" style=\"width: 470px\" \/><\/a> <\/p>\n<p><a href=\"http:\/\/blogs.thesocialmedia.com\/leblogmoto\/files\/2012\/07\/6a00d83451b18369e201156ecf8d5a970c-popup.png\"><img decoding=\"async\" alt=\"Modemoto10\" class=\"at-xid-6a00d83451b18369e201156ecf8d5a970c \" src=\"http:\/\/blogs.thesocialmedia.com\/leblogmoto\/files\/2012\/07\/6a00d83451b18369e201156ecf8d5a970c-500wi.jpg\" style=\"width: 470px\" \/><\/a> <\/p>\n<p><a href=\"http:\/\/blogs.thesocialmedia.com\/leblogmoto\/files\/2012\/07\/6a00d83451b18369e201156ecf8b4d970c-popup.png\"><img decoding=\"async\" alt=\"Modemoto11\" class=\"at-xid-6a00d83451b18369e201156ecf8b4d970c \" src=\"http:\/\/blogs.thesocialmedia.com\/leblogmoto\/files\/2012\/07\/6a00d83451b18369e201156ecf8b4d970c-500wi.jpg\" style=\"width: 470px\" \/><\/a> <\/p>\n<p><a href=\"http:\/\/blogs.thesocialmedia.com\/leblogmoto\/files\/2012\/07\/6a00d83451b18369e201156ecf89eb970c-popup.png\"><img decoding=\"async\" alt=\"Modemoto12\" class=\"at-xid-6a00d83451b18369e201156ecf89eb970c \" src=\"http:\/\/blogs.thesocialmedia.com\/leblogmoto\/files\/2012\/07\/6a00d83451b18369e201156ecf89eb970c-500wi.jpg\" style=\"width: 470px\" \/><\/a> <\/p>\n","protected":false},"excerpt":{"rendered":"<p>J&#039;aimerais bien savoir ce qui attire tant les photographes de mode dans l&#039;utilisation, parfois crasse, de la moto comme accessoire? C&#039;est sale, sent mauvais, fait du bruit et est dangereux si, non apprivois\u00e9e; l&#039;amant id\u00e9al donc pour ces femmes parfaites?D\u00e9butons avec le Gis\u00e8le, qui refera la couverture du Vanity Fair am\u00e9ricain de mai, photographi\u00e9 ici [&hellip;]<\/p>\n","protected":false},"author":325,"featured_media":13122,"comment_status":"open","ping_status":"open","sticky":false,"template":"","format":"standard","meta":{"footnotes":""},"categories":[16],"tags":[],"class_list":["post-199","post","type-post","status-publish","format-standard","has-post-thumbnail","hentry","category-art-moto"],"yoast_head":"<!-- This site is optimized with the Yoast SEO plugin v26.0 - https:\/\/yoast.com\/wordpress\/plugins\/seo\/ -->\n<title>Album du vendredi - La plus belle pour aller rouler - leblogmoto.com<\/title>\n<meta name=\"robots\" content=\"index, follow, max-snippet:-1, max-image-preview:large, max-video-preview:-1\" \/>\n<link rel=\"canonical\" href=\"https:\/\/blogs.thesocialmedia.com\/leblogmoto\/2009\/04\/03\/album-du-vendredi-la-plus-belle-pour-aller-rouler\/\" \/>\n<meta name=\"twitter:card\" content=\"summary_large_image\" \/>\n<meta name=\"twitter:title\" content=\"Album du vendredi - La plus belle pour aller rouler - leblogmoto.com\" \/>\n<meta name=\"twitter:description\" content=\"J&#039;aimerais bien savoir ce qui attire tant les photographes de mode dans l&#039;utilisation, parfois crasse, de la moto comme accessoire? C&#039;est sale, sent mauvais, fait du bruit et est dangereux si, non apprivois\u00e9e; l&#039;amant id\u00e9al donc pour ces femmes parfaites?D\u00e9butons avec le Gis\u00e8le, qui refera la couverture du Vanity Fair am\u00e9ricain de mai, photographi\u00e9 ici [&hellip;]\" \/>\n<meta name=\"twitter:image\" content=\"https:\/\/blogs.thesocialmedia.com\/leblogmoto\/files\/2012\/07\/6a00d83451b18369e201156fc70a6e970b-500wi.jpg\" \/>\n<meta name=\"twitter:label1\" content=\"\u00c9crit par\" \/>\n\t<meta name=\"twitter:data1\" content=\"jacques lesage\" \/>\n\t<meta name=\"twitter:label2\" content=\"Dur\u00e9e de lecture estim\u00e9e\" \/>\n\t<meta name=\"twitter:data2\" content=\"1 minute\" \/>\n<script type=\"application\/ld+json\" class=\"yoast-schema-graph\">{\"@context\":\"https:\/\/schema.org\",\"@graph\":[{\"@type\":\"WebPage\",\"@id\":\"https:\/\/blogs.thesocialmedia.com\/leblogmoto\/2009\/04\/03\/album-du-vendredi-la-plus-belle-pour-aller-rouler\/\",\"url\":\"https:\/\/blogs.thesocialmedia.com\/leblogmoto\/2009\/04\/03\/album-du-vendredi-la-plus-belle-pour-aller-rouler\/\",\"name\":\"Album du vendredi - La plus belle pour aller rouler - leblogmoto.com\",\"isPartOf\":{\"@id\":\"https:\/\/blogs.thesocialmedia.com\/leblogmoto\/#website\"},\"primaryImageOfPage\":{\"@id\":\"https:\/\/blogs.thesocialmedia.com\/leblogmoto\/2009\/04\/03\/album-du-vendredi-la-plus-belle-pour-aller-rouler\/#primaryimage\"},\"image\":{\"@id\":\"https:\/\/blogs.thesocialmedia.com\/leblogmoto\/2009\/04\/03\/album-du-vendredi-la-plus-belle-pour-aller-rouler\/#primaryimage\"},\"thumbnailUrl\":\"https:\/\/blogs.thesocialmedia.com\/leblogmoto\/files\/2012\/07\/6a00d83451b18369e201156fc70a6e970b-500wi.jpg\",\"datePublished\":\"2009-04-03T04:46:06+00:00\",\"dateModified\":\"2012-07-11T17:16:45+00:00\",\"author\":{\"@id\":\"https:\/\/blogs.thesocialmedia.com\/leblogmoto\/#\/schema\/person\/e82a0ca8a9a63d031586097a3ed58526\"},\"breadcrumb\":{\"@id\":\"https:\/\/blogs.thesocialmedia.com\/leblogmoto\/2009\/04\/03\/album-du-vendredi-la-plus-belle-pour-aller-rouler\/#breadcrumb\"},\"inLanguage\":\"fr-FR\",\"potentialAction\":[{\"@type\":\"ReadAction\",\"target\":[\"https:\/\/blogs.thesocialmedia.com\/leblogmoto\/2009\/04\/03\/album-du-vendredi-la-plus-belle-pour-aller-rouler\/\"]}]},{\"@type\":\"ImageObject\",\"inLanguage\":\"fr-FR\",\"@id\":\"https:\/\/blogs.thesocialmedia.com\/leblogmoto\/2009\/04\/03\/album-du-vendredi-la-plus-belle-pour-aller-rouler\/#primaryimage\",\"url\":\"https:\/\/blogs.thesocialmedia.com\/leblogmoto\/files\/2012\/07\/6a00d83451b18369e201156fc70a6e970b-500wi.jpg\",\"contentUrl\":\"https:\/\/blogs.thesocialmedia.com\/leblogmoto\/files\/2012\/07\/6a00d83451b18369e201156fc70a6e970b-500wi.jpg\",\"width\":\"500\",\"height\":\"328\"},{\"@type\":\"BreadcrumbList\",\"@id\":\"https:\/\/blogs.thesocialmedia.com\/leblogmoto\/2009\/04\/03\/album-du-vendredi-la-plus-belle-pour-aller-rouler\/#breadcrumb\",\"itemListElement\":[{\"@type\":\"ListItem\",\"position\":1,\"name\":\"Accueil\",\"item\":\"https:\/\/blogs.thesocialmedia.com\/leblogmoto\/\"},{\"@type\":\"ListItem\",\"position\":2,\"name\":\"Album du vendredi &#8211; La plus belle pour aller rouler\"}]},{\"@type\":\"WebSite\",\"@id\":\"https:\/\/blogs.thesocialmedia.com\/leblogmoto\/#website\",\"url\":\"https:\/\/blogs.thesocialmedia.com\/leblogmoto\/\",\"name\":\"leblogmoto\",\"description\":\"Toute l&#039;actualit\u00e9 des 2 roues\",\"potentialAction\":[{\"@type\":\"SearchAction\",\"target\":{\"@type\":\"EntryPoint\",\"urlTemplate\":\"https:\/\/blogs.thesocialmedia.com\/leblogmoto\/?s={search_term_string}\"},\"query-input\":{\"@type\":\"PropertyValueSpecification\",\"valueRequired\":true,\"valueName\":\"search_term_string\"}}],\"inLanguage\":\"fr-FR\"},{\"@type\":\"Person\",\"@id\":\"https:\/\/blogs.thesocialmedia.com\/leblogmoto\/#\/schema\/person\/e82a0ca8a9a63d031586097a3ed58526\",\"name\":\"jacques lesage\",\"image\":{\"@type\":\"ImageObject\",\"inLanguage\":\"fr-FR\",\"@id\":\"https:\/\/blogs.thesocialmedia.com\/leblogmoto\/#\/schema\/person\/image\/\",\"url\":\"https:\/\/secure.gravatar.com\/avatar\/?s=96&d=mm&r=g\",\"contentUrl\":\"https:\/\/secure.gravatar.com\/avatar\/?s=96&d=mm&r=g\",\"caption\":\"jacques lesage\"},\"url\":\"https:\/\/blogs.thesocialmedia.com\/leblogmoto\/author\/jacques-lesage\/\"}]}<\/script>\n<!-- \/ Yoast SEO plugin. -->","yoast_head_json":{"title":"Album du vendredi - La plus belle pour aller rouler - leblogmoto.com","robots":{"index":"index","follow":"follow","max-snippet":"max-snippet:-1","max-image-preview":"max-image-preview:large","max-video-preview":"max-video-preview:-1"},"canonical":"https:\/\/blogs.thesocialmedia.com\/leblogmoto\/2009\/04\/03\/album-du-vendredi-la-plus-belle-pour-aller-rouler\/","twitter_card":"summary_large_image","twitter_title":"Album du vendredi - La plus belle pour aller rouler - leblogmoto.com","twitter_description":"J&#039;aimerais bien savoir ce qui attire tant les photographes de mode dans l&#039;utilisation, parfois crasse, de la moto comme accessoire? C&#039;est sale, sent mauvais, fait du bruit et est dangereux si, non apprivois\u00e9e; l&#039;amant id\u00e9al donc pour ces femmes parfaites?D\u00e9butons avec le Gis\u00e8le, qui refera la couverture du Vanity Fair am\u00e9ricain de mai, photographi\u00e9 ici [&hellip;]","twitter_image":"https:\/\/blogs.thesocialmedia.com\/leblogmoto\/files\/2012\/07\/6a00d83451b18369e201156fc70a6e970b-500wi.jpg","twitter_misc":{"\u00c9crit par":"jacques lesage","Dur\u00e9e de lecture estim\u00e9e":"1 minute"},"schema":{"@context":"https:\/\/schema.org","@graph":[{"@type":"WebPage","@id":"https:\/\/blogs.thesocialmedia.com\/leblogmoto\/2009\/04\/03\/album-du-vendredi-la-plus-belle-pour-aller-rouler\/","url":"https:\/\/blogs.thesocialmedia.com\/leblogmoto\/2009\/04\/03\/album-du-vendredi-la-plus-belle-pour-aller-rouler\/","name":"Album du vendredi - La plus belle pour aller rouler - leblogmoto.com","isPartOf":{"@id":"https:\/\/blogs.thesocialmedia.com\/leblogmoto\/#website"},"primaryImageOfPage":{"@id":"https:\/\/blogs.thesocialmedia.com\/leblogmoto\/2009\/04\/03\/album-du-vendredi-la-plus-belle-pour-aller-rouler\/#primaryimage"},"image":{"@id":"https:\/\/blogs.thesocialmedia.com\/leblogmoto\/2009\/04\/03\/album-du-vendredi-la-plus-belle-pour-aller-rouler\/#primaryimage"},"thumbnailUrl":"https:\/\/blogs.thesocialmedia.com\/leblogmoto\/files\/2012\/07\/6a00d83451b18369e201156fc70a6e970b-500wi.jpg","datePublished":"2009-04-03T04:46:06+00:00","dateModified":"2012-07-11T17:16:45+00:00","author":{"@id":"https:\/\/blogs.thesocialmedia.com\/leblogmoto\/#\/schema\/person\/e82a0ca8a9a63d031586097a3ed58526"},"breadcrumb":{"@id":"https:\/\/blogs.thesocialmedia.com\/leblogmoto\/2009\/04\/03\/album-du-vendredi-la-plus-belle-pour-aller-rouler\/#breadcrumb"},"inLanguage":"fr-FR","potentialAction":[{"@type":"ReadAction","target":["https:\/\/blogs.thesocialmedia.com\/leblogmoto\/2009\/04\/03\/album-du-vendredi-la-plus-belle-pour-aller-rouler\/"]}]},{"@type":"ImageObject","inLanguage":"fr-FR","@id":"https:\/\/blogs.thesocialmedia.com\/leblogmoto\/2009\/04\/03\/album-du-vendredi-la-plus-belle-pour-aller-rouler\/#primaryimage","url":"https:\/\/blogs.thesocialmedia.com\/leblogmoto\/files\/2012\/07\/6a00d83451b18369e201156fc70a6e970b-500wi.jpg","contentUrl":"https:\/\/blogs.thesocialmedia.com\/leblogmoto\/files\/2012\/07\/6a00d83451b18369e201156fc70a6e970b-500wi.jpg","width":"500","height":"328"},{"@type":"BreadcrumbList","@id":"https:\/\/blogs.thesocialmedia.com\/leblogmoto\/2009\/04\/03\/album-du-vendredi-la-plus-belle-pour-aller-rouler\/#breadcrumb","itemListElement":[{"@type":"ListItem","position":1,"name":"Accueil","item":"https:\/\/blogs.thesocialmedia.com\/leblogmoto\/"},{"@type":"ListItem","position":2,"name":"Album du vendredi &#8211; La plus belle pour aller rouler"}]},{"@type":"WebSite","@id":"https:\/\/blogs.thesocialmedia.com\/leblogmoto\/#website","url":"https:\/\/blogs.thesocialmedia.com\/leblogmoto\/","name":"leblogmoto","description":"Toute l&#039;actualit\u00e9 des 2 roues","potentialAction":[{"@type":"SearchAction","target":{"@type":"EntryPoint","urlTemplate":"https:\/\/blogs.thesocialmedia.com\/leblogmoto\/?s={search_term_string}"},"query-input":{"@type":"PropertyValueSpecification","valueRequired":true,"valueName":"search_term_string"}}],"inLanguage":"fr-FR"},{"@type":"Person","@id":"https:\/\/blogs.thesocialmedia.com\/leblogmoto\/#\/schema\/person\/e82a0ca8a9a63d031586097a3ed58526","name":"jacques lesage","image":{"@type":"ImageObject","inLanguage":"fr-FR","@id":"https:\/\/blogs.thesocialmedia.com\/leblogmoto\/#\/schema\/person\/image\/","url":"https:\/\/secure.gravatar.com\/avatar\/?s=96&d=mm&r=g","contentUrl":"https:\/\/secure.gravatar.com\/avatar\/?s=96&d=mm&r=g","caption":"jacques lesage"},"url":"https:\/\/blogs.thesocialmedia.com\/leblogmoto\/author\/jacques-lesage\/"}]}},"_links":{"self":[{"href":"https:\/\/blogs.thesocialmedia.com\/leblogmoto\/wp-json\/wp\/v2\/posts\/199","targetHints":{"allow":["GET"]}}],"collection":[{"href":"https:\/\/blogs.thesocialmedia.com\/leblogmoto\/wp-json\/wp\/v2\/posts"}],"about":[{"href":"https:\/\/blogs.thesocialmedia.com\/leblogmoto\/wp-json\/wp\/v2\/types\/post"}],"author":[{"embeddable":true,"href":"https:\/\/blogs.thesocialmedia.com\/leblogmoto\/wp-json\/wp\/v2\/users\/325"}],"replies":[{"embeddable":true,"href":"https:\/\/blogs.thesocialmedia.com\/leblogmoto\/wp-json\/wp\/v2\/comments?post=199"}],"version-history":[{"count":2,"href":"https:\/\/blogs.thesocialmedia.com\/leblogmoto\/wp-json\/wp\/v2\/posts\/199\/revisions"}],"predecessor-version":[{"id":13145,"href":"https:\/\/blogs.thesocialmedia.com\/leblogmoto\/wp-json\/wp\/v2\/posts\/199\/revisions\/13145"}],"wp:featuredmedia":[{"embeddable":true,"href":"https:\/\/blogs.thesocialmedia.com\/leblogmoto\/wp-json\/wp\/v2\/media\/13122"}],"wp:attachment":[{"href":"https:\/\/blogs.thesocialmedia.com\/leblogmoto\/wp-json\/wp\/v2\/media?parent=199"}],"wp:term":[{"taxonomy":"category","embeddable":true,"href":"https:\/\/blogs.thesocialmedia.com\/leblogmoto\/wp-json\/wp\/v2\/categories?post=199"},{"taxonomy":"post_tag","embeddable":true,"href":"https:\/\/blogs.thesocialmedia.com\/leblogmoto\/wp-json\/wp\/v2\/tags?post=199"}],"curies":[{"name":"wp","href":"https:\/\/api.w.org\/{rel}","templated":true}]}}