{"id":1990,"date":"2006-03-19T16:05:36","date_gmt":"2006-03-19T16:05:36","guid":{"rendered":"http:\/\/blogs.thesocialmedia.com\/leblogmoto\/2006\/03\/19\/motogp-ltude-am\/"},"modified":"2012-07-11T14:17:52","modified_gmt":"2012-07-11T14:17:52","slug":"motogp-ltude-am","status":"publish","type":"post","link":"https:\/\/blogs.thesocialmedia.com\/leblogmoto\/2006\/03\/19\/motogp-ltude-am\/","title":{"rendered":"MotoGP: l&rsquo;\u00e9tude am\u00e9ricaine"},"content":{"rendered":"<p><a href=\"http:\/\/blogs.thesocialmedia.com\/leblogmoto\/files\/2012\/07\/420611_41222.jpg\"><img loading=\"lazy\" decoding=\"async\" height=\"187\" alt=\"420611_41222\" src=\"http:\/\/www.leblogmoto.com\/images\/420611_41222.jpg\" width=\"250\"  \/><\/a>Voici la vision am\u00e9ricaine de la <a href=\"http:\/\/www.leblogmoto.com\/2006\/03\/pedrosa_dj_outs.html\">MotoGP<\/a>, issue d&rsquo;un brainstorm de <strong>treize <\/strong>\u00e9tudiants de l&rsquo;Uncle Sam en design industriel.<\/p>\n<p>Ce projet du coll\u00e8ge d&rsquo;art et et de design de Savannah en <strong>Floride <\/strong>se veut innovant dans les domaines de l&rsquo;ergonomie, la hauteur de selle et de l&#8217;empattement.<\/p>\n<p>Il ne s&rsquo;ag\u00eet pas d&rsquo;une image de synth\u00e8se mais bien d&rsquo;une r\u00e9alisation \u00e0 l&rsquo;\u00e9chelle 1 d&rsquo;apr\u00e8s une maquette en argile.<\/p>\n<p>Ces <strong>dix<\/strong> semaines de travail convaincront-ils un <a href=\"http:\/\/www.leblogmoto.com\/2006\/02\/mc_williams_a_d.html\">constructeur am\u00e9ricain<\/a> \u00e0 se lancer officiellement dans l&rsquo;aventure <a href=\"http:\/\/www.leblogmoto.com\/2006\/03\/yamaha_trmulati.html\">MotoGP<\/a> ? Il faudrait demander \u00e0 <strong>ROBERTS<\/strong> ce qu&rsquo;il en pense. Ceci dit, le projet a d\u00e9j\u00e0 s\u00e9duit l&rsquo;incontournable m\u00e9c\u00e8ne <strong>RED BULL<\/strong>, d\u00e9j\u00e0 annonceur titre du GP des Etats-Unis \u00e0 <strong>LAGUNA SECA<\/strong>. Le projet y sera pr\u00e9sent\u00e9 au public du <strong>21 au 23 Juillet<\/strong>. Le taureau rouge touche \u00e0 tout aurait-il une id\u00e9e derri\u00e8re les cornes ?&nbsp; &nbsp; &nbsp; <\/p>\n<p>SOURCE: <a href=\"http:\/\/www.motogp.com\">www.motogp.com<\/a> <\/p>\n","protected":false},"excerpt":{"rendered":"<p>Voici la vision am\u00e9ricaine de la MotoGP, issue d&rsquo;un brainstorm de treize \u00e9tudiants de l&rsquo;Uncle Sam en design industriel. Ce projet du coll\u00e8ge d&rsquo;art et et de design de Savannah en Floride se veut innovant dans les domaines de l&rsquo;ergonomie, la hauteur de selle et de l&#8217;empattement. Il ne s&rsquo;ag\u00eet pas d&rsquo;une image de synth\u00e8se [&hellip;]<\/p>\n","protected":false},"author":336,"featured_media":0,"comment_status":"open","ping_status":"open","sticky":false,"template":"","format":"standard","meta":{"footnotes":""},"categories":[16,33,22],"tags":[],"class_list":["post-1990","post","type-post","status-publish","format-standard","hentry","category-art-moto","category-concept-bike","category-motogp"],"yoast_head":"<!-- This site is optimized with the Yoast SEO plugin v26.0 - https:\/\/yoast.com\/wordpress\/plugins\/seo\/ -->\n<title>MotoGP: l&#039;\u00e9tude am\u00e9ricaine - leblogmoto.com<\/title>\n<meta name=\"robots\" content=\"index, follow, max-snippet:-1, max-image-preview:large, max-video-preview:-1\" \/>\n<link rel=\"canonical\" href=\"https:\/\/blogs.thesocialmedia.com\/leblogmoto\/2006\/03\/19\/motogp-ltude-am\/\" \/>\n<meta name=\"twitter:card\" content=\"summary_large_image\" \/>\n<meta name=\"twitter:title\" content=\"MotoGP: l&#039;\u00e9tude am\u00e9ricaine - leblogmoto.com\" \/>\n<meta name=\"twitter:description\" content=\"Voici la vision am\u00e9ricaine de la MotoGP, issue d&rsquo;un brainstorm de treize \u00e9tudiants de l&rsquo;Uncle Sam en design industriel. Ce projet du coll\u00e8ge d&rsquo;art et et de design de Savannah en Floride se veut innovant dans les domaines de l&rsquo;ergonomie, la hauteur de selle et de l&#8217;empattement. Il ne s&rsquo;ag\u00eet pas d&rsquo;une image de synth\u00e8se [&hellip;]\" \/>\n<meta name=\"twitter:image\" content=\"http:\/\/www.leblogmoto.com\/images\/420611_41222.jpg\" \/>\n<meta name=\"twitter:label1\" content=\"\u00c9crit par\" \/>\n\t<meta name=\"twitter:data1\" content=\"andre leconde\" \/>\n\t<meta name=\"twitter:label2\" content=\"Dur\u00e9e de lecture estim\u00e9e\" \/>\n\t<meta name=\"twitter:data2\" content=\"1 minute\" \/>\n<script type=\"application\/ld+json\" class=\"yoast-schema-graph\">{\"@context\":\"https:\/\/schema.org\",\"@graph\":[{\"@type\":\"WebPage\",\"@id\":\"https:\/\/blogs.thesocialmedia.com\/leblogmoto\/2006\/03\/19\/motogp-ltude-am\/\",\"url\":\"https:\/\/blogs.thesocialmedia.com\/leblogmoto\/2006\/03\/19\/motogp-ltude-am\/\",\"name\":\"MotoGP: l'\u00e9tude am\u00e9ricaine - leblogmoto.com\",\"isPartOf\":{\"@id\":\"https:\/\/blogs.thesocialmedia.com\/leblogmoto\/#website\"},\"primaryImageOfPage\":{\"@id\":\"https:\/\/blogs.thesocialmedia.com\/leblogmoto\/2006\/03\/19\/motogp-ltude-am\/#primaryimage\"},\"image\":{\"@id\":\"https:\/\/blogs.thesocialmedia.com\/leblogmoto\/2006\/03\/19\/motogp-ltude-am\/#primaryimage\"},\"thumbnailUrl\":\"http:\/\/www.leblogmoto.com\/images\/420611_41222.jpg\",\"datePublished\":\"2006-03-19T16:05:36+00:00\",\"dateModified\":\"2012-07-11T14:17:52+00:00\",\"author\":{\"@id\":\"https:\/\/blogs.thesocialmedia.com\/leblogmoto\/#\/schema\/person\/1a1dcfc7cec206573105eb4af91155c2\"},\"breadcrumb\":{\"@id\":\"https:\/\/blogs.thesocialmedia.com\/leblogmoto\/2006\/03\/19\/motogp-ltude-am\/#breadcrumb\"},\"inLanguage\":\"fr-FR\",\"potentialAction\":[{\"@type\":\"ReadAction\",\"target\":[\"https:\/\/blogs.thesocialmedia.com\/leblogmoto\/2006\/03\/19\/motogp-ltude-am\/\"]}]},{\"@type\":\"ImageObject\",\"inLanguage\":\"fr-FR\",\"@id\":\"https:\/\/blogs.thesocialmedia.com\/leblogmoto\/2006\/03\/19\/motogp-ltude-am\/#primaryimage\",\"url\":\"http:\/\/www.leblogmoto.com\/images\/420611_41222.jpg\",\"contentUrl\":\"http:\/\/www.leblogmoto.com\/images\/420611_41222.jpg\"},{\"@type\":\"BreadcrumbList\",\"@id\":\"https:\/\/blogs.thesocialmedia.com\/leblogmoto\/2006\/03\/19\/motogp-ltude-am\/#breadcrumb\",\"itemListElement\":[{\"@type\":\"ListItem\",\"position\":1,\"name\":\"Accueil\",\"item\":\"https:\/\/blogs.thesocialmedia.com\/leblogmoto\/\"},{\"@type\":\"ListItem\",\"position\":2,\"name\":\"MotoGP: l&rsquo;\u00e9tude am\u00e9ricaine\"}]},{\"@type\":\"WebSite\",\"@id\":\"https:\/\/blogs.thesocialmedia.com\/leblogmoto\/#website\",\"url\":\"https:\/\/blogs.thesocialmedia.com\/leblogmoto\/\",\"name\":\"leblogmoto\",\"description\":\"Toute l&#039;actualit\u00e9 des 2 roues\",\"potentialAction\":[{\"@type\":\"SearchAction\",\"target\":{\"@type\":\"EntryPoint\",\"urlTemplate\":\"https:\/\/blogs.thesocialmedia.com\/leblogmoto\/?s={search_term_string}\"},\"query-input\":{\"@type\":\"PropertyValueSpecification\",\"valueRequired\":true,\"valueName\":\"search_term_string\"}}],\"inLanguage\":\"fr-FR\"},{\"@type\":\"Person\",\"@id\":\"https:\/\/blogs.thesocialmedia.com\/leblogmoto\/#\/schema\/person\/1a1dcfc7cec206573105eb4af91155c2\",\"name\":\"andre leconde\",\"image\":{\"@type\":\"ImageObject\",\"inLanguage\":\"fr-FR\",\"@id\":\"https:\/\/blogs.thesocialmedia.com\/leblogmoto\/#\/schema\/person\/image\/\",\"url\":\"https:\/\/secure.gravatar.com\/avatar\/?s=96&d=mm&r=g\",\"contentUrl\":\"https:\/\/secure.gravatar.com\/avatar\/?s=96&d=mm&r=g\",\"caption\":\"andre leconde\"},\"url\":\"https:\/\/blogs.thesocialmedia.com\/leblogmoto\/author\/andre-leconde\/\"}]}<\/script>\n<!-- \/ Yoast SEO plugin. -->","yoast_head_json":{"title":"MotoGP: l'\u00e9tude am\u00e9ricaine - leblogmoto.com","robots":{"index":"index","follow":"follow","max-snippet":"max-snippet:-1","max-image-preview":"max-image-preview:large","max-video-preview":"max-video-preview:-1"},"canonical":"https:\/\/blogs.thesocialmedia.com\/leblogmoto\/2006\/03\/19\/motogp-ltude-am\/","twitter_card":"summary_large_image","twitter_title":"MotoGP: l'\u00e9tude am\u00e9ricaine - leblogmoto.com","twitter_description":"Voici la vision am\u00e9ricaine de la MotoGP, issue d&rsquo;un brainstorm de treize \u00e9tudiants de l&rsquo;Uncle Sam en design industriel. Ce projet du coll\u00e8ge d&rsquo;art et et de design de Savannah en Floride se veut innovant dans les domaines de l&rsquo;ergonomie, la hauteur de selle et de l&#8217;empattement. Il ne s&rsquo;ag\u00eet pas d&rsquo;une image de synth\u00e8se [&hellip;]","twitter_image":"http:\/\/www.leblogmoto.com\/images\/420611_41222.jpg","twitter_misc":{"\u00c9crit par":"andre leconde","Dur\u00e9e de lecture estim\u00e9e":"1 minute"},"schema":{"@context":"https:\/\/schema.org","@graph":[{"@type":"WebPage","@id":"https:\/\/blogs.thesocialmedia.com\/leblogmoto\/2006\/03\/19\/motogp-ltude-am\/","url":"https:\/\/blogs.thesocialmedia.com\/leblogmoto\/2006\/03\/19\/motogp-ltude-am\/","name":"MotoGP: l'\u00e9tude am\u00e9ricaine - leblogmoto.com","isPartOf":{"@id":"https:\/\/blogs.thesocialmedia.com\/leblogmoto\/#website"},"primaryImageOfPage":{"@id":"https:\/\/blogs.thesocialmedia.com\/leblogmoto\/2006\/03\/19\/motogp-ltude-am\/#primaryimage"},"image":{"@id":"https:\/\/blogs.thesocialmedia.com\/leblogmoto\/2006\/03\/19\/motogp-ltude-am\/#primaryimage"},"thumbnailUrl":"http:\/\/www.leblogmoto.com\/images\/420611_41222.jpg","datePublished":"2006-03-19T16:05:36+00:00","dateModified":"2012-07-11T14:17:52+00:00","author":{"@id":"https:\/\/blogs.thesocialmedia.com\/leblogmoto\/#\/schema\/person\/1a1dcfc7cec206573105eb4af91155c2"},"breadcrumb":{"@id":"https:\/\/blogs.thesocialmedia.com\/leblogmoto\/2006\/03\/19\/motogp-ltude-am\/#breadcrumb"},"inLanguage":"fr-FR","potentialAction":[{"@type":"ReadAction","target":["https:\/\/blogs.thesocialmedia.com\/leblogmoto\/2006\/03\/19\/motogp-ltude-am\/"]}]},{"@type":"ImageObject","inLanguage":"fr-FR","@id":"https:\/\/blogs.thesocialmedia.com\/leblogmoto\/2006\/03\/19\/motogp-ltude-am\/#primaryimage","url":"http:\/\/www.leblogmoto.com\/images\/420611_41222.jpg","contentUrl":"http:\/\/www.leblogmoto.com\/images\/420611_41222.jpg"},{"@type":"BreadcrumbList","@id":"https:\/\/blogs.thesocialmedia.com\/leblogmoto\/2006\/03\/19\/motogp-ltude-am\/#breadcrumb","itemListElement":[{"@type":"ListItem","position":1,"name":"Accueil","item":"https:\/\/blogs.thesocialmedia.com\/leblogmoto\/"},{"@type":"ListItem","position":2,"name":"MotoGP: l&rsquo;\u00e9tude am\u00e9ricaine"}]},{"@type":"WebSite","@id":"https:\/\/blogs.thesocialmedia.com\/leblogmoto\/#website","url":"https:\/\/blogs.thesocialmedia.com\/leblogmoto\/","name":"leblogmoto","description":"Toute l&#039;actualit\u00e9 des 2 roues","potentialAction":[{"@type":"SearchAction","target":{"@type":"EntryPoint","urlTemplate":"https:\/\/blogs.thesocialmedia.com\/leblogmoto\/?s={search_term_string}"},"query-input":{"@type":"PropertyValueSpecification","valueRequired":true,"valueName":"search_term_string"}}],"inLanguage":"fr-FR"},{"@type":"Person","@id":"https:\/\/blogs.thesocialmedia.com\/leblogmoto\/#\/schema\/person\/1a1dcfc7cec206573105eb4af91155c2","name":"andre leconde","image":{"@type":"ImageObject","inLanguage":"fr-FR","@id":"https:\/\/blogs.thesocialmedia.com\/leblogmoto\/#\/schema\/person\/image\/","url":"https:\/\/secure.gravatar.com\/avatar\/?s=96&d=mm&r=g","contentUrl":"https:\/\/secure.gravatar.com\/avatar\/?s=96&d=mm&r=g","caption":"andre leconde"},"url":"https:\/\/blogs.thesocialmedia.com\/leblogmoto\/author\/andre-leconde\/"}]}},"_links":{"self":[{"href":"https:\/\/blogs.thesocialmedia.com\/leblogmoto\/wp-json\/wp\/v2\/posts\/1990","targetHints":{"allow":["GET"]}}],"collection":[{"href":"https:\/\/blogs.thesocialmedia.com\/leblogmoto\/wp-json\/wp\/v2\/posts"}],"about":[{"href":"https:\/\/blogs.thesocialmedia.com\/leblogmoto\/wp-json\/wp\/v2\/types\/post"}],"author":[{"embeddable":true,"href":"https:\/\/blogs.thesocialmedia.com\/leblogmoto\/wp-json\/wp\/v2\/users\/336"}],"replies":[{"embeddable":true,"href":"https:\/\/blogs.thesocialmedia.com\/leblogmoto\/wp-json\/wp\/v2\/comments?post=1990"}],"version-history":[{"count":2,"href":"https:\/\/blogs.thesocialmedia.com\/leblogmoto\/wp-json\/wp\/v2\/posts\/1990\/revisions"}],"predecessor-version":[{"id":7173,"href":"https:\/\/blogs.thesocialmedia.com\/leblogmoto\/wp-json\/wp\/v2\/posts\/1990\/revisions\/7173"}],"wp:attachment":[{"href":"https:\/\/blogs.thesocialmedia.com\/leblogmoto\/wp-json\/wp\/v2\/media?parent=1990"}],"wp:term":[{"taxonomy":"category","embeddable":true,"href":"https:\/\/blogs.thesocialmedia.com\/leblogmoto\/wp-json\/wp\/v2\/categories?post=1990"},{"taxonomy":"post_tag","embeddable":true,"href":"https:\/\/blogs.thesocialmedia.com\/leblogmoto\/wp-json\/wp\/v2\/tags?post=1990"}],"curies":[{"name":"wp","href":"https:\/\/api.w.org\/{rel}","templated":true}]}}