{"id":1992,"date":"2006-03-18T14:39:43","date_gmt":"2006-03-18T14:39:43","guid":{"rendered":"http:\/\/blogs.thesocialmedia.com\/leblogmoto\/2006\/03\/18\/yamaha-trmulati\/"},"modified":"2012-07-11T14:17:47","modified_gmt":"2012-07-11T14:17:47","slug":"yamaha-trmulati","status":"publish","type":"post","link":"https:\/\/blogs.thesocialmedia.com\/leblogmoto\/2006\/03\/18\/yamaha-trmulati\/","title":{"rendered":"YAMAHA: Tr\u00e9mulations ou simulation ?"},"content":{"rendered":"<p><a href=\"http:\/\/blogs.thesocialmedia.com\/leblogmoto\/files\/2012\/07\/tbl_noticias_fichero_imagenes_5644.jpg\"><img loading=\"lazy\" decoding=\"async\" height=\"188\" alt=\"Tbl_noticias_fichero_imagenes_5644\" src=\"http:\/\/www.leblogmoto.com\/images\/tbl_noticias_fichero_imagenes_5644.jpg\" width=\"250\"  \/><\/a>Dans exactement une semaine, on sera rentr\u00e9 dans le vif du sujet pour ce qui est de la saison 2006 du MotoGP. L&rsquo;entame se fera sur le circuit de <strong>JEREZ<\/strong> qui a \u00e9t\u00e9 le th\u00e9atre des derniers <a href=\"http:\/\/www.leblogmoto.com\/2006\/03\/jerez_.html\">essais<\/a> hivernaux.<\/p>\n<p>Ce dernier exercice a suscit\u00e9 de nombreuses interrogations. Certes, les <strong>HONDA<\/strong> ont \u00e9volu\u00e9 dans une discr\u00e9tion telle que l&rsquo;on imagine quelque part qu&rsquo;elles cachent leur jeu. Bien s\u00fbr, <a href=\"http:\/\/www.leblogmoto.com\/2006\/03\/desmoblog_ducat.html\">DUCATI<\/a> a jou\u00e9 les \u00e9pouvantails, mais, c&rsquo;est surtout sur les contre-performances des <strong>YAMAHA Camel<\/strong> que l&rsquo;attention s&rsquo;est focalis\u00e9e. Une attention que les mines allong\u00e9es des soci\u00e8taires du team n&rsquo;aidaient pas \u00e0 rel\u00e2cher&#8230;<\/p>\n<p><a href=\"http:\/\/clabedan.typepad.com\/.shared\/image.html?\/photos\/uncategorized\/257278868962458238.jpg\"><img loading=\"lazy\" decoding=\"async\" height=\"129\" alt=\"257278868962458238\" src=\"http:\/\/www.leblogmoto.com\/images\/257278868962458238.jpg\" width=\"250\"  \/><\/a>La <strong>M1<\/strong> aurait chopp\u00e9 le virus du &quot;<strong>chattering<\/strong>&quot;, dont la simple \u00e9vocation aux ing\u00e9nieurs a le m\u00eame effet que l&rsquo;annonce \u00e0 la volaille d&rsquo;un cas de grippe dans son poulailler. Imp\u00e9riales sur le <a href=\"http:\/\/www.leblogmoto.com\/2006\/03\/a_edwards_le_ro.html\">Catalunya<\/a>, les YAMAHA jaunes ont \u00e9t\u00e9 nul part \u00e0 JEREZ. Comment un tel revirement peut-il se produire ? Et les pilotes n&rsquo;h\u00e9sitaient pas \u00e0 aller de leurs mines d\u00e9confites et de leurs commentaires acerbes, du &quot;<strong>on est trop lent, je suis <\/strong><a href=\"http:\/\/clabedan.typepad.com\/.shared\/image.html?\/photos\/uncategorized\/1141135989.jpg\"><strong><img loading=\"lazy\" decoding=\"async\" height=\"149\" alt=\"1141135989\" src=\"http:\/\/www.leblogmoto.com\/images\/1141135989.jpg\" width=\"250\"  \/><\/strong><\/a><strong> inquiet&quot;<\/strong> de Vale au &quot;<strong>on tourne en rond<\/strong> dans la recherche de la solution&quot; du texan.<\/p>\n<p>Ce spleen n&rsquo;a pas tard\u00e9 \u00e0 affamer encore un peu plus la concurrence, <strong>HOPKINS<\/strong> voyant bien ROSSI trembler sur son pi\u00e9destal tout autant que sa moto sur la piste. <strong>Capirex<\/strong> est r\u00e9aliste, reconnaissant une certaine difficult\u00e9 \u00e0 mettre le doigt sur les bons r\u00e9glages de sa <a href=\"http:\/\/www.leblogmoto.com\/2006\/01\/desmo_gp6_en_ro.html\">GP6<\/a>, tout en constatant, qu&rsquo;une fois ceux-ci d\u00e9couverts, la belle rouge volait.<\/p>\n<p>Cette incertitude met en place un suspens de bon aloi \u00e0 l&rsquo;approche d&rsquo;une premi\u00e8re course qui sera, comme d&rsquo;habitude, explosive. Bouscul\u00e9 dans tous les sens du terme l&rsquo;an dernier, c&rsquo;est sans doute <strong>GIBERNAU<\/strong>, qui, plus que tout autre, souhaite au plus vite en d\u00e9coudre.&nbsp; <\/p>\n","protected":false},"excerpt":{"rendered":"<p>Dans exactement une semaine, on sera rentr\u00e9 dans le vif du sujet pour ce qui est de la saison 2006 du MotoGP. L&rsquo;entame se fera sur le circuit de JEREZ qui a \u00e9t\u00e9 le th\u00e9atre des derniers essais hivernaux. Ce dernier exercice a suscit\u00e9 de nombreuses interrogations. Certes, les HONDA ont \u00e9volu\u00e9 dans une discr\u00e9tion [&hellip;]<\/p>\n","protected":false},"author":336,"featured_media":0,"comment_status":"open","ping_status":"open","sticky":false,"template":"","format":"standard","meta":{"footnotes":""},"categories":[22,32],"tags":[],"class_list":["post-1992","post","type-post","status-publish","format-standard","hentry","category-motogp","category-sport-moto"],"yoast_head":"<!-- This site is optimized with the Yoast SEO plugin v26.0 - https:\/\/yoast.com\/wordpress\/plugins\/seo\/ -->\n<title>YAMAHA: Tr\u00e9mulations ou simulation ? - leblogmoto.com<\/title>\n<meta name=\"robots\" content=\"index, follow, max-snippet:-1, max-image-preview:large, max-video-preview:-1\" \/>\n<link rel=\"canonical\" href=\"https:\/\/blogs.thesocialmedia.com\/leblogmoto\/2006\/03\/18\/yamaha-trmulati\/\" \/>\n<meta name=\"twitter:card\" content=\"summary_large_image\" \/>\n<meta name=\"twitter:title\" content=\"YAMAHA: Tr\u00e9mulations ou simulation ? - leblogmoto.com\" \/>\n<meta name=\"twitter:description\" content=\"Dans exactement une semaine, on sera rentr\u00e9 dans le vif du sujet pour ce qui est de la saison 2006 du MotoGP. L&rsquo;entame se fera sur le circuit de JEREZ qui a \u00e9t\u00e9 le th\u00e9atre des derniers essais hivernaux. Ce dernier exercice a suscit\u00e9 de nombreuses interrogations. Certes, les HONDA ont \u00e9volu\u00e9 dans une discr\u00e9tion [&hellip;]\" \/>\n<meta name=\"twitter:image\" content=\"http:\/\/www.leblogmoto.com\/images\/tbl_noticias_fichero_imagenes_5644.jpg\" \/>\n<meta name=\"twitter:label1\" content=\"\u00c9crit par\" \/>\n\t<meta name=\"twitter:data1\" content=\"andre leconde\" \/>\n\t<meta name=\"twitter:label2\" content=\"Dur\u00e9e de lecture estim\u00e9e\" \/>\n\t<meta name=\"twitter:data2\" content=\"2 minutes\" \/>\n<script type=\"application\/ld+json\" class=\"yoast-schema-graph\">{\"@context\":\"https:\/\/schema.org\",\"@graph\":[{\"@type\":\"WebPage\",\"@id\":\"https:\/\/blogs.thesocialmedia.com\/leblogmoto\/2006\/03\/18\/yamaha-trmulati\/\",\"url\":\"https:\/\/blogs.thesocialmedia.com\/leblogmoto\/2006\/03\/18\/yamaha-trmulati\/\",\"name\":\"YAMAHA: Tr\u00e9mulations ou simulation ? - leblogmoto.com\",\"isPartOf\":{\"@id\":\"https:\/\/blogs.thesocialmedia.com\/leblogmoto\/#website\"},\"primaryImageOfPage\":{\"@id\":\"https:\/\/blogs.thesocialmedia.com\/leblogmoto\/2006\/03\/18\/yamaha-trmulati\/#primaryimage\"},\"image\":{\"@id\":\"https:\/\/blogs.thesocialmedia.com\/leblogmoto\/2006\/03\/18\/yamaha-trmulati\/#primaryimage\"},\"thumbnailUrl\":\"http:\/\/www.leblogmoto.com\/images\/tbl_noticias_fichero_imagenes_5644.jpg\",\"datePublished\":\"2006-03-18T14:39:43+00:00\",\"dateModified\":\"2012-07-11T14:17:47+00:00\",\"author\":{\"@id\":\"https:\/\/blogs.thesocialmedia.com\/leblogmoto\/#\/schema\/person\/1a1dcfc7cec206573105eb4af91155c2\"},\"breadcrumb\":{\"@id\":\"https:\/\/blogs.thesocialmedia.com\/leblogmoto\/2006\/03\/18\/yamaha-trmulati\/#breadcrumb\"},\"inLanguage\":\"fr-FR\",\"potentialAction\":[{\"@type\":\"ReadAction\",\"target\":[\"https:\/\/blogs.thesocialmedia.com\/leblogmoto\/2006\/03\/18\/yamaha-trmulati\/\"]}]},{\"@type\":\"ImageObject\",\"inLanguage\":\"fr-FR\",\"@id\":\"https:\/\/blogs.thesocialmedia.com\/leblogmoto\/2006\/03\/18\/yamaha-trmulati\/#primaryimage\",\"url\":\"http:\/\/www.leblogmoto.com\/images\/tbl_noticias_fichero_imagenes_5644.jpg\",\"contentUrl\":\"http:\/\/www.leblogmoto.com\/images\/tbl_noticias_fichero_imagenes_5644.jpg\"},{\"@type\":\"BreadcrumbList\",\"@id\":\"https:\/\/blogs.thesocialmedia.com\/leblogmoto\/2006\/03\/18\/yamaha-trmulati\/#breadcrumb\",\"itemListElement\":[{\"@type\":\"ListItem\",\"position\":1,\"name\":\"Accueil\",\"item\":\"https:\/\/blogs.thesocialmedia.com\/leblogmoto\/\"},{\"@type\":\"ListItem\",\"position\":2,\"name\":\"YAMAHA: Tr\u00e9mulations ou simulation ?\"}]},{\"@type\":\"WebSite\",\"@id\":\"https:\/\/blogs.thesocialmedia.com\/leblogmoto\/#website\",\"url\":\"https:\/\/blogs.thesocialmedia.com\/leblogmoto\/\",\"name\":\"leblogmoto\",\"description\":\"Toute l&#039;actualit\u00e9 des 2 roues\",\"potentialAction\":[{\"@type\":\"SearchAction\",\"target\":{\"@type\":\"EntryPoint\",\"urlTemplate\":\"https:\/\/blogs.thesocialmedia.com\/leblogmoto\/?s={search_term_string}\"},\"query-input\":{\"@type\":\"PropertyValueSpecification\",\"valueRequired\":true,\"valueName\":\"search_term_string\"}}],\"inLanguage\":\"fr-FR\"},{\"@type\":\"Person\",\"@id\":\"https:\/\/blogs.thesocialmedia.com\/leblogmoto\/#\/schema\/person\/1a1dcfc7cec206573105eb4af91155c2\",\"name\":\"andre leconde\",\"image\":{\"@type\":\"ImageObject\",\"inLanguage\":\"fr-FR\",\"@id\":\"https:\/\/blogs.thesocialmedia.com\/leblogmoto\/#\/schema\/person\/image\/\",\"url\":\"https:\/\/secure.gravatar.com\/avatar\/?s=96&d=mm&r=g\",\"contentUrl\":\"https:\/\/secure.gravatar.com\/avatar\/?s=96&d=mm&r=g\",\"caption\":\"andre leconde\"},\"url\":\"https:\/\/blogs.thesocialmedia.com\/leblogmoto\/author\/andre-leconde\/\"}]}<\/script>\n<!-- \/ Yoast SEO plugin. -->","yoast_head_json":{"title":"YAMAHA: Tr\u00e9mulations ou simulation ? - leblogmoto.com","robots":{"index":"index","follow":"follow","max-snippet":"max-snippet:-1","max-image-preview":"max-image-preview:large","max-video-preview":"max-video-preview:-1"},"canonical":"https:\/\/blogs.thesocialmedia.com\/leblogmoto\/2006\/03\/18\/yamaha-trmulati\/","twitter_card":"summary_large_image","twitter_title":"YAMAHA: Tr\u00e9mulations ou simulation ? - leblogmoto.com","twitter_description":"Dans exactement une semaine, on sera rentr\u00e9 dans le vif du sujet pour ce qui est de la saison 2006 du MotoGP. L&rsquo;entame se fera sur le circuit de JEREZ qui a \u00e9t\u00e9 le th\u00e9atre des derniers essais hivernaux. Ce dernier exercice a suscit\u00e9 de nombreuses interrogations. Certes, les HONDA ont \u00e9volu\u00e9 dans une discr\u00e9tion [&hellip;]","twitter_image":"http:\/\/www.leblogmoto.com\/images\/tbl_noticias_fichero_imagenes_5644.jpg","twitter_misc":{"\u00c9crit par":"andre leconde","Dur\u00e9e de lecture estim\u00e9e":"2 minutes"},"schema":{"@context":"https:\/\/schema.org","@graph":[{"@type":"WebPage","@id":"https:\/\/blogs.thesocialmedia.com\/leblogmoto\/2006\/03\/18\/yamaha-trmulati\/","url":"https:\/\/blogs.thesocialmedia.com\/leblogmoto\/2006\/03\/18\/yamaha-trmulati\/","name":"YAMAHA: Tr\u00e9mulations ou simulation ? - leblogmoto.com","isPartOf":{"@id":"https:\/\/blogs.thesocialmedia.com\/leblogmoto\/#website"},"primaryImageOfPage":{"@id":"https:\/\/blogs.thesocialmedia.com\/leblogmoto\/2006\/03\/18\/yamaha-trmulati\/#primaryimage"},"image":{"@id":"https:\/\/blogs.thesocialmedia.com\/leblogmoto\/2006\/03\/18\/yamaha-trmulati\/#primaryimage"},"thumbnailUrl":"http:\/\/www.leblogmoto.com\/images\/tbl_noticias_fichero_imagenes_5644.jpg","datePublished":"2006-03-18T14:39:43+00:00","dateModified":"2012-07-11T14:17:47+00:00","author":{"@id":"https:\/\/blogs.thesocialmedia.com\/leblogmoto\/#\/schema\/person\/1a1dcfc7cec206573105eb4af91155c2"},"breadcrumb":{"@id":"https:\/\/blogs.thesocialmedia.com\/leblogmoto\/2006\/03\/18\/yamaha-trmulati\/#breadcrumb"},"inLanguage":"fr-FR","potentialAction":[{"@type":"ReadAction","target":["https:\/\/blogs.thesocialmedia.com\/leblogmoto\/2006\/03\/18\/yamaha-trmulati\/"]}]},{"@type":"ImageObject","inLanguage":"fr-FR","@id":"https:\/\/blogs.thesocialmedia.com\/leblogmoto\/2006\/03\/18\/yamaha-trmulati\/#primaryimage","url":"http:\/\/www.leblogmoto.com\/images\/tbl_noticias_fichero_imagenes_5644.jpg","contentUrl":"http:\/\/www.leblogmoto.com\/images\/tbl_noticias_fichero_imagenes_5644.jpg"},{"@type":"BreadcrumbList","@id":"https:\/\/blogs.thesocialmedia.com\/leblogmoto\/2006\/03\/18\/yamaha-trmulati\/#breadcrumb","itemListElement":[{"@type":"ListItem","position":1,"name":"Accueil","item":"https:\/\/blogs.thesocialmedia.com\/leblogmoto\/"},{"@type":"ListItem","position":2,"name":"YAMAHA: Tr\u00e9mulations ou simulation ?"}]},{"@type":"WebSite","@id":"https:\/\/blogs.thesocialmedia.com\/leblogmoto\/#website","url":"https:\/\/blogs.thesocialmedia.com\/leblogmoto\/","name":"leblogmoto","description":"Toute l&#039;actualit\u00e9 des 2 roues","potentialAction":[{"@type":"SearchAction","target":{"@type":"EntryPoint","urlTemplate":"https:\/\/blogs.thesocialmedia.com\/leblogmoto\/?s={search_term_string}"},"query-input":{"@type":"PropertyValueSpecification","valueRequired":true,"valueName":"search_term_string"}}],"inLanguage":"fr-FR"},{"@type":"Person","@id":"https:\/\/blogs.thesocialmedia.com\/leblogmoto\/#\/schema\/person\/1a1dcfc7cec206573105eb4af91155c2","name":"andre leconde","image":{"@type":"ImageObject","inLanguage":"fr-FR","@id":"https:\/\/blogs.thesocialmedia.com\/leblogmoto\/#\/schema\/person\/image\/","url":"https:\/\/secure.gravatar.com\/avatar\/?s=96&d=mm&r=g","contentUrl":"https:\/\/secure.gravatar.com\/avatar\/?s=96&d=mm&r=g","caption":"andre leconde"},"url":"https:\/\/blogs.thesocialmedia.com\/leblogmoto\/author\/andre-leconde\/"}]}},"_links":{"self":[{"href":"https:\/\/blogs.thesocialmedia.com\/leblogmoto\/wp-json\/wp\/v2\/posts\/1992","targetHints":{"allow":["GET"]}}],"collection":[{"href":"https:\/\/blogs.thesocialmedia.com\/leblogmoto\/wp-json\/wp\/v2\/posts"}],"about":[{"href":"https:\/\/blogs.thesocialmedia.com\/leblogmoto\/wp-json\/wp\/v2\/types\/post"}],"author":[{"embeddable":true,"href":"https:\/\/blogs.thesocialmedia.com\/leblogmoto\/wp-json\/wp\/v2\/users\/336"}],"replies":[{"embeddable":true,"href":"https:\/\/blogs.thesocialmedia.com\/leblogmoto\/wp-json\/wp\/v2\/comments?post=1992"}],"version-history":[{"count":2,"href":"https:\/\/blogs.thesocialmedia.com\/leblogmoto\/wp-json\/wp\/v2\/posts\/1992\/revisions"}],"predecessor-version":[{"id":7168,"href":"https:\/\/blogs.thesocialmedia.com\/leblogmoto\/wp-json\/wp\/v2\/posts\/1992\/revisions\/7168"}],"wp:attachment":[{"href":"https:\/\/blogs.thesocialmedia.com\/leblogmoto\/wp-json\/wp\/v2\/media?parent=1992"}],"wp:term":[{"taxonomy":"category","embeddable":true,"href":"https:\/\/blogs.thesocialmedia.com\/leblogmoto\/wp-json\/wp\/v2\/categories?post=1992"},{"taxonomy":"post_tag","embeddable":true,"href":"https:\/\/blogs.thesocialmedia.com\/leblogmoto\/wp-json\/wp\/v2\/tags?post=1992"}],"curies":[{"name":"wp","href":"https:\/\/api.w.org\/{rel}","templated":true}]}}