{"id":1993,"date":"2006-03-18T13:31:25","date_gmt":"2006-03-18T13:31:25","guid":{"rendered":"http:\/\/blogs.thesocialmedia.com\/leblogmoto\/2006\/03\/18\/post-1-2\/"},"modified":"2012-07-11T14:17:46","modified_gmt":"2012-07-11T14:17:46","slug":"post-1-2","status":"publish","type":"post","link":"https:\/\/blogs.thesocialmedia.com\/leblogmoto\/2006\/03\/18\/post-1-2\/","title":{"rendered":"BMW: Etre \u00e0 l&rsquo;unisson avec sa HP2."},"content":{"rendered":"<p><a href=\"http:\/\/blogs.thesocialmedia.com\/leblogmoto\/files\/2012\/07\/bmw20he8.jpg\"><img loading=\"lazy\" decoding=\"async\" height=\"291\" alt=\"Bmw20he8\" src=\"http:\/\/www.leblogmoto.com\/images\/bmw20he8.jpg\" width=\"250\"  \/><\/a> Quand <a href=\"http:\/\/www.leblogmoto.com\/2006\/02\/en_juillet_pens.html\">BMW<\/a> s&rsquo;occupe d&rsquo;un concept, il s&rsquo;en approprie l&rsquo;ensemble. Ainsi, avec sa machine <a href=\"http:\/\/www.leblogmoto.com\/2006\/01\/post_4.html\">HP2<\/a>, soit la belle aventureuse qui peut jouer aussi la rebelle <a href=\"http:\/\/www.leblogmoto.com\/2006\/02\/la_hp2_aussi_en.html\">SM<\/a>, la marque aux h\u00e9lices pr\u00e9voit l&rsquo;accoutrement.<\/p>\n<p>Et comme il s&rsquo;ag\u00eet de<strong> BMW<\/strong>, on ne fait pas dans le simple effet de style. On la joue aussi <a href=\"http:\/\/www.leblogmoto.com\/2006\/02\/post_1.html\">hi-tech<\/a> dans l&rsquo;exclusivit\u00e9 de la plastique.<\/p>\n<p>Un <strong>casque enduro<\/strong> in\u00e9dit et un ensemble protecteur innovant sont donc \u00e0 venir pour celui qui voudra non seulement piloter HP2, mais <a href=\"http:\/\/www.leblogmoto.com\/2006\/03\/la_moto_se_vit_.html\">respirer<\/a>, <a href=\"http:\/\/www.leblogmoto.com\/2006\/03\/afficher_ses_co.html\">s&rsquo;affirmer<\/a> HP2. <\/p>\n<p>Un mariage <a href=\"http:\/\/www.leblogmoto.com\/2006\/01\/le_salon_de_bru.html\">tendance<\/a> qui, \u00e0 bien y regarder semblent d\u00e9j\u00e0 bien prometteur.<\/p>\n<p><a href=\"http:\/\/clabedan.typepad.com\/.shared\/image.html?\/photos\/uncategorized\/bmw20he9.jpg\"><img loading=\"lazy\" decoding=\"async\" height=\"294\" alt=\"Bmw20he9\" src=\"http:\/\/www.leblogmoto.com\/images\/bmw20he9.jpg\" width=\"250\"  \/><\/a> Pour ce qui du casque, on retrouve la d\u00e9marche perfectionniste du sport-int\u00e9grale aux mat\u00e9riaux nobles et poids l\u00e9ger de <strong>999 <\/strong>g.<\/p>\n<p>Ici, non seulement carbone, kevlar, et fibre de verre le structurent, mais, en plus, son isolation phonique a \u00e9t\u00e9 particuli\u00e8rement soign\u00e9e jusqu&rsquo;\u00e0 y int\u00e9grer la technologie <a href=\"http:\/\/www.leblogmoto.com\/2006\/02\/post_3.html\">Bluetooth<\/a>. Quant \u00e0 l&rsquo;a\u00e9rodynamique \u00e9tudi\u00e9e, elle conf\u00e8re un aspect ostentatoire flatteur \u00e0 un heaume qui ne vous arrachera pas les cervicales au cours d&rsquo;une conduite soutenue sur le bitume.&nbsp; <\/p>\n<p>Le corset de protection n&rsquo;est pas anodin non plus. Construit en tissus <strong>Dupont Coolmax<\/strong>, il permet, \u00e0 l&rsquo;instar de la d\u00e9marche Climacool d&rsquo;ADIDAS, de s&rsquo;\u00e9battre sans subir les inconv\u00e9nients du frottement et de la transpiration. On \u00e9volue \u00e0 la fois prot\u00e9g\u00e9 et bien a\u00e9r\u00e9.<\/p>\n<p><strong>390<\/strong> euros estim\u00e9s pour le casque, <strong>300<\/strong> pour l&rsquo;armure du XXI\u00e8me si\u00e8cle, et le tout est esp\u00e8r\u00e9 pour les beaux jours de 2006. <\/p>\n<p>SOURCE: <a href=\"http:\/\/www.gizmag.co.uk\/\">www.gizmag.co.uk<\/a>&nbsp; <\/p>\n","protected":false},"excerpt":{"rendered":"<p>Quand BMW s&rsquo;occupe d&rsquo;un concept, il s&rsquo;en approprie l&rsquo;ensemble. Ainsi, avec sa machine HP2, soit la belle aventureuse qui peut jouer aussi la rebelle SM, la marque aux h\u00e9lices pr\u00e9voit l&rsquo;accoutrement. Et comme il s&rsquo;ag\u00eet de BMW, on ne fait pas dans le simple effet de style. On la joue aussi hi-tech dans l&rsquo;exclusivit\u00e9 de [&hellip;]<\/p>\n","protected":false},"author":336,"featured_media":0,"comment_status":"open","ping_status":"open","sticky":false,"template":"","format":"standard","meta":{"footnotes":""},"categories":[7,8],"tags":[],"class_list":["post-1993","post","type-post","status-publish","format-standard","hentry","category-bmw","category-chaines-et-cuirs"],"yoast_head":"<!-- This site is optimized with the Yoast SEO plugin v26.0 - https:\/\/yoast.com\/wordpress\/plugins\/seo\/ -->\n<title>BMW: Etre \u00e0 l&#039;unisson avec sa HP2. - leblogmoto.com<\/title>\n<meta name=\"robots\" content=\"index, follow, max-snippet:-1, max-image-preview:large, max-video-preview:-1\" \/>\n<link rel=\"canonical\" href=\"https:\/\/blogs.thesocialmedia.com\/leblogmoto\/2006\/03\/18\/post-1-2\/\" \/>\n<meta name=\"twitter:card\" content=\"summary_large_image\" \/>\n<meta name=\"twitter:title\" content=\"BMW: Etre \u00e0 l&#039;unisson avec sa HP2. - leblogmoto.com\" \/>\n<meta name=\"twitter:description\" content=\"Quand BMW s&rsquo;occupe d&rsquo;un concept, il s&rsquo;en approprie l&rsquo;ensemble. Ainsi, avec sa machine HP2, soit la belle aventureuse qui peut jouer aussi la rebelle SM, la marque aux h\u00e9lices pr\u00e9voit l&rsquo;accoutrement. Et comme il s&rsquo;ag\u00eet de BMW, on ne fait pas dans le simple effet de style. On la joue aussi hi-tech dans l&rsquo;exclusivit\u00e9 de [&hellip;]\" \/>\n<meta name=\"twitter:image\" content=\"http:\/\/www.leblogmoto.com\/images\/bmw20he8.jpg\" \/>\n<meta name=\"twitter:label1\" content=\"\u00c9crit par\" \/>\n\t<meta name=\"twitter:data1\" content=\"andre leconde\" \/>\n\t<meta name=\"twitter:label2\" content=\"Dur\u00e9e de lecture estim\u00e9e\" \/>\n\t<meta name=\"twitter:data2\" content=\"1 minute\" \/>\n<script type=\"application\/ld+json\" class=\"yoast-schema-graph\">{\"@context\":\"https:\/\/schema.org\",\"@graph\":[{\"@type\":\"WebPage\",\"@id\":\"https:\/\/blogs.thesocialmedia.com\/leblogmoto\/2006\/03\/18\/post-1-2\/\",\"url\":\"https:\/\/blogs.thesocialmedia.com\/leblogmoto\/2006\/03\/18\/post-1-2\/\",\"name\":\"BMW: Etre \u00e0 l'unisson avec sa HP2. - leblogmoto.com\",\"isPartOf\":{\"@id\":\"https:\/\/blogs.thesocialmedia.com\/leblogmoto\/#website\"},\"primaryImageOfPage\":{\"@id\":\"https:\/\/blogs.thesocialmedia.com\/leblogmoto\/2006\/03\/18\/post-1-2\/#primaryimage\"},\"image\":{\"@id\":\"https:\/\/blogs.thesocialmedia.com\/leblogmoto\/2006\/03\/18\/post-1-2\/#primaryimage\"},\"thumbnailUrl\":\"http:\/\/www.leblogmoto.com\/images\/bmw20he8.jpg\",\"datePublished\":\"2006-03-18T13:31:25+00:00\",\"dateModified\":\"2012-07-11T14:17:46+00:00\",\"author\":{\"@id\":\"https:\/\/blogs.thesocialmedia.com\/leblogmoto\/#\/schema\/person\/1a1dcfc7cec206573105eb4af91155c2\"},\"breadcrumb\":{\"@id\":\"https:\/\/blogs.thesocialmedia.com\/leblogmoto\/2006\/03\/18\/post-1-2\/#breadcrumb\"},\"inLanguage\":\"fr-FR\",\"potentialAction\":[{\"@type\":\"ReadAction\",\"target\":[\"https:\/\/blogs.thesocialmedia.com\/leblogmoto\/2006\/03\/18\/post-1-2\/\"]}]},{\"@type\":\"ImageObject\",\"inLanguage\":\"fr-FR\",\"@id\":\"https:\/\/blogs.thesocialmedia.com\/leblogmoto\/2006\/03\/18\/post-1-2\/#primaryimage\",\"url\":\"http:\/\/www.leblogmoto.com\/images\/bmw20he8.jpg\",\"contentUrl\":\"http:\/\/www.leblogmoto.com\/images\/bmw20he8.jpg\"},{\"@type\":\"BreadcrumbList\",\"@id\":\"https:\/\/blogs.thesocialmedia.com\/leblogmoto\/2006\/03\/18\/post-1-2\/#breadcrumb\",\"itemListElement\":[{\"@type\":\"ListItem\",\"position\":1,\"name\":\"Accueil\",\"item\":\"https:\/\/blogs.thesocialmedia.com\/leblogmoto\/\"},{\"@type\":\"ListItem\",\"position\":2,\"name\":\"BMW: Etre \u00e0 l&rsquo;unisson avec sa HP2.\"}]},{\"@type\":\"WebSite\",\"@id\":\"https:\/\/blogs.thesocialmedia.com\/leblogmoto\/#website\",\"url\":\"https:\/\/blogs.thesocialmedia.com\/leblogmoto\/\",\"name\":\"leblogmoto\",\"description\":\"Toute l&#039;actualit\u00e9 des 2 roues\",\"potentialAction\":[{\"@type\":\"SearchAction\",\"target\":{\"@type\":\"EntryPoint\",\"urlTemplate\":\"https:\/\/blogs.thesocialmedia.com\/leblogmoto\/?s={search_term_string}\"},\"query-input\":{\"@type\":\"PropertyValueSpecification\",\"valueRequired\":true,\"valueName\":\"search_term_string\"}}],\"inLanguage\":\"fr-FR\"},{\"@type\":\"Person\",\"@id\":\"https:\/\/blogs.thesocialmedia.com\/leblogmoto\/#\/schema\/person\/1a1dcfc7cec206573105eb4af91155c2\",\"name\":\"andre leconde\",\"image\":{\"@type\":\"ImageObject\",\"inLanguage\":\"fr-FR\",\"@id\":\"https:\/\/blogs.thesocialmedia.com\/leblogmoto\/#\/schema\/person\/image\/\",\"url\":\"https:\/\/secure.gravatar.com\/avatar\/?s=96&d=mm&r=g\",\"contentUrl\":\"https:\/\/secure.gravatar.com\/avatar\/?s=96&d=mm&r=g\",\"caption\":\"andre leconde\"},\"url\":\"https:\/\/blogs.thesocialmedia.com\/leblogmoto\/author\/andre-leconde\/\"}]}<\/script>\n<!-- \/ Yoast SEO plugin. -->","yoast_head_json":{"title":"BMW: Etre \u00e0 l'unisson avec sa HP2. - leblogmoto.com","robots":{"index":"index","follow":"follow","max-snippet":"max-snippet:-1","max-image-preview":"max-image-preview:large","max-video-preview":"max-video-preview:-1"},"canonical":"https:\/\/blogs.thesocialmedia.com\/leblogmoto\/2006\/03\/18\/post-1-2\/","twitter_card":"summary_large_image","twitter_title":"BMW: Etre \u00e0 l'unisson avec sa HP2. - leblogmoto.com","twitter_description":"Quand BMW s&rsquo;occupe d&rsquo;un concept, il s&rsquo;en approprie l&rsquo;ensemble. Ainsi, avec sa machine HP2, soit la belle aventureuse qui peut jouer aussi la rebelle SM, la marque aux h\u00e9lices pr\u00e9voit l&rsquo;accoutrement. Et comme il s&rsquo;ag\u00eet de BMW, on ne fait pas dans le simple effet de style. On la joue aussi hi-tech dans l&rsquo;exclusivit\u00e9 de [&hellip;]","twitter_image":"http:\/\/www.leblogmoto.com\/images\/bmw20he8.jpg","twitter_misc":{"\u00c9crit par":"andre leconde","Dur\u00e9e de lecture estim\u00e9e":"1 minute"},"schema":{"@context":"https:\/\/schema.org","@graph":[{"@type":"WebPage","@id":"https:\/\/blogs.thesocialmedia.com\/leblogmoto\/2006\/03\/18\/post-1-2\/","url":"https:\/\/blogs.thesocialmedia.com\/leblogmoto\/2006\/03\/18\/post-1-2\/","name":"BMW: Etre \u00e0 l'unisson avec sa HP2. - leblogmoto.com","isPartOf":{"@id":"https:\/\/blogs.thesocialmedia.com\/leblogmoto\/#website"},"primaryImageOfPage":{"@id":"https:\/\/blogs.thesocialmedia.com\/leblogmoto\/2006\/03\/18\/post-1-2\/#primaryimage"},"image":{"@id":"https:\/\/blogs.thesocialmedia.com\/leblogmoto\/2006\/03\/18\/post-1-2\/#primaryimage"},"thumbnailUrl":"http:\/\/www.leblogmoto.com\/images\/bmw20he8.jpg","datePublished":"2006-03-18T13:31:25+00:00","dateModified":"2012-07-11T14:17:46+00:00","author":{"@id":"https:\/\/blogs.thesocialmedia.com\/leblogmoto\/#\/schema\/person\/1a1dcfc7cec206573105eb4af91155c2"},"breadcrumb":{"@id":"https:\/\/blogs.thesocialmedia.com\/leblogmoto\/2006\/03\/18\/post-1-2\/#breadcrumb"},"inLanguage":"fr-FR","potentialAction":[{"@type":"ReadAction","target":["https:\/\/blogs.thesocialmedia.com\/leblogmoto\/2006\/03\/18\/post-1-2\/"]}]},{"@type":"ImageObject","inLanguage":"fr-FR","@id":"https:\/\/blogs.thesocialmedia.com\/leblogmoto\/2006\/03\/18\/post-1-2\/#primaryimage","url":"http:\/\/www.leblogmoto.com\/images\/bmw20he8.jpg","contentUrl":"http:\/\/www.leblogmoto.com\/images\/bmw20he8.jpg"},{"@type":"BreadcrumbList","@id":"https:\/\/blogs.thesocialmedia.com\/leblogmoto\/2006\/03\/18\/post-1-2\/#breadcrumb","itemListElement":[{"@type":"ListItem","position":1,"name":"Accueil","item":"https:\/\/blogs.thesocialmedia.com\/leblogmoto\/"},{"@type":"ListItem","position":2,"name":"BMW: Etre \u00e0 l&rsquo;unisson avec sa HP2."}]},{"@type":"WebSite","@id":"https:\/\/blogs.thesocialmedia.com\/leblogmoto\/#website","url":"https:\/\/blogs.thesocialmedia.com\/leblogmoto\/","name":"leblogmoto","description":"Toute l&#039;actualit\u00e9 des 2 roues","potentialAction":[{"@type":"SearchAction","target":{"@type":"EntryPoint","urlTemplate":"https:\/\/blogs.thesocialmedia.com\/leblogmoto\/?s={search_term_string}"},"query-input":{"@type":"PropertyValueSpecification","valueRequired":true,"valueName":"search_term_string"}}],"inLanguage":"fr-FR"},{"@type":"Person","@id":"https:\/\/blogs.thesocialmedia.com\/leblogmoto\/#\/schema\/person\/1a1dcfc7cec206573105eb4af91155c2","name":"andre leconde","image":{"@type":"ImageObject","inLanguage":"fr-FR","@id":"https:\/\/blogs.thesocialmedia.com\/leblogmoto\/#\/schema\/person\/image\/","url":"https:\/\/secure.gravatar.com\/avatar\/?s=96&d=mm&r=g","contentUrl":"https:\/\/secure.gravatar.com\/avatar\/?s=96&d=mm&r=g","caption":"andre leconde"},"url":"https:\/\/blogs.thesocialmedia.com\/leblogmoto\/author\/andre-leconde\/"}]}},"_links":{"self":[{"href":"https:\/\/blogs.thesocialmedia.com\/leblogmoto\/wp-json\/wp\/v2\/posts\/1993","targetHints":{"allow":["GET"]}}],"collection":[{"href":"https:\/\/blogs.thesocialmedia.com\/leblogmoto\/wp-json\/wp\/v2\/posts"}],"about":[{"href":"https:\/\/blogs.thesocialmedia.com\/leblogmoto\/wp-json\/wp\/v2\/types\/post"}],"author":[{"embeddable":true,"href":"https:\/\/blogs.thesocialmedia.com\/leblogmoto\/wp-json\/wp\/v2\/users\/336"}],"replies":[{"embeddable":true,"href":"https:\/\/blogs.thesocialmedia.com\/leblogmoto\/wp-json\/wp\/v2\/comments?post=1993"}],"version-history":[{"count":2,"href":"https:\/\/blogs.thesocialmedia.com\/leblogmoto\/wp-json\/wp\/v2\/posts\/1993\/revisions"}],"predecessor-version":[{"id":7166,"href":"https:\/\/blogs.thesocialmedia.com\/leblogmoto\/wp-json\/wp\/v2\/posts\/1993\/revisions\/7166"}],"wp:attachment":[{"href":"https:\/\/blogs.thesocialmedia.com\/leblogmoto\/wp-json\/wp\/v2\/media?parent=1993"}],"wp:term":[{"taxonomy":"category","embeddable":true,"href":"https:\/\/blogs.thesocialmedia.com\/leblogmoto\/wp-json\/wp\/v2\/categories?post=1993"},{"taxonomy":"post_tag","embeddable":true,"href":"https:\/\/blogs.thesocialmedia.com\/leblogmoto\/wp-json\/wp\/v2\/tags?post=1993"}],"curies":[{"name":"wp","href":"https:\/\/api.w.org\/{rel}","templated":true}]}}