{"id":1994,"date":"2006-03-18T11:46:06","date_gmt":"2006-03-18T11:46:06","guid":{"rendered":"http:\/\/blogs.thesocialmedia.com\/leblogmoto\/2006\/03\/18\/la-rue-vers-lor\/"},"modified":"2012-07-11T14:17:44","modified_gmt":"2012-07-11T14:17:44","slug":"la-rue-vers-lor","status":"publish","type":"post","link":"https:\/\/blogs.thesocialmedia.com\/leblogmoto\/2006\/03\/18\/la-rue-vers-lor\/","title":{"rendered":"La ru\u00e9e vers l&rsquo;Or."},"content":{"rendered":"<p><a href=\"http:\/\/blogs.thesocialmedia.com\/leblogmoto\/files\/2012\/07\/buellgold.jpg\"><img loading=\"lazy\" decoding=\"async\" height=\"161\" alt=\"Buellgold\" src=\"http:\/\/www.leblogmoto.com\/images\/buellgold.jpg\" width=\"249\"  \/><\/a>La <a href=\"http:\/\/www.leblogmoto.com\/2006\/03\/boxer_design_le.html\">personnalisation<\/a> d&rsquo;une machine peut prendre des tournures tellement affriolantes qu&rsquo;elles peuvent d\u00e9passer l&rsquo;entendement.<\/p>\n<p>Du c\u00f4t\u00e9 de l&rsquo;<a href=\"http:\/\/www.leblogmoto.com\/2006\/03\/sbk_phillip_isl.html\">Australie<\/a> et des <strong>Etats-Unis<\/strong>, on a tellement p\u00e9t\u00e9 les plombs qu&rsquo;on les a transform\u00e9s en or. Avoir une moto en or ne sera donc plus une simple expression. La phrase peut \u00e0 pr\u00e9sent \u00eatre tr\u00e9s bien comprise au sens propre. Une <a href=\"http:\/\/www.leblogmoto.com\/2006\/02\/mc_williams_a_d.html\">BUELL<\/a> et une <a href=\"http:\/\/www.leblogmoto.com\/2006\/03\/kawasaki_zx14_t.html\">KAWASAKI<\/a> en sont les preuves vivantes&#8230;&nbsp; &nbsp; <\/p>\n<p><a href=\"http:\/\/clabedan.typepad.com\/.shared\/image.html?\/photos\/uncategorized\/kaw_zx6r_bubba_800.jpg\"><img loading=\"lazy\" decoding=\"async\" height=\"166\" alt=\"Kaw_zx6r_bubba_800\" src=\"http:\/\/www.leblogmoto.com\/images\/kaw_zx6r_bubba_800.jpg\" width=\"250\"  \/><\/a>Pour la <strong>BUELL<\/strong> autralienne, c&rsquo;est de la poussi\u00e8re d&rsquo;or qui a \u00e9t\u00e9 pulv\u00e9ris\u00e9 sur une machine estim\u00e9 \u00e0 <strong>9 <\/strong>carats. Le reste du boulot est du plaqu\u00e9, pour respecter l&rsquo;esth\u00e9rique qui se prolonge jusqu&rsquo;au ton de la selle.<\/p>\n<p>La <strong>KAWA 636<\/strong> am\u00e9ricaine sorti des ateliers &quot;<strong>Two Brothers<\/strong>&quot;, c&rsquo;est encore plus costaud puisque les pi\u00e8ces elles-m\u00eames sont en or. On grimpe \u00e0 <strong>24<\/strong> carats, soit le nirvana. <\/p>\n<p><a href=\"http:\/\/blogs.thesocialmedia.com\/leblogmoto\/files\/2012\/07\/img_1681_1.jpg\"><img loading=\"lazy\" decoding=\"async\" height=\"166\" alt=\"Img_1681_1\" src=\"http:\/\/www.leblogmoto.com\/images\/img_1681_1.jpg\" width=\"250\"  \/><\/a>Et en plus, elle roule, mais au prix que doit co\u00fbter la b\u00eate, voil\u00e0 un nid \u00e0 soucis pour le stationnement.<\/p>\n<p>Tarif et assurance n&rsquo;ont pas \u00e9t\u00e9 communiqu\u00e9s, si tant est que la derni\u00e8re op\u00e9ration soit envisageable. Malgr\u00e8 les apparences, ce ne serait donc pas une affaire en or.<\/p>\n<p>Au moins, ces machines auront pour elles de ne pas d\u00e9c\u00f4ter \u00e0 l&rsquo;argus lorsqu&rsquo;elles prendront du carat.<\/p>\n<p><a href=\"http:\/\/blogs.thesocialmedia.com\/leblogmoto\/files\/2012\/07\/img_1688_1.jpg\"><img loading=\"lazy\" decoding=\"async\" height=\"166\" alt=\"Img_1688_1\" src=\"http:\/\/www.leblogmoto.com\/images\/img_1688_1.jpg\" width=\"250\"  \/><\/a>SOURCES: <a href=\"http:\/\/www.twobros.com\/\">www.twobros.com<\/a> et <a href=\"http:\/\/www.gizmo.com.au\/\">www.gizmo.com.au<\/a>&nbsp; <\/p><\/p>\n","protected":false},"excerpt":{"rendered":"<p>La personnalisation d&rsquo;une machine peut prendre des tournures tellement affriolantes qu&rsquo;elles peuvent d\u00e9passer l&rsquo;entendement. Du c\u00f4t\u00e9 de l&rsquo;Australie et des Etats-Unis, on a tellement p\u00e9t\u00e9 les plombs qu&rsquo;on les a transform\u00e9s en or. Avoir une moto en or ne sera donc plus une simple expression. La phrase peut \u00e0 pr\u00e9sent \u00eatre tr\u00e9s bien comprise au [&hellip;]<\/p>\n","protected":false},"author":336,"featured_media":0,"comment_status":"open","ping_status":"open","sticky":false,"template":"","format":"standard","meta":{"footnotes":""},"categories":[16,47,45],"tags":[],"class_list":["post-1994","post","type-post","status-publish","format-standard","hentry","category-art-moto","category-buell","category-kawasaki"],"yoast_head":"<!-- This site is optimized with the Yoast SEO plugin v26.0 - https:\/\/yoast.com\/wordpress\/plugins\/seo\/ -->\n<title>La ru\u00e9e vers l&#039;Or. - leblogmoto.com<\/title>\n<meta name=\"robots\" content=\"index, follow, max-snippet:-1, max-image-preview:large, max-video-preview:-1\" \/>\n<link rel=\"canonical\" href=\"https:\/\/blogs.thesocialmedia.com\/leblogmoto\/2006\/03\/18\/la-rue-vers-lor\/\" \/>\n<meta name=\"twitter:card\" content=\"summary_large_image\" \/>\n<meta name=\"twitter:title\" content=\"La ru\u00e9e vers l&#039;Or. - leblogmoto.com\" \/>\n<meta name=\"twitter:description\" content=\"La personnalisation d&rsquo;une machine peut prendre des tournures tellement affriolantes qu&rsquo;elles peuvent d\u00e9passer l&rsquo;entendement. Du c\u00f4t\u00e9 de l&rsquo;Australie et des Etats-Unis, on a tellement p\u00e9t\u00e9 les plombs qu&rsquo;on les a transform\u00e9s en or. Avoir une moto en or ne sera donc plus une simple expression. La phrase peut \u00e0 pr\u00e9sent \u00eatre tr\u00e9s bien comprise au [&hellip;]\" \/>\n<meta name=\"twitter:image\" content=\"http:\/\/www.leblogmoto.com\/images\/buellgold.jpg\" \/>\n<meta name=\"twitter:label1\" content=\"\u00c9crit par\" \/>\n\t<meta name=\"twitter:data1\" content=\"andre leconde\" \/>\n\t<meta name=\"twitter:label2\" content=\"Dur\u00e9e de lecture estim\u00e9e\" \/>\n\t<meta name=\"twitter:data2\" content=\"1 minute\" \/>\n<script type=\"application\/ld+json\" class=\"yoast-schema-graph\">{\"@context\":\"https:\/\/schema.org\",\"@graph\":[{\"@type\":\"WebPage\",\"@id\":\"https:\/\/blogs.thesocialmedia.com\/leblogmoto\/2006\/03\/18\/la-rue-vers-lor\/\",\"url\":\"https:\/\/blogs.thesocialmedia.com\/leblogmoto\/2006\/03\/18\/la-rue-vers-lor\/\",\"name\":\"La ru\u00e9e vers l'Or. - leblogmoto.com\",\"isPartOf\":{\"@id\":\"https:\/\/blogs.thesocialmedia.com\/leblogmoto\/#website\"},\"primaryImageOfPage\":{\"@id\":\"https:\/\/blogs.thesocialmedia.com\/leblogmoto\/2006\/03\/18\/la-rue-vers-lor\/#primaryimage\"},\"image\":{\"@id\":\"https:\/\/blogs.thesocialmedia.com\/leblogmoto\/2006\/03\/18\/la-rue-vers-lor\/#primaryimage\"},\"thumbnailUrl\":\"http:\/\/www.leblogmoto.com\/images\/buellgold.jpg\",\"datePublished\":\"2006-03-18T11:46:06+00:00\",\"dateModified\":\"2012-07-11T14:17:44+00:00\",\"author\":{\"@id\":\"https:\/\/blogs.thesocialmedia.com\/leblogmoto\/#\/schema\/person\/1a1dcfc7cec206573105eb4af91155c2\"},\"breadcrumb\":{\"@id\":\"https:\/\/blogs.thesocialmedia.com\/leblogmoto\/2006\/03\/18\/la-rue-vers-lor\/#breadcrumb\"},\"inLanguage\":\"fr-FR\",\"potentialAction\":[{\"@type\":\"ReadAction\",\"target\":[\"https:\/\/blogs.thesocialmedia.com\/leblogmoto\/2006\/03\/18\/la-rue-vers-lor\/\"]}]},{\"@type\":\"ImageObject\",\"inLanguage\":\"fr-FR\",\"@id\":\"https:\/\/blogs.thesocialmedia.com\/leblogmoto\/2006\/03\/18\/la-rue-vers-lor\/#primaryimage\",\"url\":\"http:\/\/www.leblogmoto.com\/images\/buellgold.jpg\",\"contentUrl\":\"http:\/\/www.leblogmoto.com\/images\/buellgold.jpg\"},{\"@type\":\"BreadcrumbList\",\"@id\":\"https:\/\/blogs.thesocialmedia.com\/leblogmoto\/2006\/03\/18\/la-rue-vers-lor\/#breadcrumb\",\"itemListElement\":[{\"@type\":\"ListItem\",\"position\":1,\"name\":\"Accueil\",\"item\":\"https:\/\/blogs.thesocialmedia.com\/leblogmoto\/\"},{\"@type\":\"ListItem\",\"position\":2,\"name\":\"La ru\u00e9e vers l&rsquo;Or.\"}]},{\"@type\":\"WebSite\",\"@id\":\"https:\/\/blogs.thesocialmedia.com\/leblogmoto\/#website\",\"url\":\"https:\/\/blogs.thesocialmedia.com\/leblogmoto\/\",\"name\":\"leblogmoto\",\"description\":\"Toute l&#039;actualit\u00e9 des 2 roues\",\"potentialAction\":[{\"@type\":\"SearchAction\",\"target\":{\"@type\":\"EntryPoint\",\"urlTemplate\":\"https:\/\/blogs.thesocialmedia.com\/leblogmoto\/?s={search_term_string}\"},\"query-input\":{\"@type\":\"PropertyValueSpecification\",\"valueRequired\":true,\"valueName\":\"search_term_string\"}}],\"inLanguage\":\"fr-FR\"},{\"@type\":\"Person\",\"@id\":\"https:\/\/blogs.thesocialmedia.com\/leblogmoto\/#\/schema\/person\/1a1dcfc7cec206573105eb4af91155c2\",\"name\":\"andre leconde\",\"image\":{\"@type\":\"ImageObject\",\"inLanguage\":\"fr-FR\",\"@id\":\"https:\/\/blogs.thesocialmedia.com\/leblogmoto\/#\/schema\/person\/image\/\",\"url\":\"https:\/\/secure.gravatar.com\/avatar\/?s=96&d=mm&r=g\",\"contentUrl\":\"https:\/\/secure.gravatar.com\/avatar\/?s=96&d=mm&r=g\",\"caption\":\"andre leconde\"},\"url\":\"https:\/\/blogs.thesocialmedia.com\/leblogmoto\/author\/andre-leconde\/\"}]}<\/script>\n<!-- \/ Yoast SEO plugin. -->","yoast_head_json":{"title":"La ru\u00e9e vers l'Or. - leblogmoto.com","robots":{"index":"index","follow":"follow","max-snippet":"max-snippet:-1","max-image-preview":"max-image-preview:large","max-video-preview":"max-video-preview:-1"},"canonical":"https:\/\/blogs.thesocialmedia.com\/leblogmoto\/2006\/03\/18\/la-rue-vers-lor\/","twitter_card":"summary_large_image","twitter_title":"La ru\u00e9e vers l'Or. - leblogmoto.com","twitter_description":"La personnalisation d&rsquo;une machine peut prendre des tournures tellement affriolantes qu&rsquo;elles peuvent d\u00e9passer l&rsquo;entendement. Du c\u00f4t\u00e9 de l&rsquo;Australie et des Etats-Unis, on a tellement p\u00e9t\u00e9 les plombs qu&rsquo;on les a transform\u00e9s en or. Avoir une moto en or ne sera donc plus une simple expression. La phrase peut \u00e0 pr\u00e9sent \u00eatre tr\u00e9s bien comprise au [&hellip;]","twitter_image":"http:\/\/www.leblogmoto.com\/images\/buellgold.jpg","twitter_misc":{"\u00c9crit par":"andre leconde","Dur\u00e9e de lecture estim\u00e9e":"1 minute"},"schema":{"@context":"https:\/\/schema.org","@graph":[{"@type":"WebPage","@id":"https:\/\/blogs.thesocialmedia.com\/leblogmoto\/2006\/03\/18\/la-rue-vers-lor\/","url":"https:\/\/blogs.thesocialmedia.com\/leblogmoto\/2006\/03\/18\/la-rue-vers-lor\/","name":"La ru\u00e9e vers l'Or. - leblogmoto.com","isPartOf":{"@id":"https:\/\/blogs.thesocialmedia.com\/leblogmoto\/#website"},"primaryImageOfPage":{"@id":"https:\/\/blogs.thesocialmedia.com\/leblogmoto\/2006\/03\/18\/la-rue-vers-lor\/#primaryimage"},"image":{"@id":"https:\/\/blogs.thesocialmedia.com\/leblogmoto\/2006\/03\/18\/la-rue-vers-lor\/#primaryimage"},"thumbnailUrl":"http:\/\/www.leblogmoto.com\/images\/buellgold.jpg","datePublished":"2006-03-18T11:46:06+00:00","dateModified":"2012-07-11T14:17:44+00:00","author":{"@id":"https:\/\/blogs.thesocialmedia.com\/leblogmoto\/#\/schema\/person\/1a1dcfc7cec206573105eb4af91155c2"},"breadcrumb":{"@id":"https:\/\/blogs.thesocialmedia.com\/leblogmoto\/2006\/03\/18\/la-rue-vers-lor\/#breadcrumb"},"inLanguage":"fr-FR","potentialAction":[{"@type":"ReadAction","target":["https:\/\/blogs.thesocialmedia.com\/leblogmoto\/2006\/03\/18\/la-rue-vers-lor\/"]}]},{"@type":"ImageObject","inLanguage":"fr-FR","@id":"https:\/\/blogs.thesocialmedia.com\/leblogmoto\/2006\/03\/18\/la-rue-vers-lor\/#primaryimage","url":"http:\/\/www.leblogmoto.com\/images\/buellgold.jpg","contentUrl":"http:\/\/www.leblogmoto.com\/images\/buellgold.jpg"},{"@type":"BreadcrumbList","@id":"https:\/\/blogs.thesocialmedia.com\/leblogmoto\/2006\/03\/18\/la-rue-vers-lor\/#breadcrumb","itemListElement":[{"@type":"ListItem","position":1,"name":"Accueil","item":"https:\/\/blogs.thesocialmedia.com\/leblogmoto\/"},{"@type":"ListItem","position":2,"name":"La ru\u00e9e vers l&rsquo;Or."}]},{"@type":"WebSite","@id":"https:\/\/blogs.thesocialmedia.com\/leblogmoto\/#website","url":"https:\/\/blogs.thesocialmedia.com\/leblogmoto\/","name":"leblogmoto","description":"Toute l&#039;actualit\u00e9 des 2 roues","potentialAction":[{"@type":"SearchAction","target":{"@type":"EntryPoint","urlTemplate":"https:\/\/blogs.thesocialmedia.com\/leblogmoto\/?s={search_term_string}"},"query-input":{"@type":"PropertyValueSpecification","valueRequired":true,"valueName":"search_term_string"}}],"inLanguage":"fr-FR"},{"@type":"Person","@id":"https:\/\/blogs.thesocialmedia.com\/leblogmoto\/#\/schema\/person\/1a1dcfc7cec206573105eb4af91155c2","name":"andre leconde","image":{"@type":"ImageObject","inLanguage":"fr-FR","@id":"https:\/\/blogs.thesocialmedia.com\/leblogmoto\/#\/schema\/person\/image\/","url":"https:\/\/secure.gravatar.com\/avatar\/?s=96&d=mm&r=g","contentUrl":"https:\/\/secure.gravatar.com\/avatar\/?s=96&d=mm&r=g","caption":"andre leconde"},"url":"https:\/\/blogs.thesocialmedia.com\/leblogmoto\/author\/andre-leconde\/"}]}},"_links":{"self":[{"href":"https:\/\/blogs.thesocialmedia.com\/leblogmoto\/wp-json\/wp\/v2\/posts\/1994","targetHints":{"allow":["GET"]}}],"collection":[{"href":"https:\/\/blogs.thesocialmedia.com\/leblogmoto\/wp-json\/wp\/v2\/posts"}],"about":[{"href":"https:\/\/blogs.thesocialmedia.com\/leblogmoto\/wp-json\/wp\/v2\/types\/post"}],"author":[{"embeddable":true,"href":"https:\/\/blogs.thesocialmedia.com\/leblogmoto\/wp-json\/wp\/v2\/users\/336"}],"replies":[{"embeddable":true,"href":"https:\/\/blogs.thesocialmedia.com\/leblogmoto\/wp-json\/wp\/v2\/comments?post=1994"}],"version-history":[{"count":2,"href":"https:\/\/blogs.thesocialmedia.com\/leblogmoto\/wp-json\/wp\/v2\/posts\/1994\/revisions"}],"predecessor-version":[{"id":7164,"href":"https:\/\/blogs.thesocialmedia.com\/leblogmoto\/wp-json\/wp\/v2\/posts\/1994\/revisions\/7164"}],"wp:attachment":[{"href":"https:\/\/blogs.thesocialmedia.com\/leblogmoto\/wp-json\/wp\/v2\/media?parent=1994"}],"wp:term":[{"taxonomy":"category","embeddable":true,"href":"https:\/\/blogs.thesocialmedia.com\/leblogmoto\/wp-json\/wp\/v2\/categories?post=1994"},{"taxonomy":"post_tag","embeddable":true,"href":"https:\/\/blogs.thesocialmedia.com\/leblogmoto\/wp-json\/wp\/v2\/tags?post=1994"}],"curies":[{"name":"wp","href":"https:\/\/api.w.org\/{rel}","templated":true}]}}