{"id":1995,"date":"2006-03-17T22:31:06","date_gmt":"2006-03-17T22:31:06","guid":{"rendered":"http:\/\/blogs.thesocialmedia.com\/leblogmoto\/2006\/03\/17\/boxer-design-le\/"},"modified":"2012-07-11T14:17:37","modified_gmt":"2012-07-11T14:17:37","slug":"boxer-design-le","status":"publish","type":"post","link":"https:\/\/blogs.thesocialmedia.com\/leblogmoto\/2006\/03\/17\/boxer-design-le\/","title":{"rendered":"BOXER DESIGN: Les Fran\u00e7ais au service des grands."},"content":{"rendered":"<p><a href=\"http:\/\/blogs.thesocialmedia.com\/leblogmoto\/files\/2012\/07\/usine.jpg\"><img loading=\"lazy\" decoding=\"async\" height=\"187\" alt=\"Usine\" src=\"http:\/\/www.leblogmoto.com\/images\/usine.jpg\" width=\"250\"  \/><\/a>Du c\u00f4t\u00e9 de <strong>TOULOUSE<\/strong>, et plus particuli\u00e8rement \u00e0 SAINT JEAN, on peut se sentir l\u00e9gitimement fier du travail accompli.<\/p>\n<p>Les mati\u00e8res-grises et les chevilles ouvri\u00e8res de <strong>BOXER DESIGN<\/strong> ont ainsi r\u00e9ussi, en une vingtaine d&rsquo;ann\u00e9es, \u00e0 passer ma\u00eetre dans l&rsquo;art de cr\u00e9er et d&rsquo;am\u00e9liorer l&rsquo;ordinaire des grands. <a href=\"http:\/\/www.leblogmoto.com\/2006\/01\/voxan_la_restru.html\">VOXAN<\/a>, SUZUKI, YAMAHA, HONDA et bien d&rsquo;autres ont d\u00e9j\u00e0 fait appel \u00e0 leurs services pour s&rsquo;inspirer ou relancer la carri\u00e8re de leurs mod\u00e8les. C&rsquo;est dire l&rsquo;\u00e9tendue de la r\u00e9putation acquise&#8230;&nbsp; <\/p>\n<p><a href=\"http:\/\/clabedan.typepad.com\/.shared\/image.html?\/photos\/uncategorized\/2_9.jpg\"><img loading=\"lazy\" decoding=\"async\" height=\"180\" alt=\"2_9\" src=\"http:\/\/www.leblogmoto.com\/images\/2_9.jpg\" width=\"250\"  \/><\/a>BOXER DESIGN, c&rsquo;est la <strong>VOXAN BOXER VB1<\/strong>, sorte de R1 crois\u00e9e avec une 996, et la <a href=\"http:\/\/www.leblogmoto.com\/2005\/10\/mondial_2005_bo.html\">Boxer<\/a><strong> SS<\/strong> ou <strong>R<\/strong>, soit la m\u00eame moto transformable en sportive accomplie ou en roadster muscl\u00e9.<\/p>\n<p>Le style ainsi affirm\u00e9 con\u00e7u par l&rsquo;\u00e9quipe de <strong>Thierry Henriette<\/strong> a interpell\u00e9 les grands noms nippons qui ont saisi l&rsquo;opportunit\u00e9 de lui confier leurs fins de mill\u00e9sime pour les toiletter pour mieux les \u00e9couler \u00e0 un prix identique \u00e0 la derni\u00e8re mouture. Mais avec l&rsquo;ajout d&rsquo;accessoires sp\u00e9cifiques du genre sabot moteur personnalis\u00e9, d\u00e9co sp\u00e9cifique, \u00e9copes de radiateur en alu. <\/p>\n<p><a href=\"http:\/\/clabedan.typepad.com\/.shared\/image.html?\/photos\/uncategorized\/wakizashihornet_2.jpg\"><img loading=\"lazy\" decoding=\"async\" height=\"250\" alt=\"Wakizashihornet_2\" src=\"http:\/\/www.leblogmoto.com\/images\/wakizashihornet_2.jpg\" width=\"250\"  \/><\/a>Une strat\u00e9gie \u00e9conomique imparable. <strong>SUZUKI<\/strong> l&rsquo;a jou\u00e9 avec une <strong>SV 1000<\/strong> \u00e9dition sp\u00e9ciale, <strong>YAMAHA <\/strong>ne s&rsquo;en est pas priv\u00e9 pour ses <a href=\"http:\/\/www.leblogmoto.com\/2005\/06\/yamaha_yzf_1000.html\">R1<\/a> 2004 rebadg\u00e9e &quot;Steel Fighter&quot;, tandis que <strong>HONDA<\/strong> nous propose aujourd&rsquo;hui ses <strong>Hornet<\/strong> de l&rsquo;an dernier sous le nom de Wakizashi.<\/p>\n<p><strong>BOXER DESIGN<\/strong>, c&rsquo;est aussi des bateaux, des buggys, des casques, soit un bouillon de culture rentable, un savoir faire tricolore reconnu. Une r\u00e9ussite qui rassure sur les capacit\u00e9s h\u00e9xagonales \u00e0 exister sur le march\u00e9 de la moto.&nbsp; &nbsp; <\/p>\n<p>SOURCES: <a href=\"http:\/\/www.motoplanete.com\/\">www.motoplanete.com<\/a> et <a href=\"http:\/\/www.boxer-design.com\/\">www.boxer-design.com<\/a> <\/p>\n","protected":false},"excerpt":{"rendered":"<p>Du c\u00f4t\u00e9 de TOULOUSE, et plus particuli\u00e8rement \u00e0 SAINT JEAN, on peut se sentir l\u00e9gitimement fier du travail accompli. Les mati\u00e8res-grises et les chevilles ouvri\u00e8res de BOXER DESIGN ont ainsi r\u00e9ussi, en une vingtaine d&rsquo;ann\u00e9es, \u00e0 passer ma\u00eetre dans l&rsquo;art de cr\u00e9er et d&rsquo;am\u00e9liorer l&rsquo;ordinaire des grands. VOXAN, SUZUKI, YAMAHA, HONDA et bien d&rsquo;autres ont [&hellip;]<\/p>\n","protected":false},"author":336,"featured_media":0,"comment_status":"open","ping_status":"open","sticky":false,"template":"","format":"standard","meta":{"footnotes":""},"categories":[49,16,33],"tags":[],"class_list":["post-1995","post","type-post","status-publish","format-standard","hentry","category-actualites-entreprise","category-art-moto","category-concept-bike"],"yoast_head":"<!-- This site is optimized with the Yoast SEO plugin v26.0 - https:\/\/yoast.com\/wordpress\/plugins\/seo\/ -->\n<title>BOXER DESIGN: Les Fran\u00e7ais au service des grands. - leblogmoto.com<\/title>\n<meta name=\"robots\" content=\"index, follow, max-snippet:-1, max-image-preview:large, max-video-preview:-1\" \/>\n<link rel=\"canonical\" href=\"https:\/\/blogs.thesocialmedia.com\/leblogmoto\/2006\/03\/17\/boxer-design-le\/\" \/>\n<meta name=\"twitter:card\" content=\"summary_large_image\" \/>\n<meta name=\"twitter:title\" content=\"BOXER DESIGN: Les Fran\u00e7ais au service des grands. - leblogmoto.com\" \/>\n<meta name=\"twitter:description\" content=\"Du c\u00f4t\u00e9 de TOULOUSE, et plus particuli\u00e8rement \u00e0 SAINT JEAN, on peut se sentir l\u00e9gitimement fier du travail accompli. Les mati\u00e8res-grises et les chevilles ouvri\u00e8res de BOXER DESIGN ont ainsi r\u00e9ussi, en une vingtaine d&rsquo;ann\u00e9es, \u00e0 passer ma\u00eetre dans l&rsquo;art de cr\u00e9er et d&rsquo;am\u00e9liorer l&rsquo;ordinaire des grands. VOXAN, SUZUKI, YAMAHA, HONDA et bien d&rsquo;autres ont [&hellip;]\" \/>\n<meta name=\"twitter:image\" content=\"http:\/\/www.leblogmoto.com\/images\/usine.jpg\" \/>\n<meta name=\"twitter:label1\" content=\"\u00c9crit par\" \/>\n\t<meta name=\"twitter:data1\" content=\"andre leconde\" \/>\n\t<meta name=\"twitter:label2\" content=\"Dur\u00e9e de lecture estim\u00e9e\" \/>\n\t<meta name=\"twitter:data2\" content=\"1 minute\" \/>\n<script type=\"application\/ld+json\" class=\"yoast-schema-graph\">{\"@context\":\"https:\/\/schema.org\",\"@graph\":[{\"@type\":\"WebPage\",\"@id\":\"https:\/\/blogs.thesocialmedia.com\/leblogmoto\/2006\/03\/17\/boxer-design-le\/\",\"url\":\"https:\/\/blogs.thesocialmedia.com\/leblogmoto\/2006\/03\/17\/boxer-design-le\/\",\"name\":\"BOXER DESIGN: Les Fran\u00e7ais au service des grands. - leblogmoto.com\",\"isPartOf\":{\"@id\":\"https:\/\/blogs.thesocialmedia.com\/leblogmoto\/#website\"},\"primaryImageOfPage\":{\"@id\":\"https:\/\/blogs.thesocialmedia.com\/leblogmoto\/2006\/03\/17\/boxer-design-le\/#primaryimage\"},\"image\":{\"@id\":\"https:\/\/blogs.thesocialmedia.com\/leblogmoto\/2006\/03\/17\/boxer-design-le\/#primaryimage\"},\"thumbnailUrl\":\"http:\/\/www.leblogmoto.com\/images\/usine.jpg\",\"datePublished\":\"2006-03-17T22:31:06+00:00\",\"dateModified\":\"2012-07-11T14:17:37+00:00\",\"author\":{\"@id\":\"https:\/\/blogs.thesocialmedia.com\/leblogmoto\/#\/schema\/person\/1a1dcfc7cec206573105eb4af91155c2\"},\"breadcrumb\":{\"@id\":\"https:\/\/blogs.thesocialmedia.com\/leblogmoto\/2006\/03\/17\/boxer-design-le\/#breadcrumb\"},\"inLanguage\":\"fr-FR\",\"potentialAction\":[{\"@type\":\"ReadAction\",\"target\":[\"https:\/\/blogs.thesocialmedia.com\/leblogmoto\/2006\/03\/17\/boxer-design-le\/\"]}]},{\"@type\":\"ImageObject\",\"inLanguage\":\"fr-FR\",\"@id\":\"https:\/\/blogs.thesocialmedia.com\/leblogmoto\/2006\/03\/17\/boxer-design-le\/#primaryimage\",\"url\":\"http:\/\/www.leblogmoto.com\/images\/usine.jpg\",\"contentUrl\":\"http:\/\/www.leblogmoto.com\/images\/usine.jpg\"},{\"@type\":\"BreadcrumbList\",\"@id\":\"https:\/\/blogs.thesocialmedia.com\/leblogmoto\/2006\/03\/17\/boxer-design-le\/#breadcrumb\",\"itemListElement\":[{\"@type\":\"ListItem\",\"position\":1,\"name\":\"Accueil\",\"item\":\"https:\/\/blogs.thesocialmedia.com\/leblogmoto\/\"},{\"@type\":\"ListItem\",\"position\":2,\"name\":\"BOXER DESIGN: Les Fran\u00e7ais au service des grands.\"}]},{\"@type\":\"WebSite\",\"@id\":\"https:\/\/blogs.thesocialmedia.com\/leblogmoto\/#website\",\"url\":\"https:\/\/blogs.thesocialmedia.com\/leblogmoto\/\",\"name\":\"leblogmoto\",\"description\":\"Toute l&#039;actualit\u00e9 des 2 roues\",\"potentialAction\":[{\"@type\":\"SearchAction\",\"target\":{\"@type\":\"EntryPoint\",\"urlTemplate\":\"https:\/\/blogs.thesocialmedia.com\/leblogmoto\/?s={search_term_string}\"},\"query-input\":{\"@type\":\"PropertyValueSpecification\",\"valueRequired\":true,\"valueName\":\"search_term_string\"}}],\"inLanguage\":\"fr-FR\"},{\"@type\":\"Person\",\"@id\":\"https:\/\/blogs.thesocialmedia.com\/leblogmoto\/#\/schema\/person\/1a1dcfc7cec206573105eb4af91155c2\",\"name\":\"andre leconde\",\"image\":{\"@type\":\"ImageObject\",\"inLanguage\":\"fr-FR\",\"@id\":\"https:\/\/blogs.thesocialmedia.com\/leblogmoto\/#\/schema\/person\/image\/\",\"url\":\"https:\/\/secure.gravatar.com\/avatar\/?s=96&d=mm&r=g\",\"contentUrl\":\"https:\/\/secure.gravatar.com\/avatar\/?s=96&d=mm&r=g\",\"caption\":\"andre leconde\"},\"url\":\"https:\/\/blogs.thesocialmedia.com\/leblogmoto\/author\/andre-leconde\/\"}]}<\/script>\n<!-- \/ Yoast SEO plugin. -->","yoast_head_json":{"title":"BOXER DESIGN: Les Fran\u00e7ais au service des grands. - leblogmoto.com","robots":{"index":"index","follow":"follow","max-snippet":"max-snippet:-1","max-image-preview":"max-image-preview:large","max-video-preview":"max-video-preview:-1"},"canonical":"https:\/\/blogs.thesocialmedia.com\/leblogmoto\/2006\/03\/17\/boxer-design-le\/","twitter_card":"summary_large_image","twitter_title":"BOXER DESIGN: Les Fran\u00e7ais au service des grands. - leblogmoto.com","twitter_description":"Du c\u00f4t\u00e9 de TOULOUSE, et plus particuli\u00e8rement \u00e0 SAINT JEAN, on peut se sentir l\u00e9gitimement fier du travail accompli. Les mati\u00e8res-grises et les chevilles ouvri\u00e8res de BOXER DESIGN ont ainsi r\u00e9ussi, en une vingtaine d&rsquo;ann\u00e9es, \u00e0 passer ma\u00eetre dans l&rsquo;art de cr\u00e9er et d&rsquo;am\u00e9liorer l&rsquo;ordinaire des grands. VOXAN, SUZUKI, YAMAHA, HONDA et bien d&rsquo;autres ont [&hellip;]","twitter_image":"http:\/\/www.leblogmoto.com\/images\/usine.jpg","twitter_misc":{"\u00c9crit par":"andre leconde","Dur\u00e9e de lecture estim\u00e9e":"1 minute"},"schema":{"@context":"https:\/\/schema.org","@graph":[{"@type":"WebPage","@id":"https:\/\/blogs.thesocialmedia.com\/leblogmoto\/2006\/03\/17\/boxer-design-le\/","url":"https:\/\/blogs.thesocialmedia.com\/leblogmoto\/2006\/03\/17\/boxer-design-le\/","name":"BOXER DESIGN: Les Fran\u00e7ais au service des grands. - leblogmoto.com","isPartOf":{"@id":"https:\/\/blogs.thesocialmedia.com\/leblogmoto\/#website"},"primaryImageOfPage":{"@id":"https:\/\/blogs.thesocialmedia.com\/leblogmoto\/2006\/03\/17\/boxer-design-le\/#primaryimage"},"image":{"@id":"https:\/\/blogs.thesocialmedia.com\/leblogmoto\/2006\/03\/17\/boxer-design-le\/#primaryimage"},"thumbnailUrl":"http:\/\/www.leblogmoto.com\/images\/usine.jpg","datePublished":"2006-03-17T22:31:06+00:00","dateModified":"2012-07-11T14:17:37+00:00","author":{"@id":"https:\/\/blogs.thesocialmedia.com\/leblogmoto\/#\/schema\/person\/1a1dcfc7cec206573105eb4af91155c2"},"breadcrumb":{"@id":"https:\/\/blogs.thesocialmedia.com\/leblogmoto\/2006\/03\/17\/boxer-design-le\/#breadcrumb"},"inLanguage":"fr-FR","potentialAction":[{"@type":"ReadAction","target":["https:\/\/blogs.thesocialmedia.com\/leblogmoto\/2006\/03\/17\/boxer-design-le\/"]}]},{"@type":"ImageObject","inLanguage":"fr-FR","@id":"https:\/\/blogs.thesocialmedia.com\/leblogmoto\/2006\/03\/17\/boxer-design-le\/#primaryimage","url":"http:\/\/www.leblogmoto.com\/images\/usine.jpg","contentUrl":"http:\/\/www.leblogmoto.com\/images\/usine.jpg"},{"@type":"BreadcrumbList","@id":"https:\/\/blogs.thesocialmedia.com\/leblogmoto\/2006\/03\/17\/boxer-design-le\/#breadcrumb","itemListElement":[{"@type":"ListItem","position":1,"name":"Accueil","item":"https:\/\/blogs.thesocialmedia.com\/leblogmoto\/"},{"@type":"ListItem","position":2,"name":"BOXER DESIGN: Les Fran\u00e7ais au service des grands."}]},{"@type":"WebSite","@id":"https:\/\/blogs.thesocialmedia.com\/leblogmoto\/#website","url":"https:\/\/blogs.thesocialmedia.com\/leblogmoto\/","name":"leblogmoto","description":"Toute l&#039;actualit\u00e9 des 2 roues","potentialAction":[{"@type":"SearchAction","target":{"@type":"EntryPoint","urlTemplate":"https:\/\/blogs.thesocialmedia.com\/leblogmoto\/?s={search_term_string}"},"query-input":{"@type":"PropertyValueSpecification","valueRequired":true,"valueName":"search_term_string"}}],"inLanguage":"fr-FR"},{"@type":"Person","@id":"https:\/\/blogs.thesocialmedia.com\/leblogmoto\/#\/schema\/person\/1a1dcfc7cec206573105eb4af91155c2","name":"andre leconde","image":{"@type":"ImageObject","inLanguage":"fr-FR","@id":"https:\/\/blogs.thesocialmedia.com\/leblogmoto\/#\/schema\/person\/image\/","url":"https:\/\/secure.gravatar.com\/avatar\/?s=96&d=mm&r=g","contentUrl":"https:\/\/secure.gravatar.com\/avatar\/?s=96&d=mm&r=g","caption":"andre leconde"},"url":"https:\/\/blogs.thesocialmedia.com\/leblogmoto\/author\/andre-leconde\/"}]}},"_links":{"self":[{"href":"https:\/\/blogs.thesocialmedia.com\/leblogmoto\/wp-json\/wp\/v2\/posts\/1995","targetHints":{"allow":["GET"]}}],"collection":[{"href":"https:\/\/blogs.thesocialmedia.com\/leblogmoto\/wp-json\/wp\/v2\/posts"}],"about":[{"href":"https:\/\/blogs.thesocialmedia.com\/leblogmoto\/wp-json\/wp\/v2\/types\/post"}],"author":[{"embeddable":true,"href":"https:\/\/blogs.thesocialmedia.com\/leblogmoto\/wp-json\/wp\/v2\/users\/336"}],"replies":[{"embeddable":true,"href":"https:\/\/blogs.thesocialmedia.com\/leblogmoto\/wp-json\/wp\/v2\/comments?post=1995"}],"version-history":[{"count":2,"href":"https:\/\/blogs.thesocialmedia.com\/leblogmoto\/wp-json\/wp\/v2\/posts\/1995\/revisions"}],"predecessor-version":[{"id":7160,"href":"https:\/\/blogs.thesocialmedia.com\/leblogmoto\/wp-json\/wp\/v2\/posts\/1995\/revisions\/7160"}],"wp:attachment":[{"href":"https:\/\/blogs.thesocialmedia.com\/leblogmoto\/wp-json\/wp\/v2\/media?parent=1995"}],"wp:term":[{"taxonomy":"category","embeddable":true,"href":"https:\/\/blogs.thesocialmedia.com\/leblogmoto\/wp-json\/wp\/v2\/categories?post=1995"},{"taxonomy":"post_tag","embeddable":true,"href":"https:\/\/blogs.thesocialmedia.com\/leblogmoto\/wp-json\/wp\/v2\/tags?post=1995"}],"curies":[{"name":"wp","href":"https:\/\/api.w.org\/{rel}","templated":true}]}}