{"id":1997,"date":"2006-03-16T21:41:10","date_gmt":"2006-03-16T21:41:10","guid":{"rendered":"http:\/\/blogs.thesocialmedia.com\/leblogmoto\/2006\/03\/16\/yamaha-mt-vers\/"},"modified":"2012-07-11T14:17:34","modified_gmt":"2012-07-11T14:17:34","slug":"yamaha-mt-vers","status":"publish","type":"post","link":"https:\/\/blogs.thesocialmedia.com\/leblogmoto\/2006\/03\/16\/yamaha-mt-vers\/","title":{"rendered":"YAMAHA MT: Vers un trio infernal ?"},"content":{"rendered":"<p><a href=\"http:\/\/blogs.thesocialmedia.com\/leblogmoto\/files\/2012\/07\/2007_yamaha_mt02_r.jpg\"><img loading=\"lazy\" decoding=\"async\" height=\"200\" alt=\"2007_yamaha_mt02_r\" src=\"http:\/\/www.leblogmoto.com\/images\/2007_yamaha_mt02_r.jpg\" width=\"250\"  \/><\/a>Ca sp\u00e9cule sec en ce moment sur la toile \u00e0 propos d&rsquo;un \u00e9largissement probable de la gamme <strong>MT<\/strong> de <a href=\"http:\/\/www.leblogmoto.com\/2006\/03\/yam_ybr_125_la_.html\">YAMAHA<\/a>.<\/p>\n<p>Apr\u00e8s une <a href=\"http:\/\/www.leblogmoto.com\/2005\/09\/yamaha_mt01_rac.html\">MT-01<\/a> st\u00e9ro\u00efd\u00e9e, une <a href=\"http:\/\/www.leblogmoto.com\/2005\/09\/yamaha_mt03.html\">MT-03<\/a> martiale, voil\u00e0 que poindrait une <strong>MT-02<\/strong>, sorte de passerelle entre ces deux caract\u00e8res. Le sien serait tout aussi exacerb\u00e9, avec un coeur de <strong>Dragstar 1 100<\/strong> ou un poumon de <strong>900 TDM<\/strong>.<\/p>\n<p>C\u00f4t\u00e9 pari, la c\u00f4te va vers le V-twin pour une moto affirmant clairement sa tendance \u00e0 ne vouloir surtout pas passer inaper\u00e7ue&#8230;&nbsp; &nbsp; <\/p>\n<p><a href=\"http:\/\/clabedan.typepad.com\/.shared\/image.html?\/photos\/uncategorized\/yamaha_mt_01_50th_r.jpg\"><img loading=\"lazy\" decoding=\"async\" height=\"187\" alt=\"Yamaha_mt_01_50th_r\" src=\"http:\/\/www.leblogmoto.com\/images\/yamaha_mt_01_50th_r.jpg\" width=\"250\"  \/><\/a>D&rsquo;ailleurs, cette optique ne demande qu&rsquo;\u00e0 \u00eatre exacerb\u00e9e par <strong>YAMAHA<\/strong> qui se frotte d\u00e9j\u00e0 les mains sur les marges \u00e0 d\u00e9gager sur les accessoires propos\u00e9s pour &quot;<a href=\"http:\/\/www.leblogmoto.com\/2005\/10\/mondial_2005_ya_1.html\">up-grader<\/a>&quot; la b\u00eate.<\/p>\n<p>En ce sens, les diapasons suivent la recette qui fait le bonheur d&rsquo;<a href=\"http:\/\/www.leblogmoto.com\/2005\/10\/harleydavidson_.html\">HARLEY DAVIDSON<\/a>, entreprise particuli\u00e8rement rentable.<\/p>\n<p>Pour cette <strong>MT-02<\/strong>, le poids moins cons\u00e9quent qu&rsquo;une MT-01 alli\u00e9 au couple connu du TDM enfanteraient une machine a priori all\u00e9chante qui nous ferait presque signer une <a href=\"http:\/\/www.leblogmoto.com\/2006\/03\/codever_le_mouv.html\">p\u00e9tition<\/a> en faveur de sa production.&nbsp; &nbsp; <\/p>\n<p>SOURCES: <a href=\"http:\/\/www.motards-online.com\/\">www.motards-online.com<\/a> et <a href=\"http:\/\/www.raptorsandrockets.com\/\">www.raptorsandrockets.com<\/a>&nbsp; <\/p>\n","protected":false},"excerpt":{"rendered":"<p>Ca sp\u00e9cule sec en ce moment sur la toile \u00e0 propos d&rsquo;un \u00e9largissement probable de la gamme MT de YAMAHA. Apr\u00e8s une MT-01 st\u00e9ro\u00efd\u00e9e, une MT-03 martiale, voil\u00e0 que poindrait une MT-02, sorte de passerelle entre ces deux caract\u00e8res. Le sien serait tout aussi exacerb\u00e9, avec un coeur de Dragstar 1 100 ou un poumon [&hellip;]<\/p>\n","protected":false},"author":336,"featured_media":0,"comment_status":"open","ping_status":"open","sticky":false,"template":"","format":"standard","meta":{"footnotes":""},"categories":[3,33,44],"tags":[],"class_list":["post-1997","post","type-post","status-publish","format-standard","hentry","category-actualite","category-concept-bike","category-yamaha"],"yoast_head":"<!-- This site is optimized with the Yoast SEO plugin v26.0 - https:\/\/yoast.com\/wordpress\/plugins\/seo\/ -->\n<title>YAMAHA MT: Vers un trio infernal ? - leblogmoto.com<\/title>\n<meta name=\"robots\" content=\"index, follow, max-snippet:-1, max-image-preview:large, max-video-preview:-1\" \/>\n<link rel=\"canonical\" href=\"https:\/\/blogs.thesocialmedia.com\/leblogmoto\/2006\/03\/16\/yamaha-mt-vers\/\" \/>\n<meta name=\"twitter:card\" content=\"summary_large_image\" \/>\n<meta name=\"twitter:title\" content=\"YAMAHA MT: Vers un trio infernal ? - leblogmoto.com\" \/>\n<meta name=\"twitter:description\" content=\"Ca sp\u00e9cule sec en ce moment sur la toile \u00e0 propos d&rsquo;un \u00e9largissement probable de la gamme MT de YAMAHA. Apr\u00e8s une MT-01 st\u00e9ro\u00efd\u00e9e, une MT-03 martiale, voil\u00e0 que poindrait une MT-02, sorte de passerelle entre ces deux caract\u00e8res. Le sien serait tout aussi exacerb\u00e9, avec un coeur de Dragstar 1 100 ou un poumon [&hellip;]\" \/>\n<meta name=\"twitter:image\" content=\"http:\/\/www.leblogmoto.com\/images\/2007_yamaha_mt02_r.jpg\" \/>\n<meta name=\"twitter:label1\" content=\"\u00c9crit par\" \/>\n\t<meta name=\"twitter:data1\" content=\"andre leconde\" \/>\n\t<meta name=\"twitter:label2\" content=\"Dur\u00e9e de lecture estim\u00e9e\" \/>\n\t<meta name=\"twitter:data2\" content=\"1 minute\" \/>\n<script type=\"application\/ld+json\" class=\"yoast-schema-graph\">{\"@context\":\"https:\/\/schema.org\",\"@graph\":[{\"@type\":\"WebPage\",\"@id\":\"https:\/\/blogs.thesocialmedia.com\/leblogmoto\/2006\/03\/16\/yamaha-mt-vers\/\",\"url\":\"https:\/\/blogs.thesocialmedia.com\/leblogmoto\/2006\/03\/16\/yamaha-mt-vers\/\",\"name\":\"YAMAHA MT: Vers un trio infernal ? - leblogmoto.com\",\"isPartOf\":{\"@id\":\"https:\/\/blogs.thesocialmedia.com\/leblogmoto\/#website\"},\"primaryImageOfPage\":{\"@id\":\"https:\/\/blogs.thesocialmedia.com\/leblogmoto\/2006\/03\/16\/yamaha-mt-vers\/#primaryimage\"},\"image\":{\"@id\":\"https:\/\/blogs.thesocialmedia.com\/leblogmoto\/2006\/03\/16\/yamaha-mt-vers\/#primaryimage\"},\"thumbnailUrl\":\"http:\/\/www.leblogmoto.com\/images\/2007_yamaha_mt02_r.jpg\",\"datePublished\":\"2006-03-16T21:41:10+00:00\",\"dateModified\":\"2012-07-11T14:17:34+00:00\",\"author\":{\"@id\":\"https:\/\/blogs.thesocialmedia.com\/leblogmoto\/#\/schema\/person\/1a1dcfc7cec206573105eb4af91155c2\"},\"breadcrumb\":{\"@id\":\"https:\/\/blogs.thesocialmedia.com\/leblogmoto\/2006\/03\/16\/yamaha-mt-vers\/#breadcrumb\"},\"inLanguage\":\"fr-FR\",\"potentialAction\":[{\"@type\":\"ReadAction\",\"target\":[\"https:\/\/blogs.thesocialmedia.com\/leblogmoto\/2006\/03\/16\/yamaha-mt-vers\/\"]}]},{\"@type\":\"ImageObject\",\"inLanguage\":\"fr-FR\",\"@id\":\"https:\/\/blogs.thesocialmedia.com\/leblogmoto\/2006\/03\/16\/yamaha-mt-vers\/#primaryimage\",\"url\":\"http:\/\/www.leblogmoto.com\/images\/2007_yamaha_mt02_r.jpg\",\"contentUrl\":\"http:\/\/www.leblogmoto.com\/images\/2007_yamaha_mt02_r.jpg\"},{\"@type\":\"BreadcrumbList\",\"@id\":\"https:\/\/blogs.thesocialmedia.com\/leblogmoto\/2006\/03\/16\/yamaha-mt-vers\/#breadcrumb\",\"itemListElement\":[{\"@type\":\"ListItem\",\"position\":1,\"name\":\"Accueil\",\"item\":\"https:\/\/blogs.thesocialmedia.com\/leblogmoto\/\"},{\"@type\":\"ListItem\",\"position\":2,\"name\":\"YAMAHA MT: Vers un trio infernal ?\"}]},{\"@type\":\"WebSite\",\"@id\":\"https:\/\/blogs.thesocialmedia.com\/leblogmoto\/#website\",\"url\":\"https:\/\/blogs.thesocialmedia.com\/leblogmoto\/\",\"name\":\"leblogmoto\",\"description\":\"Toute l&#039;actualit\u00e9 des 2 roues\",\"potentialAction\":[{\"@type\":\"SearchAction\",\"target\":{\"@type\":\"EntryPoint\",\"urlTemplate\":\"https:\/\/blogs.thesocialmedia.com\/leblogmoto\/?s={search_term_string}\"},\"query-input\":{\"@type\":\"PropertyValueSpecification\",\"valueRequired\":true,\"valueName\":\"search_term_string\"}}],\"inLanguage\":\"fr-FR\"},{\"@type\":\"Person\",\"@id\":\"https:\/\/blogs.thesocialmedia.com\/leblogmoto\/#\/schema\/person\/1a1dcfc7cec206573105eb4af91155c2\",\"name\":\"andre leconde\",\"image\":{\"@type\":\"ImageObject\",\"inLanguage\":\"fr-FR\",\"@id\":\"https:\/\/blogs.thesocialmedia.com\/leblogmoto\/#\/schema\/person\/image\/\",\"url\":\"https:\/\/secure.gravatar.com\/avatar\/?s=96&d=mm&r=g\",\"contentUrl\":\"https:\/\/secure.gravatar.com\/avatar\/?s=96&d=mm&r=g\",\"caption\":\"andre leconde\"},\"url\":\"https:\/\/blogs.thesocialmedia.com\/leblogmoto\/author\/andre-leconde\/\"}]}<\/script>\n<!-- \/ Yoast SEO plugin. -->","yoast_head_json":{"title":"YAMAHA MT: Vers un trio infernal ? - leblogmoto.com","robots":{"index":"index","follow":"follow","max-snippet":"max-snippet:-1","max-image-preview":"max-image-preview:large","max-video-preview":"max-video-preview:-1"},"canonical":"https:\/\/blogs.thesocialmedia.com\/leblogmoto\/2006\/03\/16\/yamaha-mt-vers\/","twitter_card":"summary_large_image","twitter_title":"YAMAHA MT: Vers un trio infernal ? - leblogmoto.com","twitter_description":"Ca sp\u00e9cule sec en ce moment sur la toile \u00e0 propos d&rsquo;un \u00e9largissement probable de la gamme MT de YAMAHA. Apr\u00e8s une MT-01 st\u00e9ro\u00efd\u00e9e, une MT-03 martiale, voil\u00e0 que poindrait une MT-02, sorte de passerelle entre ces deux caract\u00e8res. Le sien serait tout aussi exacerb\u00e9, avec un coeur de Dragstar 1 100 ou un poumon [&hellip;]","twitter_image":"http:\/\/www.leblogmoto.com\/images\/2007_yamaha_mt02_r.jpg","twitter_misc":{"\u00c9crit par":"andre leconde","Dur\u00e9e de lecture estim\u00e9e":"1 minute"},"schema":{"@context":"https:\/\/schema.org","@graph":[{"@type":"WebPage","@id":"https:\/\/blogs.thesocialmedia.com\/leblogmoto\/2006\/03\/16\/yamaha-mt-vers\/","url":"https:\/\/blogs.thesocialmedia.com\/leblogmoto\/2006\/03\/16\/yamaha-mt-vers\/","name":"YAMAHA MT: Vers un trio infernal ? - leblogmoto.com","isPartOf":{"@id":"https:\/\/blogs.thesocialmedia.com\/leblogmoto\/#website"},"primaryImageOfPage":{"@id":"https:\/\/blogs.thesocialmedia.com\/leblogmoto\/2006\/03\/16\/yamaha-mt-vers\/#primaryimage"},"image":{"@id":"https:\/\/blogs.thesocialmedia.com\/leblogmoto\/2006\/03\/16\/yamaha-mt-vers\/#primaryimage"},"thumbnailUrl":"http:\/\/www.leblogmoto.com\/images\/2007_yamaha_mt02_r.jpg","datePublished":"2006-03-16T21:41:10+00:00","dateModified":"2012-07-11T14:17:34+00:00","author":{"@id":"https:\/\/blogs.thesocialmedia.com\/leblogmoto\/#\/schema\/person\/1a1dcfc7cec206573105eb4af91155c2"},"breadcrumb":{"@id":"https:\/\/blogs.thesocialmedia.com\/leblogmoto\/2006\/03\/16\/yamaha-mt-vers\/#breadcrumb"},"inLanguage":"fr-FR","potentialAction":[{"@type":"ReadAction","target":["https:\/\/blogs.thesocialmedia.com\/leblogmoto\/2006\/03\/16\/yamaha-mt-vers\/"]}]},{"@type":"ImageObject","inLanguage":"fr-FR","@id":"https:\/\/blogs.thesocialmedia.com\/leblogmoto\/2006\/03\/16\/yamaha-mt-vers\/#primaryimage","url":"http:\/\/www.leblogmoto.com\/images\/2007_yamaha_mt02_r.jpg","contentUrl":"http:\/\/www.leblogmoto.com\/images\/2007_yamaha_mt02_r.jpg"},{"@type":"BreadcrumbList","@id":"https:\/\/blogs.thesocialmedia.com\/leblogmoto\/2006\/03\/16\/yamaha-mt-vers\/#breadcrumb","itemListElement":[{"@type":"ListItem","position":1,"name":"Accueil","item":"https:\/\/blogs.thesocialmedia.com\/leblogmoto\/"},{"@type":"ListItem","position":2,"name":"YAMAHA MT: Vers un trio infernal ?"}]},{"@type":"WebSite","@id":"https:\/\/blogs.thesocialmedia.com\/leblogmoto\/#website","url":"https:\/\/blogs.thesocialmedia.com\/leblogmoto\/","name":"leblogmoto","description":"Toute l&#039;actualit\u00e9 des 2 roues","potentialAction":[{"@type":"SearchAction","target":{"@type":"EntryPoint","urlTemplate":"https:\/\/blogs.thesocialmedia.com\/leblogmoto\/?s={search_term_string}"},"query-input":{"@type":"PropertyValueSpecification","valueRequired":true,"valueName":"search_term_string"}}],"inLanguage":"fr-FR"},{"@type":"Person","@id":"https:\/\/blogs.thesocialmedia.com\/leblogmoto\/#\/schema\/person\/1a1dcfc7cec206573105eb4af91155c2","name":"andre leconde","image":{"@type":"ImageObject","inLanguage":"fr-FR","@id":"https:\/\/blogs.thesocialmedia.com\/leblogmoto\/#\/schema\/person\/image\/","url":"https:\/\/secure.gravatar.com\/avatar\/?s=96&d=mm&r=g","contentUrl":"https:\/\/secure.gravatar.com\/avatar\/?s=96&d=mm&r=g","caption":"andre leconde"},"url":"https:\/\/blogs.thesocialmedia.com\/leblogmoto\/author\/andre-leconde\/"}]}},"_links":{"self":[{"href":"https:\/\/blogs.thesocialmedia.com\/leblogmoto\/wp-json\/wp\/v2\/posts\/1997","targetHints":{"allow":["GET"]}}],"collection":[{"href":"https:\/\/blogs.thesocialmedia.com\/leblogmoto\/wp-json\/wp\/v2\/posts"}],"about":[{"href":"https:\/\/blogs.thesocialmedia.com\/leblogmoto\/wp-json\/wp\/v2\/types\/post"}],"author":[{"embeddable":true,"href":"https:\/\/blogs.thesocialmedia.com\/leblogmoto\/wp-json\/wp\/v2\/users\/336"}],"replies":[{"embeddable":true,"href":"https:\/\/blogs.thesocialmedia.com\/leblogmoto\/wp-json\/wp\/v2\/comments?post=1997"}],"version-history":[{"count":2,"href":"https:\/\/blogs.thesocialmedia.com\/leblogmoto\/wp-json\/wp\/v2\/posts\/1997\/revisions"}],"predecessor-version":[{"id":7156,"href":"https:\/\/blogs.thesocialmedia.com\/leblogmoto\/wp-json\/wp\/v2\/posts\/1997\/revisions\/7156"}],"wp:attachment":[{"href":"https:\/\/blogs.thesocialmedia.com\/leblogmoto\/wp-json\/wp\/v2\/media?parent=1997"}],"wp:term":[{"taxonomy":"category","embeddable":true,"href":"https:\/\/blogs.thesocialmedia.com\/leblogmoto\/wp-json\/wp\/v2\/categories?post=1997"},{"taxonomy":"post_tag","embeddable":true,"href":"https:\/\/blogs.thesocialmedia.com\/leblogmoto\/wp-json\/wp\/v2\/tags?post=1997"}],"curies":[{"name":"wp","href":"https:\/\/api.w.org\/{rel}","templated":true}]}}