{"id":1999,"date":"2006-03-16T19:50:01","date_gmt":"2006-03-16T19:50:01","guid":{"rendered":"http:\/\/blogs.thesocialmedia.com\/leblogmoto\/2006\/03\/16\/pendant-ce-temp-1\/"},"modified":"2012-07-11T14:17:31","modified_gmt":"2012-07-11T14:17:31","slug":"pendant-ce-temp-1","status":"publish","type":"post","link":"https:\/\/blogs.thesocialmedia.com\/leblogmoto\/2006\/03\/16\/pendant-ce-temp-1\/","title":{"rendered":"Pendant ce temps, Max&#8230;"},"content":{"rendered":"<p><a href=\"http:\/\/blogs.thesocialmedia.com\/leblogmoto\/files\/2012\/07\/1603062.jpg\"><img loading=\"lazy\" decoding=\"async\" height=\"165\" alt=\"1603062\" src=\"http:\/\/www.leblogmoto.com\/images\/1603062.jpg\" width=\"250\"  \/><\/a>Voici les derniers clich\u00e9s de <a href=\"Biaggi,%20fra%20Supermotard%20e\u2026libri\">Max BIAGGI<\/a>, tournant, seul, sous le soleil californien, alors qu&rsquo;en Europe la discipline reine de la vitesse s&rsquo;appr\u00eate \u00e0 sortir de son hiver.<\/p>\n<p>Pour la premi\u00e8re fois depuis <strong>1991<\/strong>, Max BIAGGI ne sera pas sur les feuilles d&rsquo;engagement des joutes de Grand Prix. Une situation path\u00e9tique qui n&rsquo;entame cependant pas trop le moral du romain qui continue \u00e0 s&rsquo;entretenir pour \u00eatre en mesure de saisir une \u00e9ventuelle opportunit\u00e9.<\/p>\n<p>Pour celle-ci, il sait cependant qu&rsquo;il ne peut plus, aujourd&rsquo;hui, que s&rsquo;en remettre aux al\u00e9as des circonstances&#8230;&nbsp; <\/p>\n<p><a href=\"http:\/\/clabedan.typepad.com\/.shared\/image.html?\/photos\/uncategorized\/160306.jpg\"><img loading=\"lazy\" decoding=\"async\" height=\"186\" alt=\"160306\" src=\"http:\/\/www.leblogmoto.com\/images\/160306.jpg\" width=\"250\"  \/><\/a>Alors Max regarde les \u00e9volutions des essais hivernaux, comme tout un chacun, et pr\u00e9dit une grande saison pour <a href=\"http:\/\/www.leblogmoto.com\/2006\/03\/jerez_.html\">DUCATI<\/a>. Il compatit aux soucis de <a href=\"http:\/\/www.leblogauto.com\/2006\/03\/rossi_dit_chich.html\">ROSSI<\/a> en proie \u00e0 des probl\u00e8mes de &quot;<strong>chattering<\/strong>&quot;.<\/p>\n<p>Il court sur la plage la t\u00eate au <a href=\"http:\/\/www.leblogmoto.com\/2006\/03\/sbk_phillip_isl.html\">Superbike<\/a> et le regard toujours viss\u00e9 vers le <strong>MotoGP<\/strong>. Et comme tout illustre exil\u00e9 qui se respecte, il affirme qu&rsquo;il s&rsquo;appr\u00eate \u00e0 <strong>\u00e9crire<\/strong>.<\/p>\n<p>Et puis il remonte sur sa Supermoto pour quelques fac\u00e9ties, qui ont quand m\u00eame du mal \u00e0 sauver les apparences d&rsquo;un immense g\u00e2chis.<\/p>\n<p>SOURCE: <a href=\"http:\/\/www.gpone.com\/\">www.gpone.com<\/a>&nbsp; <\/p>\n","protected":false},"excerpt":{"rendered":"<p>Voici les derniers clich\u00e9s de Max BIAGGI, tournant, seul, sous le soleil californien, alors qu&rsquo;en Europe la discipline reine de la vitesse s&rsquo;appr\u00eate \u00e0 sortir de son hiver. Pour la premi\u00e8re fois depuis 1991, Max BIAGGI ne sera pas sur les feuilles d&rsquo;engagement des joutes de Grand Prix. Une situation path\u00e9tique qui n&rsquo;entame cependant pas [&hellip;]<\/p>\n","protected":false},"author":336,"featured_media":0,"comment_status":"open","ping_status":"open","sticky":false,"template":"","format":"standard","meta":{"footnotes":""},"categories":[3],"tags":[],"class_list":["post-1999","post","type-post","status-publish","format-standard","hentry","category-actualite"],"yoast_head":"<!-- This site is optimized with the Yoast SEO plugin v26.0 - https:\/\/yoast.com\/wordpress\/plugins\/seo\/ -->\n<title>Pendant ce temps, Max... - leblogmoto.com<\/title>\n<meta name=\"robots\" content=\"index, follow, max-snippet:-1, max-image-preview:large, max-video-preview:-1\" \/>\n<link rel=\"canonical\" href=\"https:\/\/blogs.thesocialmedia.com\/leblogmoto\/2006\/03\/16\/pendant-ce-temp-1\/\" \/>\n<meta name=\"twitter:card\" content=\"summary_large_image\" \/>\n<meta name=\"twitter:title\" content=\"Pendant ce temps, Max... - leblogmoto.com\" \/>\n<meta name=\"twitter:description\" content=\"Voici les derniers clich\u00e9s de Max BIAGGI, tournant, seul, sous le soleil californien, alors qu&rsquo;en Europe la discipline reine de la vitesse s&rsquo;appr\u00eate \u00e0 sortir de son hiver. Pour la premi\u00e8re fois depuis 1991, Max BIAGGI ne sera pas sur les feuilles d&rsquo;engagement des joutes de Grand Prix. Une situation path\u00e9tique qui n&rsquo;entame cependant pas [&hellip;]\" \/>\n<meta name=\"twitter:image\" content=\"http:\/\/www.leblogmoto.com\/images\/1603062.jpg\" \/>\n<meta name=\"twitter:label1\" content=\"\u00c9crit par\" \/>\n\t<meta name=\"twitter:data1\" content=\"andre leconde\" \/>\n\t<meta name=\"twitter:label2\" content=\"Dur\u00e9e de lecture estim\u00e9e\" \/>\n\t<meta name=\"twitter:data2\" content=\"1 minute\" \/>\n<script type=\"application\/ld+json\" class=\"yoast-schema-graph\">{\"@context\":\"https:\/\/schema.org\",\"@graph\":[{\"@type\":\"WebPage\",\"@id\":\"https:\/\/blogs.thesocialmedia.com\/leblogmoto\/2006\/03\/16\/pendant-ce-temp-1\/\",\"url\":\"https:\/\/blogs.thesocialmedia.com\/leblogmoto\/2006\/03\/16\/pendant-ce-temp-1\/\",\"name\":\"Pendant ce temps, Max... - leblogmoto.com\",\"isPartOf\":{\"@id\":\"https:\/\/blogs.thesocialmedia.com\/leblogmoto\/#website\"},\"primaryImageOfPage\":{\"@id\":\"https:\/\/blogs.thesocialmedia.com\/leblogmoto\/2006\/03\/16\/pendant-ce-temp-1\/#primaryimage\"},\"image\":{\"@id\":\"https:\/\/blogs.thesocialmedia.com\/leblogmoto\/2006\/03\/16\/pendant-ce-temp-1\/#primaryimage\"},\"thumbnailUrl\":\"http:\/\/www.leblogmoto.com\/images\/1603062.jpg\",\"datePublished\":\"2006-03-16T19:50:01+00:00\",\"dateModified\":\"2012-07-11T14:17:31+00:00\",\"author\":{\"@id\":\"https:\/\/blogs.thesocialmedia.com\/leblogmoto\/#\/schema\/person\/1a1dcfc7cec206573105eb4af91155c2\"},\"breadcrumb\":{\"@id\":\"https:\/\/blogs.thesocialmedia.com\/leblogmoto\/2006\/03\/16\/pendant-ce-temp-1\/#breadcrumb\"},\"inLanguage\":\"fr-FR\",\"potentialAction\":[{\"@type\":\"ReadAction\",\"target\":[\"https:\/\/blogs.thesocialmedia.com\/leblogmoto\/2006\/03\/16\/pendant-ce-temp-1\/\"]}]},{\"@type\":\"ImageObject\",\"inLanguage\":\"fr-FR\",\"@id\":\"https:\/\/blogs.thesocialmedia.com\/leblogmoto\/2006\/03\/16\/pendant-ce-temp-1\/#primaryimage\",\"url\":\"http:\/\/www.leblogmoto.com\/images\/1603062.jpg\",\"contentUrl\":\"http:\/\/www.leblogmoto.com\/images\/1603062.jpg\"},{\"@type\":\"BreadcrumbList\",\"@id\":\"https:\/\/blogs.thesocialmedia.com\/leblogmoto\/2006\/03\/16\/pendant-ce-temp-1\/#breadcrumb\",\"itemListElement\":[{\"@type\":\"ListItem\",\"position\":1,\"name\":\"Accueil\",\"item\":\"https:\/\/blogs.thesocialmedia.com\/leblogmoto\/\"},{\"@type\":\"ListItem\",\"position\":2,\"name\":\"Pendant ce temps, Max&#8230;\"}]},{\"@type\":\"WebSite\",\"@id\":\"https:\/\/blogs.thesocialmedia.com\/leblogmoto\/#website\",\"url\":\"https:\/\/blogs.thesocialmedia.com\/leblogmoto\/\",\"name\":\"leblogmoto\",\"description\":\"Toute l&#039;actualit\u00e9 des 2 roues\",\"potentialAction\":[{\"@type\":\"SearchAction\",\"target\":{\"@type\":\"EntryPoint\",\"urlTemplate\":\"https:\/\/blogs.thesocialmedia.com\/leblogmoto\/?s={search_term_string}\"},\"query-input\":{\"@type\":\"PropertyValueSpecification\",\"valueRequired\":true,\"valueName\":\"search_term_string\"}}],\"inLanguage\":\"fr-FR\"},{\"@type\":\"Person\",\"@id\":\"https:\/\/blogs.thesocialmedia.com\/leblogmoto\/#\/schema\/person\/1a1dcfc7cec206573105eb4af91155c2\",\"name\":\"andre leconde\",\"image\":{\"@type\":\"ImageObject\",\"inLanguage\":\"fr-FR\",\"@id\":\"https:\/\/blogs.thesocialmedia.com\/leblogmoto\/#\/schema\/person\/image\/\",\"url\":\"https:\/\/secure.gravatar.com\/avatar\/?s=96&d=mm&r=g\",\"contentUrl\":\"https:\/\/secure.gravatar.com\/avatar\/?s=96&d=mm&r=g\",\"caption\":\"andre leconde\"},\"url\":\"https:\/\/blogs.thesocialmedia.com\/leblogmoto\/author\/andre-leconde\/\"}]}<\/script>\n<!-- \/ Yoast SEO plugin. -->","yoast_head_json":{"title":"Pendant ce temps, Max... - leblogmoto.com","robots":{"index":"index","follow":"follow","max-snippet":"max-snippet:-1","max-image-preview":"max-image-preview:large","max-video-preview":"max-video-preview:-1"},"canonical":"https:\/\/blogs.thesocialmedia.com\/leblogmoto\/2006\/03\/16\/pendant-ce-temp-1\/","twitter_card":"summary_large_image","twitter_title":"Pendant ce temps, Max... - leblogmoto.com","twitter_description":"Voici les derniers clich\u00e9s de Max BIAGGI, tournant, seul, sous le soleil californien, alors qu&rsquo;en Europe la discipline reine de la vitesse s&rsquo;appr\u00eate \u00e0 sortir de son hiver. Pour la premi\u00e8re fois depuis 1991, Max BIAGGI ne sera pas sur les feuilles d&rsquo;engagement des joutes de Grand Prix. Une situation path\u00e9tique qui n&rsquo;entame cependant pas [&hellip;]","twitter_image":"http:\/\/www.leblogmoto.com\/images\/1603062.jpg","twitter_misc":{"\u00c9crit par":"andre leconde","Dur\u00e9e de lecture estim\u00e9e":"1 minute"},"schema":{"@context":"https:\/\/schema.org","@graph":[{"@type":"WebPage","@id":"https:\/\/blogs.thesocialmedia.com\/leblogmoto\/2006\/03\/16\/pendant-ce-temp-1\/","url":"https:\/\/blogs.thesocialmedia.com\/leblogmoto\/2006\/03\/16\/pendant-ce-temp-1\/","name":"Pendant ce temps, Max... - leblogmoto.com","isPartOf":{"@id":"https:\/\/blogs.thesocialmedia.com\/leblogmoto\/#website"},"primaryImageOfPage":{"@id":"https:\/\/blogs.thesocialmedia.com\/leblogmoto\/2006\/03\/16\/pendant-ce-temp-1\/#primaryimage"},"image":{"@id":"https:\/\/blogs.thesocialmedia.com\/leblogmoto\/2006\/03\/16\/pendant-ce-temp-1\/#primaryimage"},"thumbnailUrl":"http:\/\/www.leblogmoto.com\/images\/1603062.jpg","datePublished":"2006-03-16T19:50:01+00:00","dateModified":"2012-07-11T14:17:31+00:00","author":{"@id":"https:\/\/blogs.thesocialmedia.com\/leblogmoto\/#\/schema\/person\/1a1dcfc7cec206573105eb4af91155c2"},"breadcrumb":{"@id":"https:\/\/blogs.thesocialmedia.com\/leblogmoto\/2006\/03\/16\/pendant-ce-temp-1\/#breadcrumb"},"inLanguage":"fr-FR","potentialAction":[{"@type":"ReadAction","target":["https:\/\/blogs.thesocialmedia.com\/leblogmoto\/2006\/03\/16\/pendant-ce-temp-1\/"]}]},{"@type":"ImageObject","inLanguage":"fr-FR","@id":"https:\/\/blogs.thesocialmedia.com\/leblogmoto\/2006\/03\/16\/pendant-ce-temp-1\/#primaryimage","url":"http:\/\/www.leblogmoto.com\/images\/1603062.jpg","contentUrl":"http:\/\/www.leblogmoto.com\/images\/1603062.jpg"},{"@type":"BreadcrumbList","@id":"https:\/\/blogs.thesocialmedia.com\/leblogmoto\/2006\/03\/16\/pendant-ce-temp-1\/#breadcrumb","itemListElement":[{"@type":"ListItem","position":1,"name":"Accueil","item":"https:\/\/blogs.thesocialmedia.com\/leblogmoto\/"},{"@type":"ListItem","position":2,"name":"Pendant ce temps, Max&#8230;"}]},{"@type":"WebSite","@id":"https:\/\/blogs.thesocialmedia.com\/leblogmoto\/#website","url":"https:\/\/blogs.thesocialmedia.com\/leblogmoto\/","name":"leblogmoto","description":"Toute l&#039;actualit\u00e9 des 2 roues","potentialAction":[{"@type":"SearchAction","target":{"@type":"EntryPoint","urlTemplate":"https:\/\/blogs.thesocialmedia.com\/leblogmoto\/?s={search_term_string}"},"query-input":{"@type":"PropertyValueSpecification","valueRequired":true,"valueName":"search_term_string"}}],"inLanguage":"fr-FR"},{"@type":"Person","@id":"https:\/\/blogs.thesocialmedia.com\/leblogmoto\/#\/schema\/person\/1a1dcfc7cec206573105eb4af91155c2","name":"andre leconde","image":{"@type":"ImageObject","inLanguage":"fr-FR","@id":"https:\/\/blogs.thesocialmedia.com\/leblogmoto\/#\/schema\/person\/image\/","url":"https:\/\/secure.gravatar.com\/avatar\/?s=96&d=mm&r=g","contentUrl":"https:\/\/secure.gravatar.com\/avatar\/?s=96&d=mm&r=g","caption":"andre leconde"},"url":"https:\/\/blogs.thesocialmedia.com\/leblogmoto\/author\/andre-leconde\/"}]}},"_links":{"self":[{"href":"https:\/\/blogs.thesocialmedia.com\/leblogmoto\/wp-json\/wp\/v2\/posts\/1999","targetHints":{"allow":["GET"]}}],"collection":[{"href":"https:\/\/blogs.thesocialmedia.com\/leblogmoto\/wp-json\/wp\/v2\/posts"}],"about":[{"href":"https:\/\/blogs.thesocialmedia.com\/leblogmoto\/wp-json\/wp\/v2\/types\/post"}],"author":[{"embeddable":true,"href":"https:\/\/blogs.thesocialmedia.com\/leblogmoto\/wp-json\/wp\/v2\/users\/336"}],"replies":[{"embeddable":true,"href":"https:\/\/blogs.thesocialmedia.com\/leblogmoto\/wp-json\/wp\/v2\/comments?post=1999"}],"version-history":[{"count":2,"href":"https:\/\/blogs.thesocialmedia.com\/leblogmoto\/wp-json\/wp\/v2\/posts\/1999\/revisions"}],"predecessor-version":[{"id":7152,"href":"https:\/\/blogs.thesocialmedia.com\/leblogmoto\/wp-json\/wp\/v2\/posts\/1999\/revisions\/7152"}],"wp:attachment":[{"href":"https:\/\/blogs.thesocialmedia.com\/leblogmoto\/wp-json\/wp\/v2\/media?parent=1999"}],"wp:term":[{"taxonomy":"category","embeddable":true,"href":"https:\/\/blogs.thesocialmedia.com\/leblogmoto\/wp-json\/wp\/v2\/categories?post=1999"},{"taxonomy":"post_tag","embeddable":true,"href":"https:\/\/blogs.thesocialmedia.com\/leblogmoto\/wp-json\/wp\/v2\/tags?post=1999"}],"curies":[{"name":"wp","href":"https:\/\/api.w.org\/{rel}","templated":true}]}}