{"id":2000,"date":"2006-03-15T19:06:30","date_gmt":"2006-03-15T19:06:30","guid":{"rendered":"http:\/\/blogs.thesocialmedia.com\/leblogmoto\/2006\/03\/15\/france-open-vit\/"},"modified":"2012-07-11T14:17:29","modified_gmt":"2012-07-11T14:17:29","slug":"france-open-vit","status":"publish","type":"post","link":"https:\/\/blogs.thesocialmedia.com\/leblogmoto\/2006\/03\/15\/france-open-vit\/","title":{"rendered":"France Open Vitesse: Le MANS en ouverture."},"content":{"rendered":"<p><a href=\"http:\/\/blogs.thesocialmedia.com\/leblogmoto\/files\/2012\/07\/fondecran1.jpg\"><img loading=\"lazy\" decoding=\"async\" height=\"187\" alt=\"Fondecran1\" src=\"http:\/\/www.leblogmoto.com\/images\/fondecran1.jpg\" width=\"250\"  \/><\/a>Ce week-end, le circuit Bugatti du MANS va ouvrir les hostilit\u00e9s du championnat de <strong>France Open de Vitesse<\/strong>. <\/p>\n<p>Un championnat qui r\u00e9unit les cat\u00e9gories <strong>125<\/strong>, <strong>Supersport <\/strong>et <strong>Superproduction\/Stocksport<\/strong>, une p\u00e9pini\u00e8re qui a propuls\u00e9 sa derni\u00e8re perle <a href=\"http:\/\/www.leblogmoto.com\/2006\/02\/equipe_de_franc.html\">CLUZEL<\/a> directement en mondial 250.<\/p>\n<p>D&rsquo;autres noms connus y reviennent pour la totalit\u00e9 de la saison ou y retourneront \u00e0 l&rsquo;occasion d&rsquo;une wild-card. Dans la SARTHE, c&rsquo;est Mike <a href=\"http:\/\/www.leblogmoto.com\/2005\/12\/125_un_3_french.html\">DI MEGLIO<\/a> qui s&rsquo;y collera pour une s\u00e9ance d&rsquo;essai grandeur nature avec sa 125 du Team <strong>FFM HONDA<\/strong>&#8230;&nbsp; <\/p>\n<\/p>\n<p>&nbsp; &nbsp; <\/p>\n<p><a href=\"http:\/\/clabedan.typepad.com\/.shared\/image.html?\/photos\/uncategorized\/afficheopen160_1.jpg\"><img loading=\"lazy\" decoding=\"async\" height=\"351\" alt=\"Afficheopen160_1\" src=\"http:\/\/www.leblogmoto.com\/images\/afficheopen160_1.jpg\" width=\"250\"  \/><\/a>On esp\u00e8re que les soucis d&rsquo;homologation des DUCATI <strong>749R<\/strong> soient r\u00e9solus tandis que, paradoxalement, les m\u00eames arcanes de la r\u00e9glementation pourraient bien nous favoriser l&rsquo;arriv\u00e9e d&rsquo;une <strong>999R<\/strong>&#8230;<\/p>\n<p>les courses d&rsquo;accompagnement vaudront leur pesant d&rsquo;or avec le <strong>challenge des mono<\/strong> mettant aux prises des mono 4 temps. Quant \u00e0 la <strong>French Cup HONDA<\/strong>, rassemblant les <a href=\"http:\/\/www.leblogmoto.com\/2006\/01\/seb_replica_par.html\">CBR 600 RR<\/a>, on ne la pr\u00e9sente plus, sauf que cette ann\u00e9e, elle se trouve, en plus, parrain\u00e9e par le ph\u00e9nom\u00e8ne mondial <strong>Sebastien CHARPENTIER<\/strong>.<\/p>\n<p>Comme il a \u00e9t\u00e9 dit, des noms connus reviennent go\u00fbter aux joutes h\u00e9xagonales: Hugo <strong>MARCHAND<\/strong>, Julien <strong>DA COSTA<\/strong>, Mathieu <strong>LAGRIVE <\/strong>se retrouveront en Supersport pour donner, \u00e0 n&rsquo;en pas douter, un spectacle qui m\u00e9ritera le d\u00e9placement.<\/p>\n<p>SOURCE: <a href=\"http:\/\/www.gmtopen.com\/\">www.gmtopen.com<\/a>&nbsp; &nbsp;&nbsp; &nbsp;<\/p>\n","protected":false},"excerpt":{"rendered":"<p>Ce week-end, le circuit Bugatti du MANS va ouvrir les hostilit\u00e9s du championnat de France Open de Vitesse. Un championnat qui r\u00e9unit les cat\u00e9gories 125, Supersport et Superproduction\/Stocksport, une p\u00e9pini\u00e8re qui a propuls\u00e9 sa derni\u00e8re perle CLUZEL directement en mondial 250. D&rsquo;autres noms connus y reviennent pour la totalit\u00e9 de la saison ou y retourneront [&hellip;]<\/p>\n","protected":false},"author":336,"featured_media":0,"comment_status":"open","ping_status":"open","sticky":false,"template":"","format":"standard","meta":{"footnotes":""},"categories":[32],"tags":[],"class_list":["post-2000","post","type-post","status-publish","format-standard","hentry","category-sport-moto"],"yoast_head":"<!-- This site is optimized with the Yoast SEO plugin v26.0 - https:\/\/yoast.com\/wordpress\/plugins\/seo\/ -->\n<title>France Open Vitesse: Le MANS en ouverture. - leblogmoto.com<\/title>\n<meta name=\"robots\" content=\"index, follow, max-snippet:-1, max-image-preview:large, max-video-preview:-1\" \/>\n<link rel=\"canonical\" href=\"https:\/\/blogs.thesocialmedia.com\/leblogmoto\/2006\/03\/15\/france-open-vit\/\" \/>\n<meta name=\"twitter:card\" content=\"summary_large_image\" \/>\n<meta name=\"twitter:title\" content=\"France Open Vitesse: Le MANS en ouverture. - leblogmoto.com\" \/>\n<meta name=\"twitter:description\" content=\"Ce week-end, le circuit Bugatti du MANS va ouvrir les hostilit\u00e9s du championnat de France Open de Vitesse. Un championnat qui r\u00e9unit les cat\u00e9gories 125, Supersport et Superproduction\/Stocksport, une p\u00e9pini\u00e8re qui a propuls\u00e9 sa derni\u00e8re perle CLUZEL directement en mondial 250. D&rsquo;autres noms connus y reviennent pour la totalit\u00e9 de la saison ou y retourneront [&hellip;]\" \/>\n<meta name=\"twitter:image\" content=\"http:\/\/www.leblogmoto.com\/images\/fondecran1.jpg\" \/>\n<meta name=\"twitter:label1\" content=\"\u00c9crit par\" \/>\n\t<meta name=\"twitter:data1\" content=\"andre leconde\" \/>\n\t<meta name=\"twitter:label2\" content=\"Dur\u00e9e de lecture estim\u00e9e\" \/>\n\t<meta name=\"twitter:data2\" content=\"1 minute\" \/>\n<script type=\"application\/ld+json\" class=\"yoast-schema-graph\">{\"@context\":\"https:\/\/schema.org\",\"@graph\":[{\"@type\":\"WebPage\",\"@id\":\"https:\/\/blogs.thesocialmedia.com\/leblogmoto\/2006\/03\/15\/france-open-vit\/\",\"url\":\"https:\/\/blogs.thesocialmedia.com\/leblogmoto\/2006\/03\/15\/france-open-vit\/\",\"name\":\"France Open Vitesse: Le MANS en ouverture. - leblogmoto.com\",\"isPartOf\":{\"@id\":\"https:\/\/blogs.thesocialmedia.com\/leblogmoto\/#website\"},\"primaryImageOfPage\":{\"@id\":\"https:\/\/blogs.thesocialmedia.com\/leblogmoto\/2006\/03\/15\/france-open-vit\/#primaryimage\"},\"image\":{\"@id\":\"https:\/\/blogs.thesocialmedia.com\/leblogmoto\/2006\/03\/15\/france-open-vit\/#primaryimage\"},\"thumbnailUrl\":\"http:\/\/www.leblogmoto.com\/images\/fondecran1.jpg\",\"datePublished\":\"2006-03-15T19:06:30+00:00\",\"dateModified\":\"2012-07-11T14:17:29+00:00\",\"author\":{\"@id\":\"https:\/\/blogs.thesocialmedia.com\/leblogmoto\/#\/schema\/person\/1a1dcfc7cec206573105eb4af91155c2\"},\"breadcrumb\":{\"@id\":\"https:\/\/blogs.thesocialmedia.com\/leblogmoto\/2006\/03\/15\/france-open-vit\/#breadcrumb\"},\"inLanguage\":\"fr-FR\",\"potentialAction\":[{\"@type\":\"ReadAction\",\"target\":[\"https:\/\/blogs.thesocialmedia.com\/leblogmoto\/2006\/03\/15\/france-open-vit\/\"]}]},{\"@type\":\"ImageObject\",\"inLanguage\":\"fr-FR\",\"@id\":\"https:\/\/blogs.thesocialmedia.com\/leblogmoto\/2006\/03\/15\/france-open-vit\/#primaryimage\",\"url\":\"http:\/\/www.leblogmoto.com\/images\/fondecran1.jpg\",\"contentUrl\":\"http:\/\/www.leblogmoto.com\/images\/fondecran1.jpg\"},{\"@type\":\"BreadcrumbList\",\"@id\":\"https:\/\/blogs.thesocialmedia.com\/leblogmoto\/2006\/03\/15\/france-open-vit\/#breadcrumb\",\"itemListElement\":[{\"@type\":\"ListItem\",\"position\":1,\"name\":\"Accueil\",\"item\":\"https:\/\/blogs.thesocialmedia.com\/leblogmoto\/\"},{\"@type\":\"ListItem\",\"position\":2,\"name\":\"France Open Vitesse: Le MANS en ouverture.\"}]},{\"@type\":\"WebSite\",\"@id\":\"https:\/\/blogs.thesocialmedia.com\/leblogmoto\/#website\",\"url\":\"https:\/\/blogs.thesocialmedia.com\/leblogmoto\/\",\"name\":\"leblogmoto\",\"description\":\"Toute l&#039;actualit\u00e9 des 2 roues\",\"potentialAction\":[{\"@type\":\"SearchAction\",\"target\":{\"@type\":\"EntryPoint\",\"urlTemplate\":\"https:\/\/blogs.thesocialmedia.com\/leblogmoto\/?s={search_term_string}\"},\"query-input\":{\"@type\":\"PropertyValueSpecification\",\"valueRequired\":true,\"valueName\":\"search_term_string\"}}],\"inLanguage\":\"fr-FR\"},{\"@type\":\"Person\",\"@id\":\"https:\/\/blogs.thesocialmedia.com\/leblogmoto\/#\/schema\/person\/1a1dcfc7cec206573105eb4af91155c2\",\"name\":\"andre leconde\",\"image\":{\"@type\":\"ImageObject\",\"inLanguage\":\"fr-FR\",\"@id\":\"https:\/\/blogs.thesocialmedia.com\/leblogmoto\/#\/schema\/person\/image\/\",\"url\":\"https:\/\/secure.gravatar.com\/avatar\/?s=96&d=mm&r=g\",\"contentUrl\":\"https:\/\/secure.gravatar.com\/avatar\/?s=96&d=mm&r=g\",\"caption\":\"andre leconde\"},\"url\":\"https:\/\/blogs.thesocialmedia.com\/leblogmoto\/author\/andre-leconde\/\"}]}<\/script>\n<!-- \/ Yoast SEO plugin. -->","yoast_head_json":{"title":"France Open Vitesse: Le MANS en ouverture. - leblogmoto.com","robots":{"index":"index","follow":"follow","max-snippet":"max-snippet:-1","max-image-preview":"max-image-preview:large","max-video-preview":"max-video-preview:-1"},"canonical":"https:\/\/blogs.thesocialmedia.com\/leblogmoto\/2006\/03\/15\/france-open-vit\/","twitter_card":"summary_large_image","twitter_title":"France Open Vitesse: Le MANS en ouverture. - leblogmoto.com","twitter_description":"Ce week-end, le circuit Bugatti du MANS va ouvrir les hostilit\u00e9s du championnat de France Open de Vitesse. Un championnat qui r\u00e9unit les cat\u00e9gories 125, Supersport et Superproduction\/Stocksport, une p\u00e9pini\u00e8re qui a propuls\u00e9 sa derni\u00e8re perle CLUZEL directement en mondial 250. D&rsquo;autres noms connus y reviennent pour la totalit\u00e9 de la saison ou y retourneront [&hellip;]","twitter_image":"http:\/\/www.leblogmoto.com\/images\/fondecran1.jpg","twitter_misc":{"\u00c9crit par":"andre leconde","Dur\u00e9e de lecture estim\u00e9e":"1 minute"},"schema":{"@context":"https:\/\/schema.org","@graph":[{"@type":"WebPage","@id":"https:\/\/blogs.thesocialmedia.com\/leblogmoto\/2006\/03\/15\/france-open-vit\/","url":"https:\/\/blogs.thesocialmedia.com\/leblogmoto\/2006\/03\/15\/france-open-vit\/","name":"France Open Vitesse: Le MANS en ouverture. - leblogmoto.com","isPartOf":{"@id":"https:\/\/blogs.thesocialmedia.com\/leblogmoto\/#website"},"primaryImageOfPage":{"@id":"https:\/\/blogs.thesocialmedia.com\/leblogmoto\/2006\/03\/15\/france-open-vit\/#primaryimage"},"image":{"@id":"https:\/\/blogs.thesocialmedia.com\/leblogmoto\/2006\/03\/15\/france-open-vit\/#primaryimage"},"thumbnailUrl":"http:\/\/www.leblogmoto.com\/images\/fondecran1.jpg","datePublished":"2006-03-15T19:06:30+00:00","dateModified":"2012-07-11T14:17:29+00:00","author":{"@id":"https:\/\/blogs.thesocialmedia.com\/leblogmoto\/#\/schema\/person\/1a1dcfc7cec206573105eb4af91155c2"},"breadcrumb":{"@id":"https:\/\/blogs.thesocialmedia.com\/leblogmoto\/2006\/03\/15\/france-open-vit\/#breadcrumb"},"inLanguage":"fr-FR","potentialAction":[{"@type":"ReadAction","target":["https:\/\/blogs.thesocialmedia.com\/leblogmoto\/2006\/03\/15\/france-open-vit\/"]}]},{"@type":"ImageObject","inLanguage":"fr-FR","@id":"https:\/\/blogs.thesocialmedia.com\/leblogmoto\/2006\/03\/15\/france-open-vit\/#primaryimage","url":"http:\/\/www.leblogmoto.com\/images\/fondecran1.jpg","contentUrl":"http:\/\/www.leblogmoto.com\/images\/fondecran1.jpg"},{"@type":"BreadcrumbList","@id":"https:\/\/blogs.thesocialmedia.com\/leblogmoto\/2006\/03\/15\/france-open-vit\/#breadcrumb","itemListElement":[{"@type":"ListItem","position":1,"name":"Accueil","item":"https:\/\/blogs.thesocialmedia.com\/leblogmoto\/"},{"@type":"ListItem","position":2,"name":"France Open Vitesse: Le MANS en ouverture."}]},{"@type":"WebSite","@id":"https:\/\/blogs.thesocialmedia.com\/leblogmoto\/#website","url":"https:\/\/blogs.thesocialmedia.com\/leblogmoto\/","name":"leblogmoto","description":"Toute l&#039;actualit\u00e9 des 2 roues","potentialAction":[{"@type":"SearchAction","target":{"@type":"EntryPoint","urlTemplate":"https:\/\/blogs.thesocialmedia.com\/leblogmoto\/?s={search_term_string}"},"query-input":{"@type":"PropertyValueSpecification","valueRequired":true,"valueName":"search_term_string"}}],"inLanguage":"fr-FR"},{"@type":"Person","@id":"https:\/\/blogs.thesocialmedia.com\/leblogmoto\/#\/schema\/person\/1a1dcfc7cec206573105eb4af91155c2","name":"andre leconde","image":{"@type":"ImageObject","inLanguage":"fr-FR","@id":"https:\/\/blogs.thesocialmedia.com\/leblogmoto\/#\/schema\/person\/image\/","url":"https:\/\/secure.gravatar.com\/avatar\/?s=96&d=mm&r=g","contentUrl":"https:\/\/secure.gravatar.com\/avatar\/?s=96&d=mm&r=g","caption":"andre leconde"},"url":"https:\/\/blogs.thesocialmedia.com\/leblogmoto\/author\/andre-leconde\/"}]}},"_links":{"self":[{"href":"https:\/\/blogs.thesocialmedia.com\/leblogmoto\/wp-json\/wp\/v2\/posts\/2000","targetHints":{"allow":["GET"]}}],"collection":[{"href":"https:\/\/blogs.thesocialmedia.com\/leblogmoto\/wp-json\/wp\/v2\/posts"}],"about":[{"href":"https:\/\/blogs.thesocialmedia.com\/leblogmoto\/wp-json\/wp\/v2\/types\/post"}],"author":[{"embeddable":true,"href":"https:\/\/blogs.thesocialmedia.com\/leblogmoto\/wp-json\/wp\/v2\/users\/336"}],"replies":[{"embeddable":true,"href":"https:\/\/blogs.thesocialmedia.com\/leblogmoto\/wp-json\/wp\/v2\/comments?post=2000"}],"version-history":[{"count":2,"href":"https:\/\/blogs.thesocialmedia.com\/leblogmoto\/wp-json\/wp\/v2\/posts\/2000\/revisions"}],"predecessor-version":[{"id":7150,"href":"https:\/\/blogs.thesocialmedia.com\/leblogmoto\/wp-json\/wp\/v2\/posts\/2000\/revisions\/7150"}],"wp:attachment":[{"href":"https:\/\/blogs.thesocialmedia.com\/leblogmoto\/wp-json\/wp\/v2\/media?parent=2000"}],"wp:term":[{"taxonomy":"category","embeddable":true,"href":"https:\/\/blogs.thesocialmedia.com\/leblogmoto\/wp-json\/wp\/v2\/categories?post=2000"},{"taxonomy":"post_tag","embeddable":true,"href":"https:\/\/blogs.thesocialmedia.com\/leblogmoto\/wp-json\/wp\/v2\/tags?post=2000"}],"curies":[{"name":"wp","href":"https:\/\/api.w.org\/{rel}","templated":true}]}}