{"id":2001,"date":"2006-03-14T19:51:57","date_gmt":"2006-03-14T19:51:57","guid":{"rendered":"http:\/\/blogs.thesocialmedia.com\/leblogmoto\/2006\/03\/14\/dark-dog-academ-3\/"},"modified":"2012-07-11T14:17:26","modified_gmt":"2012-07-11T14:17:26","slug":"dark-dog-academ-3","status":"publish","type":"post","link":"https:\/\/blogs.thesocialmedia.com\/leblogmoto\/2006\/03\/14\/dark-dog-academ-3\/","title":{"rendered":"DARK DOG Academy: La port\u00e9e de stars."},"content":{"rendered":"<p><a href=\"http:\/\/blogs.thesocialmedia.com\/leblogmoto\/files\/2012\/07\/davidetlucasjpg.jpg\"><img loading=\"lazy\" decoding=\"async\" height=\"165\" alt=\"Davidetlucasjpg\" src=\"http:\/\/www.leblogmoto.com\/images\/davidetlucasjpg.jpg\" width=\"250\"  \/><\/a>La vitesse-moto fran\u00e7aise a de la chance. En plus d&rsquo;une approche <a href=\"http:\/\/www.leblogmoto.com\/2006\/02\/equipe_de_franc.html\">FFM<\/a> toute tendue vers l&rsquo;univers des Grand-Prix, au travers d&rsquo;un parcours initiatique se conjuguant en <a href=\"http:\/\/www.leblogmoto.com\/2006\/02\/2_temps_les_der.html\">deux temps<\/a>, il existe aussi une seconde voie, reposant sur une initiative priv\u00e9e financ\u00e9e par un annonceur majeur et pr\u00e9f\u00e9rant la fili\u00e8re <strong>quatre temps<\/strong>.<\/p>\n<p>Une chance r\u00e9elle puisque voil\u00e0 les deux poles de la vitesse concern\u00e9es par des d\u00e9marches \u00e0 l&rsquo;approche et \u00e0 la structure nullement concurrentielles. Cette <strong>Dark Dog<\/strong> <strong>Academy<\/strong> tracera cette saison son sillon, sous l&rsquo;impulsion de <strong>Marc FONTAN<\/strong> d\u00e9clin\u00e9e dans le team <strong>Tecmas<\/strong> de <strong>Michel AUGIZEAU<\/strong>. Deux jeunes pilotes tricolores auront l&rsquo;occasion de s&rsquo;exprimer au guidon de <a href=\"http:\/\/www.leblogmoto.com\/2006\/03\/sbk_phillip_isl.html\">HONDA 600 Supersport<\/a>&#8230;&nbsp; <\/p>\n<p><a href=\"http:\/\/clabedan.typepad.com\/.shared\/image.html?\/photos\/uncategorized\/marcmichelfreddeuxpilotes.jpg\"><img loading=\"lazy\" decoding=\"async\" height=\"166\" alt=\"Marcmichelfreddeuxpilotes\" src=\"http:\/\/www.leblogmoto.com\/images\/marcmichelfreddeuxpilotes.jpg\" width=\"250\"  \/><\/a>A ma droite, <strong>Lucas de Carolis<\/strong>, vice-champion de la French Cup 600 CBR 2005, \u00e0 ma gauche, <strong>David PERRET<\/strong>, vainqueur en titre des 600 Promosport. <\/p>\n<p>Ces pilotes respectivement \u00e2g\u00e9s de <strong>19<\/strong> et <strong>21<\/strong> ans vont \u00eatre pris en main par l&rsquo;ex-d\u00e9couvreur <a href=\"http:\/\/www.leblogmoto.com\/2006\/01\/kawasaki_garde_.html\">d&rsquo;O.J<\/a> et de <a href=\"http:\/\/www.leblogmoto.com\/2006\/02\/psg1_kawa_la_no.html\">LACONI<\/a> qui, avec <strong>250 000<\/strong> euros de budget global va tout mettre en oeuvre pour faire de ces diamants bruts de v\u00e9ritables pierres pr\u00e9cieuses.&nbsp; <\/p>\n<p><a href=\"http:\/\/clabedan.typepad.com\/.shared\/image.html?\/photos\/uncategorized\/lucas2jpg.jpg\"><img loading=\"lazy\" decoding=\"async\" height=\"165\" alt=\"Lucas2jpg\" src=\"http:\/\/www.leblogmoto.com\/images\/lucas2jpg.jpg\" width=\"250\"  \/><\/a>Entra\u00eenement physique, formation psychologique, rien ne leur sera \u00e9pargn\u00e9 pour entamer avec un moral de vainqueur le <strong>championnat de France 600 Supersport<\/strong>. <\/p>\n<p>Et si les r\u00e9sultats&nbsp; suivent, une participation \u00e0 la finale du mondial \u00e0 Magny-Cours sera garantie, tout comme la sortie si la motivation fait d\u00e9faut. Dans la plus pure tradition d&rsquo;une &quot;Academy&quot;. <\/p>\n<p>SOURCE: <a href=\"http:\/\/www.dakdog-academy.com\/\">www.dakdog-academy.com<\/a> <\/p><\/p>\n","protected":false},"excerpt":{"rendered":"<p>La vitesse-moto fran\u00e7aise a de la chance. En plus d&rsquo;une approche FFM toute tendue vers l&rsquo;univers des Grand-Prix, au travers d&rsquo;un parcours initiatique se conjuguant en deux temps, il existe aussi une seconde voie, reposant sur une initiative priv\u00e9e financ\u00e9e par un annonceur majeur et pr\u00e9f\u00e9rant la fili\u00e8re quatre temps. Une chance r\u00e9elle puisque voil\u00e0 [&hellip;]<\/p>\n","protected":false},"author":336,"featured_media":0,"comment_status":"open","ping_status":"open","sticky":false,"template":"","format":"standard","meta":{"footnotes":""},"categories":[3,14,32],"tags":[],"class_list":["post-2001","post","type-post","status-publish","format-standard","hentry","category-actualite","category-honda","category-sport-moto"],"yoast_head":"<!-- This site is optimized with the Yoast SEO plugin v26.0 - https:\/\/yoast.com\/wordpress\/plugins\/seo\/ -->\n<title>DARK DOG Academy: La port\u00e9e de stars. - leblogmoto.com<\/title>\n<meta name=\"robots\" content=\"index, follow, max-snippet:-1, max-image-preview:large, max-video-preview:-1\" \/>\n<link rel=\"canonical\" href=\"https:\/\/blogs.thesocialmedia.com\/leblogmoto\/2006\/03\/14\/dark-dog-academ-3\/\" \/>\n<meta name=\"twitter:card\" content=\"summary_large_image\" \/>\n<meta name=\"twitter:title\" content=\"DARK DOG Academy: La port\u00e9e de stars. - leblogmoto.com\" \/>\n<meta name=\"twitter:description\" content=\"La vitesse-moto fran\u00e7aise a de la chance. En plus d&rsquo;une approche FFM toute tendue vers l&rsquo;univers des Grand-Prix, au travers d&rsquo;un parcours initiatique se conjuguant en deux temps, il existe aussi une seconde voie, reposant sur une initiative priv\u00e9e financ\u00e9e par un annonceur majeur et pr\u00e9f\u00e9rant la fili\u00e8re quatre temps. Une chance r\u00e9elle puisque voil\u00e0 [&hellip;]\" \/>\n<meta name=\"twitter:image\" content=\"http:\/\/www.leblogmoto.com\/images\/davidetlucasjpg.jpg\" \/>\n<meta name=\"twitter:label1\" content=\"\u00c9crit par\" \/>\n\t<meta name=\"twitter:data1\" content=\"andre leconde\" \/>\n\t<meta name=\"twitter:label2\" content=\"Dur\u00e9e de lecture estim\u00e9e\" \/>\n\t<meta name=\"twitter:data2\" content=\"1 minute\" \/>\n<script type=\"application\/ld+json\" class=\"yoast-schema-graph\">{\"@context\":\"https:\/\/schema.org\",\"@graph\":[{\"@type\":\"WebPage\",\"@id\":\"https:\/\/blogs.thesocialmedia.com\/leblogmoto\/2006\/03\/14\/dark-dog-academ-3\/\",\"url\":\"https:\/\/blogs.thesocialmedia.com\/leblogmoto\/2006\/03\/14\/dark-dog-academ-3\/\",\"name\":\"DARK DOG Academy: La port\u00e9e de stars. - leblogmoto.com\",\"isPartOf\":{\"@id\":\"https:\/\/blogs.thesocialmedia.com\/leblogmoto\/#website\"},\"primaryImageOfPage\":{\"@id\":\"https:\/\/blogs.thesocialmedia.com\/leblogmoto\/2006\/03\/14\/dark-dog-academ-3\/#primaryimage\"},\"image\":{\"@id\":\"https:\/\/blogs.thesocialmedia.com\/leblogmoto\/2006\/03\/14\/dark-dog-academ-3\/#primaryimage\"},\"thumbnailUrl\":\"http:\/\/www.leblogmoto.com\/images\/davidetlucasjpg.jpg\",\"datePublished\":\"2006-03-14T19:51:57+00:00\",\"dateModified\":\"2012-07-11T14:17:26+00:00\",\"author\":{\"@id\":\"https:\/\/blogs.thesocialmedia.com\/leblogmoto\/#\/schema\/person\/1a1dcfc7cec206573105eb4af91155c2\"},\"breadcrumb\":{\"@id\":\"https:\/\/blogs.thesocialmedia.com\/leblogmoto\/2006\/03\/14\/dark-dog-academ-3\/#breadcrumb\"},\"inLanguage\":\"fr-FR\",\"potentialAction\":[{\"@type\":\"ReadAction\",\"target\":[\"https:\/\/blogs.thesocialmedia.com\/leblogmoto\/2006\/03\/14\/dark-dog-academ-3\/\"]}]},{\"@type\":\"ImageObject\",\"inLanguage\":\"fr-FR\",\"@id\":\"https:\/\/blogs.thesocialmedia.com\/leblogmoto\/2006\/03\/14\/dark-dog-academ-3\/#primaryimage\",\"url\":\"http:\/\/www.leblogmoto.com\/images\/davidetlucasjpg.jpg\",\"contentUrl\":\"http:\/\/www.leblogmoto.com\/images\/davidetlucasjpg.jpg\"},{\"@type\":\"BreadcrumbList\",\"@id\":\"https:\/\/blogs.thesocialmedia.com\/leblogmoto\/2006\/03\/14\/dark-dog-academ-3\/#breadcrumb\",\"itemListElement\":[{\"@type\":\"ListItem\",\"position\":1,\"name\":\"Accueil\",\"item\":\"https:\/\/blogs.thesocialmedia.com\/leblogmoto\/\"},{\"@type\":\"ListItem\",\"position\":2,\"name\":\"DARK DOG Academy: La port\u00e9e de stars.\"}]},{\"@type\":\"WebSite\",\"@id\":\"https:\/\/blogs.thesocialmedia.com\/leblogmoto\/#website\",\"url\":\"https:\/\/blogs.thesocialmedia.com\/leblogmoto\/\",\"name\":\"leblogmoto\",\"description\":\"Toute l&#039;actualit\u00e9 des 2 roues\",\"potentialAction\":[{\"@type\":\"SearchAction\",\"target\":{\"@type\":\"EntryPoint\",\"urlTemplate\":\"https:\/\/blogs.thesocialmedia.com\/leblogmoto\/?s={search_term_string}\"},\"query-input\":{\"@type\":\"PropertyValueSpecification\",\"valueRequired\":true,\"valueName\":\"search_term_string\"}}],\"inLanguage\":\"fr-FR\"},{\"@type\":\"Person\",\"@id\":\"https:\/\/blogs.thesocialmedia.com\/leblogmoto\/#\/schema\/person\/1a1dcfc7cec206573105eb4af91155c2\",\"name\":\"andre leconde\",\"image\":{\"@type\":\"ImageObject\",\"inLanguage\":\"fr-FR\",\"@id\":\"https:\/\/blogs.thesocialmedia.com\/leblogmoto\/#\/schema\/person\/image\/\",\"url\":\"https:\/\/secure.gravatar.com\/avatar\/?s=96&d=mm&r=g\",\"contentUrl\":\"https:\/\/secure.gravatar.com\/avatar\/?s=96&d=mm&r=g\",\"caption\":\"andre leconde\"},\"url\":\"https:\/\/blogs.thesocialmedia.com\/leblogmoto\/author\/andre-leconde\/\"}]}<\/script>\n<!-- \/ Yoast SEO plugin. -->","yoast_head_json":{"title":"DARK DOG Academy: La port\u00e9e de stars. - leblogmoto.com","robots":{"index":"index","follow":"follow","max-snippet":"max-snippet:-1","max-image-preview":"max-image-preview:large","max-video-preview":"max-video-preview:-1"},"canonical":"https:\/\/blogs.thesocialmedia.com\/leblogmoto\/2006\/03\/14\/dark-dog-academ-3\/","twitter_card":"summary_large_image","twitter_title":"DARK DOG Academy: La port\u00e9e de stars. - leblogmoto.com","twitter_description":"La vitesse-moto fran\u00e7aise a de la chance. En plus d&rsquo;une approche FFM toute tendue vers l&rsquo;univers des Grand-Prix, au travers d&rsquo;un parcours initiatique se conjuguant en deux temps, il existe aussi une seconde voie, reposant sur une initiative priv\u00e9e financ\u00e9e par un annonceur majeur et pr\u00e9f\u00e9rant la fili\u00e8re quatre temps. Une chance r\u00e9elle puisque voil\u00e0 [&hellip;]","twitter_image":"http:\/\/www.leblogmoto.com\/images\/davidetlucasjpg.jpg","twitter_misc":{"\u00c9crit par":"andre leconde","Dur\u00e9e de lecture estim\u00e9e":"1 minute"},"schema":{"@context":"https:\/\/schema.org","@graph":[{"@type":"WebPage","@id":"https:\/\/blogs.thesocialmedia.com\/leblogmoto\/2006\/03\/14\/dark-dog-academ-3\/","url":"https:\/\/blogs.thesocialmedia.com\/leblogmoto\/2006\/03\/14\/dark-dog-academ-3\/","name":"DARK DOG Academy: La port\u00e9e de stars. - leblogmoto.com","isPartOf":{"@id":"https:\/\/blogs.thesocialmedia.com\/leblogmoto\/#website"},"primaryImageOfPage":{"@id":"https:\/\/blogs.thesocialmedia.com\/leblogmoto\/2006\/03\/14\/dark-dog-academ-3\/#primaryimage"},"image":{"@id":"https:\/\/blogs.thesocialmedia.com\/leblogmoto\/2006\/03\/14\/dark-dog-academ-3\/#primaryimage"},"thumbnailUrl":"http:\/\/www.leblogmoto.com\/images\/davidetlucasjpg.jpg","datePublished":"2006-03-14T19:51:57+00:00","dateModified":"2012-07-11T14:17:26+00:00","author":{"@id":"https:\/\/blogs.thesocialmedia.com\/leblogmoto\/#\/schema\/person\/1a1dcfc7cec206573105eb4af91155c2"},"breadcrumb":{"@id":"https:\/\/blogs.thesocialmedia.com\/leblogmoto\/2006\/03\/14\/dark-dog-academ-3\/#breadcrumb"},"inLanguage":"fr-FR","potentialAction":[{"@type":"ReadAction","target":["https:\/\/blogs.thesocialmedia.com\/leblogmoto\/2006\/03\/14\/dark-dog-academ-3\/"]}]},{"@type":"ImageObject","inLanguage":"fr-FR","@id":"https:\/\/blogs.thesocialmedia.com\/leblogmoto\/2006\/03\/14\/dark-dog-academ-3\/#primaryimage","url":"http:\/\/www.leblogmoto.com\/images\/davidetlucasjpg.jpg","contentUrl":"http:\/\/www.leblogmoto.com\/images\/davidetlucasjpg.jpg"},{"@type":"BreadcrumbList","@id":"https:\/\/blogs.thesocialmedia.com\/leblogmoto\/2006\/03\/14\/dark-dog-academ-3\/#breadcrumb","itemListElement":[{"@type":"ListItem","position":1,"name":"Accueil","item":"https:\/\/blogs.thesocialmedia.com\/leblogmoto\/"},{"@type":"ListItem","position":2,"name":"DARK DOG Academy: La port\u00e9e de stars."}]},{"@type":"WebSite","@id":"https:\/\/blogs.thesocialmedia.com\/leblogmoto\/#website","url":"https:\/\/blogs.thesocialmedia.com\/leblogmoto\/","name":"leblogmoto","description":"Toute l&#039;actualit\u00e9 des 2 roues","potentialAction":[{"@type":"SearchAction","target":{"@type":"EntryPoint","urlTemplate":"https:\/\/blogs.thesocialmedia.com\/leblogmoto\/?s={search_term_string}"},"query-input":{"@type":"PropertyValueSpecification","valueRequired":true,"valueName":"search_term_string"}}],"inLanguage":"fr-FR"},{"@type":"Person","@id":"https:\/\/blogs.thesocialmedia.com\/leblogmoto\/#\/schema\/person\/1a1dcfc7cec206573105eb4af91155c2","name":"andre leconde","image":{"@type":"ImageObject","inLanguage":"fr-FR","@id":"https:\/\/blogs.thesocialmedia.com\/leblogmoto\/#\/schema\/person\/image\/","url":"https:\/\/secure.gravatar.com\/avatar\/?s=96&d=mm&r=g","contentUrl":"https:\/\/secure.gravatar.com\/avatar\/?s=96&d=mm&r=g","caption":"andre leconde"},"url":"https:\/\/blogs.thesocialmedia.com\/leblogmoto\/author\/andre-leconde\/"}]}},"_links":{"self":[{"href":"https:\/\/blogs.thesocialmedia.com\/leblogmoto\/wp-json\/wp\/v2\/posts\/2001","targetHints":{"allow":["GET"]}}],"collection":[{"href":"https:\/\/blogs.thesocialmedia.com\/leblogmoto\/wp-json\/wp\/v2\/posts"}],"about":[{"href":"https:\/\/blogs.thesocialmedia.com\/leblogmoto\/wp-json\/wp\/v2\/types\/post"}],"author":[{"embeddable":true,"href":"https:\/\/blogs.thesocialmedia.com\/leblogmoto\/wp-json\/wp\/v2\/users\/336"}],"replies":[{"embeddable":true,"href":"https:\/\/blogs.thesocialmedia.com\/leblogmoto\/wp-json\/wp\/v2\/comments?post=2001"}],"version-history":[{"count":2,"href":"https:\/\/blogs.thesocialmedia.com\/leblogmoto\/wp-json\/wp\/v2\/posts\/2001\/revisions"}],"predecessor-version":[{"id":7148,"href":"https:\/\/blogs.thesocialmedia.com\/leblogmoto\/wp-json\/wp\/v2\/posts\/2001\/revisions\/7148"}],"wp:attachment":[{"href":"https:\/\/blogs.thesocialmedia.com\/leblogmoto\/wp-json\/wp\/v2\/media?parent=2001"}],"wp:term":[{"taxonomy":"category","embeddable":true,"href":"https:\/\/blogs.thesocialmedia.com\/leblogmoto\/wp-json\/wp\/v2\/categories?post=2001"},{"taxonomy":"post_tag","embeddable":true,"href":"https:\/\/blogs.thesocialmedia.com\/leblogmoto\/wp-json\/wp\/v2\/tags?post=2001"}],"curies":[{"name":"wp","href":"https:\/\/api.w.org\/{rel}","templated":true}]}}