{"id":2002,"date":"2006-03-14T13:23:26","date_gmt":"2006-03-14T13:23:26","guid":{"rendered":"http:\/\/blogs.thesocialmedia.com\/leblogmoto\/2006\/03\/14\/codever-le-mouv\/"},"modified":"2012-07-11T14:17:24","modified_gmt":"2012-07-11T14:17:24","slug":"codever-le-mouv","status":"publish","type":"post","link":"https:\/\/blogs.thesocialmedia.com\/leblogmoto\/2006\/03\/14\/codever-le-mouv\/","title":{"rendered":"CODEVER: Le mouvement prend racine."},"content":{"rendered":"<p><a href=\"http:\/\/blogs.thesocialmedia.com\/leblogmoto\/files\/2012\/07\/codeverlogo.jpg\"><img loading=\"lazy\" decoding=\"async\" height=\"128\" alt=\"Codeverlogo\" src=\"http:\/\/www.leblogmoto.com\/images\/codeverlogo.jpg\" width=\"250\"  \/><\/a>Le 6 septembre 2005, une circulaire gouvernementale, dite <strong>circulaire OLIN<\/strong>, soit le nom de la responsable minist\u00e9rielle de la mesure, mettait le doigt entre l&rsquo;arbre et l&rsquo;\u00e9corce \u00e0 propos d&rsquo;un domaine \u00e9pineux, celui du loisir dit &quot;vert&quot;.<\/p>\n<p>En substance, la <strong>loi LALONDE<\/strong>, pourtant \u00e9cologiste convaincu en son temps, se trouve, par ces nouvelles dispositions, contredite dans son autorisation donn\u00e9e aux v\u00e9hicules \u00e0 moteur d&rsquo;\u00e9voluer sur toutes les voies priv\u00e9es ouvertes \u00e0 la circulation publique ainsi que les chemins ruraux.<\/p>\n<p>Inacceptable pour nombre d&rsquo;amoureux des loisirs dits verts qui se sont constitu\u00e9s en collectif. Un collectif qui, le <strong>18 mars<\/strong>, compte bien, au niveau national, faire entendre sa voix&#8230;&nbsp; &nbsp;&nbsp; &nbsp; <\/p>\n<p><a href=\"http:\/\/blogs.thesocialmedia.com\/leblogmoto\/files\/2012\/07\/petition_affiche20iso.jpg\"><img loading=\"lazy\" decoding=\"async\" height=\"373\" alt=\"Petition_affiche20iso\" src=\"http:\/\/www.leblogmoto.com\/images\/petition_affiche20iso.jpg\" width=\"250\"  \/><\/a>Cette derni\u00e8re circulaire bannit pour le compte la pratique de tout sport m\u00e9canique tel que moto, <a href=\"http:\/\/www.leblogmoto.com\/2005\/11\/suzuki_ltz_400_.html\">quad<\/a> ou 4X4. Quant aux &quot;loisirs&quot;-verts&quot;, ils vivraient leurs derniers instants. <\/p>\n<p>De fait, l&rsquo;ensemble des genres concern\u00e9s va entreprendre des op\u00e9rations escargot dans diff\u00e9rentes villes, en direction des Pr\u00e9fectures.<\/p>\n<p>PERIGUEUX, AGEN, CLERMONT-FERRAND, LE PUY, DIJON, ORLEANS, REIMS, LA ROCHELLE, MONTBELLIARD, LIMOGES, PAU, MONTAUBAN, TOULOUSE, COMPIEGNE, RODEZ, LE MANS, AIX, NICE, NANCY, NANTES, LYON, seront les villes touch\u00e9es. Pas moins !<\/p>\n<p>Par ailleurs, le mouvement a re\u00e7u le soutien officiel de la marque <a href=\"http:\/\/www.leblogmoto.com\/2005\/08\/ktm_950_supermo.html\">KTM<\/a>, de l&rsquo;importateur fran\u00e7ais <a href=\"http:\/\/www.leblogmoto.com\/2006\/02\/des_soldes_fair.html\">SIMA<\/a> ainsi que de <strong>Luc ALPHAND<\/strong> ou encore <a href=\"http:\/\/www.leblogmoto.com\/2006\/03\/lgende_des_hros.html\">Hubert AURIOL<\/a>. <\/p>\n<p>L&rsquo;affluence et l&rsquo;impact qui d\u00e9couleront de ces manifestations seront cruciaux pour la suite du mouvement. C&rsquo;est en effet au fruit qu&rsquo;on conna\u00eet l&rsquo;arbre.&nbsp; &nbsp;&nbsp; <\/p>\n","protected":false},"excerpt":{"rendered":"<p>Le 6 septembre 2005, une circulaire gouvernementale, dite circulaire OLIN, soit le nom de la responsable minist\u00e9rielle de la mesure, mettait le doigt entre l&rsquo;arbre et l&rsquo;\u00e9corce \u00e0 propos d&rsquo;un domaine \u00e9pineux, celui du loisir dit &quot;vert&quot;. En substance, la loi LALONDE, pourtant \u00e9cologiste convaincu en son temps, se trouve, par ces nouvelles dispositions, contredite [&hellip;]<\/p>\n","protected":false},"author":336,"featured_media":0,"comment_status":"open","ping_status":"open","sticky":false,"template":"","format":"standard","meta":{"footnotes":""},"categories":[3,39,70,32],"tags":[],"class_list":["post-2002","post","type-post","status-publish","format-standard","hentry","category-actualite","category-ktm","category-quad","category-sport-moto"],"yoast_head":"<!-- This site is optimized with the Yoast SEO plugin v26.0 - https:\/\/yoast.com\/wordpress\/plugins\/seo\/ -->\n<title>CODEVER: Le mouvement prend racine. - leblogmoto.com<\/title>\n<meta name=\"robots\" content=\"index, follow, max-snippet:-1, max-image-preview:large, max-video-preview:-1\" \/>\n<link rel=\"canonical\" href=\"https:\/\/blogs.thesocialmedia.com\/leblogmoto\/2006\/03\/14\/codever-le-mouv\/\" \/>\n<meta name=\"twitter:card\" content=\"summary_large_image\" \/>\n<meta name=\"twitter:title\" content=\"CODEVER: Le mouvement prend racine. - leblogmoto.com\" \/>\n<meta name=\"twitter:description\" content=\"Le 6 septembre 2005, une circulaire gouvernementale, dite circulaire OLIN, soit le nom de la responsable minist\u00e9rielle de la mesure, mettait le doigt entre l&rsquo;arbre et l&rsquo;\u00e9corce \u00e0 propos d&rsquo;un domaine \u00e9pineux, celui du loisir dit &quot;vert&quot;. En substance, la loi LALONDE, pourtant \u00e9cologiste convaincu en son temps, se trouve, par ces nouvelles dispositions, contredite [&hellip;]\" \/>\n<meta name=\"twitter:image\" content=\"http:\/\/www.leblogmoto.com\/images\/codeverlogo.jpg\" \/>\n<meta name=\"twitter:label1\" content=\"\u00c9crit par\" \/>\n\t<meta name=\"twitter:data1\" content=\"andre leconde\" \/>\n\t<meta name=\"twitter:label2\" content=\"Dur\u00e9e de lecture estim\u00e9e\" \/>\n\t<meta name=\"twitter:data2\" content=\"1 minute\" \/>\n<script type=\"application\/ld+json\" class=\"yoast-schema-graph\">{\"@context\":\"https:\/\/schema.org\",\"@graph\":[{\"@type\":\"WebPage\",\"@id\":\"https:\/\/blogs.thesocialmedia.com\/leblogmoto\/2006\/03\/14\/codever-le-mouv\/\",\"url\":\"https:\/\/blogs.thesocialmedia.com\/leblogmoto\/2006\/03\/14\/codever-le-mouv\/\",\"name\":\"CODEVER: Le mouvement prend racine. - leblogmoto.com\",\"isPartOf\":{\"@id\":\"https:\/\/blogs.thesocialmedia.com\/leblogmoto\/#website\"},\"primaryImageOfPage\":{\"@id\":\"https:\/\/blogs.thesocialmedia.com\/leblogmoto\/2006\/03\/14\/codever-le-mouv\/#primaryimage\"},\"image\":{\"@id\":\"https:\/\/blogs.thesocialmedia.com\/leblogmoto\/2006\/03\/14\/codever-le-mouv\/#primaryimage\"},\"thumbnailUrl\":\"http:\/\/www.leblogmoto.com\/images\/codeverlogo.jpg\",\"datePublished\":\"2006-03-14T13:23:26+00:00\",\"dateModified\":\"2012-07-11T14:17:24+00:00\",\"author\":{\"@id\":\"https:\/\/blogs.thesocialmedia.com\/leblogmoto\/#\/schema\/person\/1a1dcfc7cec206573105eb4af91155c2\"},\"breadcrumb\":{\"@id\":\"https:\/\/blogs.thesocialmedia.com\/leblogmoto\/2006\/03\/14\/codever-le-mouv\/#breadcrumb\"},\"inLanguage\":\"fr-FR\",\"potentialAction\":[{\"@type\":\"ReadAction\",\"target\":[\"https:\/\/blogs.thesocialmedia.com\/leblogmoto\/2006\/03\/14\/codever-le-mouv\/\"]}]},{\"@type\":\"ImageObject\",\"inLanguage\":\"fr-FR\",\"@id\":\"https:\/\/blogs.thesocialmedia.com\/leblogmoto\/2006\/03\/14\/codever-le-mouv\/#primaryimage\",\"url\":\"http:\/\/www.leblogmoto.com\/images\/codeverlogo.jpg\",\"contentUrl\":\"http:\/\/www.leblogmoto.com\/images\/codeverlogo.jpg\"},{\"@type\":\"BreadcrumbList\",\"@id\":\"https:\/\/blogs.thesocialmedia.com\/leblogmoto\/2006\/03\/14\/codever-le-mouv\/#breadcrumb\",\"itemListElement\":[{\"@type\":\"ListItem\",\"position\":1,\"name\":\"Accueil\",\"item\":\"https:\/\/blogs.thesocialmedia.com\/leblogmoto\/\"},{\"@type\":\"ListItem\",\"position\":2,\"name\":\"CODEVER: Le mouvement prend racine.\"}]},{\"@type\":\"WebSite\",\"@id\":\"https:\/\/blogs.thesocialmedia.com\/leblogmoto\/#website\",\"url\":\"https:\/\/blogs.thesocialmedia.com\/leblogmoto\/\",\"name\":\"leblogmoto\",\"description\":\"Toute l&#039;actualit\u00e9 des 2 roues\",\"potentialAction\":[{\"@type\":\"SearchAction\",\"target\":{\"@type\":\"EntryPoint\",\"urlTemplate\":\"https:\/\/blogs.thesocialmedia.com\/leblogmoto\/?s={search_term_string}\"},\"query-input\":{\"@type\":\"PropertyValueSpecification\",\"valueRequired\":true,\"valueName\":\"search_term_string\"}}],\"inLanguage\":\"fr-FR\"},{\"@type\":\"Person\",\"@id\":\"https:\/\/blogs.thesocialmedia.com\/leblogmoto\/#\/schema\/person\/1a1dcfc7cec206573105eb4af91155c2\",\"name\":\"andre leconde\",\"image\":{\"@type\":\"ImageObject\",\"inLanguage\":\"fr-FR\",\"@id\":\"https:\/\/blogs.thesocialmedia.com\/leblogmoto\/#\/schema\/person\/image\/\",\"url\":\"https:\/\/secure.gravatar.com\/avatar\/?s=96&d=mm&r=g\",\"contentUrl\":\"https:\/\/secure.gravatar.com\/avatar\/?s=96&d=mm&r=g\",\"caption\":\"andre leconde\"},\"url\":\"https:\/\/blogs.thesocialmedia.com\/leblogmoto\/author\/andre-leconde\/\"}]}<\/script>\n<!-- \/ Yoast SEO plugin. -->","yoast_head_json":{"title":"CODEVER: Le mouvement prend racine. - leblogmoto.com","robots":{"index":"index","follow":"follow","max-snippet":"max-snippet:-1","max-image-preview":"max-image-preview:large","max-video-preview":"max-video-preview:-1"},"canonical":"https:\/\/blogs.thesocialmedia.com\/leblogmoto\/2006\/03\/14\/codever-le-mouv\/","twitter_card":"summary_large_image","twitter_title":"CODEVER: Le mouvement prend racine. - leblogmoto.com","twitter_description":"Le 6 septembre 2005, une circulaire gouvernementale, dite circulaire OLIN, soit le nom de la responsable minist\u00e9rielle de la mesure, mettait le doigt entre l&rsquo;arbre et l&rsquo;\u00e9corce \u00e0 propos d&rsquo;un domaine \u00e9pineux, celui du loisir dit &quot;vert&quot;. En substance, la loi LALONDE, pourtant \u00e9cologiste convaincu en son temps, se trouve, par ces nouvelles dispositions, contredite [&hellip;]","twitter_image":"http:\/\/www.leblogmoto.com\/images\/codeverlogo.jpg","twitter_misc":{"\u00c9crit par":"andre leconde","Dur\u00e9e de lecture estim\u00e9e":"1 minute"},"schema":{"@context":"https:\/\/schema.org","@graph":[{"@type":"WebPage","@id":"https:\/\/blogs.thesocialmedia.com\/leblogmoto\/2006\/03\/14\/codever-le-mouv\/","url":"https:\/\/blogs.thesocialmedia.com\/leblogmoto\/2006\/03\/14\/codever-le-mouv\/","name":"CODEVER: Le mouvement prend racine. - leblogmoto.com","isPartOf":{"@id":"https:\/\/blogs.thesocialmedia.com\/leblogmoto\/#website"},"primaryImageOfPage":{"@id":"https:\/\/blogs.thesocialmedia.com\/leblogmoto\/2006\/03\/14\/codever-le-mouv\/#primaryimage"},"image":{"@id":"https:\/\/blogs.thesocialmedia.com\/leblogmoto\/2006\/03\/14\/codever-le-mouv\/#primaryimage"},"thumbnailUrl":"http:\/\/www.leblogmoto.com\/images\/codeverlogo.jpg","datePublished":"2006-03-14T13:23:26+00:00","dateModified":"2012-07-11T14:17:24+00:00","author":{"@id":"https:\/\/blogs.thesocialmedia.com\/leblogmoto\/#\/schema\/person\/1a1dcfc7cec206573105eb4af91155c2"},"breadcrumb":{"@id":"https:\/\/blogs.thesocialmedia.com\/leblogmoto\/2006\/03\/14\/codever-le-mouv\/#breadcrumb"},"inLanguage":"fr-FR","potentialAction":[{"@type":"ReadAction","target":["https:\/\/blogs.thesocialmedia.com\/leblogmoto\/2006\/03\/14\/codever-le-mouv\/"]}]},{"@type":"ImageObject","inLanguage":"fr-FR","@id":"https:\/\/blogs.thesocialmedia.com\/leblogmoto\/2006\/03\/14\/codever-le-mouv\/#primaryimage","url":"http:\/\/www.leblogmoto.com\/images\/codeverlogo.jpg","contentUrl":"http:\/\/www.leblogmoto.com\/images\/codeverlogo.jpg"},{"@type":"BreadcrumbList","@id":"https:\/\/blogs.thesocialmedia.com\/leblogmoto\/2006\/03\/14\/codever-le-mouv\/#breadcrumb","itemListElement":[{"@type":"ListItem","position":1,"name":"Accueil","item":"https:\/\/blogs.thesocialmedia.com\/leblogmoto\/"},{"@type":"ListItem","position":2,"name":"CODEVER: Le mouvement prend racine."}]},{"@type":"WebSite","@id":"https:\/\/blogs.thesocialmedia.com\/leblogmoto\/#website","url":"https:\/\/blogs.thesocialmedia.com\/leblogmoto\/","name":"leblogmoto","description":"Toute l&#039;actualit\u00e9 des 2 roues","potentialAction":[{"@type":"SearchAction","target":{"@type":"EntryPoint","urlTemplate":"https:\/\/blogs.thesocialmedia.com\/leblogmoto\/?s={search_term_string}"},"query-input":{"@type":"PropertyValueSpecification","valueRequired":true,"valueName":"search_term_string"}}],"inLanguage":"fr-FR"},{"@type":"Person","@id":"https:\/\/blogs.thesocialmedia.com\/leblogmoto\/#\/schema\/person\/1a1dcfc7cec206573105eb4af91155c2","name":"andre leconde","image":{"@type":"ImageObject","inLanguage":"fr-FR","@id":"https:\/\/blogs.thesocialmedia.com\/leblogmoto\/#\/schema\/person\/image\/","url":"https:\/\/secure.gravatar.com\/avatar\/?s=96&d=mm&r=g","contentUrl":"https:\/\/secure.gravatar.com\/avatar\/?s=96&d=mm&r=g","caption":"andre leconde"},"url":"https:\/\/blogs.thesocialmedia.com\/leblogmoto\/author\/andre-leconde\/"}]}},"_links":{"self":[{"href":"https:\/\/blogs.thesocialmedia.com\/leblogmoto\/wp-json\/wp\/v2\/posts\/2002","targetHints":{"allow":["GET"]}}],"collection":[{"href":"https:\/\/blogs.thesocialmedia.com\/leblogmoto\/wp-json\/wp\/v2\/posts"}],"about":[{"href":"https:\/\/blogs.thesocialmedia.com\/leblogmoto\/wp-json\/wp\/v2\/types\/post"}],"author":[{"embeddable":true,"href":"https:\/\/blogs.thesocialmedia.com\/leblogmoto\/wp-json\/wp\/v2\/users\/336"}],"replies":[{"embeddable":true,"href":"https:\/\/blogs.thesocialmedia.com\/leblogmoto\/wp-json\/wp\/v2\/comments?post=2002"}],"version-history":[{"count":2,"href":"https:\/\/blogs.thesocialmedia.com\/leblogmoto\/wp-json\/wp\/v2\/posts\/2002\/revisions"}],"predecessor-version":[{"id":7146,"href":"https:\/\/blogs.thesocialmedia.com\/leblogmoto\/wp-json\/wp\/v2\/posts\/2002\/revisions\/7146"}],"wp:attachment":[{"href":"https:\/\/blogs.thesocialmedia.com\/leblogmoto\/wp-json\/wp\/v2\/media?parent=2002"}],"wp:term":[{"taxonomy":"category","embeddable":true,"href":"https:\/\/blogs.thesocialmedia.com\/leblogmoto\/wp-json\/wp\/v2\/categories?post=2002"},{"taxonomy":"post_tag","embeddable":true,"href":"https:\/\/blogs.thesocialmedia.com\/leblogmoto\/wp-json\/wp\/v2\/tags?post=2002"}],"curies":[{"name":"wp","href":"https:\/\/api.w.org\/{rel}","templated":true}]}}