{"id":2003,"date":"2006-03-13T19:22:42","date_gmt":"2006-03-13T19:22:42","guid":{"rendered":"http:\/\/blogs.thesocialmedia.com\/leblogmoto\/2006\/03\/13\/les-4-jours-yam\/"},"modified":"2012-07-11T14:17:19","modified_gmt":"2012-07-11T14:17:19","slug":"les-4-jours-yam","status":"publish","type":"post","link":"https:\/\/blogs.thesocialmedia.com\/leblogmoto\/2006\/03\/13\/les-4-jours-yam\/","title":{"rendered":"Les 4 jours YAMAHA: les concess au diapason."},"content":{"rendered":"<p><a href=\"http:\/\/blogs.thesocialmedia.com\/leblogmoto\/files\/2012\/07\/yamaha_0237_600.jpg\"><img loading=\"lazy\" decoding=\"async\" height=\"185\" alt=\"Yamaha_0237_600\" src=\"http:\/\/www.leblogmoto.com\/images\/yamaha_0237_600.jpg\" width=\"250\"  \/><\/a>Si certains vous ont d\u00e9j\u00e0 offert <a href=\"http:\/\/www.leblogmoto.com\/2006\/03\/honda_days_mett.html\">deux jours<\/a> et si d&rsquo;autres se pr\u00e9parent \u00e0 vous recevoir pour <a href=\"http:\/\/www.leblogmoto.com\/2006\/03\/triple_days_tri.html\">trois<\/a>, sachez que chez <strong>YAMAHA<\/strong> on fait mieux: <strong>quatre<\/strong> jours d&rsquo;invitation.<\/p>\n<p>Le printemps arrive, l&rsquo;hiver en est \u00e0 ses derniers assauts d\u00e9sesp\u00e8r\u00e9s, et, bient\u00f4t, les br\u00eales vont r\u00e9appara\u00eetre de mani\u00e8re plus fr\u00e9quente. Le retour des temparatures cl\u00e9mentes peut aussi inciter \u00e0 franchir le pas ou \u00e0 changer sa monture. <a href=\"http:\/\/www.leblogmoto.com\/2005\/09\/yamaha_mt01_rac.html\">YAMAHA<\/a> va se charger de vous faire savoir que sa gamme est toute pr\u00eate \u00e0 vous satisfaire&#8230; <\/p>\n<\/p>\n<p><a href=\"http:\/\/clabedan.typepad.com\/.shared\/image.html?\/photos\/uncategorized\/fz1_1.jpg\"><img loading=\"lazy\" decoding=\"async\" height=\"165\" alt=\"Fz1_1\" src=\"http:\/\/www.leblogmoto.com\/images\/fz1_1.jpg\" width=\"250\"  \/><\/a>En vedette, les nouvelles <strong>FAZER 1000<\/strong> et <a href=\"http:\/\/www.leblogmoto.com\/2005\/10\/mondial_2005_ya_2.html\">FZ1<\/a> qu&rsquo;il vous sera possible d&rsquo;essayer. Mais le <a href=\"http:\/\/www.leblogmoto.com\/2005\/09\/yamaha_500_tmax.html\">T Max<\/a> Black Max et la <a href=\"http:\/\/www.leblogmoto.com\/2005\/09\/yamaha_mt03.html\">MT-03<\/a> seront aussi de la partie, comme le reste de la fourn\u00e9e 2006.<\/p>\n<p>Bien s\u00fbr, <strong>financement<\/strong> \u00e0 vous faire chavirer et autres opportunit\u00e9s commerciales, comme une assurance offerte pendant <strong>deux mois<\/strong>, viendront agr\u00e9menter la f\u00eate, sans oublier les in\u00e9vitables accessoires et les incontournables <a href=\"http:\/\/www.leblogmoto.com\/2006\/03\/afficher_ses_co.html\">fripes<\/a> estampill\u00e9es du blason. Une sensibilisation \u00e0 l&rsquo;ABS sera aussi distill\u00e9e.<\/p>\n<p>Un tirage au sort avec une<a href=\"http:\/\/www.leblogmoto.com\/2006\/03\/march_le_baromt.html\"> FZ6 <\/a>en premier lot constituera le point d&rsquo;orgue de ces quatre jours. Du <strong>15<\/strong> <strong>au 18 mars 2006<\/strong>, YAMAHA vous fera les yeux de Chim\u00e8ne.&nbsp;  <\/p>\n","protected":false},"excerpt":{"rendered":"<p>Si certains vous ont d\u00e9j\u00e0 offert deux jours et si d&rsquo;autres se pr\u00e9parent \u00e0 vous recevoir pour trois, sachez que chez YAMAHA on fait mieux: quatre jours d&rsquo;invitation. Le printemps arrive, l&rsquo;hiver en est \u00e0 ses derniers assauts d\u00e9sesp\u00e8r\u00e9s, et, bient\u00f4t, les br\u00eales vont r\u00e9appara\u00eetre de mani\u00e8re plus fr\u00e9quente. Le retour des temparatures cl\u00e9mentes peut [&hellip;]<\/p>\n","protected":false},"author":336,"featured_media":0,"comment_status":"open","ping_status":"open","sticky":false,"template":"","format":"standard","meta":{"footnotes":""},"categories":[3,44],"tags":[],"class_list":["post-2003","post","type-post","status-publish","format-standard","hentry","category-actualite","category-yamaha"],"yoast_head":"<!-- This site is optimized with the Yoast SEO plugin v26.0 - https:\/\/yoast.com\/wordpress\/plugins\/seo\/ -->\n<title>Les 4 jours YAMAHA: les concess au diapason. - leblogmoto.com<\/title>\n<meta name=\"robots\" content=\"index, follow, max-snippet:-1, max-image-preview:large, max-video-preview:-1\" \/>\n<link rel=\"canonical\" href=\"https:\/\/blogs.thesocialmedia.com\/leblogmoto\/2006\/03\/13\/les-4-jours-yam\/\" \/>\n<meta name=\"twitter:card\" content=\"summary_large_image\" \/>\n<meta name=\"twitter:title\" content=\"Les 4 jours YAMAHA: les concess au diapason. - leblogmoto.com\" \/>\n<meta name=\"twitter:description\" content=\"Si certains vous ont d\u00e9j\u00e0 offert deux jours et si d&rsquo;autres se pr\u00e9parent \u00e0 vous recevoir pour trois, sachez que chez YAMAHA on fait mieux: quatre jours d&rsquo;invitation. Le printemps arrive, l&rsquo;hiver en est \u00e0 ses derniers assauts d\u00e9sesp\u00e8r\u00e9s, et, bient\u00f4t, les br\u00eales vont r\u00e9appara\u00eetre de mani\u00e8re plus fr\u00e9quente. Le retour des temparatures cl\u00e9mentes peut [&hellip;]\" \/>\n<meta name=\"twitter:image\" content=\"http:\/\/www.leblogmoto.com\/images\/yamaha_0237_600.jpg\" \/>\n<meta name=\"twitter:label1\" content=\"\u00c9crit par\" \/>\n\t<meta name=\"twitter:data1\" content=\"andre leconde\" \/>\n\t<meta name=\"twitter:label2\" content=\"Dur\u00e9e de lecture estim\u00e9e\" \/>\n\t<meta name=\"twitter:data2\" content=\"1 minute\" \/>\n<script type=\"application\/ld+json\" class=\"yoast-schema-graph\">{\"@context\":\"https:\/\/schema.org\",\"@graph\":[{\"@type\":\"WebPage\",\"@id\":\"https:\/\/blogs.thesocialmedia.com\/leblogmoto\/2006\/03\/13\/les-4-jours-yam\/\",\"url\":\"https:\/\/blogs.thesocialmedia.com\/leblogmoto\/2006\/03\/13\/les-4-jours-yam\/\",\"name\":\"Les 4 jours YAMAHA: les concess au diapason. - leblogmoto.com\",\"isPartOf\":{\"@id\":\"https:\/\/blogs.thesocialmedia.com\/leblogmoto\/#website\"},\"primaryImageOfPage\":{\"@id\":\"https:\/\/blogs.thesocialmedia.com\/leblogmoto\/2006\/03\/13\/les-4-jours-yam\/#primaryimage\"},\"image\":{\"@id\":\"https:\/\/blogs.thesocialmedia.com\/leblogmoto\/2006\/03\/13\/les-4-jours-yam\/#primaryimage\"},\"thumbnailUrl\":\"http:\/\/www.leblogmoto.com\/images\/yamaha_0237_600.jpg\",\"datePublished\":\"2006-03-13T19:22:42+00:00\",\"dateModified\":\"2012-07-11T14:17:19+00:00\",\"author\":{\"@id\":\"https:\/\/blogs.thesocialmedia.com\/leblogmoto\/#\/schema\/person\/1a1dcfc7cec206573105eb4af91155c2\"},\"breadcrumb\":{\"@id\":\"https:\/\/blogs.thesocialmedia.com\/leblogmoto\/2006\/03\/13\/les-4-jours-yam\/#breadcrumb\"},\"inLanguage\":\"fr-FR\",\"potentialAction\":[{\"@type\":\"ReadAction\",\"target\":[\"https:\/\/blogs.thesocialmedia.com\/leblogmoto\/2006\/03\/13\/les-4-jours-yam\/\"]}]},{\"@type\":\"ImageObject\",\"inLanguage\":\"fr-FR\",\"@id\":\"https:\/\/blogs.thesocialmedia.com\/leblogmoto\/2006\/03\/13\/les-4-jours-yam\/#primaryimage\",\"url\":\"http:\/\/www.leblogmoto.com\/images\/yamaha_0237_600.jpg\",\"contentUrl\":\"http:\/\/www.leblogmoto.com\/images\/yamaha_0237_600.jpg\"},{\"@type\":\"BreadcrumbList\",\"@id\":\"https:\/\/blogs.thesocialmedia.com\/leblogmoto\/2006\/03\/13\/les-4-jours-yam\/#breadcrumb\",\"itemListElement\":[{\"@type\":\"ListItem\",\"position\":1,\"name\":\"Accueil\",\"item\":\"https:\/\/blogs.thesocialmedia.com\/leblogmoto\/\"},{\"@type\":\"ListItem\",\"position\":2,\"name\":\"Les 4 jours YAMAHA: les concess au diapason.\"}]},{\"@type\":\"WebSite\",\"@id\":\"https:\/\/blogs.thesocialmedia.com\/leblogmoto\/#website\",\"url\":\"https:\/\/blogs.thesocialmedia.com\/leblogmoto\/\",\"name\":\"leblogmoto\",\"description\":\"Toute l&#039;actualit\u00e9 des 2 roues\",\"potentialAction\":[{\"@type\":\"SearchAction\",\"target\":{\"@type\":\"EntryPoint\",\"urlTemplate\":\"https:\/\/blogs.thesocialmedia.com\/leblogmoto\/?s={search_term_string}\"},\"query-input\":{\"@type\":\"PropertyValueSpecification\",\"valueRequired\":true,\"valueName\":\"search_term_string\"}}],\"inLanguage\":\"fr-FR\"},{\"@type\":\"Person\",\"@id\":\"https:\/\/blogs.thesocialmedia.com\/leblogmoto\/#\/schema\/person\/1a1dcfc7cec206573105eb4af91155c2\",\"name\":\"andre leconde\",\"image\":{\"@type\":\"ImageObject\",\"inLanguage\":\"fr-FR\",\"@id\":\"https:\/\/blogs.thesocialmedia.com\/leblogmoto\/#\/schema\/person\/image\/\",\"url\":\"https:\/\/secure.gravatar.com\/avatar\/?s=96&d=mm&r=g\",\"contentUrl\":\"https:\/\/secure.gravatar.com\/avatar\/?s=96&d=mm&r=g\",\"caption\":\"andre leconde\"},\"url\":\"https:\/\/blogs.thesocialmedia.com\/leblogmoto\/author\/andre-leconde\/\"}]}<\/script>\n<!-- \/ Yoast SEO plugin. -->","yoast_head_json":{"title":"Les 4 jours YAMAHA: les concess au diapason. - leblogmoto.com","robots":{"index":"index","follow":"follow","max-snippet":"max-snippet:-1","max-image-preview":"max-image-preview:large","max-video-preview":"max-video-preview:-1"},"canonical":"https:\/\/blogs.thesocialmedia.com\/leblogmoto\/2006\/03\/13\/les-4-jours-yam\/","twitter_card":"summary_large_image","twitter_title":"Les 4 jours YAMAHA: les concess au diapason. - leblogmoto.com","twitter_description":"Si certains vous ont d\u00e9j\u00e0 offert deux jours et si d&rsquo;autres se pr\u00e9parent \u00e0 vous recevoir pour trois, sachez que chez YAMAHA on fait mieux: quatre jours d&rsquo;invitation. Le printemps arrive, l&rsquo;hiver en est \u00e0 ses derniers assauts d\u00e9sesp\u00e8r\u00e9s, et, bient\u00f4t, les br\u00eales vont r\u00e9appara\u00eetre de mani\u00e8re plus fr\u00e9quente. Le retour des temparatures cl\u00e9mentes peut [&hellip;]","twitter_image":"http:\/\/www.leblogmoto.com\/images\/yamaha_0237_600.jpg","twitter_misc":{"\u00c9crit par":"andre leconde","Dur\u00e9e de lecture estim\u00e9e":"1 minute"},"schema":{"@context":"https:\/\/schema.org","@graph":[{"@type":"WebPage","@id":"https:\/\/blogs.thesocialmedia.com\/leblogmoto\/2006\/03\/13\/les-4-jours-yam\/","url":"https:\/\/blogs.thesocialmedia.com\/leblogmoto\/2006\/03\/13\/les-4-jours-yam\/","name":"Les 4 jours YAMAHA: les concess au diapason. - leblogmoto.com","isPartOf":{"@id":"https:\/\/blogs.thesocialmedia.com\/leblogmoto\/#website"},"primaryImageOfPage":{"@id":"https:\/\/blogs.thesocialmedia.com\/leblogmoto\/2006\/03\/13\/les-4-jours-yam\/#primaryimage"},"image":{"@id":"https:\/\/blogs.thesocialmedia.com\/leblogmoto\/2006\/03\/13\/les-4-jours-yam\/#primaryimage"},"thumbnailUrl":"http:\/\/www.leblogmoto.com\/images\/yamaha_0237_600.jpg","datePublished":"2006-03-13T19:22:42+00:00","dateModified":"2012-07-11T14:17:19+00:00","author":{"@id":"https:\/\/blogs.thesocialmedia.com\/leblogmoto\/#\/schema\/person\/1a1dcfc7cec206573105eb4af91155c2"},"breadcrumb":{"@id":"https:\/\/blogs.thesocialmedia.com\/leblogmoto\/2006\/03\/13\/les-4-jours-yam\/#breadcrumb"},"inLanguage":"fr-FR","potentialAction":[{"@type":"ReadAction","target":["https:\/\/blogs.thesocialmedia.com\/leblogmoto\/2006\/03\/13\/les-4-jours-yam\/"]}]},{"@type":"ImageObject","inLanguage":"fr-FR","@id":"https:\/\/blogs.thesocialmedia.com\/leblogmoto\/2006\/03\/13\/les-4-jours-yam\/#primaryimage","url":"http:\/\/www.leblogmoto.com\/images\/yamaha_0237_600.jpg","contentUrl":"http:\/\/www.leblogmoto.com\/images\/yamaha_0237_600.jpg"},{"@type":"BreadcrumbList","@id":"https:\/\/blogs.thesocialmedia.com\/leblogmoto\/2006\/03\/13\/les-4-jours-yam\/#breadcrumb","itemListElement":[{"@type":"ListItem","position":1,"name":"Accueil","item":"https:\/\/blogs.thesocialmedia.com\/leblogmoto\/"},{"@type":"ListItem","position":2,"name":"Les 4 jours YAMAHA: les concess au diapason."}]},{"@type":"WebSite","@id":"https:\/\/blogs.thesocialmedia.com\/leblogmoto\/#website","url":"https:\/\/blogs.thesocialmedia.com\/leblogmoto\/","name":"leblogmoto","description":"Toute l&#039;actualit\u00e9 des 2 roues","potentialAction":[{"@type":"SearchAction","target":{"@type":"EntryPoint","urlTemplate":"https:\/\/blogs.thesocialmedia.com\/leblogmoto\/?s={search_term_string}"},"query-input":{"@type":"PropertyValueSpecification","valueRequired":true,"valueName":"search_term_string"}}],"inLanguage":"fr-FR"},{"@type":"Person","@id":"https:\/\/blogs.thesocialmedia.com\/leblogmoto\/#\/schema\/person\/1a1dcfc7cec206573105eb4af91155c2","name":"andre leconde","image":{"@type":"ImageObject","inLanguage":"fr-FR","@id":"https:\/\/blogs.thesocialmedia.com\/leblogmoto\/#\/schema\/person\/image\/","url":"https:\/\/secure.gravatar.com\/avatar\/?s=96&d=mm&r=g","contentUrl":"https:\/\/secure.gravatar.com\/avatar\/?s=96&d=mm&r=g","caption":"andre leconde"},"url":"https:\/\/blogs.thesocialmedia.com\/leblogmoto\/author\/andre-leconde\/"}]}},"_links":{"self":[{"href":"https:\/\/blogs.thesocialmedia.com\/leblogmoto\/wp-json\/wp\/v2\/posts\/2003","targetHints":{"allow":["GET"]}}],"collection":[{"href":"https:\/\/blogs.thesocialmedia.com\/leblogmoto\/wp-json\/wp\/v2\/posts"}],"about":[{"href":"https:\/\/blogs.thesocialmedia.com\/leblogmoto\/wp-json\/wp\/v2\/types\/post"}],"author":[{"embeddable":true,"href":"https:\/\/blogs.thesocialmedia.com\/leblogmoto\/wp-json\/wp\/v2\/users\/336"}],"replies":[{"embeddable":true,"href":"https:\/\/blogs.thesocialmedia.com\/leblogmoto\/wp-json\/wp\/v2\/comments?post=2003"}],"version-history":[{"count":2,"href":"https:\/\/blogs.thesocialmedia.com\/leblogmoto\/wp-json\/wp\/v2\/posts\/2003\/revisions"}],"predecessor-version":[{"id":7143,"href":"https:\/\/blogs.thesocialmedia.com\/leblogmoto\/wp-json\/wp\/v2\/posts\/2003\/revisions\/7143"}],"wp:attachment":[{"href":"https:\/\/blogs.thesocialmedia.com\/leblogmoto\/wp-json\/wp\/v2\/media?parent=2003"}],"wp:term":[{"taxonomy":"category","embeddable":true,"href":"https:\/\/blogs.thesocialmedia.com\/leblogmoto\/wp-json\/wp\/v2\/categories?post=2003"},{"taxonomy":"post_tag","embeddable":true,"href":"https:\/\/blogs.thesocialmedia.com\/leblogmoto\/wp-json\/wp\/v2\/tags?post=2003"}],"curies":[{"name":"wp","href":"https:\/\/api.w.org\/{rel}","templated":true}]}}