{"id":2004,"date":"2006-03-12T19:02:40","date_gmt":"2006-03-12T19:02:40","guid":{"rendered":"http:\/\/blogs.thesocialmedia.com\/leblogmoto\/2006\/03\/12\/jerez\/"},"modified":"2012-07-11T14:17:16","modified_gmt":"2012-07-11T14:17:16","slug":"jerez","status":"publish","type":"post","link":"https:\/\/blogs.thesocialmedia.com\/leblogmoto\/2006\/03\/12\/jerez\/","title":{"rendered":"TESTS JEREZ: Histoires \u00e0 la gomme."},"content":{"rendered":"<p><a href=\"http:\/\/blogs.thesocialmedia.com\/leblogmoto\/files\/2012\/07\/bs_motogp1.jpg\"><img loading=\"lazy\" decoding=\"async\" height=\"373\" alt=\"Bs_motogp1\" src=\"http:\/\/www.leblogmoto.com\/images\/bs_motogp1.jpg\" width=\"250\"  \/><\/a>Les derniers essais d&rsquo;intersaison viennent de se terminer \u00e0 <strong>JEREZ<\/strong>, circuit qui ouvrira dans moins de quinze jours une saison 2006 pleine de promesses.<\/p>\n<p>L&rsquo;\u00e9tape espagnole \u00e9tait, de fait, particuli\u00e8rement sensible, une sorte de r\u00e9vision avant l&rsquo;\u00e9preuve not\u00e9e, un test de trois jours autant en mesure de galvaniser les troupes que de les d\u00e9router pour le compte. <\/p>\n<p>Au bilan, des r\u00e9sultats \u00e9tonnants, au regard de ce qui s&rsquo;\u00e9tait pass\u00e9 il y a tout juste une semaine sur le circuit de <a href=\"http:\/\/www.leblogmoto.com\/2006\/03\/a_edwards_le_ro.html\">CATALUNYA<\/a>.<\/p>\n<p>Mais des indicateurs forts tout de m\u00eame, dont celui de la forme \u00e9clatante affich\u00e9e par <a href=\"http:\/\/www.leblogmoto.com\/2006\/02\/tests_sepang_20.html\">BRIDGESTONE<\/a>, en plus d&rsquo;un trublion <strong>CHECA<\/strong> qui s&rsquo;incruste&#8230;&nbsp; &nbsp;&nbsp; &nbsp; <\/p>\n<p><a href=\"http:\/\/clabedan.typepad.com\/.shared\/image.html?\/photos\/uncategorized\/1374705654.jpg\"><img loading=\"lazy\" decoding=\"async\" height=\"375\" alt=\"1374705654\" src=\"http:\/\/www.leblogmoto.com\/images\/1374705654.jpg\" width=\"250\"  \/><\/a>Il y a une semaine, <strong>ROSSI <\/strong>dominait et <strong>EDWARDS<\/strong> repartait tout sourire avec un roadster BMW, concluant des essais positifs pour l&rsquo;\u00e9quipe premi\u00e8re <a href=\"http:\/\/www.leblogmoto.com\/2006\/02\/les_nouvelles_l.html\">YAMAHA<\/a>. A JEREZ, la physionomie a \u00e9t\u00e9 toute diff\u00e9rente. <\/p>\n<p>Les <a href=\"http:\/\/www.leblogmoto.com\/2006\/01\/desmo_gp6_en_ro.html\">DUCATI<\/a> se sont rappel\u00e9es au bon souvenir de tout le monde avec un <strong>CAPIROSSI<\/strong> motiv\u00e9 comme jamais qui a accroch\u00e9 les meilleurs chronos de Vendredi et de ce Dimanche, devant son \u00e9quipier <strong>GIBERNAU<\/strong>. Samedi, c&rsquo;est <strong>NAKANO<\/strong> qui signait le meilleur temps d&rsquo;un plateau qui a finalement assist\u00e9 \u00e0 une demonstration des clients <strong>BRIDGESTONE<\/strong>.<\/p>\n<p><strong>ROSSI <\/strong>n&rsquo;a jamais pu mieux faire que sixi\u00e8me et les <strong>HONDA<\/strong> ont \u00e9t\u00e9 une nouvelle fois discr\u00e8tes, les jeunes <strong>PEDROSA<\/strong> et <strong>ELIAS<\/strong> se chargeant, seuls, d&rsquo;inscrire leurs machines aux portes du top 5. <strong>MELANDRI <\/strong>n&rsquo;est jamais rentr\u00e9 dans les dix, alors qu&rsquo;<strong>HAYDEN<\/strong> est seulement apparu sixi\u00e8me le deuxi\u00e8me jour.<\/p>\n<p><strong>SUZUKI<\/strong>, avec <strong>HOPKINS<\/strong>, a un moral gonfl\u00e9 \u00e0 bloc alors que <strong>DE PUNIET<\/strong> peut nourrir de grands espoirs, suivant son chef de file malgr\u00e8 une rage de dent tenace; quatri\u00e8me le deuxi\u00e8me jour, cinqui\u00e8me le troisi\u00e8me, Randy est dans le rythme.<\/p>\n<p><a href=\"http:\/\/clabedan.typepad.com\/.shared\/image.html?\/photos\/uncategorized\/5_2.jpg\"><img loading=\"lazy\" decoding=\"async\" height=\"178\" alt=\"5_2\" src=\"http:\/\/www.leblogmoto.com\/images\/5_2.jpg\" width=\"250\"  \/><\/a>Reste que dans le clan <strong>MICHELIN<\/strong>, on affirme avoir travaill\u00e9 sur des r\u00e9glages course, alors que chez <strong>BRIDGESTONE<\/strong> on n&rsquo;a pas cach\u00e9 ses tests sur les gommes qualif. Quant \u00e0 <strong>DUNLOP<\/strong>, on se f\u00e9licite tous les jours de l&#8217;embauche de <a href=\"http:\/\/www.leblogmoto.com\/2006\/01\/checa_chez_tech.html\">CHECA<\/a>. L&rsquo;espagnol n&rsquo;a eu de cesse de rester aux avants postes. De quoi encore semer le trouble sur le r\u00e9el niveau de chacun. <\/p>\n<p>Cette intersaison a-t-elle \u00e9t\u00e9 une partie de poker menteur ? Verdict dans \u00e0 peine moins de deux semaines, sur ce m\u00eame trac\u00e9 de JEREZ.&nbsp; &nbsp;&nbsp; <\/p>\n<p>SOURCE: <a href=\"http:\/\/www.motogp.com\">www.motogp.com<\/a><\/p><\/p>\n","protected":false},"excerpt":{"rendered":"<p>Les derniers essais d&rsquo;intersaison viennent de se terminer \u00e0 JEREZ, circuit qui ouvrira dans moins de quinze jours une saison 2006 pleine de promesses. L&rsquo;\u00e9tape espagnole \u00e9tait, de fait, particuli\u00e8rement sensible, une sorte de r\u00e9vision avant l&rsquo;\u00e9preuve not\u00e9e, un test de trois jours autant en mesure de galvaniser les troupes que de les d\u00e9router pour [&hellip;]<\/p>\n","protected":false},"author":336,"featured_media":0,"comment_status":"open","ping_status":"open","sticky":false,"template":"","format":"standard","meta":{"footnotes":""},"categories":[3,22,32],"tags":[],"class_list":["post-2004","post","type-post","status-publish","format-standard","hentry","category-actualite","category-motogp","category-sport-moto"],"yoast_head":"<!-- This site is optimized with the Yoast SEO plugin v26.0 - https:\/\/yoast.com\/wordpress\/plugins\/seo\/ -->\n<title>TESTS JEREZ: Histoires \u00e0 la gomme. - leblogmoto.com<\/title>\n<meta name=\"robots\" content=\"index, follow, max-snippet:-1, max-image-preview:large, max-video-preview:-1\" \/>\n<link rel=\"canonical\" href=\"https:\/\/blogs.thesocialmedia.com\/leblogmoto\/2006\/03\/12\/jerez\/\" \/>\n<meta name=\"twitter:card\" content=\"summary_large_image\" \/>\n<meta name=\"twitter:title\" content=\"TESTS JEREZ: Histoires \u00e0 la gomme. - leblogmoto.com\" \/>\n<meta name=\"twitter:description\" content=\"Les derniers essais d&rsquo;intersaison viennent de se terminer \u00e0 JEREZ, circuit qui ouvrira dans moins de quinze jours une saison 2006 pleine de promesses. L&rsquo;\u00e9tape espagnole \u00e9tait, de fait, particuli\u00e8rement sensible, une sorte de r\u00e9vision avant l&rsquo;\u00e9preuve not\u00e9e, un test de trois jours autant en mesure de galvaniser les troupes que de les d\u00e9router pour [&hellip;]\" \/>\n<meta name=\"twitter:image\" content=\"http:\/\/www.leblogmoto.com\/images\/bs_motogp1.jpg\" \/>\n<meta name=\"twitter:label1\" content=\"\u00c9crit par\" \/>\n\t<meta name=\"twitter:data1\" content=\"andre leconde\" \/>\n\t<meta name=\"twitter:label2\" content=\"Dur\u00e9e de lecture estim\u00e9e\" \/>\n\t<meta name=\"twitter:data2\" content=\"2 minutes\" \/>\n<script type=\"application\/ld+json\" class=\"yoast-schema-graph\">{\"@context\":\"https:\/\/schema.org\",\"@graph\":[{\"@type\":\"WebPage\",\"@id\":\"https:\/\/blogs.thesocialmedia.com\/leblogmoto\/2006\/03\/12\/jerez\/\",\"url\":\"https:\/\/blogs.thesocialmedia.com\/leblogmoto\/2006\/03\/12\/jerez\/\",\"name\":\"TESTS JEREZ: Histoires \u00e0 la gomme. - leblogmoto.com\",\"isPartOf\":{\"@id\":\"https:\/\/blogs.thesocialmedia.com\/leblogmoto\/#website\"},\"primaryImageOfPage\":{\"@id\":\"https:\/\/blogs.thesocialmedia.com\/leblogmoto\/2006\/03\/12\/jerez\/#primaryimage\"},\"image\":{\"@id\":\"https:\/\/blogs.thesocialmedia.com\/leblogmoto\/2006\/03\/12\/jerez\/#primaryimage\"},\"thumbnailUrl\":\"http:\/\/www.leblogmoto.com\/images\/bs_motogp1.jpg\",\"datePublished\":\"2006-03-12T19:02:40+00:00\",\"dateModified\":\"2012-07-11T14:17:16+00:00\",\"author\":{\"@id\":\"https:\/\/blogs.thesocialmedia.com\/leblogmoto\/#\/schema\/person\/1a1dcfc7cec206573105eb4af91155c2\"},\"breadcrumb\":{\"@id\":\"https:\/\/blogs.thesocialmedia.com\/leblogmoto\/2006\/03\/12\/jerez\/#breadcrumb\"},\"inLanguage\":\"fr-FR\",\"potentialAction\":[{\"@type\":\"ReadAction\",\"target\":[\"https:\/\/blogs.thesocialmedia.com\/leblogmoto\/2006\/03\/12\/jerez\/\"]}]},{\"@type\":\"ImageObject\",\"inLanguage\":\"fr-FR\",\"@id\":\"https:\/\/blogs.thesocialmedia.com\/leblogmoto\/2006\/03\/12\/jerez\/#primaryimage\",\"url\":\"http:\/\/www.leblogmoto.com\/images\/bs_motogp1.jpg\",\"contentUrl\":\"http:\/\/www.leblogmoto.com\/images\/bs_motogp1.jpg\"},{\"@type\":\"BreadcrumbList\",\"@id\":\"https:\/\/blogs.thesocialmedia.com\/leblogmoto\/2006\/03\/12\/jerez\/#breadcrumb\",\"itemListElement\":[{\"@type\":\"ListItem\",\"position\":1,\"name\":\"Accueil\",\"item\":\"https:\/\/blogs.thesocialmedia.com\/leblogmoto\/\"},{\"@type\":\"ListItem\",\"position\":2,\"name\":\"TESTS JEREZ: Histoires \u00e0 la gomme.\"}]},{\"@type\":\"WebSite\",\"@id\":\"https:\/\/blogs.thesocialmedia.com\/leblogmoto\/#website\",\"url\":\"https:\/\/blogs.thesocialmedia.com\/leblogmoto\/\",\"name\":\"leblogmoto\",\"description\":\"Toute l&#039;actualit\u00e9 des 2 roues\",\"potentialAction\":[{\"@type\":\"SearchAction\",\"target\":{\"@type\":\"EntryPoint\",\"urlTemplate\":\"https:\/\/blogs.thesocialmedia.com\/leblogmoto\/?s={search_term_string}\"},\"query-input\":{\"@type\":\"PropertyValueSpecification\",\"valueRequired\":true,\"valueName\":\"search_term_string\"}}],\"inLanguage\":\"fr-FR\"},{\"@type\":\"Person\",\"@id\":\"https:\/\/blogs.thesocialmedia.com\/leblogmoto\/#\/schema\/person\/1a1dcfc7cec206573105eb4af91155c2\",\"name\":\"andre leconde\",\"image\":{\"@type\":\"ImageObject\",\"inLanguage\":\"fr-FR\",\"@id\":\"https:\/\/blogs.thesocialmedia.com\/leblogmoto\/#\/schema\/person\/image\/\",\"url\":\"https:\/\/secure.gravatar.com\/avatar\/?s=96&d=mm&r=g\",\"contentUrl\":\"https:\/\/secure.gravatar.com\/avatar\/?s=96&d=mm&r=g\",\"caption\":\"andre leconde\"},\"url\":\"https:\/\/blogs.thesocialmedia.com\/leblogmoto\/author\/andre-leconde\/\"}]}<\/script>\n<!-- \/ Yoast SEO plugin. -->","yoast_head_json":{"title":"TESTS JEREZ: Histoires \u00e0 la gomme. - leblogmoto.com","robots":{"index":"index","follow":"follow","max-snippet":"max-snippet:-1","max-image-preview":"max-image-preview:large","max-video-preview":"max-video-preview:-1"},"canonical":"https:\/\/blogs.thesocialmedia.com\/leblogmoto\/2006\/03\/12\/jerez\/","twitter_card":"summary_large_image","twitter_title":"TESTS JEREZ: Histoires \u00e0 la gomme. - leblogmoto.com","twitter_description":"Les derniers essais d&rsquo;intersaison viennent de se terminer \u00e0 JEREZ, circuit qui ouvrira dans moins de quinze jours une saison 2006 pleine de promesses. L&rsquo;\u00e9tape espagnole \u00e9tait, de fait, particuli\u00e8rement sensible, une sorte de r\u00e9vision avant l&rsquo;\u00e9preuve not\u00e9e, un test de trois jours autant en mesure de galvaniser les troupes que de les d\u00e9router pour [&hellip;]","twitter_image":"http:\/\/www.leblogmoto.com\/images\/bs_motogp1.jpg","twitter_misc":{"\u00c9crit par":"andre leconde","Dur\u00e9e de lecture estim\u00e9e":"2 minutes"},"schema":{"@context":"https:\/\/schema.org","@graph":[{"@type":"WebPage","@id":"https:\/\/blogs.thesocialmedia.com\/leblogmoto\/2006\/03\/12\/jerez\/","url":"https:\/\/blogs.thesocialmedia.com\/leblogmoto\/2006\/03\/12\/jerez\/","name":"TESTS JEREZ: Histoires \u00e0 la gomme. - leblogmoto.com","isPartOf":{"@id":"https:\/\/blogs.thesocialmedia.com\/leblogmoto\/#website"},"primaryImageOfPage":{"@id":"https:\/\/blogs.thesocialmedia.com\/leblogmoto\/2006\/03\/12\/jerez\/#primaryimage"},"image":{"@id":"https:\/\/blogs.thesocialmedia.com\/leblogmoto\/2006\/03\/12\/jerez\/#primaryimage"},"thumbnailUrl":"http:\/\/www.leblogmoto.com\/images\/bs_motogp1.jpg","datePublished":"2006-03-12T19:02:40+00:00","dateModified":"2012-07-11T14:17:16+00:00","author":{"@id":"https:\/\/blogs.thesocialmedia.com\/leblogmoto\/#\/schema\/person\/1a1dcfc7cec206573105eb4af91155c2"},"breadcrumb":{"@id":"https:\/\/blogs.thesocialmedia.com\/leblogmoto\/2006\/03\/12\/jerez\/#breadcrumb"},"inLanguage":"fr-FR","potentialAction":[{"@type":"ReadAction","target":["https:\/\/blogs.thesocialmedia.com\/leblogmoto\/2006\/03\/12\/jerez\/"]}]},{"@type":"ImageObject","inLanguage":"fr-FR","@id":"https:\/\/blogs.thesocialmedia.com\/leblogmoto\/2006\/03\/12\/jerez\/#primaryimage","url":"http:\/\/www.leblogmoto.com\/images\/bs_motogp1.jpg","contentUrl":"http:\/\/www.leblogmoto.com\/images\/bs_motogp1.jpg"},{"@type":"BreadcrumbList","@id":"https:\/\/blogs.thesocialmedia.com\/leblogmoto\/2006\/03\/12\/jerez\/#breadcrumb","itemListElement":[{"@type":"ListItem","position":1,"name":"Accueil","item":"https:\/\/blogs.thesocialmedia.com\/leblogmoto\/"},{"@type":"ListItem","position":2,"name":"TESTS JEREZ: Histoires \u00e0 la gomme."}]},{"@type":"WebSite","@id":"https:\/\/blogs.thesocialmedia.com\/leblogmoto\/#website","url":"https:\/\/blogs.thesocialmedia.com\/leblogmoto\/","name":"leblogmoto","description":"Toute l&#039;actualit\u00e9 des 2 roues","potentialAction":[{"@type":"SearchAction","target":{"@type":"EntryPoint","urlTemplate":"https:\/\/blogs.thesocialmedia.com\/leblogmoto\/?s={search_term_string}"},"query-input":{"@type":"PropertyValueSpecification","valueRequired":true,"valueName":"search_term_string"}}],"inLanguage":"fr-FR"},{"@type":"Person","@id":"https:\/\/blogs.thesocialmedia.com\/leblogmoto\/#\/schema\/person\/1a1dcfc7cec206573105eb4af91155c2","name":"andre leconde","image":{"@type":"ImageObject","inLanguage":"fr-FR","@id":"https:\/\/blogs.thesocialmedia.com\/leblogmoto\/#\/schema\/person\/image\/","url":"https:\/\/secure.gravatar.com\/avatar\/?s=96&d=mm&r=g","contentUrl":"https:\/\/secure.gravatar.com\/avatar\/?s=96&d=mm&r=g","caption":"andre leconde"},"url":"https:\/\/blogs.thesocialmedia.com\/leblogmoto\/author\/andre-leconde\/"}]}},"_links":{"self":[{"href":"https:\/\/blogs.thesocialmedia.com\/leblogmoto\/wp-json\/wp\/v2\/posts\/2004","targetHints":{"allow":["GET"]}}],"collection":[{"href":"https:\/\/blogs.thesocialmedia.com\/leblogmoto\/wp-json\/wp\/v2\/posts"}],"about":[{"href":"https:\/\/blogs.thesocialmedia.com\/leblogmoto\/wp-json\/wp\/v2\/types\/post"}],"author":[{"embeddable":true,"href":"https:\/\/blogs.thesocialmedia.com\/leblogmoto\/wp-json\/wp\/v2\/users\/336"}],"replies":[{"embeddable":true,"href":"https:\/\/blogs.thesocialmedia.com\/leblogmoto\/wp-json\/wp\/v2\/comments?post=2004"}],"version-history":[{"count":2,"href":"https:\/\/blogs.thesocialmedia.com\/leblogmoto\/wp-json\/wp\/v2\/posts\/2004\/revisions"}],"predecessor-version":[{"id":7141,"href":"https:\/\/blogs.thesocialmedia.com\/leblogmoto\/wp-json\/wp\/v2\/posts\/2004\/revisions\/7141"}],"wp:attachment":[{"href":"https:\/\/blogs.thesocialmedia.com\/leblogmoto\/wp-json\/wp\/v2\/media?parent=2004"}],"wp:term":[{"taxonomy":"category","embeddable":true,"href":"https:\/\/blogs.thesocialmedia.com\/leblogmoto\/wp-json\/wp\/v2\/categories?post=2004"},{"taxonomy":"post_tag","embeddable":true,"href":"https:\/\/blogs.thesocialmedia.com\/leblogmoto\/wp-json\/wp\/v2\/tags?post=2004"}],"curies":[{"name":"wp","href":"https:\/\/api.w.org\/{rel}","templated":true}]}}