{"id":2006,"date":"2006-03-12T11:25:00","date_gmt":"2006-03-12T11:25:00","guid":{"rendered":"http:\/\/blogs.thesocialmedia.com\/leblogmoto\/2006\/03\/12\/desmoblog-ducat\/"},"modified":"2012-07-11T14:17:13","modified_gmt":"2012-07-11T14:17:13","slug":"desmoblog-ducat","status":"publish","type":"post","link":"https:\/\/blogs.thesocialmedia.com\/leblogmoto\/2006\/03\/12\/desmoblog-ducat\/","title":{"rendered":"DESMOBLOG: DUCATI fait son blog officiel."},"content":{"rendered":"<p><a href=\"http:\/\/blogs.thesocialmedia.com\/leblogmoto\/files\/2012\/07\/stliste3.jpg\"><img loading=\"lazy\" decoding=\"async\" height=\"139\" alt=\"Stliste3\" src=\"http:\/\/www.leblogmoto.com\/images\/stliste3.jpg\" width=\"250\"  \/><\/a>La marque DUCATI, nonobstant une image de passion v\u00e9hicul\u00e9e non seulement par des <a href=\"http:\/\/www.leblogmoto.com\/2006\/03\/lhypermotard_de.html\">machines de caract\u00e8re<\/a>, mais, aussi, par une d\u00e9marche <a href=\"http:\/\/www.leblogmoto.com\/2006\/01\/sportclassic_re.html\">marketing<\/a> \u00e0 l&rsquo;unisson, a toujours \u00e9t\u00e9 \u00e0 l&rsquo;aff\u00fbt des tendances pour mieux s&rsquo;en impr\u00e9gner et s&rsquo;y int\u00e9grer.<\/p>\n<p>Le ph\u00e9nom\u00e8ne <a href=\"http:\/\/www.thesocialmediagroup.com\/\">Blog<\/a>, qui ne nous est \u00e9videmment pas insensible par ici, a \u00e9t\u00e9 pris en compte par le chaleureux blason transalpin comme vecteur de communication innovant et porteur. DUCATI a donc d\u00e9cid\u00e9 de s&rsquo;y lancer, de mani\u00e8re tout \u00e0 fait officielle. Ce qui revient \u00e0 dire que DUCATI entre dans l&rsquo;Histoire du Blog comme <strong>la premi\u00e8re marque de moto<\/strong> \u00e0 y avoir cr\u00e9e son espace&#8230;&nbsp; &nbsp;&nbsp; &nbsp;<\/p>\n<p><a href=\"http:\/\/clabedan.typepad.com\/.shared\/image.html?\/photos\/uncategorized\/020001041612.jpg\"><\/a><\/p>\n<p><a href=\"http:\/\/clabedan.typepad.com\/.shared\/image.html?\/photos\/uncategorized\/micromacro_minolib.jpg\"><img loading=\"lazy\" decoding=\"async\" height=\"156\" alt=\"Micromacro_minolib\" src=\"http:\/\/www.leblogmoto.com\/images\/micromacro_minolib.jpg\" width=\"250\"  \/><\/a>C&rsquo;est le boss lui-m\u00eame, <a href=\"http:\/\/www.leblogmoto.com\/2006\/03\/ducati_de_retou.html\">Frederico MINOLI<\/a> qui s&rsquo;occupera de l&rsquo;espace. Le but est de cr\u00e9er une v\u00e9ritable imbrication entre les personnels de l&rsquo;usine et les clients de la marque, par des \u00e9changes directs.<\/p>\n<p>Par ailleurs, tous les domaines du monde DUCATI y sont d\u00e9velopp\u00e9s, des produits \u00e0 l&rsquo;implication dans les comp\u00e9titions, jusqu&rsquo;\u00e0 l&rsquo;Histoire de la marque. Un espace &quot;communaut\u00e9&quot; vous donne les cl\u00e9s du monde des <a href=\"http:\/\/clabedan.typepad.com\/.shared\/image.html?\/photos\/uncategorized\/multimedia_1091710783158.jpg\"><img loading=\"lazy\" decoding=\"async\" height=\"278\" alt=\"Multimedia_1091710783158\" src=\"http:\/\/www.leblogmoto.com\/images\/multimedia_1091710783158.jpg\" width=\"250\"  \/><\/a> ducatistes, avec un chapitre &quot;<strong>Desmowomen<\/strong>&quot; qui asseoit encore un peu plus la v\u00e9ritable mont\u00e9e en puissance de la <a href=\"http:\/\/www.leblogmoto.com\/2006\/02\/post.html\">motarde<\/a> dans le milieu. Son emprise grandissante sur le march\u00e9 pousse les d\u00e9cideurs \u00e0 prendre en compte sa sensibilit\u00e9 autrement que par la r\u00e9ductrice vision de la passag\u00e8re docile. DUCATI l&rsquo;a bien compris.<\/p>\n<p>Voil\u00e0 une d\u00e9marche audacieuse et pleine de fra\u00eecheur. Reste \u00e0 voir quel va \u00eatre son impact dans le temps. Ce qu&rsquo;observera aussi, et sans doute avec attention, la concurrence.&nbsp; &nbsp;<\/p>\n<p>SOURCE: <a href=\"http:\/\/www.blog.ducati.com\">www.blog.ducati.com<\/a> <\/p>\n","protected":false},"excerpt":{"rendered":"<p>La marque DUCATI, nonobstant une image de passion v\u00e9hicul\u00e9e non seulement par des machines de caract\u00e8re, mais, aussi, par une d\u00e9marche marketing \u00e0 l&rsquo;unisson, a toujours \u00e9t\u00e9 \u00e0 l&rsquo;aff\u00fbt des tendances pour mieux s&rsquo;en impr\u00e9gner et s&rsquo;y int\u00e9grer. Le ph\u00e9nom\u00e8ne Blog, qui ne nous est \u00e9videmment pas insensible par ici, a \u00e9t\u00e9 pris en compte [&hellip;]<\/p>\n","protected":false},"author":336,"featured_media":0,"comment_status":"open","ping_status":"open","sticky":false,"template":"","format":"standard","meta":{"footnotes":""},"categories":[3,41,9],"tags":[],"class_list":["post-2006","post","type-post","status-publish","format-standard","hentry","category-actualite","category-ducati","category-historique"],"yoast_head":"<!-- This site is optimized with the Yoast SEO plugin v26.0 - https:\/\/yoast.com\/wordpress\/plugins\/seo\/ -->\n<title>DESMOBLOG: DUCATI fait son blog officiel. - leblogmoto.com<\/title>\n<meta name=\"robots\" content=\"index, follow, max-snippet:-1, max-image-preview:large, max-video-preview:-1\" \/>\n<link rel=\"canonical\" href=\"https:\/\/blogs.thesocialmedia.com\/leblogmoto\/2006\/03\/12\/desmoblog-ducat\/\" \/>\n<meta name=\"twitter:card\" content=\"summary_large_image\" \/>\n<meta name=\"twitter:title\" content=\"DESMOBLOG: DUCATI fait son blog officiel. - leblogmoto.com\" \/>\n<meta name=\"twitter:description\" content=\"La marque DUCATI, nonobstant une image de passion v\u00e9hicul\u00e9e non seulement par des machines de caract\u00e8re, mais, aussi, par une d\u00e9marche marketing \u00e0 l&rsquo;unisson, a toujours \u00e9t\u00e9 \u00e0 l&rsquo;aff\u00fbt des tendances pour mieux s&rsquo;en impr\u00e9gner et s&rsquo;y int\u00e9grer. Le ph\u00e9nom\u00e8ne Blog, qui ne nous est \u00e9videmment pas insensible par ici, a \u00e9t\u00e9 pris en compte [&hellip;]\" \/>\n<meta name=\"twitter:image\" content=\"http:\/\/www.leblogmoto.com\/images\/stliste3.jpg\" \/>\n<meta name=\"twitter:label1\" content=\"\u00c9crit par\" \/>\n\t<meta name=\"twitter:data1\" content=\"andre leconde\" \/>\n\t<meta name=\"twitter:label2\" content=\"Dur\u00e9e de lecture estim\u00e9e\" \/>\n\t<meta name=\"twitter:data2\" content=\"1 minute\" \/>\n<script type=\"application\/ld+json\" class=\"yoast-schema-graph\">{\"@context\":\"https:\/\/schema.org\",\"@graph\":[{\"@type\":\"WebPage\",\"@id\":\"https:\/\/blogs.thesocialmedia.com\/leblogmoto\/2006\/03\/12\/desmoblog-ducat\/\",\"url\":\"https:\/\/blogs.thesocialmedia.com\/leblogmoto\/2006\/03\/12\/desmoblog-ducat\/\",\"name\":\"DESMOBLOG: DUCATI fait son blog officiel. - leblogmoto.com\",\"isPartOf\":{\"@id\":\"https:\/\/blogs.thesocialmedia.com\/leblogmoto\/#website\"},\"primaryImageOfPage\":{\"@id\":\"https:\/\/blogs.thesocialmedia.com\/leblogmoto\/2006\/03\/12\/desmoblog-ducat\/#primaryimage\"},\"image\":{\"@id\":\"https:\/\/blogs.thesocialmedia.com\/leblogmoto\/2006\/03\/12\/desmoblog-ducat\/#primaryimage\"},\"thumbnailUrl\":\"http:\/\/www.leblogmoto.com\/images\/stliste3.jpg\",\"datePublished\":\"2006-03-12T11:25:00+00:00\",\"dateModified\":\"2012-07-11T14:17:13+00:00\",\"author\":{\"@id\":\"https:\/\/blogs.thesocialmedia.com\/leblogmoto\/#\/schema\/person\/1a1dcfc7cec206573105eb4af91155c2\"},\"breadcrumb\":{\"@id\":\"https:\/\/blogs.thesocialmedia.com\/leblogmoto\/2006\/03\/12\/desmoblog-ducat\/#breadcrumb\"},\"inLanguage\":\"fr-FR\",\"potentialAction\":[{\"@type\":\"ReadAction\",\"target\":[\"https:\/\/blogs.thesocialmedia.com\/leblogmoto\/2006\/03\/12\/desmoblog-ducat\/\"]}]},{\"@type\":\"ImageObject\",\"inLanguage\":\"fr-FR\",\"@id\":\"https:\/\/blogs.thesocialmedia.com\/leblogmoto\/2006\/03\/12\/desmoblog-ducat\/#primaryimage\",\"url\":\"http:\/\/www.leblogmoto.com\/images\/stliste3.jpg\",\"contentUrl\":\"http:\/\/www.leblogmoto.com\/images\/stliste3.jpg\"},{\"@type\":\"BreadcrumbList\",\"@id\":\"https:\/\/blogs.thesocialmedia.com\/leblogmoto\/2006\/03\/12\/desmoblog-ducat\/#breadcrumb\",\"itemListElement\":[{\"@type\":\"ListItem\",\"position\":1,\"name\":\"Accueil\",\"item\":\"https:\/\/blogs.thesocialmedia.com\/leblogmoto\/\"},{\"@type\":\"ListItem\",\"position\":2,\"name\":\"DESMOBLOG: DUCATI fait son blog officiel.\"}]},{\"@type\":\"WebSite\",\"@id\":\"https:\/\/blogs.thesocialmedia.com\/leblogmoto\/#website\",\"url\":\"https:\/\/blogs.thesocialmedia.com\/leblogmoto\/\",\"name\":\"leblogmoto\",\"description\":\"Toute l&#039;actualit\u00e9 des 2 roues\",\"potentialAction\":[{\"@type\":\"SearchAction\",\"target\":{\"@type\":\"EntryPoint\",\"urlTemplate\":\"https:\/\/blogs.thesocialmedia.com\/leblogmoto\/?s={search_term_string}\"},\"query-input\":{\"@type\":\"PropertyValueSpecification\",\"valueRequired\":true,\"valueName\":\"search_term_string\"}}],\"inLanguage\":\"fr-FR\"},{\"@type\":\"Person\",\"@id\":\"https:\/\/blogs.thesocialmedia.com\/leblogmoto\/#\/schema\/person\/1a1dcfc7cec206573105eb4af91155c2\",\"name\":\"andre leconde\",\"image\":{\"@type\":\"ImageObject\",\"inLanguage\":\"fr-FR\",\"@id\":\"https:\/\/blogs.thesocialmedia.com\/leblogmoto\/#\/schema\/person\/image\/\",\"url\":\"https:\/\/secure.gravatar.com\/avatar\/?s=96&d=mm&r=g\",\"contentUrl\":\"https:\/\/secure.gravatar.com\/avatar\/?s=96&d=mm&r=g\",\"caption\":\"andre leconde\"},\"url\":\"https:\/\/blogs.thesocialmedia.com\/leblogmoto\/author\/andre-leconde\/\"}]}<\/script>\n<!-- \/ Yoast SEO plugin. -->","yoast_head_json":{"title":"DESMOBLOG: DUCATI fait son blog officiel. - leblogmoto.com","robots":{"index":"index","follow":"follow","max-snippet":"max-snippet:-1","max-image-preview":"max-image-preview:large","max-video-preview":"max-video-preview:-1"},"canonical":"https:\/\/blogs.thesocialmedia.com\/leblogmoto\/2006\/03\/12\/desmoblog-ducat\/","twitter_card":"summary_large_image","twitter_title":"DESMOBLOG: DUCATI fait son blog officiel. - leblogmoto.com","twitter_description":"La marque DUCATI, nonobstant une image de passion v\u00e9hicul\u00e9e non seulement par des machines de caract\u00e8re, mais, aussi, par une d\u00e9marche marketing \u00e0 l&rsquo;unisson, a toujours \u00e9t\u00e9 \u00e0 l&rsquo;aff\u00fbt des tendances pour mieux s&rsquo;en impr\u00e9gner et s&rsquo;y int\u00e9grer. Le ph\u00e9nom\u00e8ne Blog, qui ne nous est \u00e9videmment pas insensible par ici, a \u00e9t\u00e9 pris en compte [&hellip;]","twitter_image":"http:\/\/www.leblogmoto.com\/images\/stliste3.jpg","twitter_misc":{"\u00c9crit par":"andre leconde","Dur\u00e9e de lecture estim\u00e9e":"1 minute"},"schema":{"@context":"https:\/\/schema.org","@graph":[{"@type":"WebPage","@id":"https:\/\/blogs.thesocialmedia.com\/leblogmoto\/2006\/03\/12\/desmoblog-ducat\/","url":"https:\/\/blogs.thesocialmedia.com\/leblogmoto\/2006\/03\/12\/desmoblog-ducat\/","name":"DESMOBLOG: DUCATI fait son blog officiel. - leblogmoto.com","isPartOf":{"@id":"https:\/\/blogs.thesocialmedia.com\/leblogmoto\/#website"},"primaryImageOfPage":{"@id":"https:\/\/blogs.thesocialmedia.com\/leblogmoto\/2006\/03\/12\/desmoblog-ducat\/#primaryimage"},"image":{"@id":"https:\/\/blogs.thesocialmedia.com\/leblogmoto\/2006\/03\/12\/desmoblog-ducat\/#primaryimage"},"thumbnailUrl":"http:\/\/www.leblogmoto.com\/images\/stliste3.jpg","datePublished":"2006-03-12T11:25:00+00:00","dateModified":"2012-07-11T14:17:13+00:00","author":{"@id":"https:\/\/blogs.thesocialmedia.com\/leblogmoto\/#\/schema\/person\/1a1dcfc7cec206573105eb4af91155c2"},"breadcrumb":{"@id":"https:\/\/blogs.thesocialmedia.com\/leblogmoto\/2006\/03\/12\/desmoblog-ducat\/#breadcrumb"},"inLanguage":"fr-FR","potentialAction":[{"@type":"ReadAction","target":["https:\/\/blogs.thesocialmedia.com\/leblogmoto\/2006\/03\/12\/desmoblog-ducat\/"]}]},{"@type":"ImageObject","inLanguage":"fr-FR","@id":"https:\/\/blogs.thesocialmedia.com\/leblogmoto\/2006\/03\/12\/desmoblog-ducat\/#primaryimage","url":"http:\/\/www.leblogmoto.com\/images\/stliste3.jpg","contentUrl":"http:\/\/www.leblogmoto.com\/images\/stliste3.jpg"},{"@type":"BreadcrumbList","@id":"https:\/\/blogs.thesocialmedia.com\/leblogmoto\/2006\/03\/12\/desmoblog-ducat\/#breadcrumb","itemListElement":[{"@type":"ListItem","position":1,"name":"Accueil","item":"https:\/\/blogs.thesocialmedia.com\/leblogmoto\/"},{"@type":"ListItem","position":2,"name":"DESMOBLOG: DUCATI fait son blog officiel."}]},{"@type":"WebSite","@id":"https:\/\/blogs.thesocialmedia.com\/leblogmoto\/#website","url":"https:\/\/blogs.thesocialmedia.com\/leblogmoto\/","name":"leblogmoto","description":"Toute l&#039;actualit\u00e9 des 2 roues","potentialAction":[{"@type":"SearchAction","target":{"@type":"EntryPoint","urlTemplate":"https:\/\/blogs.thesocialmedia.com\/leblogmoto\/?s={search_term_string}"},"query-input":{"@type":"PropertyValueSpecification","valueRequired":true,"valueName":"search_term_string"}}],"inLanguage":"fr-FR"},{"@type":"Person","@id":"https:\/\/blogs.thesocialmedia.com\/leblogmoto\/#\/schema\/person\/1a1dcfc7cec206573105eb4af91155c2","name":"andre leconde","image":{"@type":"ImageObject","inLanguage":"fr-FR","@id":"https:\/\/blogs.thesocialmedia.com\/leblogmoto\/#\/schema\/person\/image\/","url":"https:\/\/secure.gravatar.com\/avatar\/?s=96&d=mm&r=g","contentUrl":"https:\/\/secure.gravatar.com\/avatar\/?s=96&d=mm&r=g","caption":"andre leconde"},"url":"https:\/\/blogs.thesocialmedia.com\/leblogmoto\/author\/andre-leconde\/"}]}},"_links":{"self":[{"href":"https:\/\/blogs.thesocialmedia.com\/leblogmoto\/wp-json\/wp\/v2\/posts\/2006","targetHints":{"allow":["GET"]}}],"collection":[{"href":"https:\/\/blogs.thesocialmedia.com\/leblogmoto\/wp-json\/wp\/v2\/posts"}],"about":[{"href":"https:\/\/blogs.thesocialmedia.com\/leblogmoto\/wp-json\/wp\/v2\/types\/post"}],"author":[{"embeddable":true,"href":"https:\/\/blogs.thesocialmedia.com\/leblogmoto\/wp-json\/wp\/v2\/users\/336"}],"replies":[{"embeddable":true,"href":"https:\/\/blogs.thesocialmedia.com\/leblogmoto\/wp-json\/wp\/v2\/comments?post=2006"}],"version-history":[{"count":2,"href":"https:\/\/blogs.thesocialmedia.com\/leblogmoto\/wp-json\/wp\/v2\/posts\/2006\/revisions"}],"predecessor-version":[{"id":7137,"href":"https:\/\/blogs.thesocialmedia.com\/leblogmoto\/wp-json\/wp\/v2\/posts\/2006\/revisions\/7137"}],"wp:attachment":[{"href":"https:\/\/blogs.thesocialmedia.com\/leblogmoto\/wp-json\/wp\/v2\/media?parent=2006"}],"wp:term":[{"taxonomy":"category","embeddable":true,"href":"https:\/\/blogs.thesocialmedia.com\/leblogmoto\/wp-json\/wp\/v2\/categories?post=2006"},{"taxonomy":"post_tag","embeddable":true,"href":"https:\/\/blogs.thesocialmedia.com\/leblogmoto\/wp-json\/wp\/v2\/tags?post=2006"}],"curies":[{"name":"wp","href":"https:\/\/api.w.org\/{rel}","templated":true}]}}