{"id":2007,"date":"2006-03-10T21:23:22","date_gmt":"2006-03-10T21:23:22","guid":{"rendered":"http:\/\/blogs.thesocialmedia.com\/leblogmoto\/2006\/03\/10\/honda-days-mett\/"},"modified":"2012-07-11T14:17:11","modified_gmt":"2012-07-11T14:17:11","slug":"honda-days-mett","status":"publish","type":"post","link":"https:\/\/blogs.thesocialmedia.com\/leblogmoto\/2006\/03\/10\/honda-days-mett\/","title":{"rendered":"HONDA DAYS: Mettez les \u00e0 l&rsquo;\u00e9preuve."},"content":{"rendered":"<p><a href=\"http:\/\/blogs.thesocialmedia.com\/leblogmoto\/files\/2012\/07\/logo20honda.gif\"><img loading=\"lazy\" decoding=\"async\" height=\"199\" alt=\"Logo20honda\" src=\"http:\/\/www.leblogmoto.com\/images\/logo20honda.gif\" width=\"250\"  \/><\/a><strong>Ce week-end<\/strong>, si vous \u00eates du c\u00f4t\u00e9 d&rsquo;<strong>ALES<\/strong> dans le Gard, vous avez l&rsquo;opportunit\u00e9 de mettre \u00e0 l&rsquo;\u00e9preuve la gamme <a href=\"http:\/\/www.leblogmoto.com\/2006\/02\/post_4.html\">HONDA<\/a>.<\/p>\n<p>Du <strong>11 au 12 mars<\/strong>, HONDA, en effet, organise ses <strong>essais<\/strong> sur circuit et sur route. Mais le programme ne s&rsquo;arr\u00eatera pas l\u00e0, champions et activit\u00e9s diverses viendront agr\u00e9menter ces deux jours qui profiteront \u00e0 <strong>l&rsquo;Association Enfants et sant\u00e9<\/strong>, en lutte contre les cancers et leuc\u00e9mies&#8230; <\/p>\n<p><a href=\"http:\/\/www.leblogmoto.com\/2006\/03\/sbk_phillip_isl.html\"><img loading=\"lazy\" decoding=\"async\" height=\"182\" alt=\"Circuit_ales\" src=\"http:\/\/www.leblogmoto.com\/images\/circuit_ales.jpg\" width=\"250\"  \/>S\u00e9bastien CHARPENTIER<\/a>, Bertrand <strong>STEY<\/strong> et Jean michel <strong>BAYLE<\/strong> seront attendus. Vous pourrez \u00e9prouver sur le circuit d&rsquo;ALES la famille <a href=\"http:\/\/www.leblogmoto.com\/2005\/10\/mondial_2005_ho_1.html\">CBR RR<\/a>, la port\u00e9e <strong>Hornet<\/strong>, la CBR <strong>1100 XX<\/strong>, la <a href=\"http:\/\/www.leblogmoto.com\/2005\/10\/mondial_2005_ho.html\">CBF 1000<\/a>, la <a href=\"http:\/\/www.leblogmoto.com\/2005\/10\/mondial_2005_ho_3.html\">VFR 800<\/a>.<\/p>\n<p>C\u00f4t\u00e9 route, la <a href=\"http:\/\/www.leblogmoto.com\/2006\/01\/honda_deauville.html\">Deauville<\/a> 700, la <strong>Goldwing 1800<\/strong>, la <strong>Paneuropean 1300<\/strong> et la <strong>Varadero 1000<\/strong> se tiendront \u00e0 disposition. Les <a href=\"http:\/\/www.leblogmoto.com\/2005\/11\/honda_dylan_125.html\">125<\/a>, pour les permis B et A1, seront aussi l\u00e0.<\/p>\n<p>Tests <a href=\"http:\/\/www.leblogmoto.com\/2006\/03\/labs_sur_les_sp.html\">ABS<\/a> avec <strong>CBF 600<\/strong>, initiations au quad et \u00e0 la conduite sportive vous tiendront en haleine. A ne pas rater. Pour les retardaires, il y aura <strong>LE MANS<\/strong> les <strong>29 et 30 avril<\/strong>.<\/p>\n<p>SOURCE: <a href=\"http:\/\/www.lerepairedesmotards.com\">www.lerepairedesmotards.com<\/a>&nbsp; <\/p>\n","protected":false},"excerpt":{"rendered":"<p>Ce week-end, si vous \u00eates du c\u00f4t\u00e9 d&rsquo;ALES dans le Gard, vous avez l&rsquo;opportunit\u00e9 de mettre \u00e0 l&rsquo;\u00e9preuve la gamme HONDA. Du 11 au 12 mars, HONDA, en effet, organise ses essais sur circuit et sur route. Mais le programme ne s&rsquo;arr\u00eatera pas l\u00e0, champions et activit\u00e9s diverses viendront agr\u00e9menter ces deux jours qui profiteront [&hellip;]<\/p>\n","protected":false},"author":336,"featured_media":0,"comment_status":"open","ping_status":"open","sticky":false,"template":"","format":"standard","meta":{"footnotes":""},"categories":[3,14],"tags":[],"class_list":["post-2007","post","type-post","status-publish","format-standard","hentry","category-actualite","category-honda"],"yoast_head":"<!-- This site is optimized with the Yoast SEO plugin v26.0 - https:\/\/yoast.com\/wordpress\/plugins\/seo\/ -->\n<title>HONDA DAYS: Mettez les \u00e0 l&#039;\u00e9preuve. - leblogmoto.com<\/title>\n<meta name=\"robots\" content=\"index, follow, max-snippet:-1, max-image-preview:large, max-video-preview:-1\" \/>\n<link rel=\"canonical\" href=\"https:\/\/blogs.thesocialmedia.com\/leblogmoto\/2006\/03\/10\/honda-days-mett\/\" \/>\n<meta name=\"twitter:card\" content=\"summary_large_image\" \/>\n<meta name=\"twitter:title\" content=\"HONDA DAYS: Mettez les \u00e0 l&#039;\u00e9preuve. - leblogmoto.com\" \/>\n<meta name=\"twitter:description\" content=\"Ce week-end, si vous \u00eates du c\u00f4t\u00e9 d&rsquo;ALES dans le Gard, vous avez l&rsquo;opportunit\u00e9 de mettre \u00e0 l&rsquo;\u00e9preuve la gamme HONDA. Du 11 au 12 mars, HONDA, en effet, organise ses essais sur circuit et sur route. Mais le programme ne s&rsquo;arr\u00eatera pas l\u00e0, champions et activit\u00e9s diverses viendront agr\u00e9menter ces deux jours qui profiteront [&hellip;]\" \/>\n<meta name=\"twitter:image\" content=\"http:\/\/www.leblogmoto.com\/images\/logo20honda.gif\" \/>\n<meta name=\"twitter:label1\" content=\"\u00c9crit par\" \/>\n\t<meta name=\"twitter:data1\" content=\"andre leconde\" \/>\n\t<meta name=\"twitter:label2\" content=\"Dur\u00e9e de lecture estim\u00e9e\" \/>\n\t<meta name=\"twitter:data2\" content=\"1 minute\" \/>\n<script type=\"application\/ld+json\" class=\"yoast-schema-graph\">{\"@context\":\"https:\/\/schema.org\",\"@graph\":[{\"@type\":\"WebPage\",\"@id\":\"https:\/\/blogs.thesocialmedia.com\/leblogmoto\/2006\/03\/10\/honda-days-mett\/\",\"url\":\"https:\/\/blogs.thesocialmedia.com\/leblogmoto\/2006\/03\/10\/honda-days-mett\/\",\"name\":\"HONDA DAYS: Mettez les \u00e0 l'\u00e9preuve. - leblogmoto.com\",\"isPartOf\":{\"@id\":\"https:\/\/blogs.thesocialmedia.com\/leblogmoto\/#website\"},\"primaryImageOfPage\":{\"@id\":\"https:\/\/blogs.thesocialmedia.com\/leblogmoto\/2006\/03\/10\/honda-days-mett\/#primaryimage\"},\"image\":{\"@id\":\"https:\/\/blogs.thesocialmedia.com\/leblogmoto\/2006\/03\/10\/honda-days-mett\/#primaryimage\"},\"thumbnailUrl\":\"http:\/\/www.leblogmoto.com\/images\/logo20honda.gif\",\"datePublished\":\"2006-03-10T21:23:22+00:00\",\"dateModified\":\"2012-07-11T14:17:11+00:00\",\"author\":{\"@id\":\"https:\/\/blogs.thesocialmedia.com\/leblogmoto\/#\/schema\/person\/1a1dcfc7cec206573105eb4af91155c2\"},\"breadcrumb\":{\"@id\":\"https:\/\/blogs.thesocialmedia.com\/leblogmoto\/2006\/03\/10\/honda-days-mett\/#breadcrumb\"},\"inLanguage\":\"fr-FR\",\"potentialAction\":[{\"@type\":\"ReadAction\",\"target\":[\"https:\/\/blogs.thesocialmedia.com\/leblogmoto\/2006\/03\/10\/honda-days-mett\/\"]}]},{\"@type\":\"ImageObject\",\"inLanguage\":\"fr-FR\",\"@id\":\"https:\/\/blogs.thesocialmedia.com\/leblogmoto\/2006\/03\/10\/honda-days-mett\/#primaryimage\",\"url\":\"http:\/\/www.leblogmoto.com\/images\/logo20honda.gif\",\"contentUrl\":\"http:\/\/www.leblogmoto.com\/images\/logo20honda.gif\"},{\"@type\":\"BreadcrumbList\",\"@id\":\"https:\/\/blogs.thesocialmedia.com\/leblogmoto\/2006\/03\/10\/honda-days-mett\/#breadcrumb\",\"itemListElement\":[{\"@type\":\"ListItem\",\"position\":1,\"name\":\"Accueil\",\"item\":\"https:\/\/blogs.thesocialmedia.com\/leblogmoto\/\"},{\"@type\":\"ListItem\",\"position\":2,\"name\":\"HONDA DAYS: Mettez les \u00e0 l&rsquo;\u00e9preuve.\"}]},{\"@type\":\"WebSite\",\"@id\":\"https:\/\/blogs.thesocialmedia.com\/leblogmoto\/#website\",\"url\":\"https:\/\/blogs.thesocialmedia.com\/leblogmoto\/\",\"name\":\"leblogmoto\",\"description\":\"Toute l&#039;actualit\u00e9 des 2 roues\",\"potentialAction\":[{\"@type\":\"SearchAction\",\"target\":{\"@type\":\"EntryPoint\",\"urlTemplate\":\"https:\/\/blogs.thesocialmedia.com\/leblogmoto\/?s={search_term_string}\"},\"query-input\":{\"@type\":\"PropertyValueSpecification\",\"valueRequired\":true,\"valueName\":\"search_term_string\"}}],\"inLanguage\":\"fr-FR\"},{\"@type\":\"Person\",\"@id\":\"https:\/\/blogs.thesocialmedia.com\/leblogmoto\/#\/schema\/person\/1a1dcfc7cec206573105eb4af91155c2\",\"name\":\"andre leconde\",\"image\":{\"@type\":\"ImageObject\",\"inLanguage\":\"fr-FR\",\"@id\":\"https:\/\/blogs.thesocialmedia.com\/leblogmoto\/#\/schema\/person\/image\/\",\"url\":\"https:\/\/secure.gravatar.com\/avatar\/?s=96&d=mm&r=g\",\"contentUrl\":\"https:\/\/secure.gravatar.com\/avatar\/?s=96&d=mm&r=g\",\"caption\":\"andre leconde\"},\"url\":\"https:\/\/blogs.thesocialmedia.com\/leblogmoto\/author\/andre-leconde\/\"}]}<\/script>\n<!-- \/ Yoast SEO plugin. -->","yoast_head_json":{"title":"HONDA DAYS: Mettez les \u00e0 l'\u00e9preuve. - leblogmoto.com","robots":{"index":"index","follow":"follow","max-snippet":"max-snippet:-1","max-image-preview":"max-image-preview:large","max-video-preview":"max-video-preview:-1"},"canonical":"https:\/\/blogs.thesocialmedia.com\/leblogmoto\/2006\/03\/10\/honda-days-mett\/","twitter_card":"summary_large_image","twitter_title":"HONDA DAYS: Mettez les \u00e0 l'\u00e9preuve. - leblogmoto.com","twitter_description":"Ce week-end, si vous \u00eates du c\u00f4t\u00e9 d&rsquo;ALES dans le Gard, vous avez l&rsquo;opportunit\u00e9 de mettre \u00e0 l&rsquo;\u00e9preuve la gamme HONDA. Du 11 au 12 mars, HONDA, en effet, organise ses essais sur circuit et sur route. Mais le programme ne s&rsquo;arr\u00eatera pas l\u00e0, champions et activit\u00e9s diverses viendront agr\u00e9menter ces deux jours qui profiteront [&hellip;]","twitter_image":"http:\/\/www.leblogmoto.com\/images\/logo20honda.gif","twitter_misc":{"\u00c9crit par":"andre leconde","Dur\u00e9e de lecture estim\u00e9e":"1 minute"},"schema":{"@context":"https:\/\/schema.org","@graph":[{"@type":"WebPage","@id":"https:\/\/blogs.thesocialmedia.com\/leblogmoto\/2006\/03\/10\/honda-days-mett\/","url":"https:\/\/blogs.thesocialmedia.com\/leblogmoto\/2006\/03\/10\/honda-days-mett\/","name":"HONDA DAYS: Mettez les \u00e0 l'\u00e9preuve. - leblogmoto.com","isPartOf":{"@id":"https:\/\/blogs.thesocialmedia.com\/leblogmoto\/#website"},"primaryImageOfPage":{"@id":"https:\/\/blogs.thesocialmedia.com\/leblogmoto\/2006\/03\/10\/honda-days-mett\/#primaryimage"},"image":{"@id":"https:\/\/blogs.thesocialmedia.com\/leblogmoto\/2006\/03\/10\/honda-days-mett\/#primaryimage"},"thumbnailUrl":"http:\/\/www.leblogmoto.com\/images\/logo20honda.gif","datePublished":"2006-03-10T21:23:22+00:00","dateModified":"2012-07-11T14:17:11+00:00","author":{"@id":"https:\/\/blogs.thesocialmedia.com\/leblogmoto\/#\/schema\/person\/1a1dcfc7cec206573105eb4af91155c2"},"breadcrumb":{"@id":"https:\/\/blogs.thesocialmedia.com\/leblogmoto\/2006\/03\/10\/honda-days-mett\/#breadcrumb"},"inLanguage":"fr-FR","potentialAction":[{"@type":"ReadAction","target":["https:\/\/blogs.thesocialmedia.com\/leblogmoto\/2006\/03\/10\/honda-days-mett\/"]}]},{"@type":"ImageObject","inLanguage":"fr-FR","@id":"https:\/\/blogs.thesocialmedia.com\/leblogmoto\/2006\/03\/10\/honda-days-mett\/#primaryimage","url":"http:\/\/www.leblogmoto.com\/images\/logo20honda.gif","contentUrl":"http:\/\/www.leblogmoto.com\/images\/logo20honda.gif"},{"@type":"BreadcrumbList","@id":"https:\/\/blogs.thesocialmedia.com\/leblogmoto\/2006\/03\/10\/honda-days-mett\/#breadcrumb","itemListElement":[{"@type":"ListItem","position":1,"name":"Accueil","item":"https:\/\/blogs.thesocialmedia.com\/leblogmoto\/"},{"@type":"ListItem","position":2,"name":"HONDA DAYS: Mettez les \u00e0 l&rsquo;\u00e9preuve."}]},{"@type":"WebSite","@id":"https:\/\/blogs.thesocialmedia.com\/leblogmoto\/#website","url":"https:\/\/blogs.thesocialmedia.com\/leblogmoto\/","name":"leblogmoto","description":"Toute l&#039;actualit\u00e9 des 2 roues","potentialAction":[{"@type":"SearchAction","target":{"@type":"EntryPoint","urlTemplate":"https:\/\/blogs.thesocialmedia.com\/leblogmoto\/?s={search_term_string}"},"query-input":{"@type":"PropertyValueSpecification","valueRequired":true,"valueName":"search_term_string"}}],"inLanguage":"fr-FR"},{"@type":"Person","@id":"https:\/\/blogs.thesocialmedia.com\/leblogmoto\/#\/schema\/person\/1a1dcfc7cec206573105eb4af91155c2","name":"andre leconde","image":{"@type":"ImageObject","inLanguage":"fr-FR","@id":"https:\/\/blogs.thesocialmedia.com\/leblogmoto\/#\/schema\/person\/image\/","url":"https:\/\/secure.gravatar.com\/avatar\/?s=96&d=mm&r=g","contentUrl":"https:\/\/secure.gravatar.com\/avatar\/?s=96&d=mm&r=g","caption":"andre leconde"},"url":"https:\/\/blogs.thesocialmedia.com\/leblogmoto\/author\/andre-leconde\/"}]}},"_links":{"self":[{"href":"https:\/\/blogs.thesocialmedia.com\/leblogmoto\/wp-json\/wp\/v2\/posts\/2007","targetHints":{"allow":["GET"]}}],"collection":[{"href":"https:\/\/blogs.thesocialmedia.com\/leblogmoto\/wp-json\/wp\/v2\/posts"}],"about":[{"href":"https:\/\/blogs.thesocialmedia.com\/leblogmoto\/wp-json\/wp\/v2\/types\/post"}],"author":[{"embeddable":true,"href":"https:\/\/blogs.thesocialmedia.com\/leblogmoto\/wp-json\/wp\/v2\/users\/336"}],"replies":[{"embeddable":true,"href":"https:\/\/blogs.thesocialmedia.com\/leblogmoto\/wp-json\/wp\/v2\/comments?post=2007"}],"version-history":[{"count":2,"href":"https:\/\/blogs.thesocialmedia.com\/leblogmoto\/wp-json\/wp\/v2\/posts\/2007\/revisions"}],"predecessor-version":[{"id":7135,"href":"https:\/\/blogs.thesocialmedia.com\/leblogmoto\/wp-json\/wp\/v2\/posts\/2007\/revisions\/7135"}],"wp:attachment":[{"href":"https:\/\/blogs.thesocialmedia.com\/leblogmoto\/wp-json\/wp\/v2\/media?parent=2007"}],"wp:term":[{"taxonomy":"category","embeddable":true,"href":"https:\/\/blogs.thesocialmedia.com\/leblogmoto\/wp-json\/wp\/v2\/categories?post=2007"},{"taxonomy":"post_tag","embeddable":true,"href":"https:\/\/blogs.thesocialmedia.com\/leblogmoto\/wp-json\/wp\/v2\/tags?post=2007"}],"curies":[{"name":"wp","href":"https:\/\/api.w.org\/{rel}","templated":true}]}}