{"id":2008,"date":"2006-03-09T22:10:00","date_gmt":"2006-03-09T22:10:00","guid":{"rendered":"http:\/\/blogs.thesocialmedia.com\/leblogmoto\/2006\/03\/09\/afficher-ses-co\/"},"modified":"2012-07-11T13:21:35","modified_gmt":"2012-07-11T13:21:35","slug":"afficher-ses-co","status":"publish","type":"post","link":"https:\/\/blogs.thesocialmedia.com\/leblogmoto\/2006\/03\/09\/afficher-ses-co\/","title":{"rendered":"KAWA a la fripe."},"content":{"rendered":"<p><a href=\"http:\/\/www.leblogmoto.com\/2006\/01\/le_salon_de_bru.html\"><img loading=\"lazy\" decoding=\"async\" height=\"333\" alt=\"W340h453_000003400d399331\" src=\"http:\/\/www.leblogmoto.com\/images\/w340h453_000003400d399331.jpg\" width=\"250\"  \/>Afficher<\/a> ses couleurs et son style, c&rsquo;est dans le vent, et, plus particuli\u00e8rement, ces derniers temps.<\/p>\n<p>Au nom de l&rsquo;<a href=\"http:\/\/www.leblogmoto.com\/2006\/01\/sportclassic_re.html\">Histoire<\/a>, les marques europ\u00e9ennes ont trust\u00e9 le concept, prenant de vitesse les blasons nippons. <\/p>\n<p>Ces derni\u00e8res ne pouvaient en rester l\u00e0 et voil\u00e0 que <a href=\"http:\/\/www.leblogmoto.com\/2005\/12\/z_750_le_succs_.html\">KAWASAKI<\/a> fait alliance avec <strong>DAINESE<\/strong> pour \u00e9laborer sa ligne.<\/p>\n<p>Le sceau qualitatif DAINESE appos\u00e9, on ne peut qu&rsquo;\u00eatre d&rsquo;ores et d\u00e9j\u00e0 rassur\u00e9 sur la qualit\u00e9 du produit, aussi bien en finition qu&rsquo;en s\u00e9curit\u00e9. <\/p>\n<p>Quant \u00e0 la tendance, elle fait \u00e9cho \u00e0 l&rsquo;aspect <a href=\"http:\/\/www.leblogmoto.com\/2006\/02\/bonneville_the_.html\">Vintage<\/a> particuli\u00e8rement en vogue&#8230;&nbsp; <\/p>\n<p><a href=\"http:\/\/clabedan.typepad.com\/.shared\/image.html?\/photos\/uncategorized\/w340h453_000003400d39722d.jpg\"><img loading=\"lazy\" decoding=\"async\" height=\"333\" alt=\"W340h453_000003400d39722d\" src=\"http:\/\/www.leblogmoto.com\/images\/w340h453_000003400d39722d.jpg\" width=\"250\"  \/><\/a>Deux mod\u00e9les de blouson sont ainsi propos\u00e9s: <strong>SAN<\/strong> <strong>MARCO<\/strong> et <strong>VENISE<\/strong>. Les deux sont autant propos\u00e9s \u00e0 la femme qu&rsquo;\u00e0 l&rsquo;homme. <\/p>\n<p>Pour le <strong>SAN MARCO<\/strong>, la couleur commune est le noir mari\u00e9 avec diff\u00e9rents tons, du jaune au vert en passant par le gris. C&rsquo;est un blouson textile avec protection compl\u00e8te des bras et des \u00e9paules, poche pour protection dorsale, imperm\u00e9able, doublure isolante amovible.<\/p>\n<p>Le <strong>VENISE<\/strong> est un style diff\u00e9rent, avec les m\u00eames protections mais aussi des bandes de cuir sur les bras et le dos. Des laizes orange\/jaune ou rouge\/jaune strient un fond gris ou noir.<\/p>\n<p>Le tout du XS au XXL. Pour les tarifs, rendez-vous dans les concessions.<\/p>\n<\/p>\n<p>&nbsp; SOURCE: <a href=\"http:\/\/www.kawasaki.fr\">www.kawasaki.fr<\/a><\/p>\n","protected":false},"excerpt":{"rendered":"<p>Afficher ses couleurs et son style, c&rsquo;est dans le vent, et, plus particuli\u00e8rement, ces derniers temps. Au nom de l&rsquo;Histoire, les marques europ\u00e9ennes ont trust\u00e9 le concept, prenant de vitesse les blasons nippons. Ces derni\u00e8res ne pouvaient en rester l\u00e0 et voil\u00e0 que KAWASAKI fait alliance avec DAINESE pour \u00e9laborer sa ligne. Le sceau qualitatif [&hellip;]<\/p>\n","protected":false},"author":336,"featured_media":0,"comment_status":"open","ping_status":"open","sticky":false,"template":"","format":"standard","meta":{"footnotes":""},"categories":[8,17,45],"tags":[],"class_list":["post-2008","post","type-post","status-publish","format-standard","hentry","category-chaines-et-cuirs","category-divers","category-kawasaki"],"yoast_head":"<!-- This site is optimized with the Yoast SEO plugin v26.0 - https:\/\/yoast.com\/wordpress\/plugins\/seo\/ -->\n<title>KAWA a la fripe. - leblogmoto.com<\/title>\n<meta name=\"robots\" content=\"index, follow, max-snippet:-1, max-image-preview:large, max-video-preview:-1\" \/>\n<link rel=\"canonical\" href=\"https:\/\/blogs.thesocialmedia.com\/leblogmoto\/2006\/03\/09\/afficher-ses-co\/\" \/>\n<meta name=\"twitter:card\" content=\"summary_large_image\" \/>\n<meta name=\"twitter:title\" content=\"KAWA a la fripe. - leblogmoto.com\" \/>\n<meta name=\"twitter:description\" content=\"Afficher ses couleurs et son style, c&rsquo;est dans le vent, et, plus particuli\u00e8rement, ces derniers temps. Au nom de l&rsquo;Histoire, les marques europ\u00e9ennes ont trust\u00e9 le concept, prenant de vitesse les blasons nippons. Ces derni\u00e8res ne pouvaient en rester l\u00e0 et voil\u00e0 que KAWASAKI fait alliance avec DAINESE pour \u00e9laborer sa ligne. Le sceau qualitatif [&hellip;]\" \/>\n<meta name=\"twitter:image\" content=\"http:\/\/www.leblogmoto.com\/images\/w340h453_000003400d399331.jpg\" \/>\n<meta name=\"twitter:label1\" content=\"\u00c9crit par\" \/>\n\t<meta name=\"twitter:data1\" content=\"andre leconde\" \/>\n\t<meta name=\"twitter:label2\" content=\"Dur\u00e9e de lecture estim\u00e9e\" \/>\n\t<meta name=\"twitter:data2\" content=\"1 minute\" \/>\n<script type=\"application\/ld+json\" class=\"yoast-schema-graph\">{\"@context\":\"https:\/\/schema.org\",\"@graph\":[{\"@type\":\"WebPage\",\"@id\":\"https:\/\/blogs.thesocialmedia.com\/leblogmoto\/2006\/03\/09\/afficher-ses-co\/\",\"url\":\"https:\/\/blogs.thesocialmedia.com\/leblogmoto\/2006\/03\/09\/afficher-ses-co\/\",\"name\":\"KAWA a la fripe. - leblogmoto.com\",\"isPartOf\":{\"@id\":\"https:\/\/blogs.thesocialmedia.com\/leblogmoto\/#website\"},\"primaryImageOfPage\":{\"@id\":\"https:\/\/blogs.thesocialmedia.com\/leblogmoto\/2006\/03\/09\/afficher-ses-co\/#primaryimage\"},\"image\":{\"@id\":\"https:\/\/blogs.thesocialmedia.com\/leblogmoto\/2006\/03\/09\/afficher-ses-co\/#primaryimage\"},\"thumbnailUrl\":\"http:\/\/www.leblogmoto.com\/images\/w340h453_000003400d399331.jpg\",\"datePublished\":\"2006-03-09T22:10:00+00:00\",\"dateModified\":\"2012-07-11T13:21:35+00:00\",\"author\":{\"@id\":\"https:\/\/blogs.thesocialmedia.com\/leblogmoto\/#\/schema\/person\/1a1dcfc7cec206573105eb4af91155c2\"},\"breadcrumb\":{\"@id\":\"https:\/\/blogs.thesocialmedia.com\/leblogmoto\/2006\/03\/09\/afficher-ses-co\/#breadcrumb\"},\"inLanguage\":\"fr-FR\",\"potentialAction\":[{\"@type\":\"ReadAction\",\"target\":[\"https:\/\/blogs.thesocialmedia.com\/leblogmoto\/2006\/03\/09\/afficher-ses-co\/\"]}]},{\"@type\":\"ImageObject\",\"inLanguage\":\"fr-FR\",\"@id\":\"https:\/\/blogs.thesocialmedia.com\/leblogmoto\/2006\/03\/09\/afficher-ses-co\/#primaryimage\",\"url\":\"http:\/\/www.leblogmoto.com\/images\/w340h453_000003400d399331.jpg\",\"contentUrl\":\"http:\/\/www.leblogmoto.com\/images\/w340h453_000003400d399331.jpg\"},{\"@type\":\"BreadcrumbList\",\"@id\":\"https:\/\/blogs.thesocialmedia.com\/leblogmoto\/2006\/03\/09\/afficher-ses-co\/#breadcrumb\",\"itemListElement\":[{\"@type\":\"ListItem\",\"position\":1,\"name\":\"Accueil\",\"item\":\"https:\/\/blogs.thesocialmedia.com\/leblogmoto\/\"},{\"@type\":\"ListItem\",\"position\":2,\"name\":\"KAWA a la fripe.\"}]},{\"@type\":\"WebSite\",\"@id\":\"https:\/\/blogs.thesocialmedia.com\/leblogmoto\/#website\",\"url\":\"https:\/\/blogs.thesocialmedia.com\/leblogmoto\/\",\"name\":\"leblogmoto\",\"description\":\"Toute l&#039;actualit\u00e9 des 2 roues\",\"potentialAction\":[{\"@type\":\"SearchAction\",\"target\":{\"@type\":\"EntryPoint\",\"urlTemplate\":\"https:\/\/blogs.thesocialmedia.com\/leblogmoto\/?s={search_term_string}\"},\"query-input\":{\"@type\":\"PropertyValueSpecification\",\"valueRequired\":true,\"valueName\":\"search_term_string\"}}],\"inLanguage\":\"fr-FR\"},{\"@type\":\"Person\",\"@id\":\"https:\/\/blogs.thesocialmedia.com\/leblogmoto\/#\/schema\/person\/1a1dcfc7cec206573105eb4af91155c2\",\"name\":\"andre leconde\",\"image\":{\"@type\":\"ImageObject\",\"inLanguage\":\"fr-FR\",\"@id\":\"https:\/\/blogs.thesocialmedia.com\/leblogmoto\/#\/schema\/person\/image\/\",\"url\":\"https:\/\/secure.gravatar.com\/avatar\/?s=96&d=mm&r=g\",\"contentUrl\":\"https:\/\/secure.gravatar.com\/avatar\/?s=96&d=mm&r=g\",\"caption\":\"andre leconde\"},\"url\":\"https:\/\/blogs.thesocialmedia.com\/leblogmoto\/author\/andre-leconde\/\"}]}<\/script>\n<!-- \/ Yoast SEO plugin. -->","yoast_head_json":{"title":"KAWA a la fripe. - leblogmoto.com","robots":{"index":"index","follow":"follow","max-snippet":"max-snippet:-1","max-image-preview":"max-image-preview:large","max-video-preview":"max-video-preview:-1"},"canonical":"https:\/\/blogs.thesocialmedia.com\/leblogmoto\/2006\/03\/09\/afficher-ses-co\/","twitter_card":"summary_large_image","twitter_title":"KAWA a la fripe. - leblogmoto.com","twitter_description":"Afficher ses couleurs et son style, c&rsquo;est dans le vent, et, plus particuli\u00e8rement, ces derniers temps. Au nom de l&rsquo;Histoire, les marques europ\u00e9ennes ont trust\u00e9 le concept, prenant de vitesse les blasons nippons. Ces derni\u00e8res ne pouvaient en rester l\u00e0 et voil\u00e0 que KAWASAKI fait alliance avec DAINESE pour \u00e9laborer sa ligne. Le sceau qualitatif [&hellip;]","twitter_image":"http:\/\/www.leblogmoto.com\/images\/w340h453_000003400d399331.jpg","twitter_misc":{"\u00c9crit par":"andre leconde","Dur\u00e9e de lecture estim\u00e9e":"1 minute"},"schema":{"@context":"https:\/\/schema.org","@graph":[{"@type":"WebPage","@id":"https:\/\/blogs.thesocialmedia.com\/leblogmoto\/2006\/03\/09\/afficher-ses-co\/","url":"https:\/\/blogs.thesocialmedia.com\/leblogmoto\/2006\/03\/09\/afficher-ses-co\/","name":"KAWA a la fripe. - leblogmoto.com","isPartOf":{"@id":"https:\/\/blogs.thesocialmedia.com\/leblogmoto\/#website"},"primaryImageOfPage":{"@id":"https:\/\/blogs.thesocialmedia.com\/leblogmoto\/2006\/03\/09\/afficher-ses-co\/#primaryimage"},"image":{"@id":"https:\/\/blogs.thesocialmedia.com\/leblogmoto\/2006\/03\/09\/afficher-ses-co\/#primaryimage"},"thumbnailUrl":"http:\/\/www.leblogmoto.com\/images\/w340h453_000003400d399331.jpg","datePublished":"2006-03-09T22:10:00+00:00","dateModified":"2012-07-11T13:21:35+00:00","author":{"@id":"https:\/\/blogs.thesocialmedia.com\/leblogmoto\/#\/schema\/person\/1a1dcfc7cec206573105eb4af91155c2"},"breadcrumb":{"@id":"https:\/\/blogs.thesocialmedia.com\/leblogmoto\/2006\/03\/09\/afficher-ses-co\/#breadcrumb"},"inLanguage":"fr-FR","potentialAction":[{"@type":"ReadAction","target":["https:\/\/blogs.thesocialmedia.com\/leblogmoto\/2006\/03\/09\/afficher-ses-co\/"]}]},{"@type":"ImageObject","inLanguage":"fr-FR","@id":"https:\/\/blogs.thesocialmedia.com\/leblogmoto\/2006\/03\/09\/afficher-ses-co\/#primaryimage","url":"http:\/\/www.leblogmoto.com\/images\/w340h453_000003400d399331.jpg","contentUrl":"http:\/\/www.leblogmoto.com\/images\/w340h453_000003400d399331.jpg"},{"@type":"BreadcrumbList","@id":"https:\/\/blogs.thesocialmedia.com\/leblogmoto\/2006\/03\/09\/afficher-ses-co\/#breadcrumb","itemListElement":[{"@type":"ListItem","position":1,"name":"Accueil","item":"https:\/\/blogs.thesocialmedia.com\/leblogmoto\/"},{"@type":"ListItem","position":2,"name":"KAWA a la fripe."}]},{"@type":"WebSite","@id":"https:\/\/blogs.thesocialmedia.com\/leblogmoto\/#website","url":"https:\/\/blogs.thesocialmedia.com\/leblogmoto\/","name":"leblogmoto","description":"Toute l&#039;actualit\u00e9 des 2 roues","potentialAction":[{"@type":"SearchAction","target":{"@type":"EntryPoint","urlTemplate":"https:\/\/blogs.thesocialmedia.com\/leblogmoto\/?s={search_term_string}"},"query-input":{"@type":"PropertyValueSpecification","valueRequired":true,"valueName":"search_term_string"}}],"inLanguage":"fr-FR"},{"@type":"Person","@id":"https:\/\/blogs.thesocialmedia.com\/leblogmoto\/#\/schema\/person\/1a1dcfc7cec206573105eb4af91155c2","name":"andre leconde","image":{"@type":"ImageObject","inLanguage":"fr-FR","@id":"https:\/\/blogs.thesocialmedia.com\/leblogmoto\/#\/schema\/person\/image\/","url":"https:\/\/secure.gravatar.com\/avatar\/?s=96&d=mm&r=g","contentUrl":"https:\/\/secure.gravatar.com\/avatar\/?s=96&d=mm&r=g","caption":"andre leconde"},"url":"https:\/\/blogs.thesocialmedia.com\/leblogmoto\/author\/andre-leconde\/"}]}},"_links":{"self":[{"href":"https:\/\/blogs.thesocialmedia.com\/leblogmoto\/wp-json\/wp\/v2\/posts\/2008","targetHints":{"allow":["GET"]}}],"collection":[{"href":"https:\/\/blogs.thesocialmedia.com\/leblogmoto\/wp-json\/wp\/v2\/posts"}],"about":[{"href":"https:\/\/blogs.thesocialmedia.com\/leblogmoto\/wp-json\/wp\/v2\/types\/post"}],"author":[{"embeddable":true,"href":"https:\/\/blogs.thesocialmedia.com\/leblogmoto\/wp-json\/wp\/v2\/users\/336"}],"replies":[{"embeddable":true,"href":"https:\/\/blogs.thesocialmedia.com\/leblogmoto\/wp-json\/wp\/v2\/comments?post=2008"}],"version-history":[{"count":1,"href":"https:\/\/blogs.thesocialmedia.com\/leblogmoto\/wp-json\/wp\/v2\/posts\/2008\/revisions"}],"predecessor-version":[{"id":3168,"href":"https:\/\/blogs.thesocialmedia.com\/leblogmoto\/wp-json\/wp\/v2\/posts\/2008\/revisions\/3168"}],"wp:attachment":[{"href":"https:\/\/blogs.thesocialmedia.com\/leblogmoto\/wp-json\/wp\/v2\/media?parent=2008"}],"wp:term":[{"taxonomy":"category","embeddable":true,"href":"https:\/\/blogs.thesocialmedia.com\/leblogmoto\/wp-json\/wp\/v2\/categories?post=2008"},{"taxonomy":"post_tag","embeddable":true,"href":"https:\/\/blogs.thesocialmedia.com\/leblogmoto\/wp-json\/wp\/v2\/tags?post=2008"}],"curies":[{"name":"wp","href":"https:\/\/api.w.org\/{rel}","templated":true}]}}