{"id":2011,"date":"2006-03-08T23:55:39","date_gmt":"2006-03-08T23:55:39","guid":{"rendered":"http:\/\/blogs.thesocialmedia.com\/leblogmoto\/2006\/03\/08\/lgende-des-hros-3\/"},"modified":"2012-07-11T14:17:06","modified_gmt":"2012-07-11T14:17:06","slug":"lgende-des-hros-3","status":"publish","type":"post","link":"https:\/\/blogs.thesocialmedia.com\/leblogmoto\/2006\/03\/08\/lgende-des-hros-3\/","title":{"rendered":"L\u00e9gende des H\u00e9ros: Vivement l&rsquo;ann\u00e9e prochaine !"},"content":{"rendered":"<p><a href=\"http:\/\/blogs.thesocialmedia.com\/leblogmoto\/files\/2012\/07\/amsdakar2004.jpg\"><img loading=\"lazy\" decoding=\"async\" height=\"187\" alt=\"Amsdakar2004\" src=\"http:\/\/www.leblogmoto.com\/images\/amsdakar2004.jpg\" width=\"250\"  \/><\/a>L&rsquo;aventure initi\u00e9e par l&rsquo;\u00e9quipe de l&#8217;embl\u00e9matique <a href=\"http:\/\/www.leblogmoto.com\/2005\/10\/auriol_prsent_a.html\">Hubert AURIOL<\/a> s&rsquo;est termin\u00e9e le <strong>4 mars<\/strong> dernier dans la joie et la bonne humeur. Cette derni\u00e8re n&rsquo;a jamais fait d\u00e9faut depuis le <strong>18 f\u00e9vrier<\/strong>, date de l&rsquo;envol\u00e9e de <strong>25 <\/strong>\u00e9quipages de trois pilotes au guidon de leur <a href=\"http:\/\/www.leblogmoto.com\/2006\/01\/500_xt_la_matri.html\">500 XT<\/a>.<\/p>\n<p><strong>Trois<\/strong> pilotes, <strong>une<\/strong> moto, <strong>un<\/strong> v\u00e9hicule d&rsquo;assistance et <strong>10 000<\/strong> euros par \u00e9quipage, voil\u00e0 ce qu&rsquo;il fallait pour rouler dans les traces de la <a href=\"http:\/\/www.leblogmoto.com\/2005\/12\/la_toute_premir.html\">l\u00e9gende<\/a> du PARIS-DAKAR.<\/p>\n<p>Tout c&rsquo;est bien pass\u00e9, il y a eu une course et des vainqueurs, des fran\u00e7ais qui plus est. Et l&rsquo;ann\u00e9e prochaine, on remettra \u00e7a avec un plateau plus ouvert&#8230;&nbsp; &nbsp;<\/p>\n<p><a href=\"http:\/\/clabedan.typepad.com\/.shared\/image.html?\/photos\/uncategorized\/yamahaxt500bijeiffeltoren2.jpg\"><img loading=\"lazy\" decoding=\"async\" height=\"377\" alt=\"Yamahaxt500bijeiffeltoren2\" src=\"http:\/\/www.leblogmoto.com\/images\/yamahaxt500bijeiffeltoren2.jpg\" width=\"250\"  \/><\/a>C&rsquo;est donc l&rsquo;une des <strong>cinq<\/strong> \u00e9quipes fran\u00e7aises engag\u00e9es parmi les 25 constitu\u00e9es (dont <strong>18<\/strong> hollandaises et <strong>deux<\/strong> allemandes) qui ont remport\u00e9 cette \u00e9dition mariant parfaitement comp\u00e9tition et \u00e9vasion dans un environnement convivial.<\/p>\n<p>Gloire donc au <strong>Team Faucigny Mont-Blanc<\/strong> et \u00e0 ses soci\u00e8taires, <strong>Camille LEROY<\/strong> 49 ans, <strong>Simon DROUX<\/strong>, 62 ans et <strong>Xavier HOSTACHE<\/strong> 40 ans. <\/p>\n<p>Bivouacs et m\u00e9canique sous la neige de l&rsquo;Atlas ou sous les vents de sable, parcours caillouteux, des dunes, des oasis, ils en sont tous revenus, ravis de ce qui n&rsquo;\u00e9tait pourtant pas, au regard des moyennes \u00e0 tenir, un circuit touristique.<\/p>\n<p>Une formule qui fait des \u00e9mules. Pour les satisfaire, Hubert AURIOL remettra le couvert l&rsquo;ann\u00e9e prochaine. Avec des<strong> R 80 GS<\/strong> en plus des XT.&nbsp; &nbsp; <\/p>\n<p>SOURCE: <a href=\"http:\/\/www.moto-net.com\/\">www.moto-net.com<\/a><\/p>\n","protected":false},"excerpt":{"rendered":"<p>L&rsquo;aventure initi\u00e9e par l&rsquo;\u00e9quipe de l&#8217;embl\u00e9matique Hubert AURIOL s&rsquo;est termin\u00e9e le 4 mars dernier dans la joie et la bonne humeur. Cette derni\u00e8re n&rsquo;a jamais fait d\u00e9faut depuis le 18 f\u00e9vrier, date de l&rsquo;envol\u00e9e de 25 \u00e9quipages de trois pilotes au guidon de leur 500 XT. Trois pilotes, une moto, un v\u00e9hicule d&rsquo;assistance et 10 [&hellip;]<\/p>\n","protected":false},"author":336,"featured_media":0,"comment_status":"open","ping_status":"open","sticky":false,"template":"","format":"standard","meta":{"footnotes":""},"categories":[9,32,44],"tags":[],"class_list":["post-2011","post","type-post","status-publish","format-standard","hentry","category-historique","category-sport-moto","category-yamaha"],"yoast_head":"<!-- This site is optimized with the Yoast SEO plugin v26.0 - https:\/\/yoast.com\/wordpress\/plugins\/seo\/ -->\n<title>L\u00e9gende des H\u00e9ros: Vivement l&#039;ann\u00e9e prochaine ! - leblogmoto.com<\/title>\n<meta name=\"robots\" content=\"index, follow, max-snippet:-1, max-image-preview:large, max-video-preview:-1\" \/>\n<link rel=\"canonical\" href=\"https:\/\/blogs.thesocialmedia.com\/leblogmoto\/2006\/03\/08\/lgende-des-hros-3\/\" \/>\n<meta name=\"twitter:card\" content=\"summary_large_image\" \/>\n<meta name=\"twitter:title\" content=\"L\u00e9gende des H\u00e9ros: Vivement l&#039;ann\u00e9e prochaine ! - leblogmoto.com\" \/>\n<meta name=\"twitter:description\" content=\"L&rsquo;aventure initi\u00e9e par l&rsquo;\u00e9quipe de l&#8217;embl\u00e9matique Hubert AURIOL s&rsquo;est termin\u00e9e le 4 mars dernier dans la joie et la bonne humeur. Cette derni\u00e8re n&rsquo;a jamais fait d\u00e9faut depuis le 18 f\u00e9vrier, date de l&rsquo;envol\u00e9e de 25 \u00e9quipages de trois pilotes au guidon de leur 500 XT. Trois pilotes, une moto, un v\u00e9hicule d&rsquo;assistance et 10 [&hellip;]\" \/>\n<meta name=\"twitter:image\" content=\"http:\/\/www.leblogmoto.com\/images\/amsdakar2004.jpg\" \/>\n<meta name=\"twitter:label1\" content=\"\u00c9crit par\" \/>\n\t<meta name=\"twitter:data1\" content=\"andre leconde\" \/>\n\t<meta name=\"twitter:label2\" content=\"Dur\u00e9e de lecture estim\u00e9e\" \/>\n\t<meta name=\"twitter:data2\" content=\"1 minute\" \/>\n<script type=\"application\/ld+json\" class=\"yoast-schema-graph\">{\"@context\":\"https:\/\/schema.org\",\"@graph\":[{\"@type\":\"WebPage\",\"@id\":\"https:\/\/blogs.thesocialmedia.com\/leblogmoto\/2006\/03\/08\/lgende-des-hros-3\/\",\"url\":\"https:\/\/blogs.thesocialmedia.com\/leblogmoto\/2006\/03\/08\/lgende-des-hros-3\/\",\"name\":\"L\u00e9gende des H\u00e9ros: Vivement l'ann\u00e9e prochaine ! - leblogmoto.com\",\"isPartOf\":{\"@id\":\"https:\/\/blogs.thesocialmedia.com\/leblogmoto\/#website\"},\"primaryImageOfPage\":{\"@id\":\"https:\/\/blogs.thesocialmedia.com\/leblogmoto\/2006\/03\/08\/lgende-des-hros-3\/#primaryimage\"},\"image\":{\"@id\":\"https:\/\/blogs.thesocialmedia.com\/leblogmoto\/2006\/03\/08\/lgende-des-hros-3\/#primaryimage\"},\"thumbnailUrl\":\"http:\/\/www.leblogmoto.com\/images\/amsdakar2004.jpg\",\"datePublished\":\"2006-03-08T23:55:39+00:00\",\"dateModified\":\"2012-07-11T14:17:06+00:00\",\"author\":{\"@id\":\"https:\/\/blogs.thesocialmedia.com\/leblogmoto\/#\/schema\/person\/1a1dcfc7cec206573105eb4af91155c2\"},\"breadcrumb\":{\"@id\":\"https:\/\/blogs.thesocialmedia.com\/leblogmoto\/2006\/03\/08\/lgende-des-hros-3\/#breadcrumb\"},\"inLanguage\":\"fr-FR\",\"potentialAction\":[{\"@type\":\"ReadAction\",\"target\":[\"https:\/\/blogs.thesocialmedia.com\/leblogmoto\/2006\/03\/08\/lgende-des-hros-3\/\"]}]},{\"@type\":\"ImageObject\",\"inLanguage\":\"fr-FR\",\"@id\":\"https:\/\/blogs.thesocialmedia.com\/leblogmoto\/2006\/03\/08\/lgende-des-hros-3\/#primaryimage\",\"url\":\"http:\/\/www.leblogmoto.com\/images\/amsdakar2004.jpg\",\"contentUrl\":\"http:\/\/www.leblogmoto.com\/images\/amsdakar2004.jpg\"},{\"@type\":\"BreadcrumbList\",\"@id\":\"https:\/\/blogs.thesocialmedia.com\/leblogmoto\/2006\/03\/08\/lgende-des-hros-3\/#breadcrumb\",\"itemListElement\":[{\"@type\":\"ListItem\",\"position\":1,\"name\":\"Accueil\",\"item\":\"https:\/\/blogs.thesocialmedia.com\/leblogmoto\/\"},{\"@type\":\"ListItem\",\"position\":2,\"name\":\"L\u00e9gende des H\u00e9ros: Vivement l&rsquo;ann\u00e9e prochaine !\"}]},{\"@type\":\"WebSite\",\"@id\":\"https:\/\/blogs.thesocialmedia.com\/leblogmoto\/#website\",\"url\":\"https:\/\/blogs.thesocialmedia.com\/leblogmoto\/\",\"name\":\"leblogmoto\",\"description\":\"Toute l&#039;actualit\u00e9 des 2 roues\",\"potentialAction\":[{\"@type\":\"SearchAction\",\"target\":{\"@type\":\"EntryPoint\",\"urlTemplate\":\"https:\/\/blogs.thesocialmedia.com\/leblogmoto\/?s={search_term_string}\"},\"query-input\":{\"@type\":\"PropertyValueSpecification\",\"valueRequired\":true,\"valueName\":\"search_term_string\"}}],\"inLanguage\":\"fr-FR\"},{\"@type\":\"Person\",\"@id\":\"https:\/\/blogs.thesocialmedia.com\/leblogmoto\/#\/schema\/person\/1a1dcfc7cec206573105eb4af91155c2\",\"name\":\"andre leconde\",\"image\":{\"@type\":\"ImageObject\",\"inLanguage\":\"fr-FR\",\"@id\":\"https:\/\/blogs.thesocialmedia.com\/leblogmoto\/#\/schema\/person\/image\/\",\"url\":\"https:\/\/secure.gravatar.com\/avatar\/?s=96&d=mm&r=g\",\"contentUrl\":\"https:\/\/secure.gravatar.com\/avatar\/?s=96&d=mm&r=g\",\"caption\":\"andre leconde\"},\"url\":\"https:\/\/blogs.thesocialmedia.com\/leblogmoto\/author\/andre-leconde\/\"}]}<\/script>\n<!-- \/ Yoast SEO plugin. -->","yoast_head_json":{"title":"L\u00e9gende des H\u00e9ros: Vivement l'ann\u00e9e prochaine ! - leblogmoto.com","robots":{"index":"index","follow":"follow","max-snippet":"max-snippet:-1","max-image-preview":"max-image-preview:large","max-video-preview":"max-video-preview:-1"},"canonical":"https:\/\/blogs.thesocialmedia.com\/leblogmoto\/2006\/03\/08\/lgende-des-hros-3\/","twitter_card":"summary_large_image","twitter_title":"L\u00e9gende des H\u00e9ros: Vivement l'ann\u00e9e prochaine ! - leblogmoto.com","twitter_description":"L&rsquo;aventure initi\u00e9e par l&rsquo;\u00e9quipe de l&#8217;embl\u00e9matique Hubert AURIOL s&rsquo;est termin\u00e9e le 4 mars dernier dans la joie et la bonne humeur. Cette derni\u00e8re n&rsquo;a jamais fait d\u00e9faut depuis le 18 f\u00e9vrier, date de l&rsquo;envol\u00e9e de 25 \u00e9quipages de trois pilotes au guidon de leur 500 XT. Trois pilotes, une moto, un v\u00e9hicule d&rsquo;assistance et 10 [&hellip;]","twitter_image":"http:\/\/www.leblogmoto.com\/images\/amsdakar2004.jpg","twitter_misc":{"\u00c9crit par":"andre leconde","Dur\u00e9e de lecture estim\u00e9e":"1 minute"},"schema":{"@context":"https:\/\/schema.org","@graph":[{"@type":"WebPage","@id":"https:\/\/blogs.thesocialmedia.com\/leblogmoto\/2006\/03\/08\/lgende-des-hros-3\/","url":"https:\/\/blogs.thesocialmedia.com\/leblogmoto\/2006\/03\/08\/lgende-des-hros-3\/","name":"L\u00e9gende des H\u00e9ros: Vivement l'ann\u00e9e prochaine ! - leblogmoto.com","isPartOf":{"@id":"https:\/\/blogs.thesocialmedia.com\/leblogmoto\/#website"},"primaryImageOfPage":{"@id":"https:\/\/blogs.thesocialmedia.com\/leblogmoto\/2006\/03\/08\/lgende-des-hros-3\/#primaryimage"},"image":{"@id":"https:\/\/blogs.thesocialmedia.com\/leblogmoto\/2006\/03\/08\/lgende-des-hros-3\/#primaryimage"},"thumbnailUrl":"http:\/\/www.leblogmoto.com\/images\/amsdakar2004.jpg","datePublished":"2006-03-08T23:55:39+00:00","dateModified":"2012-07-11T14:17:06+00:00","author":{"@id":"https:\/\/blogs.thesocialmedia.com\/leblogmoto\/#\/schema\/person\/1a1dcfc7cec206573105eb4af91155c2"},"breadcrumb":{"@id":"https:\/\/blogs.thesocialmedia.com\/leblogmoto\/2006\/03\/08\/lgende-des-hros-3\/#breadcrumb"},"inLanguage":"fr-FR","potentialAction":[{"@type":"ReadAction","target":["https:\/\/blogs.thesocialmedia.com\/leblogmoto\/2006\/03\/08\/lgende-des-hros-3\/"]}]},{"@type":"ImageObject","inLanguage":"fr-FR","@id":"https:\/\/blogs.thesocialmedia.com\/leblogmoto\/2006\/03\/08\/lgende-des-hros-3\/#primaryimage","url":"http:\/\/www.leblogmoto.com\/images\/amsdakar2004.jpg","contentUrl":"http:\/\/www.leblogmoto.com\/images\/amsdakar2004.jpg"},{"@type":"BreadcrumbList","@id":"https:\/\/blogs.thesocialmedia.com\/leblogmoto\/2006\/03\/08\/lgende-des-hros-3\/#breadcrumb","itemListElement":[{"@type":"ListItem","position":1,"name":"Accueil","item":"https:\/\/blogs.thesocialmedia.com\/leblogmoto\/"},{"@type":"ListItem","position":2,"name":"L\u00e9gende des H\u00e9ros: Vivement l&rsquo;ann\u00e9e prochaine !"}]},{"@type":"WebSite","@id":"https:\/\/blogs.thesocialmedia.com\/leblogmoto\/#website","url":"https:\/\/blogs.thesocialmedia.com\/leblogmoto\/","name":"leblogmoto","description":"Toute l&#039;actualit\u00e9 des 2 roues","potentialAction":[{"@type":"SearchAction","target":{"@type":"EntryPoint","urlTemplate":"https:\/\/blogs.thesocialmedia.com\/leblogmoto\/?s={search_term_string}"},"query-input":{"@type":"PropertyValueSpecification","valueRequired":true,"valueName":"search_term_string"}}],"inLanguage":"fr-FR"},{"@type":"Person","@id":"https:\/\/blogs.thesocialmedia.com\/leblogmoto\/#\/schema\/person\/1a1dcfc7cec206573105eb4af91155c2","name":"andre leconde","image":{"@type":"ImageObject","inLanguage":"fr-FR","@id":"https:\/\/blogs.thesocialmedia.com\/leblogmoto\/#\/schema\/person\/image\/","url":"https:\/\/secure.gravatar.com\/avatar\/?s=96&d=mm&r=g","contentUrl":"https:\/\/secure.gravatar.com\/avatar\/?s=96&d=mm&r=g","caption":"andre leconde"},"url":"https:\/\/blogs.thesocialmedia.com\/leblogmoto\/author\/andre-leconde\/"}]}},"_links":{"self":[{"href":"https:\/\/blogs.thesocialmedia.com\/leblogmoto\/wp-json\/wp\/v2\/posts\/2011","targetHints":{"allow":["GET"]}}],"collection":[{"href":"https:\/\/blogs.thesocialmedia.com\/leblogmoto\/wp-json\/wp\/v2\/posts"}],"about":[{"href":"https:\/\/blogs.thesocialmedia.com\/leblogmoto\/wp-json\/wp\/v2\/types\/post"}],"author":[{"embeddable":true,"href":"https:\/\/blogs.thesocialmedia.com\/leblogmoto\/wp-json\/wp\/v2\/users\/336"}],"replies":[{"embeddable":true,"href":"https:\/\/blogs.thesocialmedia.com\/leblogmoto\/wp-json\/wp\/v2\/comments?post=2011"}],"version-history":[{"count":2,"href":"https:\/\/blogs.thesocialmedia.com\/leblogmoto\/wp-json\/wp\/v2\/posts\/2011\/revisions"}],"predecessor-version":[{"id":7129,"href":"https:\/\/blogs.thesocialmedia.com\/leblogmoto\/wp-json\/wp\/v2\/posts\/2011\/revisions\/7129"}],"wp:attachment":[{"href":"https:\/\/blogs.thesocialmedia.com\/leblogmoto\/wp-json\/wp\/v2\/media?parent=2011"}],"wp:term":[{"taxonomy":"category","embeddable":true,"href":"https:\/\/blogs.thesocialmedia.com\/leblogmoto\/wp-json\/wp\/v2\/categories?post=2011"},{"taxonomy":"post_tag","embeddable":true,"href":"https:\/\/blogs.thesocialmedia.com\/leblogmoto\/wp-json\/wp\/v2\/tags?post=2011"}],"curies":[{"name":"wp","href":"https:\/\/api.w.org\/{rel}","templated":true}]}}