{"id":2012,"date":"2006-03-08T22:25:10","date_gmt":"2006-03-08T22:25:10","guid":{"rendered":"http:\/\/blogs.thesocialmedia.com\/leblogmoto\/2006\/03\/08\/mv-agusta-vous\/"},"modified":"2012-07-11T14:17:04","modified_gmt":"2012-07-11T14:17:04","slug":"mv-agusta-vous","status":"publish","type":"post","link":"https:\/\/blogs.thesocialmedia.com\/leblogmoto\/2006\/03\/08\/mv-agusta-vous\/","title":{"rendered":"MV AGUSTA vous met le pied \u00e0 l&rsquo;\u00e9trier."},"content":{"rendered":"<p><a href=\"http:\/\/blogs.thesocialmedia.com\/leblogmoto\/files\/2012\/07\/mv_brutale750.jpg\"><img loading=\"lazy\" decoding=\"async\" height=\"200\" alt=\"Mv_brutale750\" src=\"http:\/\/www.leblogmoto.com\/images\/mv_brutale750.jpg\" width=\"250\"  \/><\/a>La chaleureuse marque <a href=\"http:\/\/www.leblogmoto.com\/2006\/02\/forza_agusta_.html\">MV AGUSTA<\/a> a d\u00e9cid\u00e9, pour un temps, de se montrer magnanime envers celles et ceux qui voudraient bien chevaucher une de leurs oeuvres et qui n&rsquo;en peuvent mais.<\/p>\n<p>En fait, c&rsquo;est \u00e0 l&rsquo;importateur <a href=\"http:\/\/www.leblogmoto.com\/2006\/02\/des_soldes_fair.html\">SIMA<\/a> que l&rsquo;on doit le geste. <\/p>\n<p>Une<a href=\"http:\/\/www.leblogmoto.com\/2006\/02\/mv_agusta_bruta.html\"> BRUTALE<\/a> 750 moins inaccessible et une <a href=\"http:\/\/www.leblogmoto.com\/2006\/01\/mv_f4_veltro_la.html\">F4<\/a> 1 000 1+1 livr\u00e9e avec le blouson authentique pour un euro symbolique, voil\u00e0 les opportunit\u00e9s offertes&#8230;&nbsp; &nbsp; <\/p>\n<p><a href=\"http:\/\/clabedan.typepad.com\/.shared\/image.html?\/photos\/uncategorized\/mv_f4_1000s_1.jpg\"><img loading=\"lazy\" decoding=\"async\" height=\"162\" alt=\"Mv_f4_1000s_1\" src=\"http:\/\/www.leblogmoto.com\/images\/mv_f4_1000s_1.jpg\" width=\"250\"  \/><\/a>C&rsquo;est ainsi qu&rsquo;une MV AGUSTA <strong>750 Brutale<\/strong> mill\u00e9sime 2005 se n\u00e9gocie \u00e0 <strong>1 200<\/strong> euros de moins jusqu&rsquo;\u00e0 \u00e9coulement des stocks. Concr\u00e8tement, \u00e7a nous fait la b\u00eate \u00e0 <strong>13 699<\/strong> euros plut\u00f4t qu&rsquo;\u00e0 14 899. Ce n&rsquo;est pas encore donn\u00e9, mais on rel\u00e8ve le geste sur une machine par bien des aspects exceptionnelle, au caract\u00e8re bien tremp\u00e9.<\/p>\n<p>Une autre qui ne laisse pas sa part au chien en mati\u00e8re de temp\u00e9rament, c&rsquo;est la <strong>F4 1 000 1+1<\/strong>. L\u00e0, on continuera \u00e0 pleurer devant son tarif de <strong>20 999<\/strong> euros, mais on pourra repartir avec <strong>un blouson<\/strong> en plus de la belle, qui vous habillera pour l&rsquo;hiver, comme le fera votre banquier lorsqu&rsquo;il d\u00e9couvrira, mais trop tard, que l&rsquo;utilisation du pr\u00eat accord\u00e9 n&rsquo;a pas grand chose \u00e0 voir avec le motif initialement expos\u00e9&#8230;&nbsp; <\/p>\n<p>SOURCE: <a href=\"http:\/\/www.simamoto.fr\/\">www.simamoto.fr<\/a> <\/p>\n","protected":false},"excerpt":{"rendered":"<p>La chaleureuse marque MV AGUSTA a d\u00e9cid\u00e9, pour un temps, de se montrer magnanime envers celles et ceux qui voudraient bien chevaucher une de leurs oeuvres et qui n&rsquo;en peuvent mais. En fait, c&rsquo;est \u00e0 l&rsquo;importateur SIMA que l&rsquo;on doit le geste. Une BRUTALE 750 moins inaccessible et une F4 1 000 1+1 livr\u00e9e avec [&hellip;]<\/p>\n","protected":false},"author":336,"featured_media":0,"comment_status":"open","ping_status":"open","sticky":false,"template":"","format":"standard","meta":{"footnotes":""},"categories":[50],"tags":[],"class_list":["post-2012","post","type-post","status-publish","format-standard","hentry","category-mv-agusta"],"yoast_head":"<!-- This site is optimized with the Yoast SEO plugin v26.0 - https:\/\/yoast.com\/wordpress\/plugins\/seo\/ -->\n<title>MV AGUSTA vous met le pied \u00e0 l&#039;\u00e9trier. - leblogmoto.com<\/title>\n<meta name=\"robots\" content=\"index, follow, max-snippet:-1, max-image-preview:large, max-video-preview:-1\" \/>\n<link rel=\"canonical\" href=\"https:\/\/blogs.thesocialmedia.com\/leblogmoto\/2006\/03\/08\/mv-agusta-vous\/\" \/>\n<meta name=\"twitter:card\" content=\"summary_large_image\" \/>\n<meta name=\"twitter:title\" content=\"MV AGUSTA vous met le pied \u00e0 l&#039;\u00e9trier. - leblogmoto.com\" \/>\n<meta name=\"twitter:description\" content=\"La chaleureuse marque MV AGUSTA a d\u00e9cid\u00e9, pour un temps, de se montrer magnanime envers celles et ceux qui voudraient bien chevaucher une de leurs oeuvres et qui n&rsquo;en peuvent mais. En fait, c&rsquo;est \u00e0 l&rsquo;importateur SIMA que l&rsquo;on doit le geste. Une BRUTALE 750 moins inaccessible et une F4 1 000 1+1 livr\u00e9e avec [&hellip;]\" \/>\n<meta name=\"twitter:image\" content=\"http:\/\/www.leblogmoto.com\/images\/mv_brutale750.jpg\" \/>\n<meta name=\"twitter:label1\" content=\"\u00c9crit par\" \/>\n\t<meta name=\"twitter:data1\" content=\"andre leconde\" \/>\n\t<meta name=\"twitter:label2\" content=\"Dur\u00e9e de lecture estim\u00e9e\" \/>\n\t<meta name=\"twitter:data2\" content=\"1 minute\" \/>\n<script type=\"application\/ld+json\" class=\"yoast-schema-graph\">{\"@context\":\"https:\/\/schema.org\",\"@graph\":[{\"@type\":\"WebPage\",\"@id\":\"https:\/\/blogs.thesocialmedia.com\/leblogmoto\/2006\/03\/08\/mv-agusta-vous\/\",\"url\":\"https:\/\/blogs.thesocialmedia.com\/leblogmoto\/2006\/03\/08\/mv-agusta-vous\/\",\"name\":\"MV AGUSTA vous met le pied \u00e0 l'\u00e9trier. - leblogmoto.com\",\"isPartOf\":{\"@id\":\"https:\/\/blogs.thesocialmedia.com\/leblogmoto\/#website\"},\"primaryImageOfPage\":{\"@id\":\"https:\/\/blogs.thesocialmedia.com\/leblogmoto\/2006\/03\/08\/mv-agusta-vous\/#primaryimage\"},\"image\":{\"@id\":\"https:\/\/blogs.thesocialmedia.com\/leblogmoto\/2006\/03\/08\/mv-agusta-vous\/#primaryimage\"},\"thumbnailUrl\":\"http:\/\/www.leblogmoto.com\/images\/mv_brutale750.jpg\",\"datePublished\":\"2006-03-08T22:25:10+00:00\",\"dateModified\":\"2012-07-11T14:17:04+00:00\",\"author\":{\"@id\":\"https:\/\/blogs.thesocialmedia.com\/leblogmoto\/#\/schema\/person\/1a1dcfc7cec206573105eb4af91155c2\"},\"breadcrumb\":{\"@id\":\"https:\/\/blogs.thesocialmedia.com\/leblogmoto\/2006\/03\/08\/mv-agusta-vous\/#breadcrumb\"},\"inLanguage\":\"fr-FR\",\"potentialAction\":[{\"@type\":\"ReadAction\",\"target\":[\"https:\/\/blogs.thesocialmedia.com\/leblogmoto\/2006\/03\/08\/mv-agusta-vous\/\"]}]},{\"@type\":\"ImageObject\",\"inLanguage\":\"fr-FR\",\"@id\":\"https:\/\/blogs.thesocialmedia.com\/leblogmoto\/2006\/03\/08\/mv-agusta-vous\/#primaryimage\",\"url\":\"http:\/\/www.leblogmoto.com\/images\/mv_brutale750.jpg\",\"contentUrl\":\"http:\/\/www.leblogmoto.com\/images\/mv_brutale750.jpg\"},{\"@type\":\"BreadcrumbList\",\"@id\":\"https:\/\/blogs.thesocialmedia.com\/leblogmoto\/2006\/03\/08\/mv-agusta-vous\/#breadcrumb\",\"itemListElement\":[{\"@type\":\"ListItem\",\"position\":1,\"name\":\"Accueil\",\"item\":\"https:\/\/blogs.thesocialmedia.com\/leblogmoto\/\"},{\"@type\":\"ListItem\",\"position\":2,\"name\":\"MV AGUSTA vous met le pied \u00e0 l&rsquo;\u00e9trier.\"}]},{\"@type\":\"WebSite\",\"@id\":\"https:\/\/blogs.thesocialmedia.com\/leblogmoto\/#website\",\"url\":\"https:\/\/blogs.thesocialmedia.com\/leblogmoto\/\",\"name\":\"leblogmoto\",\"description\":\"Toute l&#039;actualit\u00e9 des 2 roues\",\"potentialAction\":[{\"@type\":\"SearchAction\",\"target\":{\"@type\":\"EntryPoint\",\"urlTemplate\":\"https:\/\/blogs.thesocialmedia.com\/leblogmoto\/?s={search_term_string}\"},\"query-input\":{\"@type\":\"PropertyValueSpecification\",\"valueRequired\":true,\"valueName\":\"search_term_string\"}}],\"inLanguage\":\"fr-FR\"},{\"@type\":\"Person\",\"@id\":\"https:\/\/blogs.thesocialmedia.com\/leblogmoto\/#\/schema\/person\/1a1dcfc7cec206573105eb4af91155c2\",\"name\":\"andre leconde\",\"image\":{\"@type\":\"ImageObject\",\"inLanguage\":\"fr-FR\",\"@id\":\"https:\/\/blogs.thesocialmedia.com\/leblogmoto\/#\/schema\/person\/image\/\",\"url\":\"https:\/\/secure.gravatar.com\/avatar\/?s=96&d=mm&r=g\",\"contentUrl\":\"https:\/\/secure.gravatar.com\/avatar\/?s=96&d=mm&r=g\",\"caption\":\"andre leconde\"},\"url\":\"https:\/\/blogs.thesocialmedia.com\/leblogmoto\/author\/andre-leconde\/\"}]}<\/script>\n<!-- \/ Yoast SEO plugin. -->","yoast_head_json":{"title":"MV AGUSTA vous met le pied \u00e0 l'\u00e9trier. - leblogmoto.com","robots":{"index":"index","follow":"follow","max-snippet":"max-snippet:-1","max-image-preview":"max-image-preview:large","max-video-preview":"max-video-preview:-1"},"canonical":"https:\/\/blogs.thesocialmedia.com\/leblogmoto\/2006\/03\/08\/mv-agusta-vous\/","twitter_card":"summary_large_image","twitter_title":"MV AGUSTA vous met le pied \u00e0 l'\u00e9trier. - leblogmoto.com","twitter_description":"La chaleureuse marque MV AGUSTA a d\u00e9cid\u00e9, pour un temps, de se montrer magnanime envers celles et ceux qui voudraient bien chevaucher une de leurs oeuvres et qui n&rsquo;en peuvent mais. En fait, c&rsquo;est \u00e0 l&rsquo;importateur SIMA que l&rsquo;on doit le geste. Une BRUTALE 750 moins inaccessible et une F4 1 000 1+1 livr\u00e9e avec [&hellip;]","twitter_image":"http:\/\/www.leblogmoto.com\/images\/mv_brutale750.jpg","twitter_misc":{"\u00c9crit par":"andre leconde","Dur\u00e9e de lecture estim\u00e9e":"1 minute"},"schema":{"@context":"https:\/\/schema.org","@graph":[{"@type":"WebPage","@id":"https:\/\/blogs.thesocialmedia.com\/leblogmoto\/2006\/03\/08\/mv-agusta-vous\/","url":"https:\/\/blogs.thesocialmedia.com\/leblogmoto\/2006\/03\/08\/mv-agusta-vous\/","name":"MV AGUSTA vous met le pied \u00e0 l'\u00e9trier. - leblogmoto.com","isPartOf":{"@id":"https:\/\/blogs.thesocialmedia.com\/leblogmoto\/#website"},"primaryImageOfPage":{"@id":"https:\/\/blogs.thesocialmedia.com\/leblogmoto\/2006\/03\/08\/mv-agusta-vous\/#primaryimage"},"image":{"@id":"https:\/\/blogs.thesocialmedia.com\/leblogmoto\/2006\/03\/08\/mv-agusta-vous\/#primaryimage"},"thumbnailUrl":"http:\/\/www.leblogmoto.com\/images\/mv_brutale750.jpg","datePublished":"2006-03-08T22:25:10+00:00","dateModified":"2012-07-11T14:17:04+00:00","author":{"@id":"https:\/\/blogs.thesocialmedia.com\/leblogmoto\/#\/schema\/person\/1a1dcfc7cec206573105eb4af91155c2"},"breadcrumb":{"@id":"https:\/\/blogs.thesocialmedia.com\/leblogmoto\/2006\/03\/08\/mv-agusta-vous\/#breadcrumb"},"inLanguage":"fr-FR","potentialAction":[{"@type":"ReadAction","target":["https:\/\/blogs.thesocialmedia.com\/leblogmoto\/2006\/03\/08\/mv-agusta-vous\/"]}]},{"@type":"ImageObject","inLanguage":"fr-FR","@id":"https:\/\/blogs.thesocialmedia.com\/leblogmoto\/2006\/03\/08\/mv-agusta-vous\/#primaryimage","url":"http:\/\/www.leblogmoto.com\/images\/mv_brutale750.jpg","contentUrl":"http:\/\/www.leblogmoto.com\/images\/mv_brutale750.jpg"},{"@type":"BreadcrumbList","@id":"https:\/\/blogs.thesocialmedia.com\/leblogmoto\/2006\/03\/08\/mv-agusta-vous\/#breadcrumb","itemListElement":[{"@type":"ListItem","position":1,"name":"Accueil","item":"https:\/\/blogs.thesocialmedia.com\/leblogmoto\/"},{"@type":"ListItem","position":2,"name":"MV AGUSTA vous met le pied \u00e0 l&rsquo;\u00e9trier."}]},{"@type":"WebSite","@id":"https:\/\/blogs.thesocialmedia.com\/leblogmoto\/#website","url":"https:\/\/blogs.thesocialmedia.com\/leblogmoto\/","name":"leblogmoto","description":"Toute l&#039;actualit\u00e9 des 2 roues","potentialAction":[{"@type":"SearchAction","target":{"@type":"EntryPoint","urlTemplate":"https:\/\/blogs.thesocialmedia.com\/leblogmoto\/?s={search_term_string}"},"query-input":{"@type":"PropertyValueSpecification","valueRequired":true,"valueName":"search_term_string"}}],"inLanguage":"fr-FR"},{"@type":"Person","@id":"https:\/\/blogs.thesocialmedia.com\/leblogmoto\/#\/schema\/person\/1a1dcfc7cec206573105eb4af91155c2","name":"andre leconde","image":{"@type":"ImageObject","inLanguage":"fr-FR","@id":"https:\/\/blogs.thesocialmedia.com\/leblogmoto\/#\/schema\/person\/image\/","url":"https:\/\/secure.gravatar.com\/avatar\/?s=96&d=mm&r=g","contentUrl":"https:\/\/secure.gravatar.com\/avatar\/?s=96&d=mm&r=g","caption":"andre leconde"},"url":"https:\/\/blogs.thesocialmedia.com\/leblogmoto\/author\/andre-leconde\/"}]}},"_links":{"self":[{"href":"https:\/\/blogs.thesocialmedia.com\/leblogmoto\/wp-json\/wp\/v2\/posts\/2012","targetHints":{"allow":["GET"]}}],"collection":[{"href":"https:\/\/blogs.thesocialmedia.com\/leblogmoto\/wp-json\/wp\/v2\/posts"}],"about":[{"href":"https:\/\/blogs.thesocialmedia.com\/leblogmoto\/wp-json\/wp\/v2\/types\/post"}],"author":[{"embeddable":true,"href":"https:\/\/blogs.thesocialmedia.com\/leblogmoto\/wp-json\/wp\/v2\/users\/336"}],"replies":[{"embeddable":true,"href":"https:\/\/blogs.thesocialmedia.com\/leblogmoto\/wp-json\/wp\/v2\/comments?post=2012"}],"version-history":[{"count":2,"href":"https:\/\/blogs.thesocialmedia.com\/leblogmoto\/wp-json\/wp\/v2\/posts\/2012\/revisions"}],"predecessor-version":[{"id":7127,"href":"https:\/\/blogs.thesocialmedia.com\/leblogmoto\/wp-json\/wp\/v2\/posts\/2012\/revisions\/7127"}],"wp:attachment":[{"href":"https:\/\/blogs.thesocialmedia.com\/leblogmoto\/wp-json\/wp\/v2\/media?parent=2012"}],"wp:term":[{"taxonomy":"category","embeddable":true,"href":"https:\/\/blogs.thesocialmedia.com\/leblogmoto\/wp-json\/wp\/v2\/categories?post=2012"},{"taxonomy":"post_tag","embeddable":true,"href":"https:\/\/blogs.thesocialmedia.com\/leblogmoto\/wp-json\/wp\/v2\/tags?post=2012"}],"curies":[{"name":"wp","href":"https:\/\/api.w.org\/{rel}","templated":true}]}}