{"id":2015,"date":"2006-03-06T20:35:38","date_gmt":"2006-03-06T20:35:38","guid":{"rendered":"http:\/\/blogs.thesocialmedia.com\/leblogmoto\/2006\/03\/06\/pendant-ce-temp-3\/"},"modified":"2012-07-11T13:21:34","modified_gmt":"2012-07-11T13:21:34","slug":"pendant-ce-temp-3","status":"publish","type":"post","link":"https:\/\/blogs.thesocialmedia.com\/leblogmoto\/2006\/03\/06\/pendant-ce-temp-3\/","title":{"rendered":"Pendant ce temps, Max&#8230;"},"content":{"rendered":"<p><a href=\"http:\/\/www.leblogmoto.com\/2006\/02\/mc_williams_a_d.html#comments\"><img loading=\"lazy\" decoding=\"async\" height=\"198\" alt=\"Admin_142\" src=\"http:\/\/www.leblogmoto.com\/images\/admin_142.jpg\" width=\"250\"  \/>McWILLIAMS<\/a> recycl\u00e9, <a href=\"http:\/\/www.leblogmoto.com\/2006\/03\/mc_coy_vise_le_.html\">McCOY<\/a> aux portes du Supermotard, l&rsquo;opportunit\u00e9 <a href=\"http:\/\/www.leblogmoto.com\/2006\/01\/biaggi_nira_pas.html\">SBK<\/a> \u00e9cart\u00e9e et les tours de F.1 oubli\u00e9s, Max BIAGGI v\u00e9g\u00e8te. <\/p>\n<p>Son <a href=\"http:\/\/www.leblogmoto.com\/2005\/12\/biaggi_epilogue.html\">sponsor<\/a> parti, <a href=\"http:\/\/www.leblogmoto.com\/2005\/11\/lempereur_maudi.html\">l&rsquo;Empereur maudit<\/a> et maintenant nu, tue le temps en faisant du <strong>Supermotard<\/strong> pour le plaisir, et d\u00e9clare qu&rsquo;il r\u00e9flechit, quand m\u00eame, \u00e0 une entr\u00e9e en <strong>SuperBike<\/strong>.<\/p>\n<p>C&rsquo;est ce qu&rsquo;il a annonc\u00e9 ce week-end au salon de la moto de <strong>ROME<\/strong> o\u00f9 un stand avait \u00e9t\u00e9 \u00e9rig\u00e9 par les irreductibles de son fan club&#8230;<\/p>\n<p><a href=\"http:\/\/clabedan.typepad.com\/.shared\/image.html?\/photos\/uncategorized\/biaggi20allo20stand20cobatcoou20ok.jpg\"><img loading=\"lazy\" decoding=\"async\" height=\"167\" alt=\"Biaggi20allo20stand20cobatcoou20ok\" src=\"http:\/\/www.leblogmoto.com\/images\/biaggi20allo20stand20cobatcoou20ok.jpg\" width=\"250\"  \/><\/a>Par respect pour eux, Max est all\u00e9 les voir au salon pour disserter sur ses projets. Le SuperBike, pourquoi pas, <a href=\"http:\/\/www.leblogmoto.com\/2006\/03\/sbk_phillip_isl.html\">BARROS<\/a> semble conquis, avec un mat\u00e9riel qu&rsquo;il fouaille pour suivre les autres. <\/p>\n<p>Le mat\u00e9riel, c&rsquo;est toujours le probl\u00e8me avec Max, qui ne jure que par l&rsquo;usine. Il se verrait bien avec une marque <strong>italienne<\/strong>. Mais le mariage des deux imp\u00e9ratifs semblent \u00e0 court terme peu probable. Sinon, s&rsquo;il est patient, il y a toujours l&rsquo;\u00e9ventualit\u00e9 <a href=\"http:\/\/www.leblogmoto.com\/2006\/02\/sbk_2008_le_ret.html\">APRILIA<\/a>.<\/p>\n<p>En attendant, il s&rsquo;occupe en signant des virgules et en se montrant de temps \u00e0 autre. Faudrait tout de m\u00eame pas qu&rsquo;il se reconvertisse en ph\u00e9nom\u00e8ne de foire&#8230;&nbsp; <\/p>\n<p>SOURCE: <a href=\"http:\/\/www.motoblog.it\/\">www.motoblog.it<\/a>&nbsp; &nbsp;&nbsp; &nbsp; <\/p>\n","protected":false},"excerpt":{"rendered":"<p>McWILLIAMS recycl\u00e9, McCOY aux portes du Supermotard, l&rsquo;opportunit\u00e9 SBK \u00e9cart\u00e9e et les tours de F.1 oubli\u00e9s, Max BIAGGI v\u00e9g\u00e8te. Son sponsor parti, l&rsquo;Empereur maudit et maintenant nu, tue le temps en faisant du Supermotard pour le plaisir, et d\u00e9clare qu&rsquo;il r\u00e9flechit, quand m\u00eame, \u00e0 une entr\u00e9e en SuperBike. C&rsquo;est ce qu&rsquo;il a annonc\u00e9 ce week-end [&hellip;]<\/p>\n","protected":false},"author":336,"featured_media":0,"comment_status":"open","ping_status":"open","sticky":false,"template":"","format":"standard","meta":{"footnotes":""},"categories":[3,32],"tags":[],"class_list":["post-2015","post","type-post","status-publish","format-standard","hentry","category-actualite","category-sport-moto"],"yoast_head":"<!-- This site is optimized with the Yoast SEO plugin v26.0 - https:\/\/yoast.com\/wordpress\/plugins\/seo\/ -->\n<title>Pendant ce temps, Max... - leblogmoto.com<\/title>\n<meta name=\"robots\" content=\"index, follow, max-snippet:-1, max-image-preview:large, max-video-preview:-1\" \/>\n<link rel=\"canonical\" href=\"https:\/\/blogs.thesocialmedia.com\/leblogmoto\/2006\/03\/06\/pendant-ce-temp-3\/\" \/>\n<meta name=\"twitter:card\" content=\"summary_large_image\" \/>\n<meta name=\"twitter:title\" content=\"Pendant ce temps, Max... - leblogmoto.com\" \/>\n<meta name=\"twitter:description\" content=\"McWILLIAMS recycl\u00e9, McCOY aux portes du Supermotard, l&rsquo;opportunit\u00e9 SBK \u00e9cart\u00e9e et les tours de F.1 oubli\u00e9s, Max BIAGGI v\u00e9g\u00e8te. Son sponsor parti, l&rsquo;Empereur maudit et maintenant nu, tue le temps en faisant du Supermotard pour le plaisir, et d\u00e9clare qu&rsquo;il r\u00e9flechit, quand m\u00eame, \u00e0 une entr\u00e9e en SuperBike. C&rsquo;est ce qu&rsquo;il a annonc\u00e9 ce week-end [&hellip;]\" \/>\n<meta name=\"twitter:image\" content=\"http:\/\/www.leblogmoto.com\/images\/admin_142.jpg\" \/>\n<meta name=\"twitter:label1\" content=\"\u00c9crit par\" \/>\n\t<meta name=\"twitter:data1\" content=\"andre leconde\" \/>\n\t<meta name=\"twitter:label2\" content=\"Dur\u00e9e de lecture estim\u00e9e\" \/>\n\t<meta name=\"twitter:data2\" content=\"1 minute\" \/>\n<script type=\"application\/ld+json\" class=\"yoast-schema-graph\">{\"@context\":\"https:\/\/schema.org\",\"@graph\":[{\"@type\":\"WebPage\",\"@id\":\"https:\/\/blogs.thesocialmedia.com\/leblogmoto\/2006\/03\/06\/pendant-ce-temp-3\/\",\"url\":\"https:\/\/blogs.thesocialmedia.com\/leblogmoto\/2006\/03\/06\/pendant-ce-temp-3\/\",\"name\":\"Pendant ce temps, Max... - leblogmoto.com\",\"isPartOf\":{\"@id\":\"https:\/\/blogs.thesocialmedia.com\/leblogmoto\/#website\"},\"primaryImageOfPage\":{\"@id\":\"https:\/\/blogs.thesocialmedia.com\/leblogmoto\/2006\/03\/06\/pendant-ce-temp-3\/#primaryimage\"},\"image\":{\"@id\":\"https:\/\/blogs.thesocialmedia.com\/leblogmoto\/2006\/03\/06\/pendant-ce-temp-3\/#primaryimage\"},\"thumbnailUrl\":\"http:\/\/www.leblogmoto.com\/images\/admin_142.jpg\",\"datePublished\":\"2006-03-06T20:35:38+00:00\",\"dateModified\":\"2012-07-11T13:21:34+00:00\",\"author\":{\"@id\":\"https:\/\/blogs.thesocialmedia.com\/leblogmoto\/#\/schema\/person\/1a1dcfc7cec206573105eb4af91155c2\"},\"breadcrumb\":{\"@id\":\"https:\/\/blogs.thesocialmedia.com\/leblogmoto\/2006\/03\/06\/pendant-ce-temp-3\/#breadcrumb\"},\"inLanguage\":\"fr-FR\",\"potentialAction\":[{\"@type\":\"ReadAction\",\"target\":[\"https:\/\/blogs.thesocialmedia.com\/leblogmoto\/2006\/03\/06\/pendant-ce-temp-3\/\"]}]},{\"@type\":\"ImageObject\",\"inLanguage\":\"fr-FR\",\"@id\":\"https:\/\/blogs.thesocialmedia.com\/leblogmoto\/2006\/03\/06\/pendant-ce-temp-3\/#primaryimage\",\"url\":\"http:\/\/www.leblogmoto.com\/images\/admin_142.jpg\",\"contentUrl\":\"http:\/\/www.leblogmoto.com\/images\/admin_142.jpg\"},{\"@type\":\"BreadcrumbList\",\"@id\":\"https:\/\/blogs.thesocialmedia.com\/leblogmoto\/2006\/03\/06\/pendant-ce-temp-3\/#breadcrumb\",\"itemListElement\":[{\"@type\":\"ListItem\",\"position\":1,\"name\":\"Accueil\",\"item\":\"https:\/\/blogs.thesocialmedia.com\/leblogmoto\/\"},{\"@type\":\"ListItem\",\"position\":2,\"name\":\"Pendant ce temps, Max&#8230;\"}]},{\"@type\":\"WebSite\",\"@id\":\"https:\/\/blogs.thesocialmedia.com\/leblogmoto\/#website\",\"url\":\"https:\/\/blogs.thesocialmedia.com\/leblogmoto\/\",\"name\":\"leblogmoto\",\"description\":\"Toute l&#039;actualit\u00e9 des 2 roues\",\"potentialAction\":[{\"@type\":\"SearchAction\",\"target\":{\"@type\":\"EntryPoint\",\"urlTemplate\":\"https:\/\/blogs.thesocialmedia.com\/leblogmoto\/?s={search_term_string}\"},\"query-input\":{\"@type\":\"PropertyValueSpecification\",\"valueRequired\":true,\"valueName\":\"search_term_string\"}}],\"inLanguage\":\"fr-FR\"},{\"@type\":\"Person\",\"@id\":\"https:\/\/blogs.thesocialmedia.com\/leblogmoto\/#\/schema\/person\/1a1dcfc7cec206573105eb4af91155c2\",\"name\":\"andre leconde\",\"image\":{\"@type\":\"ImageObject\",\"inLanguage\":\"fr-FR\",\"@id\":\"https:\/\/blogs.thesocialmedia.com\/leblogmoto\/#\/schema\/person\/image\/\",\"url\":\"https:\/\/secure.gravatar.com\/avatar\/?s=96&d=mm&r=g\",\"contentUrl\":\"https:\/\/secure.gravatar.com\/avatar\/?s=96&d=mm&r=g\",\"caption\":\"andre leconde\"},\"url\":\"https:\/\/blogs.thesocialmedia.com\/leblogmoto\/author\/andre-leconde\/\"}]}<\/script>\n<!-- \/ Yoast SEO plugin. -->","yoast_head_json":{"title":"Pendant ce temps, Max... - leblogmoto.com","robots":{"index":"index","follow":"follow","max-snippet":"max-snippet:-1","max-image-preview":"max-image-preview:large","max-video-preview":"max-video-preview:-1"},"canonical":"https:\/\/blogs.thesocialmedia.com\/leblogmoto\/2006\/03\/06\/pendant-ce-temp-3\/","twitter_card":"summary_large_image","twitter_title":"Pendant ce temps, Max... - leblogmoto.com","twitter_description":"McWILLIAMS recycl\u00e9, McCOY aux portes du Supermotard, l&rsquo;opportunit\u00e9 SBK \u00e9cart\u00e9e et les tours de F.1 oubli\u00e9s, Max BIAGGI v\u00e9g\u00e8te. Son sponsor parti, l&rsquo;Empereur maudit et maintenant nu, tue le temps en faisant du Supermotard pour le plaisir, et d\u00e9clare qu&rsquo;il r\u00e9flechit, quand m\u00eame, \u00e0 une entr\u00e9e en SuperBike. C&rsquo;est ce qu&rsquo;il a annonc\u00e9 ce week-end [&hellip;]","twitter_image":"http:\/\/www.leblogmoto.com\/images\/admin_142.jpg","twitter_misc":{"\u00c9crit par":"andre leconde","Dur\u00e9e de lecture estim\u00e9e":"1 minute"},"schema":{"@context":"https:\/\/schema.org","@graph":[{"@type":"WebPage","@id":"https:\/\/blogs.thesocialmedia.com\/leblogmoto\/2006\/03\/06\/pendant-ce-temp-3\/","url":"https:\/\/blogs.thesocialmedia.com\/leblogmoto\/2006\/03\/06\/pendant-ce-temp-3\/","name":"Pendant ce temps, Max... - leblogmoto.com","isPartOf":{"@id":"https:\/\/blogs.thesocialmedia.com\/leblogmoto\/#website"},"primaryImageOfPage":{"@id":"https:\/\/blogs.thesocialmedia.com\/leblogmoto\/2006\/03\/06\/pendant-ce-temp-3\/#primaryimage"},"image":{"@id":"https:\/\/blogs.thesocialmedia.com\/leblogmoto\/2006\/03\/06\/pendant-ce-temp-3\/#primaryimage"},"thumbnailUrl":"http:\/\/www.leblogmoto.com\/images\/admin_142.jpg","datePublished":"2006-03-06T20:35:38+00:00","dateModified":"2012-07-11T13:21:34+00:00","author":{"@id":"https:\/\/blogs.thesocialmedia.com\/leblogmoto\/#\/schema\/person\/1a1dcfc7cec206573105eb4af91155c2"},"breadcrumb":{"@id":"https:\/\/blogs.thesocialmedia.com\/leblogmoto\/2006\/03\/06\/pendant-ce-temp-3\/#breadcrumb"},"inLanguage":"fr-FR","potentialAction":[{"@type":"ReadAction","target":["https:\/\/blogs.thesocialmedia.com\/leblogmoto\/2006\/03\/06\/pendant-ce-temp-3\/"]}]},{"@type":"ImageObject","inLanguage":"fr-FR","@id":"https:\/\/blogs.thesocialmedia.com\/leblogmoto\/2006\/03\/06\/pendant-ce-temp-3\/#primaryimage","url":"http:\/\/www.leblogmoto.com\/images\/admin_142.jpg","contentUrl":"http:\/\/www.leblogmoto.com\/images\/admin_142.jpg"},{"@type":"BreadcrumbList","@id":"https:\/\/blogs.thesocialmedia.com\/leblogmoto\/2006\/03\/06\/pendant-ce-temp-3\/#breadcrumb","itemListElement":[{"@type":"ListItem","position":1,"name":"Accueil","item":"https:\/\/blogs.thesocialmedia.com\/leblogmoto\/"},{"@type":"ListItem","position":2,"name":"Pendant ce temps, Max&#8230;"}]},{"@type":"WebSite","@id":"https:\/\/blogs.thesocialmedia.com\/leblogmoto\/#website","url":"https:\/\/blogs.thesocialmedia.com\/leblogmoto\/","name":"leblogmoto","description":"Toute l&#039;actualit\u00e9 des 2 roues","potentialAction":[{"@type":"SearchAction","target":{"@type":"EntryPoint","urlTemplate":"https:\/\/blogs.thesocialmedia.com\/leblogmoto\/?s={search_term_string}"},"query-input":{"@type":"PropertyValueSpecification","valueRequired":true,"valueName":"search_term_string"}}],"inLanguage":"fr-FR"},{"@type":"Person","@id":"https:\/\/blogs.thesocialmedia.com\/leblogmoto\/#\/schema\/person\/1a1dcfc7cec206573105eb4af91155c2","name":"andre leconde","image":{"@type":"ImageObject","inLanguage":"fr-FR","@id":"https:\/\/blogs.thesocialmedia.com\/leblogmoto\/#\/schema\/person\/image\/","url":"https:\/\/secure.gravatar.com\/avatar\/?s=96&d=mm&r=g","contentUrl":"https:\/\/secure.gravatar.com\/avatar\/?s=96&d=mm&r=g","caption":"andre leconde"},"url":"https:\/\/blogs.thesocialmedia.com\/leblogmoto\/author\/andre-leconde\/"}]}},"_links":{"self":[{"href":"https:\/\/blogs.thesocialmedia.com\/leblogmoto\/wp-json\/wp\/v2\/posts\/2015","targetHints":{"allow":["GET"]}}],"collection":[{"href":"https:\/\/blogs.thesocialmedia.com\/leblogmoto\/wp-json\/wp\/v2\/posts"}],"about":[{"href":"https:\/\/blogs.thesocialmedia.com\/leblogmoto\/wp-json\/wp\/v2\/types\/post"}],"author":[{"embeddable":true,"href":"https:\/\/blogs.thesocialmedia.com\/leblogmoto\/wp-json\/wp\/v2\/users\/336"}],"replies":[{"embeddable":true,"href":"https:\/\/blogs.thesocialmedia.com\/leblogmoto\/wp-json\/wp\/v2\/comments?post=2015"}],"version-history":[{"count":1,"href":"https:\/\/blogs.thesocialmedia.com\/leblogmoto\/wp-json\/wp\/v2\/posts\/2015\/revisions"}],"predecessor-version":[{"id":3161,"href":"https:\/\/blogs.thesocialmedia.com\/leblogmoto\/wp-json\/wp\/v2\/posts\/2015\/revisions\/3161"}],"wp:attachment":[{"href":"https:\/\/blogs.thesocialmedia.com\/leblogmoto\/wp-json\/wp\/v2\/media?parent=2015"}],"wp:term":[{"taxonomy":"category","embeddable":true,"href":"https:\/\/blogs.thesocialmedia.com\/leblogmoto\/wp-json\/wp\/v2\/categories?post=2015"},{"taxonomy":"post_tag","embeddable":true,"href":"https:\/\/blogs.thesocialmedia.com\/leblogmoto\/wp-json\/wp\/v2\/tags?post=2015"}],"curies":[{"name":"wp","href":"https:\/\/api.w.org\/{rel}","templated":true}]}}